{"id":8580,"date":"2021-06-13T22:21:49","date_gmt":"2021-06-13T20:21:49","guid":{"rendered":"https:\/\/radioleinewelle.de\/?p=8580"},"modified":"2021-06-13T22:21:49","modified_gmt":"2021-06-13T20:21:49","slug":"frontalzusammenstoss-auf-l-554-bei-goettingen-motorradfahrer-toedlich-verletzt","status":"publish","type":"post","link":"https:\/\/radioleinewelle.de\/index.php\/2021\/06\/13\/frontalzusammenstoss-auf-l-554-bei-goettingen-motorradfahrer-toedlich-verletzt\/","title":{"rendered":"Frontalzusammensto\u00df auf L 554 bei G\u00f6ttingen &#8211; Motorradfahrer t\u00f6dlich verletzt"},"content":{"rendered":"\n<p>LENGLERN (jk) &#8211; Bei einem schweren Verkehrsunfall auf der L 554 ist am Sonntagnachmittag  gegen 15.35 Uhr ein Motorradfahrer t\u00f6dlich verletzt worden. Die Unfallstelle befindet sich zwischen dem Kreisel B 27\/Zubringer A 7 und der Abfahrt Lenglern (Landkreis G\u00f6ttingen). Der Streckenabschnitt ist vermutlich f\u00fcr die umfangreichen Bergungsarbeiten noch bis zum sp\u00e4ten Abend voll gesperrt.&nbsp;<\/p>\n\n\n\n<p>Nach ersten vorliegenden Informationen geriet ein aus Richtung Kreisel kommender Opel einer Familie aus dem Landkreis G\u00f6ttingen in einer scharfen Linkskurve kurz vor der Abfahrt Lenglern aus bislang ungekl\u00e4rter Ursache nach links auf den Gegenfahrstreifen und stie\u00df frontal mit dem entgegenkommenden Krad zusammen. Der Motorradfahrer verlor bei der Kollision sein Leben.&nbsp;Der 37 Jahre alte Fahrer des PKW und die vier Insassen wurden vermutlich leicht verletzt.&nbsp;Die Ermittlungen zur Unfallursache dauern an.<\/p>\n","protected":false},"excerpt":{"rendered":"<p>LENGLERN (jk) &#8211; Bei einem schweren Verkehrsunfall auf der L 554 ist am Sonntagnachmittag gegen 15.35 Uhr ein Motorradfahrer t\u00f6dlich verletzt worden. Die Unfallstelle befindet sich zwischen dem Kreisel B 27\/Zubringer A 7 und der Abfahrt Lenglern (Landkreis G\u00f6ttingen). Der Streckenabschnitt ist vermutlich f\u00fcr die umfangreichen Bergungsarbeiten noch bis zum sp\u00e4ten Abend voll gesperrt.&nbsp; Nach [&hellip;]<\/p>\n","protected":false},"author":1,"featured_media":0,"comment_status":"closed","ping_status":"closed","sticky":false,"template":"","format":"standard","meta":{"saved_in_kubio":false,"footnotes":""},"categories":[24],"tags":[511,1382,1383,349],"class_list":["post-8580","post","type-post","status-publish","format-standard","hentry","category-news","tag-feuerwehr-lenglern","tag-kreisel-b-27-zubringer-a7","tag-l554","tag-polizeiinspektion-goettingen"],"yoast_head":"<!-- This site is optimized with the Yoast SEO plugin v27.5 - https:\/\/yoast.com\/product\/yoast-seo-wordpress\/ -->\n<title>Frontalzusammensto\u00df auf L 554 bei G\u00f6ttingen - Motorradfahrer t\u00f6dlich verletzt - Radio Leinewelle<\/title>\n<meta name=\"robots\" content=\"index, follow, max-snippet:-1, max-image-preview:large, max-video-preview:-1\" \/>\n<link rel=\"canonical\" href=\"https:\/\/radioleinewelle.de\/index.php\/2021\/06\/13\/frontalzusammenstoss-auf-l-554-bei-goettingen-motorradfahrer-toedlich-verletzt\/\" \/>\n<meta property=\"og:locale\" content=\"de_DE\" \/>\n<meta property=\"og:type\" content=\"article\" \/>\n<meta property=\"og:title\" content=\"Frontalzusammensto\u00df auf L 554 bei G\u00f6ttingen - Motorradfahrer t\u00f6dlich verletzt - Radio Leinewelle\" \/>\n<meta property=\"og:description\" content=\"LENGLERN (jk) &#8211; Bei einem schweren Verkehrsunfall auf der L 554 ist am Sonntagnachmittag gegen 15.35 Uhr ein Motorradfahrer t\u00f6dlich verletzt worden. Die Unfallstelle befindet sich zwischen dem Kreisel B 27\/Zubringer A 7 und der Abfahrt Lenglern (Landkreis G\u00f6ttingen). Der Streckenabschnitt ist vermutlich f\u00fcr die umfangreichen Bergungsarbeiten noch bis zum sp\u00e4ten Abend voll gesperrt.&nbsp; Nach [&hellip;]\" \/>\n<meta property=\"og:url\" content=\"https:\/\/radioleinewelle.de\/index.php\/2021\/06\/13\/frontalzusammenstoss-auf-l-554-bei-goettingen-motorradfahrer-toedlich-verletzt\/\" \/>\n<meta property=\"og:site_name\" content=\"Radio Leinewelle\" \/>\n<meta property=\"article:publisher\" content=\"https:\/\/www.facebook.com\/radioleinewelle\" \/>\n<meta property=\"article:author\" content=\"https:\/\/www.facebook.com\/radioleinewelle\" \/>\n<meta property=\"article:published_time\" content=\"2021-06-13T20:21:49+00:00\" \/>\n<meta name=\"author\" content=\"Leinewelle\" \/>\n<meta name=\"twitter:card\" content=\"summary_large_image\" \/>\n<meta name=\"twitter:creator\" content=\"@https:\/\/twitter.com\/RLeinewelle?ref_src=twsrcgoogletwcampserptwgrauthor\" \/>\n<meta name=\"twitter:site\" content=\"@RLeinewelle\" \/>\n<meta name=\"twitter:label1\" content=\"Verfasst von\" \/>\n\t<meta name=\"twitter:data1\" content=\"Leinewelle\" \/>\n\t<meta name=\"twitter:label2\" content=\"Gesch\u00e4tzte Lesezeit\" \/>\n\t<meta name=\"twitter:data2\" content=\"1\u00a0Minute\" \/>\n<script type=\"application\/ld+json\" class=\"yoast-schema-graph\">{\"@context\":\"https:\\\/\\\/schema.org\",\"@graph\":[{\"@type\":\"Article\",\"@id\":\"https:\\\/\\\/radioleinewelle.de\\\/index.php\\\/2021\\\/06\\\/13\\\/frontalzusammenstoss-auf-l-554-bei-goettingen-motorradfahrer-toedlich-verletzt\\\/#article\",\"isPartOf\":{\"@id\":\"https:\\\/\\\/radioleinewelle.de\\\/index.php\\\/2021\\\/06\\\/13\\\/frontalzusammenstoss-auf-l-554-bei-goettingen-motorradfahrer-toedlich-verletzt\\\/\"},\"author\":{\"name\":\"Leinewelle\",\"@id\":\"https:\\\/\\\/radioleinewelle.de\\\/#\\\/schema\\\/person\\\/45606f348637df637192dc1b68399a63\"},\"headline\":\"Frontalzusammensto\u00df auf L 554 bei G\u00f6ttingen &#8211; Motorradfahrer t\u00f6dlich verletzt\",\"datePublished\":\"2021-06-13T20:21:49+00:00\",\"mainEntityOfPage\":{\"@id\":\"https:\\\/\\\/radioleinewelle.de\\\/index.php\\\/2021\\\/06\\\/13\\\/frontalzusammenstoss-auf-l-554-bei-goettingen-motorradfahrer-toedlich-verletzt\\\/\"},\"wordCount\":142,\"publisher\":{\"@id\":\"https:\\\/\\\/radioleinewelle.de\\\/#organization\"},\"keywords\":[\"Feuerwehr lenglern\",\"Kreisel B 27\\\/Zubringer A7\",\"L554\",\"Polizeiinspektion G\u00f6ttingen\"],\"articleSection\":[\"Aktuelle Nachrichten\"],\"inLanguage\":\"de\"},{\"@type\":\"WebPage\",\"@id\":\"https:\\\/\\\/radioleinewelle.de\\\/index.php\\\/2021\\\/06\\\/13\\\/frontalzusammenstoss-auf-l-554-bei-goettingen-motorradfahrer-toedlich-verletzt\\\/\",\"url\":\"https:\\\/\\\/radioleinewelle.de\\\/index.php\\\/2021\\\/06\\\/13\\\/frontalzusammenstoss-auf-l-554-bei-goettingen-motorradfahrer-toedlich-verletzt\\\/\",\"name\":\"Frontalzusammensto\u00df auf L 554 bei G\u00f6ttingen - Motorradfahrer t\u00f6dlich verletzt - Radio Leinewelle\",\"isPartOf\":{\"@id\":\"https:\\\/\\\/radioleinewelle.de\\\/#website\"},\"datePublished\":\"2021-06-13T20:21:49+00:00\",\"breadcrumb\":{\"@id\":\"https:\\\/\\\/radioleinewelle.de\\\/index.php\\\/2021\\\/06\\\/13\\\/frontalzusammenstoss-auf-l-554-bei-goettingen-motorradfahrer-toedlich-verletzt\\\/#breadcrumb\"},\"inLanguage\":\"de\",\"potentialAction\":[{\"@type\":\"ReadAction\",\"target\":[\"https:\\\/\\\/radioleinewelle.de\\\/index.php\\\/2021\\\/06\\\/13\\\/frontalzusammenstoss-auf-l-554-bei-goettingen-motorradfahrer-toedlich-verletzt\\\/\"]}]},{\"@type\":\"BreadcrumbList\",\"@id\":\"https:\\\/\\\/radioleinewelle.de\\\/index.php\\\/2021\\\/06\\\/13\\\/frontalzusammenstoss-auf-l-554-bei-goettingen-motorradfahrer-toedlich-verletzt\\\/#breadcrumb\",\"itemListElement\":[{\"@type\":\"ListItem\",\"position\":1,\"name\":\"Startseite\",\"item\":\"https:\\\/\\\/radioleinewelle.de\\\/\"},{\"@type\":\"ListItem\",\"position\":2,\"name\":\"Frontalzusammensto\u00df auf L 554 bei G\u00f6ttingen &#8211; Motorradfahrer t\u00f6dlich verletzt\"}]},{\"@type\":\"WebSite\",\"@id\":\"https:\\\/\\\/radioleinewelle.de\\\/#website\",\"url\":\"https:\\\/\\\/radioleinewelle.de\\\/\",\"name\":\"Radio Leinewelle\",\"description\":\"\",\"publisher\":{\"@id\":\"https:\\\/\\\/radioleinewelle.de\\\/#organization\"},\"potentialAction\":[{\"@type\":\"SearchAction\",\"target\":{\"@type\":\"EntryPoint\",\"urlTemplate\":\"https:\\\/\\\/radioleinewelle.de\\\/?s={search_term_string}\"},\"query-input\":{\"@type\":\"PropertyValueSpecification\",\"valueRequired\":true,\"valueName\":\"search_term_string\"}}],\"inLanguage\":\"de\"},{\"@type\":\"Organization\",\"@id\":\"https:\\\/\\\/radioleinewelle.de\\\/#organization\",\"name\":\"Radio Leinewelle\",\"alternateName\":\"Mein Radio f\u00fcr S\u00fcdniedersachsen\",\"url\":\"https:\\\/\\\/radioleinewelle.de\\\/\",\"logo\":{\"@type\":\"ImageObject\",\"inLanguage\":\"de\",\"@id\":\"https:\\\/\\\/radioleinewelle.de\\\/#\\\/schema\\\/logo\\\/image\\\/\",\"url\":\"https:\\\/\\\/radioleinewelle.de\\\/wp-content\\\/uploads\\\/2023\\\/11\\\/cropped-Leinewelle_Logo_weiss.png\",\"contentUrl\":\"https:\\\/\\\/radioleinewelle.de\\\/wp-content\\\/uploads\\\/2023\\\/11\\\/cropped-Leinewelle_Logo_weiss.png\",\"width\":854,\"height\":260,\"caption\":\"Radio Leinewelle\"},\"image\":{\"@id\":\"https:\\\/\\\/radioleinewelle.de\\\/#\\\/schema\\\/logo\\\/image\\\/\"},\"sameAs\":[\"https:\\\/\\\/www.facebook.com\\\/radioleinewelle\",\"https:\\\/\\\/x.com\\\/RLeinewelle\",\"https:\\\/\\\/www.instagram.com\\\/radioleinewelle\\\/?hl=de\"]},{\"@type\":\"Person\",\"@id\":\"https:\\\/\\\/radioleinewelle.de\\\/#\\\/schema\\\/person\\\/45606f348637df637192dc1b68399a63\",\"name\":\"Leinewelle\",\"image\":{\"@type\":\"ImageObject\",\"inLanguage\":\"de\",\"@id\":\"https:\\\/\\\/secure.gravatar.com\\\/avatar\\\/05c9a17bc973052ee5d91549bd32fb4dd0dc85b7b85ae94b2e2b4943476bbea5?s=96&d=blank&r=g\",\"url\":\"https:\\\/\\\/secure.gravatar.com\\\/avatar\\\/05c9a17bc973052ee5d91549bd32fb4dd0dc85b7b85ae94b2e2b4943476bbea5?s=96&d=blank&r=g\",\"contentUrl\":\"https:\\\/\\\/secure.gravatar.com\\\/avatar\\\/05c9a17bc973052ee5d91549bd32fb4dd0dc85b7b85ae94b2e2b4943476bbea5?s=96&d=blank&r=g\",\"caption\":\"Leinewelle\"},\"sameAs\":[\"http:\\\/\\\/localhost\\\/radio%20leinewelle\\\/wordpress\",\"https:\\\/\\\/www.facebook.com\\\/radioleinewelle\",\"https:\\\/\\\/www.instagram.com\\\/radioleinewelle\",\"https:\\\/\\\/x.com\\\/https:\\\/\\\/twitter.com\\\/RLeinewelle?ref_src=twsrcgoogletwcampserptwgrauthor\",\"https:\\\/\\\/soundcloud.com\\\/foerderverein-lokalradio?utm_source=clipboard&utm_medium=text&utm_campaign=social_sharing\"],\"url\":\"https:\\\/\\\/radioleinewelle.de\\\/index.php\\\/author\\\/leinewelle\\\/\"}]}<\/script>\n<!-- \/ Yoast SEO plugin. -->","yoast_head_json":{"title":"Frontalzusammensto\u00df auf L 554 bei G\u00f6ttingen - Motorradfahrer t\u00f6dlich verletzt - Radio Leinewelle","robots":{"index":"index","follow":"follow","max-snippet":"max-snippet:-1","max-image-preview":"max-image-preview:large","max-video-preview":"max-video-preview:-1"},"canonical":"https:\/\/radioleinewelle.de\/index.php\/2021\/06\/13\/frontalzusammenstoss-auf-l-554-bei-goettingen-motorradfahrer-toedlich-verletzt\/","og_locale":"de_DE","og_type":"article","og_title":"Frontalzusammensto\u00df auf L 554 bei G\u00f6ttingen - Motorradfahrer t\u00f6dlich verletzt - Radio Leinewelle","og_description":"LENGLERN (jk) &#8211; Bei einem schweren Verkehrsunfall auf der L 554 ist am Sonntagnachmittag gegen 15.35 Uhr ein Motorradfahrer t\u00f6dlich verletzt worden. Die Unfallstelle befindet sich zwischen dem Kreisel B 27\/Zubringer A 7 und der Abfahrt Lenglern (Landkreis G\u00f6ttingen). Der Streckenabschnitt ist vermutlich f\u00fcr die umfangreichen Bergungsarbeiten noch bis zum sp\u00e4ten Abend voll gesperrt.&nbsp; Nach [&hellip;]","og_url":"https:\/\/radioleinewelle.de\/index.php\/2021\/06\/13\/frontalzusammenstoss-auf-l-554-bei-goettingen-motorradfahrer-toedlich-verletzt\/","og_site_name":"Radio Leinewelle","article_publisher":"https:\/\/www.facebook.com\/radioleinewelle","article_author":"https:\/\/www.facebook.com\/radioleinewelle","article_published_time":"2021-06-13T20:21:49+00:00","author":"Leinewelle","twitter_card":"summary_large_image","twitter_creator":"@https:\/\/twitter.com\/RLeinewelle?ref_src=twsrcgoogletwcampserptwgrauthor","twitter_site":"@RLeinewelle","twitter_misc":{"Verfasst von":"Leinewelle","Gesch\u00e4tzte Lesezeit":"1\u00a0Minute"},"schema":{"@context":"https:\/\/schema.org","@graph":[{"@type":"Article","@id":"https:\/\/radioleinewelle.de\/index.php\/2021\/06\/13\/frontalzusammenstoss-auf-l-554-bei-goettingen-motorradfahrer-toedlich-verletzt\/#article","isPartOf":{"@id":"https:\/\/radioleinewelle.de\/index.php\/2021\/06\/13\/frontalzusammenstoss-auf-l-554-bei-goettingen-motorradfahrer-toedlich-verletzt\/"},"author":{"name":"Leinewelle","@id":"https:\/\/radioleinewelle.de\/#\/schema\/person\/45606f348637df637192dc1b68399a63"},"headline":"Frontalzusammensto\u00df auf L 554 bei G\u00f6ttingen &#8211; Motorradfahrer t\u00f6dlich verletzt","datePublished":"2021-06-13T20:21:49+00:00","mainEntityOfPage":{"@id":"https:\/\/radioleinewelle.de\/index.php\/2021\/06\/13\/frontalzusammenstoss-auf-l-554-bei-goettingen-motorradfahrer-toedlich-verletzt\/"},"wordCount":142,"publisher":{"@id":"https:\/\/radioleinewelle.de\/#organization"},"keywords":["Feuerwehr lenglern","Kreisel B 27\/Zubringer A7","L554","Polizeiinspektion G\u00f6ttingen"],"articleSection":["Aktuelle Nachrichten"],"inLanguage":"de"},{"@type":"WebPage","@id":"https:\/\/radioleinewelle.de\/index.php\/2021\/06\/13\/frontalzusammenstoss-auf-l-554-bei-goettingen-motorradfahrer-toedlich-verletzt\/","url":"https:\/\/radioleinewelle.de\/index.php\/2021\/06\/13\/frontalzusammenstoss-auf-l-554-bei-goettingen-motorradfahrer-toedlich-verletzt\/","name":"Frontalzusammensto\u00df auf L 554 bei G\u00f6ttingen - Motorradfahrer t\u00f6dlich verletzt - Radio Leinewelle","isPartOf":{"@id":"https:\/\/radioleinewelle.de\/#website"},"datePublished":"2021-06-13T20:21:49+00:00","breadcrumb":{"@id":"https:\/\/radioleinewelle.de\/index.php\/2021\/06\/13\/frontalzusammenstoss-auf-l-554-bei-goettingen-motorradfahrer-toedlich-verletzt\/#breadcrumb"},"inLanguage":"de","potentialAction":[{"@type":"ReadAction","target":["https:\/\/radioleinewelle.de\/index.php\/2021\/06\/13\/frontalzusammenstoss-auf-l-554-bei-goettingen-motorradfahrer-toedlich-verletzt\/"]}]},{"@type":"BreadcrumbList","@id":"https:\/\/radioleinewelle.de\/index.php\/2021\/06\/13\/frontalzusammenstoss-auf-l-554-bei-goettingen-motorradfahrer-toedlich-verletzt\/#breadcrumb","itemListElement":[{"@type":"ListItem","position":1,"name":"Startseite","item":"https:\/\/radioleinewelle.de\/"},{"@type":"ListItem","position":2,"name":"Frontalzusammensto\u00df auf L 554 bei G\u00f6ttingen &#8211; Motorradfahrer t\u00f6dlich verletzt"}]},{"@type":"WebSite","@id":"https:\/\/radioleinewelle.de\/#website","url":"https:\/\/radioleinewelle.de\/","name":"Radio Leinewelle","description":"","publisher":{"@id":"https:\/\/radioleinewelle.de\/#organization"},"potentialAction":[{"@type":"SearchAction","target":{"@type":"EntryPoint","urlTemplate":"https:\/\/radioleinewelle.de\/?s={search_term_string}"},"query-input":{"@type":"PropertyValueSpecification","valueRequired":true,"valueName":"search_term_string"}}],"inLanguage":"de"},{"@type":"Organization","@id":"https:\/\/radioleinewelle.de\/#organization","name":"Radio Leinewelle","alternateName":"Mein Radio f\u00fcr S\u00fcdniedersachsen","url":"https:\/\/radioleinewelle.de\/","logo":{"@type":"ImageObject","inLanguage":"de","@id":"https:\/\/radioleinewelle.de\/#\/schema\/logo\/image\/","url":"https:\/\/radioleinewelle.de\/wp-content\/uploads\/2023\/11\/cropped-Leinewelle_Logo_weiss.png","contentUrl":"https:\/\/radioleinewelle.de\/wp-content\/uploads\/2023\/11\/cropped-Leinewelle_Logo_weiss.png","width":854,"height":260,"caption":"Radio Leinewelle"},"image":{"@id":"https:\/\/radioleinewelle.de\/#\/schema\/logo\/image\/"},"sameAs":["https:\/\/www.facebook.com\/radioleinewelle","https:\/\/x.com\/RLeinewelle","https:\/\/www.instagram.com\/radioleinewelle\/?hl=de"]},{"@type":"Person","@id":"https:\/\/radioleinewelle.de\/#\/schema\/person\/45606f348637df637192dc1b68399a63","name":"Leinewelle","image":{"@type":"ImageObject","inLanguage":"de","@id":"https:\/\/secure.gravatar.com\/avatar\/05c9a17bc973052ee5d91549bd32fb4dd0dc85b7b85ae94b2e2b4943476bbea5?s=96&d=blank&r=g","url":"https:\/\/secure.gravatar.com\/avatar\/05c9a17bc973052ee5d91549bd32fb4dd0dc85b7b85ae94b2e2b4943476bbea5?s=96&d=blank&r=g","contentUrl":"https:\/\/secure.gravatar.com\/avatar\/05c9a17bc973052ee5d91549bd32fb4dd0dc85b7b85ae94b2e2b4943476bbea5?s=96&d=blank&r=g","caption":"Leinewelle"},"sameAs":["http:\/\/localhost\/radio%20leinewelle\/wordpress","https:\/\/www.facebook.com\/radioleinewelle","https:\/\/www.instagram.com\/radioleinewelle","https:\/\/x.com\/https:\/\/twitter.com\/RLeinewelle?ref_src=twsrcgoogletwcampserptwgrauthor","https:\/\/soundcloud.com\/foerderverein-lokalradio?utm_source=clipboard&utm_medium=text&utm_campaign=social_sharing"],"url":"https:\/\/radioleinewelle.de\/index.php\/author\/leinewelle\/"}]}},"_links":{"self":[{"href":"https:\/\/radioleinewelle.de\/index.php\/wp-json\/wp\/v2\/posts\/8580","targetHints":{"allow":["GET"]}}],"collection":[{"href":"https:\/\/radioleinewelle.de\/index.php\/wp-json\/wp\/v2\/posts"}],"about":[{"href":"https:\/\/radioleinewelle.de\/index.php\/wp-json\/wp\/v2\/types\/post"}],"author":[{"embeddable":true,"href":"https:\/\/radioleinewelle.de\/index.php\/wp-json\/wp\/v2\/users\/1"}],"replies":[{"embeddable":true,"href":"https:\/\/radioleinewelle.de\/index.php\/wp-json\/wp\/v2\/comments?post=8580"}],"version-history":[{"count":0,"href":"https:\/\/radioleinewelle.de\/index.php\/wp-json\/wp\/v2\/posts\/8580\/revisions"}],"wp:attachment":[{"href":"https:\/\/radioleinewelle.de\/index.php\/wp-json\/wp\/v2\/media?parent=8580"}],"wp:term":[{"taxonomy":"category","embeddable":true,"href":"https:\/\/radioleinewelle.de\/index.php\/wp-json\/wp\/v2\/categories?post=8580"},{"taxonomy":"post_tag","embeddable":true,"href":"https:\/\/radioleinewelle.de\/index.php\/wp-json\/wp\/v2\/tags?post=8580"}],"curies":[{"name":"wp","href":"https:\/\/api.w.org\/{rel}","templated":true}]}}