{"id":8691,"date":"2021-06-21T06:45:00","date_gmt":"2021-06-21T04:45:00","guid":{"rendered":"https:\/\/radioleinewelle.de\/?p=8691"},"modified":"2021-06-21T06:45:00","modified_gmt":"2021-06-21T04:45:00","slug":"wissenschaft-in-der-stadt-die-wissen-schafft","status":"publish","type":"post","link":"https:\/\/radioleinewelle.de\/index.php\/2021\/06\/21\/wissenschaft-in-der-stadt-die-wissen-schafft\/","title":{"rendered":"Wissenschaft in der Stadt, die Wissen schafft"},"content":{"rendered":"\n<p>(pug) Wie stehen die Kandidatinnen und Kandidaten f\u00fcr das G\u00f6ttinger Oberb\u00fcrgermeisteramt zur \u201eStadt, die Wissen schafft\u201c? Welche Pl\u00e4ne haben sie zur St\u00e4rkung und Sicherung des Wissenschaftsstandorts G\u00f6ttingen? Dies werden die Mitglieder des Arbeitskreises Wissenschaft\/Hochschulen und des G\u00f6ttingen Campus die Kandidatinnen und Kandidaten am Montag, 21. Juni 2021, fragen. Alle Interessierten sind herzlich eingeladen, sich an der virtuellen Diskussionsveranstaltung zu beteiligen. Beginn ist um 19.30 Uhr.<\/p>\n\n\n\n<p>Alle f\u00fcr die OB-Wahl am 12. September 2021 aufgestellten Kandidatinnen und Kandidaten wurden zur Veranstaltung eingeladen. Ihre Teilnahme zugesagt haben Petra Broistedt (SPD), Doreen Fragel (parteilos, unterst\u00fctzt von B\u00fcndnis 90\/Die Gr\u00fcnen), Dr. Ehsan Kangarani (CDU) und Mathias Rheinl\u00e4nder (&#8222;Die Partei&#8220;). Moderiert wird die Veranstaltung von Dr. Katharina Peters, Gesch\u00e4ftsf\u00fchrerin des Deutschen Primatenzentrums \u2013 Leibniz-Institut f\u00fcr Primatenforschung.<\/p>\n\n\n\n<p>Eine Voranmeldung ist nicht erforderlich. W\u00e4hrend der Veranstaltung besteht die M\u00f6glichkeit, Fragen im Chat zu stellen und sich auf Wunsch mit Ton und Bild zuschalten zu lassen. Weitere Informationen und der Link zur Veranstaltung sind unter&nbsp;<a href=\"http:\/\/www.goettingen-campus.de\/ob-wahl\">www.goettingen-campus.de\/ob-wahl<\/a>&nbsp;zu finden.<\/p>\n\n\n\n<p>Foto: Uni G\u00f6ttingen<\/p>\n\n\n\n<p><\/p>\n","protected":false},"excerpt":{"rendered":"<p>(pug) Wie stehen die Kandidatinnen und Kandidaten f\u00fcr das G\u00f6ttinger Oberb\u00fcrgermeisteramt zur \u201eStadt, die Wissen schafft\u201c? Welche Pl\u00e4ne haben sie zur St\u00e4rkung und Sicherung des Wissenschaftsstandorts G\u00f6ttingen? Dies werden die Mitglieder des Arbeitskreises Wissenschaft\/Hochschulen und des G\u00f6ttingen Campus die Kandidatinnen und Kandidaten am Montag, 21. Juni 2021, fragen. Alle Interessierten sind herzlich eingeladen, sich an [&hellip;]<\/p>\n","protected":false},"author":1,"featured_media":8693,"comment_status":"closed","ping_status":"closed","sticky":false,"template":"","format":"standard","meta":{"saved_in_kubio":false,"footnotes":""},"categories":[1097],"tags":[1459,1460,1461],"class_list":["post-8691","post","type-post","status-publish","format-standard","has-post-thumbnail","hentry","category-wahlen-2021","tag-goettingen-campus","tag-ob-wahl-goettingen","tag-wissenschaft-und-politik"],"yoast_head":"<!-- This site is optimized with the Yoast SEO plugin v27.5 - https:\/\/yoast.com\/product\/yoast-seo-wordpress\/ -->\n<title>Wissenschaft in der Stadt, die Wissen schafft - Radio Leinewelle<\/title>\n<meta name=\"robots\" content=\"index, follow, max-snippet:-1, max-image-preview:large, max-video-preview:-1\" \/>\n<link rel=\"canonical\" href=\"https:\/\/radioleinewelle.de\/index.php\/2021\/06\/21\/wissenschaft-in-der-stadt-die-wissen-schafft\/\" \/>\n<meta property=\"og:locale\" content=\"de_DE\" \/>\n<meta property=\"og:type\" content=\"article\" \/>\n<meta property=\"og:title\" content=\"Wissenschaft in der Stadt, die Wissen schafft - Radio Leinewelle\" \/>\n<meta property=\"og:description\" content=\"(pug) Wie stehen die Kandidatinnen und Kandidaten f\u00fcr das G\u00f6ttinger Oberb\u00fcrgermeisteramt zur \u201eStadt, die Wissen schafft\u201c? Welche Pl\u00e4ne haben sie zur St\u00e4rkung und Sicherung des Wissenschaftsstandorts G\u00f6ttingen? Dies werden die Mitglieder des Arbeitskreises Wissenschaft\/Hochschulen und des G\u00f6ttingen Campus die Kandidatinnen und Kandidaten am Montag, 21. Juni 2021, fragen. Alle Interessierten sind herzlich eingeladen, sich an [&hellip;]\" \/>\n<meta property=\"og:url\" content=\"https:\/\/radioleinewelle.de\/index.php\/2021\/06\/21\/wissenschaft-in-der-stadt-die-wissen-schafft\/\" \/>\n<meta property=\"og:site_name\" content=\"Radio Leinewelle\" \/>\n<meta property=\"article:publisher\" content=\"https:\/\/www.facebook.com\/radioleinewelle\" \/>\n<meta property=\"article:author\" content=\"https:\/\/www.facebook.com\/radioleinewelle\" \/>\n<meta property=\"article:published_time\" content=\"2021-06-21T04:45:00+00:00\" \/>\n<meta property=\"og:image\" content=\"https:\/\/radioleinewelle.de\/wp-content\/uploads\/2021\/06\/Diskussion-OB-Kandidaten.jpg\" \/>\n\t<meta property=\"og:image:width\" content=\"1500\" \/>\n\t<meta property=\"og:image:height\" content=\"844\" \/>\n\t<meta property=\"og:image:type\" content=\"image\/jpeg\" \/>\n<meta name=\"author\" content=\"Leinewelle\" \/>\n<meta name=\"twitter:card\" content=\"summary_large_image\" \/>\n<meta name=\"twitter:creator\" content=\"@https:\/\/twitter.com\/RLeinewelle?ref_src=twsrcgoogletwcampserptwgrauthor\" \/>\n<meta name=\"twitter:site\" content=\"@RLeinewelle\" \/>\n<meta name=\"twitter:label1\" content=\"Verfasst von\" \/>\n\t<meta name=\"twitter:data1\" content=\"Leinewelle\" \/>\n\t<meta name=\"twitter:label2\" content=\"Gesch\u00e4tzte Lesezeit\" \/>\n\t<meta name=\"twitter:data2\" content=\"1\u00a0Minute\" \/>\n<script type=\"application\/ld+json\" class=\"yoast-schema-graph\">{\"@context\":\"https:\\\/\\\/schema.org\",\"@graph\":[{\"@type\":\"Article\",\"@id\":\"https:\\\/\\\/radioleinewelle.de\\\/index.php\\\/2021\\\/06\\\/21\\\/wissenschaft-in-der-stadt-die-wissen-schafft\\\/#article\",\"isPartOf\":{\"@id\":\"https:\\\/\\\/radioleinewelle.de\\\/index.php\\\/2021\\\/06\\\/21\\\/wissenschaft-in-der-stadt-die-wissen-schafft\\\/\"},\"author\":{\"name\":\"Leinewelle\",\"@id\":\"https:\\\/\\\/radioleinewelle.de\\\/#\\\/schema\\\/person\\\/45606f348637df637192dc1b68399a63\"},\"headline\":\"Wissenschaft in der Stadt, die Wissen schafft\",\"datePublished\":\"2021-06-21T04:45:00+00:00\",\"mainEntityOfPage\":{\"@id\":\"https:\\\/\\\/radioleinewelle.de\\\/index.php\\\/2021\\\/06\\\/21\\\/wissenschaft-in-der-stadt-die-wissen-schafft\\\/\"},\"wordCount\":188,\"publisher\":{\"@id\":\"https:\\\/\\\/radioleinewelle.de\\\/#organization\"},\"image\":{\"@id\":\"https:\\\/\\\/radioleinewelle.de\\\/index.php\\\/2021\\\/06\\\/21\\\/wissenschaft-in-der-stadt-die-wissen-schafft\\\/#primaryimage\"},\"thumbnailUrl\":\"https:\\\/\\\/radioleinewelle.de\\\/wp-content\\\/uploads\\\/2021\\\/06\\\/Diskussion-OB-Kandidaten.jpg\",\"keywords\":[\"G\u00f6ttingen Campus\",\"OB-Wahl G\u00f6ttingen\",\"Wissenschaft und Politik\"],\"articleSection\":[\"Wahlen 2021\"],\"inLanguage\":\"de\"},{\"@type\":\"WebPage\",\"@id\":\"https:\\\/\\\/radioleinewelle.de\\\/index.php\\\/2021\\\/06\\\/21\\\/wissenschaft-in-der-stadt-die-wissen-schafft\\\/\",\"url\":\"https:\\\/\\\/radioleinewelle.de\\\/index.php\\\/2021\\\/06\\\/21\\\/wissenschaft-in-der-stadt-die-wissen-schafft\\\/\",\"name\":\"Wissenschaft in der Stadt, die Wissen schafft - Radio Leinewelle\",\"isPartOf\":{\"@id\":\"https:\\\/\\\/radioleinewelle.de\\\/#website\"},\"primaryImageOfPage\":{\"@id\":\"https:\\\/\\\/radioleinewelle.de\\\/index.php\\\/2021\\\/06\\\/21\\\/wissenschaft-in-der-stadt-die-wissen-schafft\\\/#primaryimage\"},\"image\":{\"@id\":\"https:\\\/\\\/radioleinewelle.de\\\/index.php\\\/2021\\\/06\\\/21\\\/wissenschaft-in-der-stadt-die-wissen-schafft\\\/#primaryimage\"},\"thumbnailUrl\":\"https:\\\/\\\/radioleinewelle.de\\\/wp-content\\\/uploads\\\/2021\\\/06\\\/Diskussion-OB-Kandidaten.jpg\",\"datePublished\":\"2021-06-21T04:45:00+00:00\",\"breadcrumb\":{\"@id\":\"https:\\\/\\\/radioleinewelle.de\\\/index.php\\\/2021\\\/06\\\/21\\\/wissenschaft-in-der-stadt-die-wissen-schafft\\\/#breadcrumb\"},\"inLanguage\":\"de\",\"potentialAction\":[{\"@type\":\"ReadAction\",\"target\":[\"https:\\\/\\\/radioleinewelle.de\\\/index.php\\\/2021\\\/06\\\/21\\\/wissenschaft-in-der-stadt-die-wissen-schafft\\\/\"]}]},{\"@type\":\"ImageObject\",\"inLanguage\":\"de\",\"@id\":\"https:\\\/\\\/radioleinewelle.de\\\/index.php\\\/2021\\\/06\\\/21\\\/wissenschaft-in-der-stadt-die-wissen-schafft\\\/#primaryimage\",\"url\":\"https:\\\/\\\/radioleinewelle.de\\\/wp-content\\\/uploads\\\/2021\\\/06\\\/Diskussion-OB-Kandidaten.jpg\",\"contentUrl\":\"https:\\\/\\\/radioleinewelle.de\\\/wp-content\\\/uploads\\\/2021\\\/06\\\/Diskussion-OB-Kandidaten.jpg\",\"width\":1500,\"height\":844},{\"@type\":\"BreadcrumbList\",\"@id\":\"https:\\\/\\\/radioleinewelle.de\\\/index.php\\\/2021\\\/06\\\/21\\\/wissenschaft-in-der-stadt-die-wissen-schafft\\\/#breadcrumb\",\"itemListElement\":[{\"@type\":\"ListItem\",\"position\":1,\"name\":\"Startseite\",\"item\":\"https:\\\/\\\/radioleinewelle.de\\\/\"},{\"@type\":\"ListItem\",\"position\":2,\"name\":\"Wissenschaft in der Stadt, die Wissen schafft\"}]},{\"@type\":\"WebSite\",\"@id\":\"https:\\\/\\\/radioleinewelle.de\\\/#website\",\"url\":\"https:\\\/\\\/radioleinewelle.de\\\/\",\"name\":\"Radio Leinewelle\",\"description\":\"\",\"publisher\":{\"@id\":\"https:\\\/\\\/radioleinewelle.de\\\/#organization\"},\"potentialAction\":[{\"@type\":\"SearchAction\",\"target\":{\"@type\":\"EntryPoint\",\"urlTemplate\":\"https:\\\/\\\/radioleinewelle.de\\\/?s={search_term_string}\"},\"query-input\":{\"@type\":\"PropertyValueSpecification\",\"valueRequired\":true,\"valueName\":\"search_term_string\"}}],\"inLanguage\":\"de\"},{\"@type\":\"Organization\",\"@id\":\"https:\\\/\\\/radioleinewelle.de\\\/#organization\",\"name\":\"Radio Leinewelle\",\"alternateName\":\"Mein Radio f\u00fcr S\u00fcdniedersachsen\",\"url\":\"https:\\\/\\\/radioleinewelle.de\\\/\",\"logo\":{\"@type\":\"ImageObject\",\"inLanguage\":\"de\",\"@id\":\"https:\\\/\\\/radioleinewelle.de\\\/#\\\/schema\\\/logo\\\/image\\\/\",\"url\":\"https:\\\/\\\/radioleinewelle.de\\\/wp-content\\\/uploads\\\/2023\\\/11\\\/cropped-Leinewelle_Logo_weiss.png\",\"contentUrl\":\"https:\\\/\\\/radioleinewelle.de\\\/wp-content\\\/uploads\\\/2023\\\/11\\\/cropped-Leinewelle_Logo_weiss.png\",\"width\":854,\"height\":260,\"caption\":\"Radio Leinewelle\"},\"image\":{\"@id\":\"https:\\\/\\\/radioleinewelle.de\\\/#\\\/schema\\\/logo\\\/image\\\/\"},\"sameAs\":[\"https:\\\/\\\/www.facebook.com\\\/radioleinewelle\",\"https:\\\/\\\/x.com\\\/RLeinewelle\",\"https:\\\/\\\/www.instagram.com\\\/radioleinewelle\\\/?hl=de\"]},{\"@type\":\"Person\",\"@id\":\"https:\\\/\\\/radioleinewelle.de\\\/#\\\/schema\\\/person\\\/45606f348637df637192dc1b68399a63\",\"name\":\"Leinewelle\",\"image\":{\"@type\":\"ImageObject\",\"inLanguage\":\"de\",\"@id\":\"https:\\\/\\\/secure.gravatar.com\\\/avatar\\\/05c9a17bc973052ee5d91549bd32fb4dd0dc85b7b85ae94b2e2b4943476bbea5?s=96&d=blank&r=g\",\"url\":\"https:\\\/\\\/secure.gravatar.com\\\/avatar\\\/05c9a17bc973052ee5d91549bd32fb4dd0dc85b7b85ae94b2e2b4943476bbea5?s=96&d=blank&r=g\",\"contentUrl\":\"https:\\\/\\\/secure.gravatar.com\\\/avatar\\\/05c9a17bc973052ee5d91549bd32fb4dd0dc85b7b85ae94b2e2b4943476bbea5?s=96&d=blank&r=g\",\"caption\":\"Leinewelle\"},\"sameAs\":[\"http:\\\/\\\/localhost\\\/radio%20leinewelle\\\/wordpress\",\"https:\\\/\\\/www.facebook.com\\\/radioleinewelle\",\"https:\\\/\\\/www.instagram.com\\\/radioleinewelle\",\"https:\\\/\\\/x.com\\\/https:\\\/\\\/twitter.com\\\/RLeinewelle?ref_src=twsrcgoogletwcampserptwgrauthor\",\"https:\\\/\\\/soundcloud.com\\\/foerderverein-lokalradio?utm_source=clipboard&utm_medium=text&utm_campaign=social_sharing\"],\"url\":\"https:\\\/\\\/radioleinewelle.de\\\/index.php\\\/author\\\/leinewelle\\\/\"}]}<\/script>\n<!-- \/ Yoast SEO plugin. -->","yoast_head_json":{"title":"Wissenschaft in der Stadt, die Wissen schafft - Radio Leinewelle","robots":{"index":"index","follow":"follow","max-snippet":"max-snippet:-1","max-image-preview":"max-image-preview:large","max-video-preview":"max-video-preview:-1"},"canonical":"https:\/\/radioleinewelle.de\/index.php\/2021\/06\/21\/wissenschaft-in-der-stadt-die-wissen-schafft\/","og_locale":"de_DE","og_type":"article","og_title":"Wissenschaft in der Stadt, die Wissen schafft - Radio Leinewelle","og_description":"(pug) Wie stehen die Kandidatinnen und Kandidaten f\u00fcr das G\u00f6ttinger Oberb\u00fcrgermeisteramt zur \u201eStadt, die Wissen schafft\u201c? Welche Pl\u00e4ne haben sie zur St\u00e4rkung und Sicherung des Wissenschaftsstandorts G\u00f6ttingen? Dies werden die Mitglieder des Arbeitskreises Wissenschaft\/Hochschulen und des G\u00f6ttingen Campus die Kandidatinnen und Kandidaten am Montag, 21. Juni 2021, fragen. Alle Interessierten sind herzlich eingeladen, sich an [&hellip;]","og_url":"https:\/\/radioleinewelle.de\/index.php\/2021\/06\/21\/wissenschaft-in-der-stadt-die-wissen-schafft\/","og_site_name":"Radio Leinewelle","article_publisher":"https:\/\/www.facebook.com\/radioleinewelle","article_author":"https:\/\/www.facebook.com\/radioleinewelle","article_published_time":"2021-06-21T04:45:00+00:00","og_image":[{"width":1500,"height":844,"url":"https:\/\/radioleinewelle.de\/wp-content\/uploads\/2021\/06\/Diskussion-OB-Kandidaten.jpg","type":"image\/jpeg"}],"author":"Leinewelle","twitter_card":"summary_large_image","twitter_creator":"@https:\/\/twitter.com\/RLeinewelle?ref_src=twsrcgoogletwcampserptwgrauthor","twitter_site":"@RLeinewelle","twitter_misc":{"Verfasst von":"Leinewelle","Gesch\u00e4tzte Lesezeit":"1\u00a0Minute"},"schema":{"@context":"https:\/\/schema.org","@graph":[{"@type":"Article","@id":"https:\/\/radioleinewelle.de\/index.php\/2021\/06\/21\/wissenschaft-in-der-stadt-die-wissen-schafft\/#article","isPartOf":{"@id":"https:\/\/radioleinewelle.de\/index.php\/2021\/06\/21\/wissenschaft-in-der-stadt-die-wissen-schafft\/"},"author":{"name":"Leinewelle","@id":"https:\/\/radioleinewelle.de\/#\/schema\/person\/45606f348637df637192dc1b68399a63"},"headline":"Wissenschaft in der Stadt, die Wissen schafft","datePublished":"2021-06-21T04:45:00+00:00","mainEntityOfPage":{"@id":"https:\/\/radioleinewelle.de\/index.php\/2021\/06\/21\/wissenschaft-in-der-stadt-die-wissen-schafft\/"},"wordCount":188,"publisher":{"@id":"https:\/\/radioleinewelle.de\/#organization"},"image":{"@id":"https:\/\/radioleinewelle.de\/index.php\/2021\/06\/21\/wissenschaft-in-der-stadt-die-wissen-schafft\/#primaryimage"},"thumbnailUrl":"https:\/\/radioleinewelle.de\/wp-content\/uploads\/2021\/06\/Diskussion-OB-Kandidaten.jpg","keywords":["G\u00f6ttingen Campus","OB-Wahl G\u00f6ttingen","Wissenschaft und Politik"],"articleSection":["Wahlen 2021"],"inLanguage":"de"},{"@type":"WebPage","@id":"https:\/\/radioleinewelle.de\/index.php\/2021\/06\/21\/wissenschaft-in-der-stadt-die-wissen-schafft\/","url":"https:\/\/radioleinewelle.de\/index.php\/2021\/06\/21\/wissenschaft-in-der-stadt-die-wissen-schafft\/","name":"Wissenschaft in der Stadt, die Wissen schafft - Radio Leinewelle","isPartOf":{"@id":"https:\/\/radioleinewelle.de\/#website"},"primaryImageOfPage":{"@id":"https:\/\/radioleinewelle.de\/index.php\/2021\/06\/21\/wissenschaft-in-der-stadt-die-wissen-schafft\/#primaryimage"},"image":{"@id":"https:\/\/radioleinewelle.de\/index.php\/2021\/06\/21\/wissenschaft-in-der-stadt-die-wissen-schafft\/#primaryimage"},"thumbnailUrl":"https:\/\/radioleinewelle.de\/wp-content\/uploads\/2021\/06\/Diskussion-OB-Kandidaten.jpg","datePublished":"2021-06-21T04:45:00+00:00","breadcrumb":{"@id":"https:\/\/radioleinewelle.de\/index.php\/2021\/06\/21\/wissenschaft-in-der-stadt-die-wissen-schafft\/#breadcrumb"},"inLanguage":"de","potentialAction":[{"@type":"ReadAction","target":["https:\/\/radioleinewelle.de\/index.php\/2021\/06\/21\/wissenschaft-in-der-stadt-die-wissen-schafft\/"]}]},{"@type":"ImageObject","inLanguage":"de","@id":"https:\/\/radioleinewelle.de\/index.php\/2021\/06\/21\/wissenschaft-in-der-stadt-die-wissen-schafft\/#primaryimage","url":"https:\/\/radioleinewelle.de\/wp-content\/uploads\/2021\/06\/Diskussion-OB-Kandidaten.jpg","contentUrl":"https:\/\/radioleinewelle.de\/wp-content\/uploads\/2021\/06\/Diskussion-OB-Kandidaten.jpg","width":1500,"height":844},{"@type":"BreadcrumbList","@id":"https:\/\/radioleinewelle.de\/index.php\/2021\/06\/21\/wissenschaft-in-der-stadt-die-wissen-schafft\/#breadcrumb","itemListElement":[{"@type":"ListItem","position":1,"name":"Startseite","item":"https:\/\/radioleinewelle.de\/"},{"@type":"ListItem","position":2,"name":"Wissenschaft in der Stadt, die Wissen schafft"}]},{"@type":"WebSite","@id":"https:\/\/radioleinewelle.de\/#website","url":"https:\/\/radioleinewelle.de\/","name":"Radio Leinewelle","description":"","publisher":{"@id":"https:\/\/radioleinewelle.de\/#organization"},"potentialAction":[{"@type":"SearchAction","target":{"@type":"EntryPoint","urlTemplate":"https:\/\/radioleinewelle.de\/?s={search_term_string}"},"query-input":{"@type":"PropertyValueSpecification","valueRequired":true,"valueName":"search_term_string"}}],"inLanguage":"de"},{"@type":"Organization","@id":"https:\/\/radioleinewelle.de\/#organization","name":"Radio Leinewelle","alternateName":"Mein Radio f\u00fcr S\u00fcdniedersachsen","url":"https:\/\/radioleinewelle.de\/","logo":{"@type":"ImageObject","inLanguage":"de","@id":"https:\/\/radioleinewelle.de\/#\/schema\/logo\/image\/","url":"https:\/\/radioleinewelle.de\/wp-content\/uploads\/2023\/11\/cropped-Leinewelle_Logo_weiss.png","contentUrl":"https:\/\/radioleinewelle.de\/wp-content\/uploads\/2023\/11\/cropped-Leinewelle_Logo_weiss.png","width":854,"height":260,"caption":"Radio Leinewelle"},"image":{"@id":"https:\/\/radioleinewelle.de\/#\/schema\/logo\/image\/"},"sameAs":["https:\/\/www.facebook.com\/radioleinewelle","https:\/\/x.com\/RLeinewelle","https:\/\/www.instagram.com\/radioleinewelle\/?hl=de"]},{"@type":"Person","@id":"https:\/\/radioleinewelle.de\/#\/schema\/person\/45606f348637df637192dc1b68399a63","name":"Leinewelle","image":{"@type":"ImageObject","inLanguage":"de","@id":"https:\/\/secure.gravatar.com\/avatar\/05c9a17bc973052ee5d91549bd32fb4dd0dc85b7b85ae94b2e2b4943476bbea5?s=96&d=blank&r=g","url":"https:\/\/secure.gravatar.com\/avatar\/05c9a17bc973052ee5d91549bd32fb4dd0dc85b7b85ae94b2e2b4943476bbea5?s=96&d=blank&r=g","contentUrl":"https:\/\/secure.gravatar.com\/avatar\/05c9a17bc973052ee5d91549bd32fb4dd0dc85b7b85ae94b2e2b4943476bbea5?s=96&d=blank&r=g","caption":"Leinewelle"},"sameAs":["http:\/\/localhost\/radio%20leinewelle\/wordpress","https:\/\/www.facebook.com\/radioleinewelle","https:\/\/www.instagram.com\/radioleinewelle","https:\/\/x.com\/https:\/\/twitter.com\/RLeinewelle?ref_src=twsrcgoogletwcampserptwgrauthor","https:\/\/soundcloud.com\/foerderverein-lokalradio?utm_source=clipboard&utm_medium=text&utm_campaign=social_sharing"],"url":"https:\/\/radioleinewelle.de\/index.php\/author\/leinewelle\/"}]}},"_links":{"self":[{"href":"https:\/\/radioleinewelle.de\/index.php\/wp-json\/wp\/v2\/posts\/8691","targetHints":{"allow":["GET"]}}],"collection":[{"href":"https:\/\/radioleinewelle.de\/index.php\/wp-json\/wp\/v2\/posts"}],"about":[{"href":"https:\/\/radioleinewelle.de\/index.php\/wp-json\/wp\/v2\/types\/post"}],"author":[{"embeddable":true,"href":"https:\/\/radioleinewelle.de\/index.php\/wp-json\/wp\/v2\/users\/1"}],"replies":[{"embeddable":true,"href":"https:\/\/radioleinewelle.de\/index.php\/wp-json\/wp\/v2\/comments?post=8691"}],"version-history":[{"count":0,"href":"https:\/\/radioleinewelle.de\/index.php\/wp-json\/wp\/v2\/posts\/8691\/revisions"}],"wp:featuredmedia":[{"embeddable":true,"href":"https:\/\/radioleinewelle.de\/index.php\/wp-json\/wp\/v2\/media\/8693"}],"wp:attachment":[{"href":"https:\/\/radioleinewelle.de\/index.php\/wp-json\/wp\/v2\/media?parent=8691"}],"wp:term":[{"taxonomy":"category","embeddable":true,"href":"https:\/\/radioleinewelle.de\/index.php\/wp-json\/wp\/v2\/categories?post=8691"},{"taxonomy":"post_tag","embeddable":true,"href":"https:\/\/radioleinewelle.de\/index.php\/wp-json\/wp\/v2\/tags?post=8691"}],"curies":[{"name":"wp","href":"https:\/\/api.w.org\/{rel}","templated":true}]}}