{"id":8720,"date":"2021-06-20T05:26:00","date_gmt":"2021-06-20T03:26:00","guid":{"rendered":"https:\/\/radioleinewelle.de\/?p=8720"},"modified":"2021-06-20T05:26:00","modified_gmt":"2021-06-20T03:26:00","slug":"weltfluechtlingstag-2021-niedersachsens-sozialministerin-ruft-zu-solidaritaet-und-hilfsbereitschaft-auf","status":"publish","type":"post","link":"https:\/\/radioleinewelle.de\/index.php\/2021\/06\/20\/weltfluechtlingstag-2021-niedersachsens-sozialministerin-ruft-zu-solidaritaet-und-hilfsbereitschaft-auf\/","title":{"rendered":"Weltfl\u00fcchtlingstag 2021 \u2013 Niedersachsens Sozialministerin ruft zu Solidarit\u00e4t und Hilfsbereitschaft auf"},"content":{"rendered":"\n<p>Die Vereinten Nationen haben den 20. Juni zum Weltfl\u00fcchtlingstag erkl\u00e4rt. In diesem Jahr findet er zum 20. Mal statt. Ein Anlass, so die Nieders\u00e4chsische Sozial- und Integrationsministerin Daniela Behrens, um die Situation der fl\u00fcchtenden Menschen in den Blick zu nehmen, die weltweit ihre Heimat, ihre Familien und ihre vertraute Umgebung verlassen mussten und unter gro\u00dfen Gefahren und Schicksalsschl\u00e4gen nach einer neuen Zukunft in Sicherheit suchen.<\/p>\n\n\n\n<p>\u201eIn den vergangenen Wochen und Monaten stand vor allem die Pandemie im Mittelpunkt der \u00f6ffentlichen Diskussion\u201c, betont die Ministerin, \u201edas ist naheliegend, aber wir d\u00fcrfen dar\u00fcber auch die gro\u00dfen politischen Herausforderungen der Gegenwart nicht vergessen. Nach Sch\u00e4tzungen des UN-Fl\u00fcchtlingskommissariates waren Ende 2019 rund 80 Millionen Menschen auf der Flucht vor Hunger, Gewalt und Verfolgung. Auch der Klimawandel wird dazu beitragen, dass Menschen sich auf die Flucht begeben.\u201c<\/p>\n\n\n\n<p>Daniela Behrens warnt davor, das Thema Fluchtbewegungen einseitig negativ unter dem Geschichtspunkt m\u00f6glicher Kosten zu diskutieren und Konflikte zu sch\u00fcren. Die Ereignisse im Jahr 2015 oder die Fluchtbewegungen nach dem B\u00fcrgerkrieg in Syrien h\u00e4tten gezeigt, was wir alle gemeinsam schaffen k\u00f6nnen. \u201eMenschen, die sich aktiv auf den Weg begeben, um sich anderswo eine neue Heimat aufzubauen, bringen Mut und Tatkraft mit. Sie sind eine wichtige Bereicherung f\u00fcr unsere Gesellschaft. Das kommt auch im offiziellen Motto dieses Tages \u201eTogether we heal, learn and shine\u201c zum Ausdruck. Als Integrationsministerin m\u00f6chte ich dazu beitragen, gefl\u00fcchteten Menschen mehr Teilhabe zu er\u00f6ffnen.\u201c<\/p>\n\n\n\n<p>Ein wichtiger Aspekt in diesem Zusammenhang ist die nieders\u00e4chsische Migrationsberatung und Asylverfahrensberatung. An dieser Stelle ist es wichtig, die besondere Rolle und Arbeit des Nieders\u00e4chsischen Fl\u00fcchtlingsrates zu erw\u00e4hnen. Diese Organisation wird vom Nieders\u00e4chsischen Sozialministerium institutionell gef\u00f6rdert und ist eine St\u00fctze in allen rechtlichen und sozialen Fragen f\u00fcr die gefl\u00fcchteten Menschen.<\/p>\n\n\n\n<p>Weiterhin k\u00f6nnen die Verfahren zur Anerkennung der im Ausland erworbenen Berufsqualifikationen eine Br\u00fccke zu einer qualifizierten Besch\u00e4ftigung in Niedersachsen bilden. \u201eWichtig sind nicht nur die rechtlichen M\u00f6glichkeiten, sondern auch gute Begleitstrukturen. Aus diesem Grund unterst\u00fctzt das Land z.B. die Anerkennungs- und Qualifizierungsberatung sowie die Qualifizierungsma\u00dfnahmen des IQ Netzwerkes Niedersachsen\u201c, erkl\u00e4rt Ministerin Behrens.<\/p>\n\n\n\n<p>Ein Teil der gefl\u00fcchteten Menschen hat traumatisierende Erfahrungen gemacht und braucht deshalb besondere Unterst\u00fctzung. Das Land f\u00f6rdert daher seit 2014 das Behandlungs- und Kompetenzzentrum des Netzwerks f\u00fcr traumatisierte Fl\u00fcchtlinge in Niedersachen e.V. (NTFN) in Hannover, um mit diesem psychosozialen Zentrum die Beratung, Betreuung und Vermittlung von Fl\u00fcchtlingen in die Regelversorgung und wohnortnahe Hilfe, sowohl im Rahmen eines Netzwerkes mit ambulanten und station\u00e4ren Hilfsanbietern als auch durch eigene therapeutische Behandlungskapazit\u00e4t und Fachkompetenz sicherzustellen. Dieses Angebot wird seit 2017 erg\u00e4nzt durch dezentrale Kompetenzzentren an den Standorten in L\u00fcneburg, Oldenburg, Osnabr\u00fcck, Braunschweig und G\u00f6ttingen.<\/p>\n\n\n\n<p>Au\u00dferdem f\u00f6rdert das Ministerium das Ethno-Medizinische Zentrum e.V. mit dem Ziel der psychosozialen und medizinischen Unterst\u00fctzung von Migrantinnen und Migranten.<\/p>\n\n\n\n<p>Ein ausdr\u00fcckliches Lob spendet die Ministerin den vielen Helferinnen und Helfern, die vor Ort den Gefl\u00fcchteten zur Seite stehen. \u201eIch danke f\u00fcr dieses beeindruckende Engagement, das ist gelobte Solidarit\u00e4t\u201c, erkl\u00e4rt Daniela Behrens, \u201eohne die zahlreichen Menschen, die sich ehrenamtlich engagieren, kann Integration nicht gelingen.\u201c<\/p>\n\n\n\n<p>Bild von&nbsp;<a href=\"https:\/\/pixabay.com\/de\/users\/12019-12019\/?utm_source=link-attribution&amp;utm_medium=referral&amp;utm_campaign=image&amp;utm_content=81770\">David Mark<\/a>&nbsp;auf&nbsp;<a href=\"https:\/\/pixabay.com\/de\/?utm_source=link-attribution&amp;utm_medium=referral&amp;utm_campaign=image&amp;utm_content=81770\">Pixabay<\/a>&nbsp;<\/p>\n","protected":false},"excerpt":{"rendered":"<p>Die Vereinten Nationen haben den 20. Juni zum Weltfl\u00fcchtlingstag erkl\u00e4rt. In diesem Jahr findet er zum 20. Mal statt. Ein Anlass, so die Nieders\u00e4chsische Sozial- und Integrationsministerin Daniela Behrens, um die Situation der fl\u00fcchtenden Menschen in den Blick zu nehmen, die weltweit ihre Heimat, ihre Familien und ihre vertraute Umgebung verlassen mussten und unter gro\u00dfen [&hellip;]<\/p>\n","protected":false},"author":1,"featured_media":0,"comment_status":"closed","ping_status":"closed","sticky":false,"template":"","format":"standard","meta":{"saved_in_kubio":false,"footnotes":""},"categories":[1],"tags":[],"class_list":["post-8720","post","type-post","status-publish","format-standard","hentry","category-allgemein"],"yoast_head":"<!-- This site is optimized with the Yoast SEO plugin v27.5 - https:\/\/yoast.com\/product\/yoast-seo-wordpress\/ -->\n<title>Weltfl\u00fcchtlingstag 2021 \u2013 Niedersachsens Sozialministerin ruft zu Solidarit\u00e4t und Hilfsbereitschaft auf - Radio Leinewelle<\/title>\n<meta name=\"robots\" content=\"index, follow, max-snippet:-1, max-image-preview:large, max-video-preview:-1\" \/>\n<link rel=\"canonical\" href=\"https:\/\/radioleinewelle.de\/index.php\/2021\/06\/20\/weltfluechtlingstag-2021-niedersachsens-sozialministerin-ruft-zu-solidaritaet-und-hilfsbereitschaft-auf\/\" \/>\n<meta property=\"og:locale\" content=\"de_DE\" \/>\n<meta property=\"og:type\" content=\"article\" \/>\n<meta property=\"og:title\" content=\"Weltfl\u00fcchtlingstag 2021 \u2013 Niedersachsens Sozialministerin ruft zu Solidarit\u00e4t und Hilfsbereitschaft auf - Radio Leinewelle\" \/>\n<meta property=\"og:description\" content=\"Die Vereinten Nationen haben den 20. Juni zum Weltfl\u00fcchtlingstag erkl\u00e4rt. In diesem Jahr findet er zum 20. Mal statt. Ein Anlass, so die Nieders\u00e4chsische Sozial- und Integrationsministerin Daniela Behrens, um die Situation der fl\u00fcchtenden Menschen in den Blick zu nehmen, die weltweit ihre Heimat, ihre Familien und ihre vertraute Umgebung verlassen mussten und unter gro\u00dfen [&hellip;]\" \/>\n<meta property=\"og:url\" content=\"https:\/\/radioleinewelle.de\/index.php\/2021\/06\/20\/weltfluechtlingstag-2021-niedersachsens-sozialministerin-ruft-zu-solidaritaet-und-hilfsbereitschaft-auf\/\" \/>\n<meta property=\"og:site_name\" content=\"Radio Leinewelle\" \/>\n<meta property=\"article:publisher\" content=\"https:\/\/www.facebook.com\/radioleinewelle\" \/>\n<meta property=\"article:author\" content=\"https:\/\/www.facebook.com\/radioleinewelle\" \/>\n<meta property=\"article:published_time\" content=\"2021-06-20T03:26:00+00:00\" \/>\n<meta name=\"author\" content=\"Leinewelle\" \/>\n<meta name=\"twitter:card\" content=\"summary_large_image\" \/>\n<meta name=\"twitter:creator\" content=\"@https:\/\/twitter.com\/RLeinewelle?ref_src=twsrcgoogletwcampserptwgrauthor\" \/>\n<meta name=\"twitter:site\" content=\"@RLeinewelle\" \/>\n<meta name=\"twitter:label1\" content=\"Verfasst von\" \/>\n\t<meta name=\"twitter:data1\" content=\"Leinewelle\" \/>\n\t<meta name=\"twitter:label2\" content=\"Gesch\u00e4tzte Lesezeit\" \/>\n\t<meta name=\"twitter:data2\" content=\"3\u00a0Minuten\" \/>\n<script type=\"application\/ld+json\" class=\"yoast-schema-graph\">{\"@context\":\"https:\\\/\\\/schema.org\",\"@graph\":[{\"@type\":\"Article\",\"@id\":\"https:\\\/\\\/radioleinewelle.de\\\/index.php\\\/2021\\\/06\\\/20\\\/weltfluechtlingstag-2021-niedersachsens-sozialministerin-ruft-zu-solidaritaet-und-hilfsbereitschaft-auf\\\/#article\",\"isPartOf\":{\"@id\":\"https:\\\/\\\/radioleinewelle.de\\\/index.php\\\/2021\\\/06\\\/20\\\/weltfluechtlingstag-2021-niedersachsens-sozialministerin-ruft-zu-solidaritaet-und-hilfsbereitschaft-auf\\\/\"},\"author\":{\"name\":\"Leinewelle\",\"@id\":\"https:\\\/\\\/radioleinewelle.de\\\/#\\\/schema\\\/person\\\/45606f348637df637192dc1b68399a63\"},\"headline\":\"Weltfl\u00fcchtlingstag 2021 \u2013 Niedersachsens Sozialministerin ruft zu Solidarit\u00e4t und Hilfsbereitschaft auf\",\"datePublished\":\"2021-06-20T03:26:00+00:00\",\"mainEntityOfPage\":{\"@id\":\"https:\\\/\\\/radioleinewelle.de\\\/index.php\\\/2021\\\/06\\\/20\\\/weltfluechtlingstag-2021-niedersachsens-sozialministerin-ruft-zu-solidaritaet-und-hilfsbereitschaft-auf\\\/\"},\"wordCount\":559,\"publisher\":{\"@id\":\"https:\\\/\\\/radioleinewelle.de\\\/#organization\"},\"inLanguage\":\"de\"},{\"@type\":\"WebPage\",\"@id\":\"https:\\\/\\\/radioleinewelle.de\\\/index.php\\\/2021\\\/06\\\/20\\\/weltfluechtlingstag-2021-niedersachsens-sozialministerin-ruft-zu-solidaritaet-und-hilfsbereitschaft-auf\\\/\",\"url\":\"https:\\\/\\\/radioleinewelle.de\\\/index.php\\\/2021\\\/06\\\/20\\\/weltfluechtlingstag-2021-niedersachsens-sozialministerin-ruft-zu-solidaritaet-und-hilfsbereitschaft-auf\\\/\",\"name\":\"Weltfl\u00fcchtlingstag 2021 \u2013 Niedersachsens Sozialministerin ruft zu Solidarit\u00e4t und Hilfsbereitschaft auf - Radio Leinewelle\",\"isPartOf\":{\"@id\":\"https:\\\/\\\/radioleinewelle.de\\\/#website\"},\"datePublished\":\"2021-06-20T03:26:00+00:00\",\"breadcrumb\":{\"@id\":\"https:\\\/\\\/radioleinewelle.de\\\/index.php\\\/2021\\\/06\\\/20\\\/weltfluechtlingstag-2021-niedersachsens-sozialministerin-ruft-zu-solidaritaet-und-hilfsbereitschaft-auf\\\/#breadcrumb\"},\"inLanguage\":\"de\",\"potentialAction\":[{\"@type\":\"ReadAction\",\"target\":[\"https:\\\/\\\/radioleinewelle.de\\\/index.php\\\/2021\\\/06\\\/20\\\/weltfluechtlingstag-2021-niedersachsens-sozialministerin-ruft-zu-solidaritaet-und-hilfsbereitschaft-auf\\\/\"]}]},{\"@type\":\"BreadcrumbList\",\"@id\":\"https:\\\/\\\/radioleinewelle.de\\\/index.php\\\/2021\\\/06\\\/20\\\/weltfluechtlingstag-2021-niedersachsens-sozialministerin-ruft-zu-solidaritaet-und-hilfsbereitschaft-auf\\\/#breadcrumb\",\"itemListElement\":[{\"@type\":\"ListItem\",\"position\":1,\"name\":\"Startseite\",\"item\":\"https:\\\/\\\/radioleinewelle.de\\\/\"},{\"@type\":\"ListItem\",\"position\":2,\"name\":\"Weltfl\u00fcchtlingstag 2021 \u2013 Niedersachsens Sozialministerin ruft zu Solidarit\u00e4t und Hilfsbereitschaft auf\"}]},{\"@type\":\"WebSite\",\"@id\":\"https:\\\/\\\/radioleinewelle.de\\\/#website\",\"url\":\"https:\\\/\\\/radioleinewelle.de\\\/\",\"name\":\"Radio Leinewelle\",\"description\":\"\",\"publisher\":{\"@id\":\"https:\\\/\\\/radioleinewelle.de\\\/#organization\"},\"potentialAction\":[{\"@type\":\"SearchAction\",\"target\":{\"@type\":\"EntryPoint\",\"urlTemplate\":\"https:\\\/\\\/radioleinewelle.de\\\/?s={search_term_string}\"},\"query-input\":{\"@type\":\"PropertyValueSpecification\",\"valueRequired\":true,\"valueName\":\"search_term_string\"}}],\"inLanguage\":\"de\"},{\"@type\":\"Organization\",\"@id\":\"https:\\\/\\\/radioleinewelle.de\\\/#organization\",\"name\":\"Radio Leinewelle\",\"alternateName\":\"Mein Radio f\u00fcr S\u00fcdniedersachsen\",\"url\":\"https:\\\/\\\/radioleinewelle.de\\\/\",\"logo\":{\"@type\":\"ImageObject\",\"inLanguage\":\"de\",\"@id\":\"https:\\\/\\\/radioleinewelle.de\\\/#\\\/schema\\\/logo\\\/image\\\/\",\"url\":\"https:\\\/\\\/radioleinewelle.de\\\/wp-content\\\/uploads\\\/2023\\\/11\\\/cropped-Leinewelle_Logo_weiss.png\",\"contentUrl\":\"https:\\\/\\\/radioleinewelle.de\\\/wp-content\\\/uploads\\\/2023\\\/11\\\/cropped-Leinewelle_Logo_weiss.png\",\"width\":854,\"height\":260,\"caption\":\"Radio Leinewelle\"},\"image\":{\"@id\":\"https:\\\/\\\/radioleinewelle.de\\\/#\\\/schema\\\/logo\\\/image\\\/\"},\"sameAs\":[\"https:\\\/\\\/www.facebook.com\\\/radioleinewelle\",\"https:\\\/\\\/x.com\\\/RLeinewelle\",\"https:\\\/\\\/www.instagram.com\\\/radioleinewelle\\\/?hl=de\"]},{\"@type\":\"Person\",\"@id\":\"https:\\\/\\\/radioleinewelle.de\\\/#\\\/schema\\\/person\\\/45606f348637df637192dc1b68399a63\",\"name\":\"Leinewelle\",\"image\":{\"@type\":\"ImageObject\",\"inLanguage\":\"de\",\"@id\":\"https:\\\/\\\/secure.gravatar.com\\\/avatar\\\/05c9a17bc973052ee5d91549bd32fb4dd0dc85b7b85ae94b2e2b4943476bbea5?s=96&d=blank&r=g\",\"url\":\"https:\\\/\\\/secure.gravatar.com\\\/avatar\\\/05c9a17bc973052ee5d91549bd32fb4dd0dc85b7b85ae94b2e2b4943476bbea5?s=96&d=blank&r=g\",\"contentUrl\":\"https:\\\/\\\/secure.gravatar.com\\\/avatar\\\/05c9a17bc973052ee5d91549bd32fb4dd0dc85b7b85ae94b2e2b4943476bbea5?s=96&d=blank&r=g\",\"caption\":\"Leinewelle\"},\"sameAs\":[\"http:\\\/\\\/localhost\\\/radio%20leinewelle\\\/wordpress\",\"https:\\\/\\\/www.facebook.com\\\/radioleinewelle\",\"https:\\\/\\\/www.instagram.com\\\/radioleinewelle\",\"https:\\\/\\\/x.com\\\/https:\\\/\\\/twitter.com\\\/RLeinewelle?ref_src=twsrcgoogletwcampserptwgrauthor\",\"https:\\\/\\\/soundcloud.com\\\/foerderverein-lokalradio?utm_source=clipboard&utm_medium=text&utm_campaign=social_sharing\"],\"url\":\"https:\\\/\\\/radioleinewelle.de\\\/index.php\\\/author\\\/leinewelle\\\/\"}]}<\/script>\n<!-- \/ Yoast SEO plugin. -->","yoast_head_json":{"title":"Weltfl\u00fcchtlingstag 2021 \u2013 Niedersachsens Sozialministerin ruft zu Solidarit\u00e4t und Hilfsbereitschaft auf - Radio Leinewelle","robots":{"index":"index","follow":"follow","max-snippet":"max-snippet:-1","max-image-preview":"max-image-preview:large","max-video-preview":"max-video-preview:-1"},"canonical":"https:\/\/radioleinewelle.de\/index.php\/2021\/06\/20\/weltfluechtlingstag-2021-niedersachsens-sozialministerin-ruft-zu-solidaritaet-und-hilfsbereitschaft-auf\/","og_locale":"de_DE","og_type":"article","og_title":"Weltfl\u00fcchtlingstag 2021 \u2013 Niedersachsens Sozialministerin ruft zu Solidarit\u00e4t und Hilfsbereitschaft auf - Radio Leinewelle","og_description":"Die Vereinten Nationen haben den 20. Juni zum Weltfl\u00fcchtlingstag erkl\u00e4rt. In diesem Jahr findet er zum 20. Mal statt. Ein Anlass, so die Nieders\u00e4chsische Sozial- und Integrationsministerin Daniela Behrens, um die Situation der fl\u00fcchtenden Menschen in den Blick zu nehmen, die weltweit ihre Heimat, ihre Familien und ihre vertraute Umgebung verlassen mussten und unter gro\u00dfen [&hellip;]","og_url":"https:\/\/radioleinewelle.de\/index.php\/2021\/06\/20\/weltfluechtlingstag-2021-niedersachsens-sozialministerin-ruft-zu-solidaritaet-und-hilfsbereitschaft-auf\/","og_site_name":"Radio Leinewelle","article_publisher":"https:\/\/www.facebook.com\/radioleinewelle","article_author":"https:\/\/www.facebook.com\/radioleinewelle","article_published_time":"2021-06-20T03:26:00+00:00","author":"Leinewelle","twitter_card":"summary_large_image","twitter_creator":"@https:\/\/twitter.com\/RLeinewelle?ref_src=twsrcgoogletwcampserptwgrauthor","twitter_site":"@RLeinewelle","twitter_misc":{"Verfasst von":"Leinewelle","Gesch\u00e4tzte Lesezeit":"3\u00a0Minuten"},"schema":{"@context":"https:\/\/schema.org","@graph":[{"@type":"Article","@id":"https:\/\/radioleinewelle.de\/index.php\/2021\/06\/20\/weltfluechtlingstag-2021-niedersachsens-sozialministerin-ruft-zu-solidaritaet-und-hilfsbereitschaft-auf\/#article","isPartOf":{"@id":"https:\/\/radioleinewelle.de\/index.php\/2021\/06\/20\/weltfluechtlingstag-2021-niedersachsens-sozialministerin-ruft-zu-solidaritaet-und-hilfsbereitschaft-auf\/"},"author":{"name":"Leinewelle","@id":"https:\/\/radioleinewelle.de\/#\/schema\/person\/45606f348637df637192dc1b68399a63"},"headline":"Weltfl\u00fcchtlingstag 2021 \u2013 Niedersachsens Sozialministerin ruft zu Solidarit\u00e4t und Hilfsbereitschaft auf","datePublished":"2021-06-20T03:26:00+00:00","mainEntityOfPage":{"@id":"https:\/\/radioleinewelle.de\/index.php\/2021\/06\/20\/weltfluechtlingstag-2021-niedersachsens-sozialministerin-ruft-zu-solidaritaet-und-hilfsbereitschaft-auf\/"},"wordCount":559,"publisher":{"@id":"https:\/\/radioleinewelle.de\/#organization"},"inLanguage":"de"},{"@type":"WebPage","@id":"https:\/\/radioleinewelle.de\/index.php\/2021\/06\/20\/weltfluechtlingstag-2021-niedersachsens-sozialministerin-ruft-zu-solidaritaet-und-hilfsbereitschaft-auf\/","url":"https:\/\/radioleinewelle.de\/index.php\/2021\/06\/20\/weltfluechtlingstag-2021-niedersachsens-sozialministerin-ruft-zu-solidaritaet-und-hilfsbereitschaft-auf\/","name":"Weltfl\u00fcchtlingstag 2021 \u2013 Niedersachsens Sozialministerin ruft zu Solidarit\u00e4t und Hilfsbereitschaft auf - Radio Leinewelle","isPartOf":{"@id":"https:\/\/radioleinewelle.de\/#website"},"datePublished":"2021-06-20T03:26:00+00:00","breadcrumb":{"@id":"https:\/\/radioleinewelle.de\/index.php\/2021\/06\/20\/weltfluechtlingstag-2021-niedersachsens-sozialministerin-ruft-zu-solidaritaet-und-hilfsbereitschaft-auf\/#breadcrumb"},"inLanguage":"de","potentialAction":[{"@type":"ReadAction","target":["https:\/\/radioleinewelle.de\/index.php\/2021\/06\/20\/weltfluechtlingstag-2021-niedersachsens-sozialministerin-ruft-zu-solidaritaet-und-hilfsbereitschaft-auf\/"]}]},{"@type":"BreadcrumbList","@id":"https:\/\/radioleinewelle.de\/index.php\/2021\/06\/20\/weltfluechtlingstag-2021-niedersachsens-sozialministerin-ruft-zu-solidaritaet-und-hilfsbereitschaft-auf\/#breadcrumb","itemListElement":[{"@type":"ListItem","position":1,"name":"Startseite","item":"https:\/\/radioleinewelle.de\/"},{"@type":"ListItem","position":2,"name":"Weltfl\u00fcchtlingstag 2021 \u2013 Niedersachsens Sozialministerin ruft zu Solidarit\u00e4t und Hilfsbereitschaft auf"}]},{"@type":"WebSite","@id":"https:\/\/radioleinewelle.de\/#website","url":"https:\/\/radioleinewelle.de\/","name":"Radio Leinewelle","description":"","publisher":{"@id":"https:\/\/radioleinewelle.de\/#organization"},"potentialAction":[{"@type":"SearchAction","target":{"@type":"EntryPoint","urlTemplate":"https:\/\/radioleinewelle.de\/?s={search_term_string}"},"query-input":{"@type":"PropertyValueSpecification","valueRequired":true,"valueName":"search_term_string"}}],"inLanguage":"de"},{"@type":"Organization","@id":"https:\/\/radioleinewelle.de\/#organization","name":"Radio Leinewelle","alternateName":"Mein Radio f\u00fcr S\u00fcdniedersachsen","url":"https:\/\/radioleinewelle.de\/","logo":{"@type":"ImageObject","inLanguage":"de","@id":"https:\/\/radioleinewelle.de\/#\/schema\/logo\/image\/","url":"https:\/\/radioleinewelle.de\/wp-content\/uploads\/2023\/11\/cropped-Leinewelle_Logo_weiss.png","contentUrl":"https:\/\/radioleinewelle.de\/wp-content\/uploads\/2023\/11\/cropped-Leinewelle_Logo_weiss.png","width":854,"height":260,"caption":"Radio Leinewelle"},"image":{"@id":"https:\/\/radioleinewelle.de\/#\/schema\/logo\/image\/"},"sameAs":["https:\/\/www.facebook.com\/radioleinewelle","https:\/\/x.com\/RLeinewelle","https:\/\/www.instagram.com\/radioleinewelle\/?hl=de"]},{"@type":"Person","@id":"https:\/\/radioleinewelle.de\/#\/schema\/person\/45606f348637df637192dc1b68399a63","name":"Leinewelle","image":{"@type":"ImageObject","inLanguage":"de","@id":"https:\/\/secure.gravatar.com\/avatar\/05c9a17bc973052ee5d91549bd32fb4dd0dc85b7b85ae94b2e2b4943476bbea5?s=96&d=blank&r=g","url":"https:\/\/secure.gravatar.com\/avatar\/05c9a17bc973052ee5d91549bd32fb4dd0dc85b7b85ae94b2e2b4943476bbea5?s=96&d=blank&r=g","contentUrl":"https:\/\/secure.gravatar.com\/avatar\/05c9a17bc973052ee5d91549bd32fb4dd0dc85b7b85ae94b2e2b4943476bbea5?s=96&d=blank&r=g","caption":"Leinewelle"},"sameAs":["http:\/\/localhost\/radio%20leinewelle\/wordpress","https:\/\/www.facebook.com\/radioleinewelle","https:\/\/www.instagram.com\/radioleinewelle","https:\/\/x.com\/https:\/\/twitter.com\/RLeinewelle?ref_src=twsrcgoogletwcampserptwgrauthor","https:\/\/soundcloud.com\/foerderverein-lokalradio?utm_source=clipboard&utm_medium=text&utm_campaign=social_sharing"],"url":"https:\/\/radioleinewelle.de\/index.php\/author\/leinewelle\/"}]}},"_links":{"self":[{"href":"https:\/\/radioleinewelle.de\/index.php\/wp-json\/wp\/v2\/posts\/8720","targetHints":{"allow":["GET"]}}],"collection":[{"href":"https:\/\/radioleinewelle.de\/index.php\/wp-json\/wp\/v2\/posts"}],"about":[{"href":"https:\/\/radioleinewelle.de\/index.php\/wp-json\/wp\/v2\/types\/post"}],"author":[{"embeddable":true,"href":"https:\/\/radioleinewelle.de\/index.php\/wp-json\/wp\/v2\/users\/1"}],"replies":[{"embeddable":true,"href":"https:\/\/radioleinewelle.de\/index.php\/wp-json\/wp\/v2\/comments?post=8720"}],"version-history":[{"count":0,"href":"https:\/\/radioleinewelle.de\/index.php\/wp-json\/wp\/v2\/posts\/8720\/revisions"}],"wp:attachment":[{"href":"https:\/\/radioleinewelle.de\/index.php\/wp-json\/wp\/v2\/media?parent=8720"}],"wp:term":[{"taxonomy":"category","embeddable":true,"href":"https:\/\/radioleinewelle.de\/index.php\/wp-json\/wp\/v2\/categories?post=8720"},{"taxonomy":"post_tag","embeddable":true,"href":"https:\/\/radioleinewelle.de\/index.php\/wp-json\/wp\/v2\/tags?post=8720"}],"curies":[{"name":"wp","href":"https:\/\/api.w.org\/{rel}","templated":true}]}}