{"id":8722,"date":"2021-06-19T14:42:15","date_gmt":"2021-06-19T12:42:15","guid":{"rendered":"https:\/\/radioleinewelle.de\/?p=8722"},"modified":"2021-06-19T14:42:15","modified_gmt":"2021-06-19T12:42:15","slug":"ford-transit-in-bremke-im-vorbeifahren-erheblich-beschaedigt-zeugen-fuer-unfallflucht-gesucht","status":"publish","type":"post","link":"https:\/\/radioleinewelle.de\/index.php\/2021\/06\/19\/ford-transit-in-bremke-im-vorbeifahren-erheblich-beschaedigt-zeugen-fuer-unfallflucht-gesucht\/","title":{"rendered":"Ford Transit in Bremke im Vorbeifahren erheblich besch\u00e4digt &#8211; Zeugen f\u00fcr Unfallflucht gesucht"},"content":{"rendered":"\n<p>BREMKE (jk) &#8211; Auf der Heiligenst\u00e4dter Stra\u00dfe in Bremke (Landkreis G\u00f6ttingen) ist am Dienstagnachmittag (15.06.21) gegen 14.05 Uhr die komplette Fahrerseite eines am Fahrbahnrand geparkten grauen Ford Transit erheblich besch\u00e4digt worden. Der entstandene Schaden bel\u00e4uft sich nach ersten Sch\u00e4tzungen auf etwa 7.500 Euro. Nach ersten Ermittlungen wurden die Sch\u00e4den vermutlich von einem vorbeifahrenden Traktor mit angeh\u00e4ngtem Schwader verursacht. Die Ermittlungen dazu dauern an. Unfallzeugen werden gebeten, sich unter Telefon 05504\/937900 bei der Polizeistation Friedland zu melden.<\/p>\n","protected":false},"excerpt":{"rendered":"<p>BREMKE (jk) &#8211; Auf der Heiligenst\u00e4dter Stra\u00dfe in Bremke (Landkreis G\u00f6ttingen) ist am Dienstagnachmittag (15.06.21) gegen 14.05 Uhr die komplette Fahrerseite eines am Fahrbahnrand geparkten grauen Ford Transit erheblich besch\u00e4digt worden. Der entstandene Schaden bel\u00e4uft sich nach ersten Sch\u00e4tzungen auf etwa 7.500 Euro. Nach ersten Ermittlungen wurden die Sch\u00e4den vermutlich von einem vorbeifahrenden Traktor mit [&hellip;]<\/p>\n","protected":false},"author":1,"featured_media":0,"comment_status":"closed","ping_status":"closed","sticky":false,"template":"","format":"standard","meta":{"saved_in_kubio":false,"footnotes":""},"categories":[24],"tags":[789,349,1243],"class_list":["post-8722","post","type-post","status-publish","format-standard","hentry","category-news","tag-bremke","tag-polizeiinspektion-goettingen","tag-unfallflucht"],"yoast_head":"<!-- This site is optimized with the Yoast SEO plugin v27.5 - https:\/\/yoast.com\/product\/yoast-seo-wordpress\/ -->\n<title>Ford Transit in Bremke im Vorbeifahren erheblich besch\u00e4digt - Zeugen f\u00fcr Unfallflucht gesucht - Radio Leinewelle<\/title>\n<meta name=\"robots\" content=\"index, follow, max-snippet:-1, max-image-preview:large, max-video-preview:-1\" \/>\n<link rel=\"canonical\" href=\"https:\/\/radioleinewelle.de\/index.php\/2021\/06\/19\/ford-transit-in-bremke-im-vorbeifahren-erheblich-beschaedigt-zeugen-fuer-unfallflucht-gesucht\/\" \/>\n<meta property=\"og:locale\" content=\"de_DE\" \/>\n<meta property=\"og:type\" content=\"article\" \/>\n<meta property=\"og:title\" content=\"Ford Transit in Bremke im Vorbeifahren erheblich besch\u00e4digt - Zeugen f\u00fcr Unfallflucht gesucht - Radio Leinewelle\" \/>\n<meta property=\"og:description\" content=\"BREMKE (jk) &#8211; Auf der Heiligenst\u00e4dter Stra\u00dfe in Bremke (Landkreis G\u00f6ttingen) ist am Dienstagnachmittag (15.06.21) gegen 14.05 Uhr die komplette Fahrerseite eines am Fahrbahnrand geparkten grauen Ford Transit erheblich besch\u00e4digt worden. Der entstandene Schaden bel\u00e4uft sich nach ersten Sch\u00e4tzungen auf etwa 7.500 Euro. Nach ersten Ermittlungen wurden die Sch\u00e4den vermutlich von einem vorbeifahrenden Traktor mit [&hellip;]\" \/>\n<meta property=\"og:url\" content=\"https:\/\/radioleinewelle.de\/index.php\/2021\/06\/19\/ford-transit-in-bremke-im-vorbeifahren-erheblich-beschaedigt-zeugen-fuer-unfallflucht-gesucht\/\" \/>\n<meta property=\"og:site_name\" content=\"Radio Leinewelle\" \/>\n<meta property=\"article:publisher\" content=\"https:\/\/www.facebook.com\/radioleinewelle\" \/>\n<meta property=\"article:author\" content=\"https:\/\/www.facebook.com\/radioleinewelle\" \/>\n<meta property=\"article:published_time\" content=\"2021-06-19T12:42:15+00:00\" \/>\n<meta name=\"author\" content=\"Leinewelle\" \/>\n<meta name=\"twitter:card\" content=\"summary_large_image\" \/>\n<meta name=\"twitter:creator\" content=\"@https:\/\/twitter.com\/RLeinewelle?ref_src=twsrcgoogletwcampserptwgrauthor\" \/>\n<meta name=\"twitter:site\" content=\"@RLeinewelle\" \/>\n<meta name=\"twitter:label1\" content=\"Verfasst von\" \/>\n\t<meta name=\"twitter:data1\" content=\"Leinewelle\" \/>\n\t<meta name=\"twitter:label2\" content=\"Gesch\u00e4tzte Lesezeit\" \/>\n\t<meta name=\"twitter:data2\" content=\"1\u00a0Minute\" \/>\n<script type=\"application\/ld+json\" class=\"yoast-schema-graph\">{\"@context\":\"https:\\\/\\\/schema.org\",\"@graph\":[{\"@type\":\"Article\",\"@id\":\"https:\\\/\\\/radioleinewelle.de\\\/index.php\\\/2021\\\/06\\\/19\\\/ford-transit-in-bremke-im-vorbeifahren-erheblich-beschaedigt-zeugen-fuer-unfallflucht-gesucht\\\/#article\",\"isPartOf\":{\"@id\":\"https:\\\/\\\/radioleinewelle.de\\\/index.php\\\/2021\\\/06\\\/19\\\/ford-transit-in-bremke-im-vorbeifahren-erheblich-beschaedigt-zeugen-fuer-unfallflucht-gesucht\\\/\"},\"author\":{\"name\":\"Leinewelle\",\"@id\":\"https:\\\/\\\/radioleinewelle.de\\\/#\\\/schema\\\/person\\\/45606f348637df637192dc1b68399a63\"},\"headline\":\"Ford Transit in Bremke im Vorbeifahren erheblich besch\u00e4digt &#8211; Zeugen f\u00fcr Unfallflucht gesucht\",\"datePublished\":\"2021-06-19T12:42:15+00:00\",\"mainEntityOfPage\":{\"@id\":\"https:\\\/\\\/radioleinewelle.de\\\/index.php\\\/2021\\\/06\\\/19\\\/ford-transit-in-bremke-im-vorbeifahren-erheblich-beschaedigt-zeugen-fuer-unfallflucht-gesucht\\\/\"},\"wordCount\":95,\"publisher\":{\"@id\":\"https:\\\/\\\/radioleinewelle.de\\\/#organization\"},\"keywords\":[\"Bremke\",\"Polizeiinspektion G\u00f6ttingen\",\"Unfallflucht\"],\"articleSection\":[\"Aktuelle Nachrichten\"],\"inLanguage\":\"de\"},{\"@type\":\"WebPage\",\"@id\":\"https:\\\/\\\/radioleinewelle.de\\\/index.php\\\/2021\\\/06\\\/19\\\/ford-transit-in-bremke-im-vorbeifahren-erheblich-beschaedigt-zeugen-fuer-unfallflucht-gesucht\\\/\",\"url\":\"https:\\\/\\\/radioleinewelle.de\\\/index.php\\\/2021\\\/06\\\/19\\\/ford-transit-in-bremke-im-vorbeifahren-erheblich-beschaedigt-zeugen-fuer-unfallflucht-gesucht\\\/\",\"name\":\"Ford Transit in Bremke im Vorbeifahren erheblich besch\u00e4digt - Zeugen f\u00fcr Unfallflucht gesucht - Radio Leinewelle\",\"isPartOf\":{\"@id\":\"https:\\\/\\\/radioleinewelle.de\\\/#website\"},\"datePublished\":\"2021-06-19T12:42:15+00:00\",\"breadcrumb\":{\"@id\":\"https:\\\/\\\/radioleinewelle.de\\\/index.php\\\/2021\\\/06\\\/19\\\/ford-transit-in-bremke-im-vorbeifahren-erheblich-beschaedigt-zeugen-fuer-unfallflucht-gesucht\\\/#breadcrumb\"},\"inLanguage\":\"de\",\"potentialAction\":[{\"@type\":\"ReadAction\",\"target\":[\"https:\\\/\\\/radioleinewelle.de\\\/index.php\\\/2021\\\/06\\\/19\\\/ford-transit-in-bremke-im-vorbeifahren-erheblich-beschaedigt-zeugen-fuer-unfallflucht-gesucht\\\/\"]}]},{\"@type\":\"BreadcrumbList\",\"@id\":\"https:\\\/\\\/radioleinewelle.de\\\/index.php\\\/2021\\\/06\\\/19\\\/ford-transit-in-bremke-im-vorbeifahren-erheblich-beschaedigt-zeugen-fuer-unfallflucht-gesucht\\\/#breadcrumb\",\"itemListElement\":[{\"@type\":\"ListItem\",\"position\":1,\"name\":\"Startseite\",\"item\":\"https:\\\/\\\/radioleinewelle.de\\\/\"},{\"@type\":\"ListItem\",\"position\":2,\"name\":\"Ford Transit in Bremke im Vorbeifahren erheblich besch\u00e4digt &#8211; Zeugen f\u00fcr Unfallflucht gesucht\"}]},{\"@type\":\"WebSite\",\"@id\":\"https:\\\/\\\/radioleinewelle.de\\\/#website\",\"url\":\"https:\\\/\\\/radioleinewelle.de\\\/\",\"name\":\"Radio Leinewelle\",\"description\":\"\",\"publisher\":{\"@id\":\"https:\\\/\\\/radioleinewelle.de\\\/#organization\"},\"potentialAction\":[{\"@type\":\"SearchAction\",\"target\":{\"@type\":\"EntryPoint\",\"urlTemplate\":\"https:\\\/\\\/radioleinewelle.de\\\/?s={search_term_string}\"},\"query-input\":{\"@type\":\"PropertyValueSpecification\",\"valueRequired\":true,\"valueName\":\"search_term_string\"}}],\"inLanguage\":\"de\"},{\"@type\":\"Organization\",\"@id\":\"https:\\\/\\\/radioleinewelle.de\\\/#organization\",\"name\":\"Radio Leinewelle\",\"alternateName\":\"Mein Radio f\u00fcr S\u00fcdniedersachsen\",\"url\":\"https:\\\/\\\/radioleinewelle.de\\\/\",\"logo\":{\"@type\":\"ImageObject\",\"inLanguage\":\"de\",\"@id\":\"https:\\\/\\\/radioleinewelle.de\\\/#\\\/schema\\\/logo\\\/image\\\/\",\"url\":\"https:\\\/\\\/radioleinewelle.de\\\/wp-content\\\/uploads\\\/2023\\\/11\\\/cropped-Leinewelle_Logo_weiss.png\",\"contentUrl\":\"https:\\\/\\\/radioleinewelle.de\\\/wp-content\\\/uploads\\\/2023\\\/11\\\/cropped-Leinewelle_Logo_weiss.png\",\"width\":854,\"height\":260,\"caption\":\"Radio Leinewelle\"},\"image\":{\"@id\":\"https:\\\/\\\/radioleinewelle.de\\\/#\\\/schema\\\/logo\\\/image\\\/\"},\"sameAs\":[\"https:\\\/\\\/www.facebook.com\\\/radioleinewelle\",\"https:\\\/\\\/x.com\\\/RLeinewelle\",\"https:\\\/\\\/www.instagram.com\\\/radioleinewelle\\\/?hl=de\"]},{\"@type\":\"Person\",\"@id\":\"https:\\\/\\\/radioleinewelle.de\\\/#\\\/schema\\\/person\\\/45606f348637df637192dc1b68399a63\",\"name\":\"Leinewelle\",\"image\":{\"@type\":\"ImageObject\",\"inLanguage\":\"de\",\"@id\":\"https:\\\/\\\/secure.gravatar.com\\\/avatar\\\/05c9a17bc973052ee5d91549bd32fb4dd0dc85b7b85ae94b2e2b4943476bbea5?s=96&d=blank&r=g\",\"url\":\"https:\\\/\\\/secure.gravatar.com\\\/avatar\\\/05c9a17bc973052ee5d91549bd32fb4dd0dc85b7b85ae94b2e2b4943476bbea5?s=96&d=blank&r=g\",\"contentUrl\":\"https:\\\/\\\/secure.gravatar.com\\\/avatar\\\/05c9a17bc973052ee5d91549bd32fb4dd0dc85b7b85ae94b2e2b4943476bbea5?s=96&d=blank&r=g\",\"caption\":\"Leinewelle\"},\"sameAs\":[\"http:\\\/\\\/localhost\\\/radio%20leinewelle\\\/wordpress\",\"https:\\\/\\\/www.facebook.com\\\/radioleinewelle\",\"https:\\\/\\\/www.instagram.com\\\/radioleinewelle\",\"https:\\\/\\\/x.com\\\/https:\\\/\\\/twitter.com\\\/RLeinewelle?ref_src=twsrcgoogletwcampserptwgrauthor\",\"https:\\\/\\\/soundcloud.com\\\/foerderverein-lokalradio?utm_source=clipboard&utm_medium=text&utm_campaign=social_sharing\"],\"url\":\"https:\\\/\\\/radioleinewelle.de\\\/index.php\\\/author\\\/leinewelle\\\/\"}]}<\/script>\n<!-- \/ Yoast SEO plugin. -->","yoast_head_json":{"title":"Ford Transit in Bremke im Vorbeifahren erheblich besch\u00e4digt - Zeugen f\u00fcr Unfallflucht gesucht - Radio Leinewelle","robots":{"index":"index","follow":"follow","max-snippet":"max-snippet:-1","max-image-preview":"max-image-preview:large","max-video-preview":"max-video-preview:-1"},"canonical":"https:\/\/radioleinewelle.de\/index.php\/2021\/06\/19\/ford-transit-in-bremke-im-vorbeifahren-erheblich-beschaedigt-zeugen-fuer-unfallflucht-gesucht\/","og_locale":"de_DE","og_type":"article","og_title":"Ford Transit in Bremke im Vorbeifahren erheblich besch\u00e4digt - Zeugen f\u00fcr Unfallflucht gesucht - Radio Leinewelle","og_description":"BREMKE (jk) &#8211; Auf der Heiligenst\u00e4dter Stra\u00dfe in Bremke (Landkreis G\u00f6ttingen) ist am Dienstagnachmittag (15.06.21) gegen 14.05 Uhr die komplette Fahrerseite eines am Fahrbahnrand geparkten grauen Ford Transit erheblich besch\u00e4digt worden. Der entstandene Schaden bel\u00e4uft sich nach ersten Sch\u00e4tzungen auf etwa 7.500 Euro. Nach ersten Ermittlungen wurden die Sch\u00e4den vermutlich von einem vorbeifahrenden Traktor mit [&hellip;]","og_url":"https:\/\/radioleinewelle.de\/index.php\/2021\/06\/19\/ford-transit-in-bremke-im-vorbeifahren-erheblich-beschaedigt-zeugen-fuer-unfallflucht-gesucht\/","og_site_name":"Radio Leinewelle","article_publisher":"https:\/\/www.facebook.com\/radioleinewelle","article_author":"https:\/\/www.facebook.com\/radioleinewelle","article_published_time":"2021-06-19T12:42:15+00:00","author":"Leinewelle","twitter_card":"summary_large_image","twitter_creator":"@https:\/\/twitter.com\/RLeinewelle?ref_src=twsrcgoogletwcampserptwgrauthor","twitter_site":"@RLeinewelle","twitter_misc":{"Verfasst von":"Leinewelle","Gesch\u00e4tzte Lesezeit":"1\u00a0Minute"},"schema":{"@context":"https:\/\/schema.org","@graph":[{"@type":"Article","@id":"https:\/\/radioleinewelle.de\/index.php\/2021\/06\/19\/ford-transit-in-bremke-im-vorbeifahren-erheblich-beschaedigt-zeugen-fuer-unfallflucht-gesucht\/#article","isPartOf":{"@id":"https:\/\/radioleinewelle.de\/index.php\/2021\/06\/19\/ford-transit-in-bremke-im-vorbeifahren-erheblich-beschaedigt-zeugen-fuer-unfallflucht-gesucht\/"},"author":{"name":"Leinewelle","@id":"https:\/\/radioleinewelle.de\/#\/schema\/person\/45606f348637df637192dc1b68399a63"},"headline":"Ford Transit in Bremke im Vorbeifahren erheblich besch\u00e4digt &#8211; Zeugen f\u00fcr Unfallflucht gesucht","datePublished":"2021-06-19T12:42:15+00:00","mainEntityOfPage":{"@id":"https:\/\/radioleinewelle.de\/index.php\/2021\/06\/19\/ford-transit-in-bremke-im-vorbeifahren-erheblich-beschaedigt-zeugen-fuer-unfallflucht-gesucht\/"},"wordCount":95,"publisher":{"@id":"https:\/\/radioleinewelle.de\/#organization"},"keywords":["Bremke","Polizeiinspektion G\u00f6ttingen","Unfallflucht"],"articleSection":["Aktuelle Nachrichten"],"inLanguage":"de"},{"@type":"WebPage","@id":"https:\/\/radioleinewelle.de\/index.php\/2021\/06\/19\/ford-transit-in-bremke-im-vorbeifahren-erheblich-beschaedigt-zeugen-fuer-unfallflucht-gesucht\/","url":"https:\/\/radioleinewelle.de\/index.php\/2021\/06\/19\/ford-transit-in-bremke-im-vorbeifahren-erheblich-beschaedigt-zeugen-fuer-unfallflucht-gesucht\/","name":"Ford Transit in Bremke im Vorbeifahren erheblich besch\u00e4digt - Zeugen f\u00fcr Unfallflucht gesucht - Radio Leinewelle","isPartOf":{"@id":"https:\/\/radioleinewelle.de\/#website"},"datePublished":"2021-06-19T12:42:15+00:00","breadcrumb":{"@id":"https:\/\/radioleinewelle.de\/index.php\/2021\/06\/19\/ford-transit-in-bremke-im-vorbeifahren-erheblich-beschaedigt-zeugen-fuer-unfallflucht-gesucht\/#breadcrumb"},"inLanguage":"de","potentialAction":[{"@type":"ReadAction","target":["https:\/\/radioleinewelle.de\/index.php\/2021\/06\/19\/ford-transit-in-bremke-im-vorbeifahren-erheblich-beschaedigt-zeugen-fuer-unfallflucht-gesucht\/"]}]},{"@type":"BreadcrumbList","@id":"https:\/\/radioleinewelle.de\/index.php\/2021\/06\/19\/ford-transit-in-bremke-im-vorbeifahren-erheblich-beschaedigt-zeugen-fuer-unfallflucht-gesucht\/#breadcrumb","itemListElement":[{"@type":"ListItem","position":1,"name":"Startseite","item":"https:\/\/radioleinewelle.de\/"},{"@type":"ListItem","position":2,"name":"Ford Transit in Bremke im Vorbeifahren erheblich besch\u00e4digt &#8211; Zeugen f\u00fcr Unfallflucht gesucht"}]},{"@type":"WebSite","@id":"https:\/\/radioleinewelle.de\/#website","url":"https:\/\/radioleinewelle.de\/","name":"Radio Leinewelle","description":"","publisher":{"@id":"https:\/\/radioleinewelle.de\/#organization"},"potentialAction":[{"@type":"SearchAction","target":{"@type":"EntryPoint","urlTemplate":"https:\/\/radioleinewelle.de\/?s={search_term_string}"},"query-input":{"@type":"PropertyValueSpecification","valueRequired":true,"valueName":"search_term_string"}}],"inLanguage":"de"},{"@type":"Organization","@id":"https:\/\/radioleinewelle.de\/#organization","name":"Radio Leinewelle","alternateName":"Mein Radio f\u00fcr S\u00fcdniedersachsen","url":"https:\/\/radioleinewelle.de\/","logo":{"@type":"ImageObject","inLanguage":"de","@id":"https:\/\/radioleinewelle.de\/#\/schema\/logo\/image\/","url":"https:\/\/radioleinewelle.de\/wp-content\/uploads\/2023\/11\/cropped-Leinewelle_Logo_weiss.png","contentUrl":"https:\/\/radioleinewelle.de\/wp-content\/uploads\/2023\/11\/cropped-Leinewelle_Logo_weiss.png","width":854,"height":260,"caption":"Radio Leinewelle"},"image":{"@id":"https:\/\/radioleinewelle.de\/#\/schema\/logo\/image\/"},"sameAs":["https:\/\/www.facebook.com\/radioleinewelle","https:\/\/x.com\/RLeinewelle","https:\/\/www.instagram.com\/radioleinewelle\/?hl=de"]},{"@type":"Person","@id":"https:\/\/radioleinewelle.de\/#\/schema\/person\/45606f348637df637192dc1b68399a63","name":"Leinewelle","image":{"@type":"ImageObject","inLanguage":"de","@id":"https:\/\/secure.gravatar.com\/avatar\/05c9a17bc973052ee5d91549bd32fb4dd0dc85b7b85ae94b2e2b4943476bbea5?s=96&d=blank&r=g","url":"https:\/\/secure.gravatar.com\/avatar\/05c9a17bc973052ee5d91549bd32fb4dd0dc85b7b85ae94b2e2b4943476bbea5?s=96&d=blank&r=g","contentUrl":"https:\/\/secure.gravatar.com\/avatar\/05c9a17bc973052ee5d91549bd32fb4dd0dc85b7b85ae94b2e2b4943476bbea5?s=96&d=blank&r=g","caption":"Leinewelle"},"sameAs":["http:\/\/localhost\/radio%20leinewelle\/wordpress","https:\/\/www.facebook.com\/radioleinewelle","https:\/\/www.instagram.com\/radioleinewelle","https:\/\/x.com\/https:\/\/twitter.com\/RLeinewelle?ref_src=twsrcgoogletwcampserptwgrauthor","https:\/\/soundcloud.com\/foerderverein-lokalradio?utm_source=clipboard&utm_medium=text&utm_campaign=social_sharing"],"url":"https:\/\/radioleinewelle.de\/index.php\/author\/leinewelle\/"}]}},"_links":{"self":[{"href":"https:\/\/radioleinewelle.de\/index.php\/wp-json\/wp\/v2\/posts\/8722","targetHints":{"allow":["GET"]}}],"collection":[{"href":"https:\/\/radioleinewelle.de\/index.php\/wp-json\/wp\/v2\/posts"}],"about":[{"href":"https:\/\/radioleinewelle.de\/index.php\/wp-json\/wp\/v2\/types\/post"}],"author":[{"embeddable":true,"href":"https:\/\/radioleinewelle.de\/index.php\/wp-json\/wp\/v2\/users\/1"}],"replies":[{"embeddable":true,"href":"https:\/\/radioleinewelle.de\/index.php\/wp-json\/wp\/v2\/comments?post=8722"}],"version-history":[{"count":0,"href":"https:\/\/radioleinewelle.de\/index.php\/wp-json\/wp\/v2\/posts\/8722\/revisions"}],"wp:attachment":[{"href":"https:\/\/radioleinewelle.de\/index.php\/wp-json\/wp\/v2\/media?parent=8722"}],"wp:term":[{"taxonomy":"category","embeddable":true,"href":"https:\/\/radioleinewelle.de\/index.php\/wp-json\/wp\/v2\/categories?post=8722"},{"taxonomy":"post_tag","embeddable":true,"href":"https:\/\/radioleinewelle.de\/index.php\/wp-json\/wp\/v2\/tags?post=8722"}],"curies":[{"name":"wp","href":"https:\/\/api.w.org\/{rel}","templated":true}]}}