{"id":8732,"date":"2021-06-20T10:59:16","date_gmt":"2021-06-20T08:59:16","guid":{"rendered":"https:\/\/radioleinewelle.de\/?p=8732"},"modified":"2021-06-20T10:59:16","modified_gmt":"2021-06-20T08:59:16","slug":"weltfluechtlingstag-35-millionen-kinder-auf-der-flucht","status":"publish","type":"post","link":"https:\/\/radioleinewelle.de\/index.php\/2021\/06\/20\/weltfluechtlingstag-35-millionen-kinder-auf-der-flucht\/","title":{"rendered":"Weltfl\u00fcchtlingstag: 35 Millionen Kinder auf der Flucht"},"content":{"rendered":"\n<p>Mitte 2020 waren weltweit 82,4 Millionen Menschen auf der Flucht &#8211; mehr als je zuvor. Rund 35 Millionen davon waren Kinder unter 18 Jahren. Damit betreffen Flucht und Vertreibung Kinder \u00fcberproportional: W\u00e4hrend Kinder nur etwa ein Drittel der Weltbev\u00f6lkerung ausmachen, sind fast die H\u00e4lfte aller Gefl\u00fcchteten unter 18 Jahre alt. Zum Weltfl\u00fcchtlingstag (20. Juni) wollen die SOS-Kinderd\u00f6rfer besonders auf die Situation der gefl\u00fcchteten Kinder aufmerksam machen.&nbsp;<\/p>\n\n\n\n<p>&#8222;Viele von diesen Kindern sind in ihren Rechten extrem eingeschr\u00e4nkt, da sie auf der Flucht keine Schule besuchen k\u00f6nnen oder k\u00f6rperlichen Risiken wie Mangelern\u00e4hrung und Krankheiten ausgesetzt sind&#8220;, sagt Lara Pr\u00f6l\u00df, Expertin f\u00fcr Migration bei den SOS-Kinderd\u00f6rfern. Au\u00dferdem sind gefl\u00fcchtete Kinder verst\u00e4rkt von Kriminalit\u00e4t bedroht. &#8222;F\u00fcr Drogenkartelle und Menschenh\u00e4ndler sind Kinder auf der Flucht eine leichte Beute&#8220;, sagt Pr\u00f6l\u00df. Die Zust\u00e4nde in Fl\u00fcchtlingscamps sind oftmals prek\u00e4r, gerade w\u00e4hrend der Corona-Pandemie zeigten sich wieder einmal dramatische M\u00e4ngel hinsichtlich Hygienevorkehrungen und Wasserversorgung.&nbsp;<\/p>\n\n\n\n<p>\u00dcberall auf der Welt kennen gefl\u00fcchtete Minderj\u00e4hrige kein normales Leben &#8211; auch in den Lagern an den EU-Au\u00dfengrenzen in Italien, Spanien und auf den griechischen Inseln. &#8222;Jeden Tag werden auch auf europ\u00e4ischem Boden die Rechte dieser Kinder verletzt. Das k\u00f6nnen wir nicht hinnehmen.&#8220; Damit gefl\u00fcchtete Kinder in der Europ\u00e4ischen Union wirklich gesch\u00fctzt werden, muss die EU-Asylpolitik angepasst werden: &#8222;Alle Kinder unter 18 Jahren m\u00fcssen unmittelbar nach ihrer Ankunft in der EU in kindgerechten Quartieren unterkommen. Dort muss Kinderschutz garantiert und die notwendige Ausstattung, Betreuung und Unterst\u00fctzung geboten sein&#8220;, sagt Boris Breyer, Pressesprecher der SOS-Kinderd\u00f6rfer.&nbsp;<\/p>\n\n\n\n<p>Die SOS-Kinderd\u00f6rfer unterst\u00fctzen weltweit Kinder und Jugendliche, die sich auf der Flucht befinden. Gewalt, Konflikte und zunehmend auch die Folgen der Klimakrise bedrohen Millionen von Kindern. Solidarit\u00e4t mit Gefl\u00fcchteten ist f\u00fcr die SOS-Kinderd\u00f6rfer als Kinderrechts- und Kinderschutzorganisation oberstes Gebot. Denn: &#8222;Es ist immer wieder wichtig, sich bewusst zu machen: Wir reden hier \u00fcber Menschen. Theoretisch kann jeder von uns zu einem Gefl\u00fcchteten werden&#8220;, sagt Lara Pr\u00f6l\u00df.<\/p>\n\n\n\n<hr class=\"wp-block-separator\"\/>\n\n\n\n<p> Foto: Fl\u00fcchtlingskind am Grenzzaun zu Mexiko. Die SOS-Kinderd\u00f6rfer unterst\u00fctzen weltweit Kinder und Jugendliche, die sich auf der Flucht befinden. Gewalt, Konflikte und zunehmend auch die Folgen der Klimakrise bedrohen Millionen von Kindern. Solidarit\u00e4t mit Gefl\u00fcchteten ist f\u00fcr die SOS-Kinderd\u00f6rfer als Kinderrechts- und Kinderschutzorganisation oberstes Gebot.<br \/>\u00a9 SOS Kinderd\u00f6rfer weltweit \/ Alea Horst<\/p>\n","protected":false},"excerpt":{"rendered":"<p>Mitte 2020 waren weltweit 82,4 Millionen Menschen auf der Flucht &#8211; mehr als je zuvor. Rund 35 Millionen davon waren Kinder unter 18 Jahren. Damit betreffen Flucht und Vertreibung Kinder \u00fcberproportional: W\u00e4hrend Kinder nur etwa ein Drittel der Weltbev\u00f6lkerung ausmachen, sind fast die H\u00e4lfte aller Gefl\u00fcchteten unter 18 Jahre alt. Zum Weltfl\u00fcchtlingstag (20. Juni) wollen [&hellip;]<\/p>\n","protected":false},"author":1,"featured_media":8734,"comment_status":"closed","ping_status":"closed","sticky":false,"template":"","format":"standard","meta":{"saved_in_kubio":false,"footnotes":""},"categories":[43],"tags":[1467,1468,1469,1470],"class_list":["post-8732","post","type-post","status-publish","format-standard","has-post-thumbnail","hentry","category-migration","tag-eu-asylpolitik","tag-flucht-und-vertreibung","tag-lara-proelss","tag-sos-kinderdoerfer"],"yoast_head":"<!-- This site is optimized with the Yoast SEO plugin v27.5 - https:\/\/yoast.com\/product\/yoast-seo-wordpress\/ -->\n<title>Weltfl\u00fcchtlingstag: 35 Millionen Kinder auf der Flucht - Radio Leinewelle<\/title>\n<meta name=\"robots\" content=\"index, follow, max-snippet:-1, max-image-preview:large, max-video-preview:-1\" \/>\n<link rel=\"canonical\" href=\"https:\/\/radioleinewelle.de\/index.php\/2021\/06\/20\/weltfluechtlingstag-35-millionen-kinder-auf-der-flucht\/\" \/>\n<meta property=\"og:locale\" content=\"de_DE\" \/>\n<meta property=\"og:type\" content=\"article\" \/>\n<meta property=\"og:title\" content=\"Weltfl\u00fcchtlingstag: 35 Millionen Kinder auf der Flucht - Radio Leinewelle\" \/>\n<meta property=\"og:description\" content=\"Mitte 2020 waren weltweit 82,4 Millionen Menschen auf der Flucht &#8211; mehr als je zuvor. Rund 35 Millionen davon waren Kinder unter 18 Jahren. Damit betreffen Flucht und Vertreibung Kinder \u00fcberproportional: W\u00e4hrend Kinder nur etwa ein Drittel der Weltbev\u00f6lkerung ausmachen, sind fast die H\u00e4lfte aller Gefl\u00fcchteten unter 18 Jahre alt. Zum Weltfl\u00fcchtlingstag (20. Juni) wollen [&hellip;]\" \/>\n<meta property=\"og:url\" content=\"https:\/\/radioleinewelle.de\/index.php\/2021\/06\/20\/weltfluechtlingstag-35-millionen-kinder-auf-der-flucht\/\" \/>\n<meta property=\"og:site_name\" content=\"Radio Leinewelle\" \/>\n<meta property=\"article:publisher\" content=\"https:\/\/www.facebook.com\/radioleinewelle\" \/>\n<meta property=\"article:author\" content=\"https:\/\/www.facebook.com\/radioleinewelle\" \/>\n<meta property=\"article:published_time\" content=\"2021-06-20T08:59:16+00:00\" \/>\n<meta property=\"og:image\" content=\"https:\/\/radioleinewelle.de\/wp-content\/uploads\/2021\/06\/mexiko_tijuana-grenzzaun_2019-foto-alea-horst_13.jpg\" \/>\n\t<meta property=\"og:image:width\" content=\"1920\" \/>\n\t<meta property=\"og:image:height\" content=\"1280\" \/>\n\t<meta property=\"og:image:type\" content=\"image\/jpeg\" \/>\n<meta name=\"author\" content=\"Leinewelle\" \/>\n<meta name=\"twitter:card\" content=\"summary_large_image\" \/>\n<meta name=\"twitter:creator\" content=\"@https:\/\/twitter.com\/RLeinewelle?ref_src=twsrcgoogletwcampserptwgrauthor\" \/>\n<meta name=\"twitter:site\" content=\"@RLeinewelle\" \/>\n<meta name=\"twitter:label1\" content=\"Verfasst von\" \/>\n\t<meta name=\"twitter:data1\" content=\"Leinewelle\" \/>\n\t<meta name=\"twitter:label2\" content=\"Gesch\u00e4tzte Lesezeit\" \/>\n\t<meta name=\"twitter:data2\" content=\"2\u00a0Minuten\" \/>\n<script type=\"application\/ld+json\" class=\"yoast-schema-graph\">{\"@context\":\"https:\\\/\\\/schema.org\",\"@graph\":[{\"@type\":\"Article\",\"@id\":\"https:\\\/\\\/radioleinewelle.de\\\/index.php\\\/2021\\\/06\\\/20\\\/weltfluechtlingstag-35-millionen-kinder-auf-der-flucht\\\/#article\",\"isPartOf\":{\"@id\":\"https:\\\/\\\/radioleinewelle.de\\\/index.php\\\/2021\\\/06\\\/20\\\/weltfluechtlingstag-35-millionen-kinder-auf-der-flucht\\\/\"},\"author\":{\"name\":\"Leinewelle\",\"@id\":\"https:\\\/\\\/radioleinewelle.de\\\/#\\\/schema\\\/person\\\/45606f348637df637192dc1b68399a63\"},\"headline\":\"Weltfl\u00fcchtlingstag: 35 Millionen Kinder auf der Flucht\",\"datePublished\":\"2021-06-20T08:59:16+00:00\",\"mainEntityOfPage\":{\"@id\":\"https:\\\/\\\/radioleinewelle.de\\\/index.php\\\/2021\\\/06\\\/20\\\/weltfluechtlingstag-35-millionen-kinder-auf-der-flucht\\\/\"},\"wordCount\":412,\"publisher\":{\"@id\":\"https:\\\/\\\/radioleinewelle.de\\\/#organization\"},\"image\":{\"@id\":\"https:\\\/\\\/radioleinewelle.de\\\/index.php\\\/2021\\\/06\\\/20\\\/weltfluechtlingstag-35-millionen-kinder-auf-der-flucht\\\/#primaryimage\"},\"thumbnailUrl\":\"https:\\\/\\\/radioleinewelle.de\\\/wp-content\\\/uploads\\\/2021\\\/06\\\/mexiko_tijuana-grenzzaun_2019-foto-alea-horst_13.jpg\",\"keywords\":[\"EU-Asylpolitik\",\"Flucht und Vertreibung\",\"Lara Pr\u00f6l\u00df\",\"SOS Kinderd\u00f6rfer\"],\"articleSection\":[\"Migration\"],\"inLanguage\":\"de\"},{\"@type\":\"WebPage\",\"@id\":\"https:\\\/\\\/radioleinewelle.de\\\/index.php\\\/2021\\\/06\\\/20\\\/weltfluechtlingstag-35-millionen-kinder-auf-der-flucht\\\/\",\"url\":\"https:\\\/\\\/radioleinewelle.de\\\/index.php\\\/2021\\\/06\\\/20\\\/weltfluechtlingstag-35-millionen-kinder-auf-der-flucht\\\/\",\"name\":\"Weltfl\u00fcchtlingstag: 35 Millionen Kinder auf der Flucht - Radio Leinewelle\",\"isPartOf\":{\"@id\":\"https:\\\/\\\/radioleinewelle.de\\\/#website\"},\"primaryImageOfPage\":{\"@id\":\"https:\\\/\\\/radioleinewelle.de\\\/index.php\\\/2021\\\/06\\\/20\\\/weltfluechtlingstag-35-millionen-kinder-auf-der-flucht\\\/#primaryimage\"},\"image\":{\"@id\":\"https:\\\/\\\/radioleinewelle.de\\\/index.php\\\/2021\\\/06\\\/20\\\/weltfluechtlingstag-35-millionen-kinder-auf-der-flucht\\\/#primaryimage\"},\"thumbnailUrl\":\"https:\\\/\\\/radioleinewelle.de\\\/wp-content\\\/uploads\\\/2021\\\/06\\\/mexiko_tijuana-grenzzaun_2019-foto-alea-horst_13.jpg\",\"datePublished\":\"2021-06-20T08:59:16+00:00\",\"breadcrumb\":{\"@id\":\"https:\\\/\\\/radioleinewelle.de\\\/index.php\\\/2021\\\/06\\\/20\\\/weltfluechtlingstag-35-millionen-kinder-auf-der-flucht\\\/#breadcrumb\"},\"inLanguage\":\"de\",\"potentialAction\":[{\"@type\":\"ReadAction\",\"target\":[\"https:\\\/\\\/radioleinewelle.de\\\/index.php\\\/2021\\\/06\\\/20\\\/weltfluechtlingstag-35-millionen-kinder-auf-der-flucht\\\/\"]}]},{\"@type\":\"ImageObject\",\"inLanguage\":\"de\",\"@id\":\"https:\\\/\\\/radioleinewelle.de\\\/index.php\\\/2021\\\/06\\\/20\\\/weltfluechtlingstag-35-millionen-kinder-auf-der-flucht\\\/#primaryimage\",\"url\":\"https:\\\/\\\/radioleinewelle.de\\\/wp-content\\\/uploads\\\/2021\\\/06\\\/mexiko_tijuana-grenzzaun_2019-foto-alea-horst_13.jpg\",\"contentUrl\":\"https:\\\/\\\/radioleinewelle.de\\\/wp-content\\\/uploads\\\/2021\\\/06\\\/mexiko_tijuana-grenzzaun_2019-foto-alea-horst_13.jpg\",\"width\":1920,\"height\":1280,\"caption\":\"Fl\u00fcchtlingskind am Grenzzaun zu Mexiko. Die SOS-Kinderd\u00f6rfer unterst\u00fctzen weltweit Kinder und Jugendliche, die sich auf der Flucht befinden. Gewalt, Konflikte und zunehmend auch die Folgen der Klimakrise bedrohen Millionen von Kindern. Solidarit\u00e4t mit Gefl\u00fcchteten ist f\u00fcr die SOS-Kinderd\u00f6rfer als Kinderrechts- und Kinderschutzorganisation oberstes Gebot. \\\/ Weiterer Text \u00fcber ots und www.presseportal.de\\\/nr\\\/1658 \\\/ Die Verwendung dieses Bildes ist f\u00fcr redaktionelle Zwecke unter Beachtung ggf. genannter Nutzungsbedingungen honorarfrei. Ver\u00f6ffentlichung bitte mit Bildrechte-Hinweis.\"},{\"@type\":\"BreadcrumbList\",\"@id\":\"https:\\\/\\\/radioleinewelle.de\\\/index.php\\\/2021\\\/06\\\/20\\\/weltfluechtlingstag-35-millionen-kinder-auf-der-flucht\\\/#breadcrumb\",\"itemListElement\":[{\"@type\":\"ListItem\",\"position\":1,\"name\":\"Startseite\",\"item\":\"https:\\\/\\\/radioleinewelle.de\\\/\"},{\"@type\":\"ListItem\",\"position\":2,\"name\":\"Weltfl\u00fcchtlingstag: 35 Millionen Kinder auf der Flucht\"}]},{\"@type\":\"WebSite\",\"@id\":\"https:\\\/\\\/radioleinewelle.de\\\/#website\",\"url\":\"https:\\\/\\\/radioleinewelle.de\\\/\",\"name\":\"Radio Leinewelle\",\"description\":\"\",\"publisher\":{\"@id\":\"https:\\\/\\\/radioleinewelle.de\\\/#organization\"},\"potentialAction\":[{\"@type\":\"SearchAction\",\"target\":{\"@type\":\"EntryPoint\",\"urlTemplate\":\"https:\\\/\\\/radioleinewelle.de\\\/?s={search_term_string}\"},\"query-input\":{\"@type\":\"PropertyValueSpecification\",\"valueRequired\":true,\"valueName\":\"search_term_string\"}}],\"inLanguage\":\"de\"},{\"@type\":\"Organization\",\"@id\":\"https:\\\/\\\/radioleinewelle.de\\\/#organization\",\"name\":\"Radio Leinewelle\",\"alternateName\":\"Mein Radio f\u00fcr S\u00fcdniedersachsen\",\"url\":\"https:\\\/\\\/radioleinewelle.de\\\/\",\"logo\":{\"@type\":\"ImageObject\",\"inLanguage\":\"de\",\"@id\":\"https:\\\/\\\/radioleinewelle.de\\\/#\\\/schema\\\/logo\\\/image\\\/\",\"url\":\"https:\\\/\\\/radioleinewelle.de\\\/wp-content\\\/uploads\\\/2023\\\/11\\\/cropped-Leinewelle_Logo_weiss.png\",\"contentUrl\":\"https:\\\/\\\/radioleinewelle.de\\\/wp-content\\\/uploads\\\/2023\\\/11\\\/cropped-Leinewelle_Logo_weiss.png\",\"width\":854,\"height\":260,\"caption\":\"Radio Leinewelle\"},\"image\":{\"@id\":\"https:\\\/\\\/radioleinewelle.de\\\/#\\\/schema\\\/logo\\\/image\\\/\"},\"sameAs\":[\"https:\\\/\\\/www.facebook.com\\\/radioleinewelle\",\"https:\\\/\\\/x.com\\\/RLeinewelle\",\"https:\\\/\\\/www.instagram.com\\\/radioleinewelle\\\/?hl=de\"]},{\"@type\":\"Person\",\"@id\":\"https:\\\/\\\/radioleinewelle.de\\\/#\\\/schema\\\/person\\\/45606f348637df637192dc1b68399a63\",\"name\":\"Leinewelle\",\"image\":{\"@type\":\"ImageObject\",\"inLanguage\":\"de\",\"@id\":\"https:\\\/\\\/secure.gravatar.com\\\/avatar\\\/05c9a17bc973052ee5d91549bd32fb4dd0dc85b7b85ae94b2e2b4943476bbea5?s=96&d=blank&r=g\",\"url\":\"https:\\\/\\\/secure.gravatar.com\\\/avatar\\\/05c9a17bc973052ee5d91549bd32fb4dd0dc85b7b85ae94b2e2b4943476bbea5?s=96&d=blank&r=g\",\"contentUrl\":\"https:\\\/\\\/secure.gravatar.com\\\/avatar\\\/05c9a17bc973052ee5d91549bd32fb4dd0dc85b7b85ae94b2e2b4943476bbea5?s=96&d=blank&r=g\",\"caption\":\"Leinewelle\"},\"sameAs\":[\"http:\\\/\\\/localhost\\\/radio%20leinewelle\\\/wordpress\",\"https:\\\/\\\/www.facebook.com\\\/radioleinewelle\",\"https:\\\/\\\/www.instagram.com\\\/radioleinewelle\",\"https:\\\/\\\/x.com\\\/https:\\\/\\\/twitter.com\\\/RLeinewelle?ref_src=twsrcgoogletwcampserptwgrauthor\",\"https:\\\/\\\/soundcloud.com\\\/foerderverein-lokalradio?utm_source=clipboard&utm_medium=text&utm_campaign=social_sharing\"],\"url\":\"https:\\\/\\\/radioleinewelle.de\\\/index.php\\\/author\\\/leinewelle\\\/\"}]}<\/script>\n<!-- \/ Yoast SEO plugin. -->","yoast_head_json":{"title":"Weltfl\u00fcchtlingstag: 35 Millionen Kinder auf der Flucht - Radio Leinewelle","robots":{"index":"index","follow":"follow","max-snippet":"max-snippet:-1","max-image-preview":"max-image-preview:large","max-video-preview":"max-video-preview:-1"},"canonical":"https:\/\/radioleinewelle.de\/index.php\/2021\/06\/20\/weltfluechtlingstag-35-millionen-kinder-auf-der-flucht\/","og_locale":"de_DE","og_type":"article","og_title":"Weltfl\u00fcchtlingstag: 35 Millionen Kinder auf der Flucht - Radio Leinewelle","og_description":"Mitte 2020 waren weltweit 82,4 Millionen Menschen auf der Flucht &#8211; mehr als je zuvor. Rund 35 Millionen davon waren Kinder unter 18 Jahren. Damit betreffen Flucht und Vertreibung Kinder \u00fcberproportional: W\u00e4hrend Kinder nur etwa ein Drittel der Weltbev\u00f6lkerung ausmachen, sind fast die H\u00e4lfte aller Gefl\u00fcchteten unter 18 Jahre alt. Zum Weltfl\u00fcchtlingstag (20. Juni) wollen [&hellip;]","og_url":"https:\/\/radioleinewelle.de\/index.php\/2021\/06\/20\/weltfluechtlingstag-35-millionen-kinder-auf-der-flucht\/","og_site_name":"Radio Leinewelle","article_publisher":"https:\/\/www.facebook.com\/radioleinewelle","article_author":"https:\/\/www.facebook.com\/radioleinewelle","article_published_time":"2021-06-20T08:59:16+00:00","og_image":[{"width":1920,"height":1280,"url":"https:\/\/radioleinewelle.de\/wp-content\/uploads\/2021\/06\/mexiko_tijuana-grenzzaun_2019-foto-alea-horst_13.jpg","type":"image\/jpeg"}],"author":"Leinewelle","twitter_card":"summary_large_image","twitter_creator":"@https:\/\/twitter.com\/RLeinewelle?ref_src=twsrcgoogletwcampserptwgrauthor","twitter_site":"@RLeinewelle","twitter_misc":{"Verfasst von":"Leinewelle","Gesch\u00e4tzte Lesezeit":"2\u00a0Minuten"},"schema":{"@context":"https:\/\/schema.org","@graph":[{"@type":"Article","@id":"https:\/\/radioleinewelle.de\/index.php\/2021\/06\/20\/weltfluechtlingstag-35-millionen-kinder-auf-der-flucht\/#article","isPartOf":{"@id":"https:\/\/radioleinewelle.de\/index.php\/2021\/06\/20\/weltfluechtlingstag-35-millionen-kinder-auf-der-flucht\/"},"author":{"name":"Leinewelle","@id":"https:\/\/radioleinewelle.de\/#\/schema\/person\/45606f348637df637192dc1b68399a63"},"headline":"Weltfl\u00fcchtlingstag: 35 Millionen Kinder auf der Flucht","datePublished":"2021-06-20T08:59:16+00:00","mainEntityOfPage":{"@id":"https:\/\/radioleinewelle.de\/index.php\/2021\/06\/20\/weltfluechtlingstag-35-millionen-kinder-auf-der-flucht\/"},"wordCount":412,"publisher":{"@id":"https:\/\/radioleinewelle.de\/#organization"},"image":{"@id":"https:\/\/radioleinewelle.de\/index.php\/2021\/06\/20\/weltfluechtlingstag-35-millionen-kinder-auf-der-flucht\/#primaryimage"},"thumbnailUrl":"https:\/\/radioleinewelle.de\/wp-content\/uploads\/2021\/06\/mexiko_tijuana-grenzzaun_2019-foto-alea-horst_13.jpg","keywords":["EU-Asylpolitik","Flucht und Vertreibung","Lara Pr\u00f6l\u00df","SOS Kinderd\u00f6rfer"],"articleSection":["Migration"],"inLanguage":"de"},{"@type":"WebPage","@id":"https:\/\/radioleinewelle.de\/index.php\/2021\/06\/20\/weltfluechtlingstag-35-millionen-kinder-auf-der-flucht\/","url":"https:\/\/radioleinewelle.de\/index.php\/2021\/06\/20\/weltfluechtlingstag-35-millionen-kinder-auf-der-flucht\/","name":"Weltfl\u00fcchtlingstag: 35 Millionen Kinder auf der Flucht - Radio Leinewelle","isPartOf":{"@id":"https:\/\/radioleinewelle.de\/#website"},"primaryImageOfPage":{"@id":"https:\/\/radioleinewelle.de\/index.php\/2021\/06\/20\/weltfluechtlingstag-35-millionen-kinder-auf-der-flucht\/#primaryimage"},"image":{"@id":"https:\/\/radioleinewelle.de\/index.php\/2021\/06\/20\/weltfluechtlingstag-35-millionen-kinder-auf-der-flucht\/#primaryimage"},"thumbnailUrl":"https:\/\/radioleinewelle.de\/wp-content\/uploads\/2021\/06\/mexiko_tijuana-grenzzaun_2019-foto-alea-horst_13.jpg","datePublished":"2021-06-20T08:59:16+00:00","breadcrumb":{"@id":"https:\/\/radioleinewelle.de\/index.php\/2021\/06\/20\/weltfluechtlingstag-35-millionen-kinder-auf-der-flucht\/#breadcrumb"},"inLanguage":"de","potentialAction":[{"@type":"ReadAction","target":["https:\/\/radioleinewelle.de\/index.php\/2021\/06\/20\/weltfluechtlingstag-35-millionen-kinder-auf-der-flucht\/"]}]},{"@type":"ImageObject","inLanguage":"de","@id":"https:\/\/radioleinewelle.de\/index.php\/2021\/06\/20\/weltfluechtlingstag-35-millionen-kinder-auf-der-flucht\/#primaryimage","url":"https:\/\/radioleinewelle.de\/wp-content\/uploads\/2021\/06\/mexiko_tijuana-grenzzaun_2019-foto-alea-horst_13.jpg","contentUrl":"https:\/\/radioleinewelle.de\/wp-content\/uploads\/2021\/06\/mexiko_tijuana-grenzzaun_2019-foto-alea-horst_13.jpg","width":1920,"height":1280,"caption":"Fl\u00fcchtlingskind am Grenzzaun zu Mexiko. Die SOS-Kinderd\u00f6rfer unterst\u00fctzen weltweit Kinder und Jugendliche, die sich auf der Flucht befinden. Gewalt, Konflikte und zunehmend auch die Folgen der Klimakrise bedrohen Millionen von Kindern. Solidarit\u00e4t mit Gefl\u00fcchteten ist f\u00fcr die SOS-Kinderd\u00f6rfer als Kinderrechts- und Kinderschutzorganisation oberstes Gebot. \/ Weiterer Text \u00fcber ots und www.presseportal.de\/nr\/1658 \/ Die Verwendung dieses Bildes ist f\u00fcr redaktionelle Zwecke unter Beachtung ggf. genannter Nutzungsbedingungen honorarfrei. Ver\u00f6ffentlichung bitte mit Bildrechte-Hinweis."},{"@type":"BreadcrumbList","@id":"https:\/\/radioleinewelle.de\/index.php\/2021\/06\/20\/weltfluechtlingstag-35-millionen-kinder-auf-der-flucht\/#breadcrumb","itemListElement":[{"@type":"ListItem","position":1,"name":"Startseite","item":"https:\/\/radioleinewelle.de\/"},{"@type":"ListItem","position":2,"name":"Weltfl\u00fcchtlingstag: 35 Millionen Kinder auf der Flucht"}]},{"@type":"WebSite","@id":"https:\/\/radioleinewelle.de\/#website","url":"https:\/\/radioleinewelle.de\/","name":"Radio Leinewelle","description":"","publisher":{"@id":"https:\/\/radioleinewelle.de\/#organization"},"potentialAction":[{"@type":"SearchAction","target":{"@type":"EntryPoint","urlTemplate":"https:\/\/radioleinewelle.de\/?s={search_term_string}"},"query-input":{"@type":"PropertyValueSpecification","valueRequired":true,"valueName":"search_term_string"}}],"inLanguage":"de"},{"@type":"Organization","@id":"https:\/\/radioleinewelle.de\/#organization","name":"Radio Leinewelle","alternateName":"Mein Radio f\u00fcr S\u00fcdniedersachsen","url":"https:\/\/radioleinewelle.de\/","logo":{"@type":"ImageObject","inLanguage":"de","@id":"https:\/\/radioleinewelle.de\/#\/schema\/logo\/image\/","url":"https:\/\/radioleinewelle.de\/wp-content\/uploads\/2023\/11\/cropped-Leinewelle_Logo_weiss.png","contentUrl":"https:\/\/radioleinewelle.de\/wp-content\/uploads\/2023\/11\/cropped-Leinewelle_Logo_weiss.png","width":854,"height":260,"caption":"Radio Leinewelle"},"image":{"@id":"https:\/\/radioleinewelle.de\/#\/schema\/logo\/image\/"},"sameAs":["https:\/\/www.facebook.com\/radioleinewelle","https:\/\/x.com\/RLeinewelle","https:\/\/www.instagram.com\/radioleinewelle\/?hl=de"]},{"@type":"Person","@id":"https:\/\/radioleinewelle.de\/#\/schema\/person\/45606f348637df637192dc1b68399a63","name":"Leinewelle","image":{"@type":"ImageObject","inLanguage":"de","@id":"https:\/\/secure.gravatar.com\/avatar\/05c9a17bc973052ee5d91549bd32fb4dd0dc85b7b85ae94b2e2b4943476bbea5?s=96&d=blank&r=g","url":"https:\/\/secure.gravatar.com\/avatar\/05c9a17bc973052ee5d91549bd32fb4dd0dc85b7b85ae94b2e2b4943476bbea5?s=96&d=blank&r=g","contentUrl":"https:\/\/secure.gravatar.com\/avatar\/05c9a17bc973052ee5d91549bd32fb4dd0dc85b7b85ae94b2e2b4943476bbea5?s=96&d=blank&r=g","caption":"Leinewelle"},"sameAs":["http:\/\/localhost\/radio%20leinewelle\/wordpress","https:\/\/www.facebook.com\/radioleinewelle","https:\/\/www.instagram.com\/radioleinewelle","https:\/\/x.com\/https:\/\/twitter.com\/RLeinewelle?ref_src=twsrcgoogletwcampserptwgrauthor","https:\/\/soundcloud.com\/foerderverein-lokalradio?utm_source=clipboard&utm_medium=text&utm_campaign=social_sharing"],"url":"https:\/\/radioleinewelle.de\/index.php\/author\/leinewelle\/"}]}},"_links":{"self":[{"href":"https:\/\/radioleinewelle.de\/index.php\/wp-json\/wp\/v2\/posts\/8732","targetHints":{"allow":["GET"]}}],"collection":[{"href":"https:\/\/radioleinewelle.de\/index.php\/wp-json\/wp\/v2\/posts"}],"about":[{"href":"https:\/\/radioleinewelle.de\/index.php\/wp-json\/wp\/v2\/types\/post"}],"author":[{"embeddable":true,"href":"https:\/\/radioleinewelle.de\/index.php\/wp-json\/wp\/v2\/users\/1"}],"replies":[{"embeddable":true,"href":"https:\/\/radioleinewelle.de\/index.php\/wp-json\/wp\/v2\/comments?post=8732"}],"version-history":[{"count":0,"href":"https:\/\/radioleinewelle.de\/index.php\/wp-json\/wp\/v2\/posts\/8732\/revisions"}],"wp:featuredmedia":[{"embeddable":true,"href":"https:\/\/radioleinewelle.de\/index.php\/wp-json\/wp\/v2\/media\/8734"}],"wp:attachment":[{"href":"https:\/\/radioleinewelle.de\/index.php\/wp-json\/wp\/v2\/media?parent=8732"}],"wp:term":[{"taxonomy":"category","embeddable":true,"href":"https:\/\/radioleinewelle.de\/index.php\/wp-json\/wp\/v2\/categories?post=8732"},{"taxonomy":"post_tag","embeddable":true,"href":"https:\/\/radioleinewelle.de\/index.php\/wp-json\/wp\/v2\/tags?post=8732"}],"curies":[{"name":"wp","href":"https:\/\/api.w.org\/{rel}","templated":true}]}}