{"id":8736,"date":"2021-06-21T06:50:00","date_gmt":"2021-06-21T04:50:00","guid":{"rendered":"https:\/\/radioleinewelle.de\/?p=8736"},"modified":"2021-06-21T06:50:00","modified_gmt":"2021-06-21T04:50:00","slug":"ergebnisse-der-ratssitzung-goettingen-am-18-juni-2021","status":"publish","type":"post","link":"https:\/\/radioleinewelle.de\/index.php\/2021\/06\/21\/ergebnisse-der-ratssitzung-goettingen-am-18-juni-2021\/","title":{"rendered":"Ergebnisse der Ratssitzung G\u00f6ttingen am 18. Juni 2021"},"content":{"rendered":"\n<p>Der Rat der Stadt G\u00f6ttingen tagte am Freitag, 18. Juni 2021, ab 17.00 Uhr aufgrund der Corona-Pandemie in der Sparkassen-Arena, Sch\u00fctzenanger 1, in G\u00f6ttingen. Damit wurde es erm\u00f6glicht, den notwendigen Abstand zwischen den Sitzungsteilnehmer*innen beziehungsweise den Besucher*innen einzuhalten. Die Sitzung wurde au\u00dferdem als Live-Stream gezeigt.<\/p>\n\n\n\n<h4 class=\"wp-block-heading\">Diese politischen Antr\u00e4ge wurden diskutiert:&nbsp;<\/h4>\n\n\n\n<p><strong><span style=\"color:#046e0e\" class=\"has-inline-color\">Gemeinsamer Antrag aller Ratsfraktionen und -gruppen sowie des Ratsherrn Dr. Francisco Welter-Schultes zur Senkung der Kreisumlage<\/span><\/strong><\/p>\n\n\n\n<p>Der Rat hat einstimmig beschlossen, dass die Stadt G\u00f6ttingen den Landrat und den Kreistag des Landkreises G\u00f6ttingen auffordert, den Hebesatz der Kreisumlage f\u00fcr die k\u00fcnftigen Haushaltsjahre dauerhaft von 50 auf 48 Punkte zu senken. Zugleich wird der Oberb\u00fcrgermeister beauftragt, den Landrat und die Fraktionen des Kreistages schriftlich \u00fcber die beschlossene Resolution zu informieren und sie aufzufordern, f\u00fcr eine Senkung der Kreisumlage einzutreten.<\/p>\n\n\n\n<p><strong><span style=\"color:#046e0e\" class=\"has-inline-color\">Gemeinsamer Antrag der B\u00fcndnis90\/Die Gr\u00fcnen-, CDU- und FDP-Ratfraktionen, der G\u00f6Linke\/ALG- und PARTEI-Ratsgruppen und des Ratsherrn Dr. Francisco Welter-Schultes zur Verschiebung der Wahl der Delegiertenversammlung des Beirats f\u00fcr Menschen mit Behinderungen<\/span><\/strong><\/p>\n\n\n\n<p>Der Antrag wurde zur\u00fcckgezogen<\/p>\n\n\n\n<p><strong><span style=\"color:#046e0e\" class=\"has-inline-color\">Gemeinsamer Antrag der B\u00fcndnis90\/Die Gr\u00fcnen- und CDU-Ratsfraktionen, der G\u00f6Linke\/ALGRatsgruppe und des Ratsherrn Dr. Francisco Welter-Schultes &#8222;Ein Ortsrat f\u00fcr den Holtenser Berg\u201c sowie gemeinsamer Antrag der SPD-Ratsfraktion, der PARTEI-Ratsgruppe und des Ratsherrn Dr. Francisco Welter-Schultes &#8222;Ortsr\u00e4te f\u00fcr das gesamte G\u00f6ttinger Stadtgebiet&#8220;<\/span><\/strong><\/p>\n\n\n\n<p>Auf Basis der Antr\u00e4ge zur Errichtung eines Ortsrats f\u00fcr den Holtenser Berg bzw. von Ortsr\u00e4ten f\u00fcr das gesamte Stadtgebiet hat der Rat mehrheitlich beschlossen, die Antr\u00e4ge zur Pr\u00fcfung an den Ausschuss f\u00fcr Allgemeine Angelegenheiten zu \u00fcberweisen.<\/p>\n\n\n\n<p><strong><span style=\"color:#046e0e\" class=\"has-inline-color\">Gemeinsamer Antrag der CDU- und B\u00fcndnis90\/Die Gr\u00fcnen-Ratsfraktionen und des Ratsherrn Dr. Francisco Welter-Schultes &#8222;Entwicklungskonzept f\u00fcr das Gel\u00e4nde der musa und des HW2&#8220;<\/span><\/strong><\/p>\n\n\n\n<p>Mit dem Antrag soll erreicht werden, dass die Stadt f\u00fcr das Gel\u00e4nde der musa und des HW2 kurzfristig ein Entwicklungskonzept mit den Akteur*innen vor Ort erarbeitet. Darin soll unter Ber\u00fccksichtigung der Themenfelder Kultur- und Kreativwirtschaft und Social Impact sowie Freiraum f\u00fcr Beteiligungsprozesse f\u00fcr und mit der Weststadt gepr\u00fcft werden, was wann und wo im Geb\u00e4udekomplex und auf dem Gel\u00e4nde realisiert werden kann. Hierf\u00fcr soll auch mit der Bundesanstalt f\u00fcr Immobilienaufgaben (BIMA) Kontakt aufgenommen werden, um die restlichen Fl\u00e4chen dieses Gel\u00e4nde f\u00fcr die Stadt G\u00f6ttingen zu erwerben. Dieser Masterplan soll im Ausschuss f\u00fcr Kultur und Wissenschaft vorgestellt werden.<\/p>\n\n\n\n<p>Der Antrag wurde einstimmig an den Kulturausschuss \u00fcberwiesen.<\/p>\n\n\n\n<p><strong><span style=\"color:#046e0e\" class=\"has-inline-color\">Antrag der SPD-Ratsfraktion &#8222;Corona-Pandemie &#8211; Solidarit\u00e4t Jugendlicher anerkennen &#8211; freies Schwimmen in den Sommerferien&#8220;<\/span><\/strong><\/p>\n\n\n\n<p>In ihrem Antrag beschreibt die SPD Kinder und Jugendliche als von den Einschr\u00e4nkungen der Corona-Pandemie anders betroffen als die meisten Teile der Bev\u00f6lkerung. Zwar zeigten Infektionen h\u00e4ufig einen milderen Verlauf, Kinder und Jugendliche w\u00fcrden aber durch die Kontaktbeschr\u00e4nkungen vor eine besondere Herausforderung gestellt, die f\u00fcr viele seelische und psychische Auswirkungen haben k\u00f6nne. Kinder und Jugendliche h\u00e4tten im Lockdown zu Hause festgesessen, w\u00e4hrend viele Arbeitnehmer*innen wenigstens beruflich noch soziale Kontakte gehabt h\u00e4tten. Diese Solidarit\u00e4t der Kinder und Jugendlichen sei anzuerkennen.<\/p>\n\n\n\n<p>Die Verwaltung soll daher beauftragt werden, mit der G\u00f6ttinger Sport und Freizeit GmbH Regelungen zu treffen, damit der Besuch der Freib\u00e4der f\u00fcr Kinder und Jugendliche w\u00e4hrend der Sommerferien kostenlos ist. Mit dem Landkreis soll eine interkommunale L\u00f6sung auch f\u00fcr Kinder und Jugendliche aus dem Landkreis gefunden werden.<\/p>\n\n\n\n<p>Der Antrag wurde einstimmig in den Sportausschuss \u00fcberwiesen.<\/p>\n\n\n\n<p><strong><span style=\"color:#046e0e\" class=\"has-inline-color\">Gemeinsamer Antrag der B\u00fcndnis90\/Die Gr\u00fcnen-Ratsfraktion, der PARTEI-Ratsgruppe und des Ratsherrn Dr. Francisco Welter-Schultes &#8222;Nachhaltiger Neubau der UMG&#8220;<\/span><\/strong><\/p>\n\n\n\n<p>In der Ratssitzung kam es nicht zur Abstimmung \u00fcber den eingereichten Antrag, da einem \u00c4nderungsantrag der SPD mehrheitlich zugestimmt wurde.<\/p>\n\n\n\n<p>Nach diesem \u00c4nderungsantrag wird die Landesregierung aufgefordert, die Finanzierung s\u00e4mtlicher geplanter Neubauten und Sanierungen f\u00fcr die Universit\u00e4tsmedizin G\u00f6ttingen \u00fcber den Landeshaushalt sicherzustellen. Die Standards der DGNB sind dabei anzustreben. Der Oberb\u00fcrgermeister wird gebeten, sich f\u00fcr diese Ziele bei der Landesregierung einzusetzen. Diese Bitte wendet sich ebenso an alle Abgeordneten aus Stadt, Landkreis und der Region G\u00f6ttingen.<\/p>\n\n\n\n<p><strong><span style=\"color:#046e0e\" class=\"has-inline-color\">Antrag der CDU-Ratsfraktion &#8222;Die St\u00e4dtische Wohnungsbau GmbH G\u00f6ttingen kauft den Hagenweg 20\/20a&#8220;<\/span><\/strong><\/p>\n\n\n\n<p>Die Stadt soll umgehend eine Gesellschafterversammlung der St\u00e4dtischen Wohnungsbau GmbH G\u00f6ttingen einberufen mit dem Ziel, alle Vorbereitungen f\u00fcr den (Teil-)Erwerb des Hagenwegs 20\/20a zu treffen nebst notwendiger Ver\u00e4nderungen im Wirtschaftsplan der Gesellschaft. Die Vertretung der Stadt G\u00f6ttingen wird beauftragt, diesem Beschluss zuzustimmen. Das ist Kern des Antrags der CDU, der vom Rat mehrheitlich an den Sozialausschuss \u00fcberwiesen.<\/p>\n\n\n\n<p><strong><span style=\"color:#046e0e\" class=\"has-inline-color\">Antrag der B\u00fcndnis90\/Die Gr\u00fcnen-Ratsfraktion &#8222;Eine mobile Kita f\u00fcr die Weststadt&#8220;<\/span><\/strong><\/p>\n\n\n\n<p>Am Standort Hagenweg 20 soll es in Zusammenarbeit mit freien Tr\u00e4gern der Jugendhilfe eine mobile Kita als flexibles Unterst\u00fctzungssystem f\u00fcr Kinder im Alter von 3 bis 10 Jahren in der Weststadt geben. Dieser Antrag wurde einstimmig vom Rat der Stadt in den Jugendhilfeausschuss \u00fcberwiesen.<\/p>\n\n\n\n<p><strong><span style=\"color:#046e0e\" class=\"has-inline-color\">Gemeinsamer Antrag der PARTEI-Ratsgruppe, der FDP-Ratsfraktion und der G\u00f6Linke\/ALG-Ratsgruppe &#8222;Modellprojekt kontrollierte Cannabisabgabe in G\u00f6ttingen&#8220;<\/span><\/strong><\/p>\n\n\n\n<p>Der Antrag wurde mehrheitlich in den Sozialausschuss \u00fcberwiesen. Inhaltlich geht es darum, dass die Stadt G\u00f6ttingen sich daf\u00fcr einsetzen soll, dass ein wissenschaftliches Forschungsprojekt zu einer kontrollierten Abgabe von Cannabis an Personen ab 21 Jahren erm\u00f6glicht wird. Hierbei sollen medizinische und soziale Aspekte einer kontrollierten Abgabe als Alternative zur aktuellen Situation herausgearbeitet werden. Die Stadt G\u00f6ttingen solle hierzu die Bundesregierung und den Bundestag auffordern, die rechtlichen Rahmenbedingungen f\u00fcr die Genehmigung eines wissenschaftlichen Forschungsprojekts zu vereinfachen.<\/p>\n\n\n\n<p><strong><span style=\"color:#046e0e\" class=\"has-inline-color\">Antrag der G\u00f6Linke\/ALG-Ratsgruppe &#8222;Kommunales Wohnraumkonzept \u00e4ndern &#8211; Strengere Regeln f\u00fcr Quote im Bestand&#8220;<\/span><\/strong><\/p>\n\n\n\n<p>Die Verwaltung wird aufgefordert, eine \u00c4nderung in das kommunale Handlungskonzept zur Schaffung und Sicherung von kommunalem Wohnraum einzubringen. Die Quote soll demnach nur auf gesonderten Antrag im Ausnahmefall auf anderen Wohnraum \u00fcbertragen werden k\u00f6nnen. Der Rat ist dann \u00fcber den Antrag des Vorhabentr\u00e4gers in jedem Fall zu informieren und die Entscheidung \u00fcber die Ausnahmeregelung ist vom Rat zu treffen.<\/p>\n\n\n\n<p>Der Antrag wurde einstimmig in den Sozialausschuss \u00fcberwiesen.<\/p>\n\n\n\n<p><strong><span style=\"color:#046e0e\" class=\"has-inline-color\">Antrag der FDP-Ratsfraktion &#8222;Transparenzoffensive starten &#8211; Open-Government-Strategie f\u00fcr die Stadt G\u00f6ttingen&#8220;<\/span><\/strong><\/p>\n\n\n\n<p>Inhaltlich geht es im Antrag darum, die Arbeit von Verwaltung und Politik mit einer Open\u2010Government\u2010Strategie offener, partizipativer und kooperativer zu gestalten. Es soll dazu eine Open\u2010Government\u2010Strategie entwickelt werden. Einstimmig wurde der Antrag an den Ausschuss f\u00fcr allgemeine Angelegenheiten \u00fcberwiesen.<\/p>\n\n\n\n<p><strong><span style=\"color:#046e0e\" class=\"has-inline-color\">Antrag der PARTEI-Ratsgruppe &#8222;Teilnahme G\u00f6ttingens am Warntag 2021 sicherstellen&#8220;<\/span><\/strong><\/p>\n\n\n\n<p>Der Antrag wurde zur\u00fcckgezogen, weil er inhaltlich bereits erledigt ist.<\/p>\n\n\n\n<p><strong><span style=\"color:#046e0e\" class=\"has-inline-color\">Antrag des Ratsherrn Dr. Francisco Welter-Schultes &#8222;Eine Stra\u00dfenbahnplanung f\u00fcr G\u00f6ttingen&#8220;<\/span><\/strong><\/p>\n\n\n\n<p>Bekommt G\u00f6ttingen eine Stra\u00dfenbahn? Eine Diskussion dar\u00fcber st\u00f6\u00dft der Antrag an, der zum Ziel hat, dass die Verwaltung in einem Gutachten den Bau eines Stra\u00dfenbahnsystems f\u00fcr G\u00f6ttingen pr\u00fcfen l\u00e4sst.<\/p>\n\n\n\n<p>Der Antrag wurde einm\u00fctig in den Umweltausschuss \u00fcberwiesen.<\/p>\n\n\n\n<p><strong><span style=\"color:#046e0e\" class=\"has-inline-color\">Antrag der SPD-Ratsfraktion &#8222;Kindertagesst\u00e4tte in der ehem. Voigt-Schule&#8220;<\/span><\/strong><\/p>\n\n\n\n<p>Die Verwaltung sollte pr\u00fcfen, wie mit dem Auszug des Jungen Theaters eine gemeinsame Nutzung des KAZ in dem Geb\u00e4ude der ehemaligen Voigt-Realschule und einer Kindertagesst\u00e4tte zu realisieren w\u00e4re. Der Antrag wurde mehrheitlich abgelehnt.<\/p>\n\n\n\n<p><strong><span style=\"color:#046e0e\" class=\"has-inline-color\">Antrag der CDU-Ratsfraktion &#8222;Entwicklung und Standortpr\u00fcfungen f\u00fcr die Bonifatiusschule I und II&#8220;<\/span><\/strong><\/p>\n\n\n\n<p>Der Rat hat den Antrag, bis sp\u00e4testens vor Beginn der Sommerferien 2021 einen Zwischenbericht zur Standortpr\u00fcfung unter Ber\u00fccksichtigung der erforderlichen und angemeldeten Raumbedarfe f\u00fcr die Bonifatiusschule I und II in der Innenstadt dem Schulausschuss zu pr\u00e4sentieren, mehrheitlich beschlossen.<\/p>\n\n\n\n<p><strong><span style=\"color:#046e0e\" class=\"has-inline-color\">Antrag der FDP-Ratsfraktion &#8222;Public Private Partnership bei \u00f6ffentlichen Bauvorhaben &#8211; Sanierungen bezahlbar machen&#8220;<\/span><\/strong><\/p>\n\n\n\n<p>F\u00fcr dringend notwendige Schulsanierungen und Neubauten sollen neue Projekte der anteiligen Finanzierung durch Private und die \u00f6ffentliche Hand \u2013 also Private Public Partnership PPP), von der Verwaltung erarbeitet werden. Das sieht der Antrag vor, der mehrheitlich abgelehnt wurde.<\/p>\n","protected":false},"excerpt":{"rendered":"<p>Der Rat der Stadt G\u00f6ttingen tagte am Freitag, 18. Juni 2021, ab 17.00 Uhr aufgrund der Corona-Pandemie in der Sparkassen-Arena, Sch\u00fctzenanger 1, in G\u00f6ttingen. Damit wurde es erm\u00f6glicht, den notwendigen Abstand zwischen den Sitzungsteilnehmer*innen beziehungsweise den Besucher*innen einzuhalten. Die Sitzung wurde au\u00dferdem als Live-Stream gezeigt. Diese politischen Antr\u00e4ge wurden diskutiert:&nbsp; Gemeinsamer Antrag aller Ratsfraktionen und [&hellip;]<\/p>\n","protected":false},"author":1,"featured_media":0,"comment_status":"closed","ping_status":"closed","sticky":false,"template":"","format":"standard","meta":{"saved_in_kubio":false,"footnotes":""},"categories":[39],"tags":[63,1471,1472],"class_list":["post-8736","post","type-post","status-publish","format-standard","hentry","category-lokalpolitik","tag-goettingen","tag-kommunalpolitik","tag-ratssitzung"],"yoast_head":"<!-- This site is optimized with the Yoast SEO plugin v27.5 - https:\/\/yoast.com\/product\/yoast-seo-wordpress\/ -->\n<title>Ergebnisse der Ratssitzung G\u00f6ttingen am 18. Juni 2021 - Radio Leinewelle<\/title>\n<meta name=\"description\" content=\"Die Ratssitzung G\u00f6ttingen fand am 18. Juni 2021 in der Sparkassen Arena statt. \u00dcber insgesamt 17 Antr\u00e4ge der Fraktionen wurde abgestimmt.\" \/>\n<meta name=\"robots\" content=\"index, follow, max-snippet:-1, max-image-preview:large, max-video-preview:-1\" \/>\n<link rel=\"canonical\" href=\"https:\/\/radioleinewelle.de\/index.php\/2021\/06\/21\/ergebnisse-der-ratssitzung-goettingen-am-18-juni-2021\/\" \/>\n<meta property=\"og:locale\" content=\"de_DE\" \/>\n<meta property=\"og:type\" content=\"article\" \/>\n<meta property=\"og:title\" content=\"Ergebnisse der Ratssitzung G\u00f6ttingen am 18. Juni 2021 - Radio Leinewelle\" \/>\n<meta property=\"og:description\" content=\"Die Ratssitzung G\u00f6ttingen fand am 18. Juni 2021 in der Sparkassen Arena statt. \u00dcber insgesamt 17 Antr\u00e4ge der Fraktionen wurde abgestimmt.\" \/>\n<meta property=\"og:url\" content=\"https:\/\/radioleinewelle.de\/index.php\/2021\/06\/21\/ergebnisse-der-ratssitzung-goettingen-am-18-juni-2021\/\" \/>\n<meta property=\"og:site_name\" content=\"Radio Leinewelle\" \/>\n<meta property=\"article:publisher\" content=\"https:\/\/www.facebook.com\/radioleinewelle\" \/>\n<meta property=\"article:author\" content=\"https:\/\/www.facebook.com\/radioleinewelle\" \/>\n<meta property=\"article:published_time\" content=\"2021-06-21T04:50:00+00:00\" \/>\n<meta name=\"author\" content=\"Leinewelle\" \/>\n<meta name=\"twitter:card\" content=\"summary_large_image\" \/>\n<meta name=\"twitter:creator\" content=\"@https:\/\/twitter.com\/RLeinewelle?ref_src=twsrcgoogletwcampserptwgrauthor\" \/>\n<meta name=\"twitter:site\" content=\"@RLeinewelle\" \/>\n<meta name=\"twitter:label1\" content=\"Verfasst von\" \/>\n\t<meta name=\"twitter:data1\" content=\"Leinewelle\" \/>\n\t<meta name=\"twitter:label2\" content=\"Gesch\u00e4tzte Lesezeit\" \/>\n\t<meta name=\"twitter:data2\" content=\"6\u00a0Minuten\" \/>\n<script type=\"application\/ld+json\" class=\"yoast-schema-graph\">{\"@context\":\"https:\\\/\\\/schema.org\",\"@graph\":[{\"@type\":\"Article\",\"@id\":\"https:\\\/\\\/radioleinewelle.de\\\/index.php\\\/2021\\\/06\\\/21\\\/ergebnisse-der-ratssitzung-goettingen-am-18-juni-2021\\\/#article\",\"isPartOf\":{\"@id\":\"https:\\\/\\\/radioleinewelle.de\\\/index.php\\\/2021\\\/06\\\/21\\\/ergebnisse-der-ratssitzung-goettingen-am-18-juni-2021\\\/\"},\"author\":{\"name\":\"Leinewelle\",\"@id\":\"https:\\\/\\\/radioleinewelle.de\\\/#\\\/schema\\\/person\\\/45606f348637df637192dc1b68399a63\"},\"headline\":\"Ergebnisse der Ratssitzung G\u00f6ttingen am 18. Juni 2021\",\"datePublished\":\"2021-06-21T04:50:00+00:00\",\"mainEntityOfPage\":{\"@id\":\"https:\\\/\\\/radioleinewelle.de\\\/index.php\\\/2021\\\/06\\\/21\\\/ergebnisse-der-ratssitzung-goettingen-am-18-juni-2021\\\/\"},\"wordCount\":1301,\"publisher\":{\"@id\":\"https:\\\/\\\/radioleinewelle.de\\\/#organization\"},\"keywords\":[\"G\u00f6ttingen\",\"Kommunalpolitik\",\"Ratssitzung\"],\"articleSection\":[\"Lokalpolitik\"],\"inLanguage\":\"de\"},{\"@type\":\"WebPage\",\"@id\":\"https:\\\/\\\/radioleinewelle.de\\\/index.php\\\/2021\\\/06\\\/21\\\/ergebnisse-der-ratssitzung-goettingen-am-18-juni-2021\\\/\",\"url\":\"https:\\\/\\\/radioleinewelle.de\\\/index.php\\\/2021\\\/06\\\/21\\\/ergebnisse-der-ratssitzung-goettingen-am-18-juni-2021\\\/\",\"name\":\"Ergebnisse der Ratssitzung G\u00f6ttingen am 18. Juni 2021 - Radio Leinewelle\",\"isPartOf\":{\"@id\":\"https:\\\/\\\/radioleinewelle.de\\\/#website\"},\"datePublished\":\"2021-06-21T04:50:00+00:00\",\"description\":\"Die Ratssitzung G\u00f6ttingen fand am 18. Juni 2021 in der Sparkassen Arena statt. \u00dcber insgesamt 17 Antr\u00e4ge der Fraktionen wurde abgestimmt.\",\"breadcrumb\":{\"@id\":\"https:\\\/\\\/radioleinewelle.de\\\/index.php\\\/2021\\\/06\\\/21\\\/ergebnisse-der-ratssitzung-goettingen-am-18-juni-2021\\\/#breadcrumb\"},\"inLanguage\":\"de\",\"potentialAction\":[{\"@type\":\"ReadAction\",\"target\":[\"https:\\\/\\\/radioleinewelle.de\\\/index.php\\\/2021\\\/06\\\/21\\\/ergebnisse-der-ratssitzung-goettingen-am-18-juni-2021\\\/\"]}]},{\"@type\":\"BreadcrumbList\",\"@id\":\"https:\\\/\\\/radioleinewelle.de\\\/index.php\\\/2021\\\/06\\\/21\\\/ergebnisse-der-ratssitzung-goettingen-am-18-juni-2021\\\/#breadcrumb\",\"itemListElement\":[{\"@type\":\"ListItem\",\"position\":1,\"name\":\"Startseite\",\"item\":\"https:\\\/\\\/radioleinewelle.de\\\/\"},{\"@type\":\"ListItem\",\"position\":2,\"name\":\"Ergebnisse der Ratssitzung G\u00f6ttingen am 18. Juni 2021\"}]},{\"@type\":\"WebSite\",\"@id\":\"https:\\\/\\\/radioleinewelle.de\\\/#website\",\"url\":\"https:\\\/\\\/radioleinewelle.de\\\/\",\"name\":\"Radio Leinewelle\",\"description\":\"\",\"publisher\":{\"@id\":\"https:\\\/\\\/radioleinewelle.de\\\/#organization\"},\"potentialAction\":[{\"@type\":\"SearchAction\",\"target\":{\"@type\":\"EntryPoint\",\"urlTemplate\":\"https:\\\/\\\/radioleinewelle.de\\\/?s={search_term_string}\"},\"query-input\":{\"@type\":\"PropertyValueSpecification\",\"valueRequired\":true,\"valueName\":\"search_term_string\"}}],\"inLanguage\":\"de\"},{\"@type\":\"Organization\",\"@id\":\"https:\\\/\\\/radioleinewelle.de\\\/#organization\",\"name\":\"Radio Leinewelle\",\"alternateName\":\"Mein Radio f\u00fcr S\u00fcdniedersachsen\",\"url\":\"https:\\\/\\\/radioleinewelle.de\\\/\",\"logo\":{\"@type\":\"ImageObject\",\"inLanguage\":\"de\",\"@id\":\"https:\\\/\\\/radioleinewelle.de\\\/#\\\/schema\\\/logo\\\/image\\\/\",\"url\":\"https:\\\/\\\/radioleinewelle.de\\\/wp-content\\\/uploads\\\/2023\\\/11\\\/cropped-Leinewelle_Logo_weiss.png\",\"contentUrl\":\"https:\\\/\\\/radioleinewelle.de\\\/wp-content\\\/uploads\\\/2023\\\/11\\\/cropped-Leinewelle_Logo_weiss.png\",\"width\":854,\"height\":260,\"caption\":\"Radio Leinewelle\"},\"image\":{\"@id\":\"https:\\\/\\\/radioleinewelle.de\\\/#\\\/schema\\\/logo\\\/image\\\/\"},\"sameAs\":[\"https:\\\/\\\/www.facebook.com\\\/radioleinewelle\",\"https:\\\/\\\/x.com\\\/RLeinewelle\",\"https:\\\/\\\/www.instagram.com\\\/radioleinewelle\\\/?hl=de\"]},{\"@type\":\"Person\",\"@id\":\"https:\\\/\\\/radioleinewelle.de\\\/#\\\/schema\\\/person\\\/45606f348637df637192dc1b68399a63\",\"name\":\"Leinewelle\",\"image\":{\"@type\":\"ImageObject\",\"inLanguage\":\"de\",\"@id\":\"https:\\\/\\\/secure.gravatar.com\\\/avatar\\\/05c9a17bc973052ee5d91549bd32fb4dd0dc85b7b85ae94b2e2b4943476bbea5?s=96&d=blank&r=g\",\"url\":\"https:\\\/\\\/secure.gravatar.com\\\/avatar\\\/05c9a17bc973052ee5d91549bd32fb4dd0dc85b7b85ae94b2e2b4943476bbea5?s=96&d=blank&r=g\",\"contentUrl\":\"https:\\\/\\\/secure.gravatar.com\\\/avatar\\\/05c9a17bc973052ee5d91549bd32fb4dd0dc85b7b85ae94b2e2b4943476bbea5?s=96&d=blank&r=g\",\"caption\":\"Leinewelle\"},\"sameAs\":[\"http:\\\/\\\/localhost\\\/radio%20leinewelle\\\/wordpress\",\"https:\\\/\\\/www.facebook.com\\\/radioleinewelle\",\"https:\\\/\\\/www.instagram.com\\\/radioleinewelle\",\"https:\\\/\\\/x.com\\\/https:\\\/\\\/twitter.com\\\/RLeinewelle?ref_src=twsrcgoogletwcampserptwgrauthor\",\"https:\\\/\\\/soundcloud.com\\\/foerderverein-lokalradio?utm_source=clipboard&utm_medium=text&utm_campaign=social_sharing\"],\"url\":\"https:\\\/\\\/radioleinewelle.de\\\/index.php\\\/author\\\/leinewelle\\\/\"}]}<\/script>\n<!-- \/ Yoast SEO plugin. -->","yoast_head_json":{"title":"Ergebnisse der Ratssitzung G\u00f6ttingen am 18. Juni 2021 - Radio Leinewelle","description":"Die Ratssitzung G\u00f6ttingen fand am 18. Juni 2021 in der Sparkassen Arena statt. \u00dcber insgesamt 17 Antr\u00e4ge der Fraktionen wurde abgestimmt.","robots":{"index":"index","follow":"follow","max-snippet":"max-snippet:-1","max-image-preview":"max-image-preview:large","max-video-preview":"max-video-preview:-1"},"canonical":"https:\/\/radioleinewelle.de\/index.php\/2021\/06\/21\/ergebnisse-der-ratssitzung-goettingen-am-18-juni-2021\/","og_locale":"de_DE","og_type":"article","og_title":"Ergebnisse der Ratssitzung G\u00f6ttingen am 18. Juni 2021 - Radio Leinewelle","og_description":"Die Ratssitzung G\u00f6ttingen fand am 18. Juni 2021 in der Sparkassen Arena statt. \u00dcber insgesamt 17 Antr\u00e4ge der Fraktionen wurde abgestimmt.","og_url":"https:\/\/radioleinewelle.de\/index.php\/2021\/06\/21\/ergebnisse-der-ratssitzung-goettingen-am-18-juni-2021\/","og_site_name":"Radio Leinewelle","article_publisher":"https:\/\/www.facebook.com\/radioleinewelle","article_author":"https:\/\/www.facebook.com\/radioleinewelle","article_published_time":"2021-06-21T04:50:00+00:00","author":"Leinewelle","twitter_card":"summary_large_image","twitter_creator":"@https:\/\/twitter.com\/RLeinewelle?ref_src=twsrcgoogletwcampserptwgrauthor","twitter_site":"@RLeinewelle","twitter_misc":{"Verfasst von":"Leinewelle","Gesch\u00e4tzte Lesezeit":"6\u00a0Minuten"},"schema":{"@context":"https:\/\/schema.org","@graph":[{"@type":"Article","@id":"https:\/\/radioleinewelle.de\/index.php\/2021\/06\/21\/ergebnisse-der-ratssitzung-goettingen-am-18-juni-2021\/#article","isPartOf":{"@id":"https:\/\/radioleinewelle.de\/index.php\/2021\/06\/21\/ergebnisse-der-ratssitzung-goettingen-am-18-juni-2021\/"},"author":{"name":"Leinewelle","@id":"https:\/\/radioleinewelle.de\/#\/schema\/person\/45606f348637df637192dc1b68399a63"},"headline":"Ergebnisse der Ratssitzung G\u00f6ttingen am 18. Juni 2021","datePublished":"2021-06-21T04:50:00+00:00","mainEntityOfPage":{"@id":"https:\/\/radioleinewelle.de\/index.php\/2021\/06\/21\/ergebnisse-der-ratssitzung-goettingen-am-18-juni-2021\/"},"wordCount":1301,"publisher":{"@id":"https:\/\/radioleinewelle.de\/#organization"},"keywords":["G\u00f6ttingen","Kommunalpolitik","Ratssitzung"],"articleSection":["Lokalpolitik"],"inLanguage":"de"},{"@type":"WebPage","@id":"https:\/\/radioleinewelle.de\/index.php\/2021\/06\/21\/ergebnisse-der-ratssitzung-goettingen-am-18-juni-2021\/","url":"https:\/\/radioleinewelle.de\/index.php\/2021\/06\/21\/ergebnisse-der-ratssitzung-goettingen-am-18-juni-2021\/","name":"Ergebnisse der Ratssitzung G\u00f6ttingen am 18. Juni 2021 - Radio Leinewelle","isPartOf":{"@id":"https:\/\/radioleinewelle.de\/#website"},"datePublished":"2021-06-21T04:50:00+00:00","description":"Die Ratssitzung G\u00f6ttingen fand am 18. Juni 2021 in der Sparkassen Arena statt. \u00dcber insgesamt 17 Antr\u00e4ge der Fraktionen wurde abgestimmt.","breadcrumb":{"@id":"https:\/\/radioleinewelle.de\/index.php\/2021\/06\/21\/ergebnisse-der-ratssitzung-goettingen-am-18-juni-2021\/#breadcrumb"},"inLanguage":"de","potentialAction":[{"@type":"ReadAction","target":["https:\/\/radioleinewelle.de\/index.php\/2021\/06\/21\/ergebnisse-der-ratssitzung-goettingen-am-18-juni-2021\/"]}]},{"@type":"BreadcrumbList","@id":"https:\/\/radioleinewelle.de\/index.php\/2021\/06\/21\/ergebnisse-der-ratssitzung-goettingen-am-18-juni-2021\/#breadcrumb","itemListElement":[{"@type":"ListItem","position":1,"name":"Startseite","item":"https:\/\/radioleinewelle.de\/"},{"@type":"ListItem","position":2,"name":"Ergebnisse der Ratssitzung G\u00f6ttingen am 18. Juni 2021"}]},{"@type":"WebSite","@id":"https:\/\/radioleinewelle.de\/#website","url":"https:\/\/radioleinewelle.de\/","name":"Radio Leinewelle","description":"","publisher":{"@id":"https:\/\/radioleinewelle.de\/#organization"},"potentialAction":[{"@type":"SearchAction","target":{"@type":"EntryPoint","urlTemplate":"https:\/\/radioleinewelle.de\/?s={search_term_string}"},"query-input":{"@type":"PropertyValueSpecification","valueRequired":true,"valueName":"search_term_string"}}],"inLanguage":"de"},{"@type":"Organization","@id":"https:\/\/radioleinewelle.de\/#organization","name":"Radio Leinewelle","alternateName":"Mein Radio f\u00fcr S\u00fcdniedersachsen","url":"https:\/\/radioleinewelle.de\/","logo":{"@type":"ImageObject","inLanguage":"de","@id":"https:\/\/radioleinewelle.de\/#\/schema\/logo\/image\/","url":"https:\/\/radioleinewelle.de\/wp-content\/uploads\/2023\/11\/cropped-Leinewelle_Logo_weiss.png","contentUrl":"https:\/\/radioleinewelle.de\/wp-content\/uploads\/2023\/11\/cropped-Leinewelle_Logo_weiss.png","width":854,"height":260,"caption":"Radio Leinewelle"},"image":{"@id":"https:\/\/radioleinewelle.de\/#\/schema\/logo\/image\/"},"sameAs":["https:\/\/www.facebook.com\/radioleinewelle","https:\/\/x.com\/RLeinewelle","https:\/\/www.instagram.com\/radioleinewelle\/?hl=de"]},{"@type":"Person","@id":"https:\/\/radioleinewelle.de\/#\/schema\/person\/45606f348637df637192dc1b68399a63","name":"Leinewelle","image":{"@type":"ImageObject","inLanguage":"de","@id":"https:\/\/secure.gravatar.com\/avatar\/05c9a17bc973052ee5d91549bd32fb4dd0dc85b7b85ae94b2e2b4943476bbea5?s=96&d=blank&r=g","url":"https:\/\/secure.gravatar.com\/avatar\/05c9a17bc973052ee5d91549bd32fb4dd0dc85b7b85ae94b2e2b4943476bbea5?s=96&d=blank&r=g","contentUrl":"https:\/\/secure.gravatar.com\/avatar\/05c9a17bc973052ee5d91549bd32fb4dd0dc85b7b85ae94b2e2b4943476bbea5?s=96&d=blank&r=g","caption":"Leinewelle"},"sameAs":["http:\/\/localhost\/radio%20leinewelle\/wordpress","https:\/\/www.facebook.com\/radioleinewelle","https:\/\/www.instagram.com\/radioleinewelle","https:\/\/x.com\/https:\/\/twitter.com\/RLeinewelle?ref_src=twsrcgoogletwcampserptwgrauthor","https:\/\/soundcloud.com\/foerderverein-lokalradio?utm_source=clipboard&utm_medium=text&utm_campaign=social_sharing"],"url":"https:\/\/radioleinewelle.de\/index.php\/author\/leinewelle\/"}]}},"_links":{"self":[{"href":"https:\/\/radioleinewelle.de\/index.php\/wp-json\/wp\/v2\/posts\/8736","targetHints":{"allow":["GET"]}}],"collection":[{"href":"https:\/\/radioleinewelle.de\/index.php\/wp-json\/wp\/v2\/posts"}],"about":[{"href":"https:\/\/radioleinewelle.de\/index.php\/wp-json\/wp\/v2\/types\/post"}],"author":[{"embeddable":true,"href":"https:\/\/radioleinewelle.de\/index.php\/wp-json\/wp\/v2\/users\/1"}],"replies":[{"embeddable":true,"href":"https:\/\/radioleinewelle.de\/index.php\/wp-json\/wp\/v2\/comments?post=8736"}],"version-history":[{"count":0,"href":"https:\/\/radioleinewelle.de\/index.php\/wp-json\/wp\/v2\/posts\/8736\/revisions"}],"wp:attachment":[{"href":"https:\/\/radioleinewelle.de\/index.php\/wp-json\/wp\/v2\/media?parent=8736"}],"wp:term":[{"taxonomy":"category","embeddable":true,"href":"https:\/\/radioleinewelle.de\/index.php\/wp-json\/wp\/v2\/categories?post=8736"},{"taxonomy":"post_tag","embeddable":true,"href":"https:\/\/radioleinewelle.de\/index.php\/wp-json\/wp\/v2\/tags?post=8736"}],"curies":[{"name":"wp","href":"https:\/\/api.w.org\/{rel}","templated":true}]}}