{"id":8766,"date":"2021-06-21T09:24:29","date_gmt":"2021-06-21T07:24:29","guid":{"rendered":"https:\/\/radioleinewelle.de\/?p=8766"},"modified":"2021-06-21T09:24:29","modified_gmt":"2021-06-21T07:24:29","slug":"vizepraesident-des-deutschen-bundestages-wolfgang-kubicki-zu-besuch-in-duderstadt","status":"publish","type":"post","link":"https:\/\/radioleinewelle.de\/index.php\/2021\/06\/21\/vizepraesident-des-deutschen-bundestages-wolfgang-kubicki-zu-besuch-in-duderstadt\/","title":{"rendered":"Vizepr\u00e4sident des Deutschen Bundestages Wolfgang Kubicki zu Besuch in Duderstadt"},"content":{"rendered":"\n<p>Am Donnerstag, den 17.06.2021, war der Vizepr\u00e4sident des Deutschen Bundestages Wolfgang Kubicki sowie das Mitglied des Bundestages (MdB) Konstantin Kuhle zu Besuch in Duderstadt. Beide wurden von B\u00fcrgermeister Thorsten Feike sowie durch Mitglieder des FDP- Ortsverbandes Altkreis Duderstadt empfangen.<\/p>\n\n\n\n<p>Nach dem Zusammentreffen vor dem Historischen Rathaus auf der Duderst\u00e4dter Marktstra\u00dfe f\u00fchrte B\u00fcrgermeister Thorsten Feike den Besuch aus Berlin durch die Innenstadt, die der Vizepr\u00e4sident als ausgesprochen attraktiv beschrieb. Er zeigte sich von Duderstadts St\u00e4dtebau sehr angetan. Die kleinen Gesch\u00e4fte und die Gastronomie der Duderst\u00e4dter Innenstadt empfand Kubicki als sehr lebhaft. Grunds\u00e4tzlich w\u00fcnscht er sich, dass die Innenst\u00e4dte in der Zukunft einen Erlebnisraum schaffen.<\/p>\n\n\n\n<p>Anschlie\u00dfend wurden bei einem Arbeitsgespr\u00e4ch im B\u00fcrgersaal des Rathauses weitere aktuelle Themen behandelt. Unter anderem wurde sich \u00fcber das Regionale Raumordnungsprogramm (RROP), die Weiterentwicklung der Innenst\u00e4dte sowie die F\u00f6rderung des l\u00e4ndlichen Raums ausgetauscht. Ein weiteres gro\u00dfes Thema war die \u201eCorona-&nbsp;Pandemie\u201c. Vizepr\u00e4sident Kubicki sprach sich insgesamt f\u00fcr die Aufhebung der Beschr\u00e4nkungen aus. Er erwartet jedoch nach den Sommerferien einen erneuten Anstieg der Fallzahlen. Bei dem&nbsp;Thema \u201eKinderimpfung\u201c verwies er auf die&nbsp;Meinung des Kinderarztes, da er selber kein Arzt sei. Bei einer positiven R\u00fcckmeldung des Kinderarztes k\u00f6nne er eine Impfung jedoch nur empfehlen.<\/p>\n\n\n\n<p>Zum Abschluss des Besuches in Duderstadt trug sich Vizepr\u00e4sident Wolfgang Kubicki in das Goldene Buch der Stadt Duderstadt ein.<\/p>\n","protected":false},"excerpt":{"rendered":"<p>Am Donnerstag, den 17.06.2021, war der Vizepr\u00e4sident des Deutschen Bundestages Wolfgang Kubicki sowie das Mitglied des Bundestages (MdB) Konstantin Kuhle zu Besuch in Duderstadt. Beide wurden von B\u00fcrgermeister Thorsten Feike sowie durch Mitglieder des FDP- Ortsverbandes Altkreis Duderstadt empfangen. Nach dem Zusammentreffen vor dem Historischen Rathaus auf der Duderst\u00e4dter Marktstra\u00dfe f\u00fchrte B\u00fcrgermeister Thorsten Feike den [&hellip;]<\/p>\n","protected":false},"author":1,"featured_media":8768,"comment_status":"closed","ping_status":"closed","sticky":false,"template":"","format":"standard","meta":{"saved_in_kubio":false,"footnotes":""},"categories":[39],"tags":[1483,1484,1485,1486],"class_list":["post-8766","post","type-post","status-publish","format-standard","has-post-thumbnail","hentry","category-lokalpolitik","tag-fdp-ortsverbandes-altkreis-duderstadt","tag-konstantin-kuhle","tag-thorsten-feike","tag-wolfgang-kubicki"],"yoast_head":"<!-- This site is optimized with the Yoast SEO plugin v27.5 - https:\/\/yoast.com\/product\/yoast-seo-wordpress\/ -->\n<title>Vizepr\u00e4sident des Deutschen Bundestages Wolfgang Kubicki zu Besuch in Duderstadt - Radio Leinewelle<\/title>\n<meta name=\"robots\" content=\"index, follow, max-snippet:-1, max-image-preview:large, max-video-preview:-1\" \/>\n<link rel=\"canonical\" href=\"https:\/\/radioleinewelle.de\/index.php\/2021\/06\/21\/vizepraesident-des-deutschen-bundestages-wolfgang-kubicki-zu-besuch-in-duderstadt\/\" \/>\n<meta property=\"og:locale\" content=\"de_DE\" \/>\n<meta property=\"og:type\" content=\"article\" \/>\n<meta property=\"og:title\" content=\"Vizepr\u00e4sident des Deutschen Bundestages Wolfgang Kubicki zu Besuch in Duderstadt - Radio Leinewelle\" \/>\n<meta property=\"og:description\" content=\"Am Donnerstag, den 17.06.2021, war der Vizepr\u00e4sident des Deutschen Bundestages Wolfgang Kubicki sowie das Mitglied des Bundestages (MdB) Konstantin Kuhle zu Besuch in Duderstadt. Beide wurden von B\u00fcrgermeister Thorsten Feike sowie durch Mitglieder des FDP- Ortsverbandes Altkreis Duderstadt empfangen. Nach dem Zusammentreffen vor dem Historischen Rathaus auf der Duderst\u00e4dter Marktstra\u00dfe f\u00fchrte B\u00fcrgermeister Thorsten Feike den [&hellip;]\" \/>\n<meta property=\"og:url\" content=\"https:\/\/radioleinewelle.de\/index.php\/2021\/06\/21\/vizepraesident-des-deutschen-bundestages-wolfgang-kubicki-zu-besuch-in-duderstadt\/\" \/>\n<meta property=\"og:site_name\" content=\"Radio Leinewelle\" \/>\n<meta property=\"article:publisher\" content=\"https:\/\/www.facebook.com\/radioleinewelle\" \/>\n<meta property=\"article:author\" content=\"https:\/\/www.facebook.com\/radioleinewelle\" \/>\n<meta property=\"article:published_time\" content=\"2021-06-21T07:24:29+00:00\" \/>\n<meta property=\"og:image\" content=\"https:\/\/radioleinewelle.de\/wp-content\/uploads\/2021\/06\/Foto-3-Eintrag-Goldenes-Buch-Besuch-Vizepraesident-Kubicki-scaled-1.jpg\" \/>\n\t<meta property=\"og:image:width\" content=\"2560\" \/>\n\t<meta property=\"og:image:height\" content=\"1761\" \/>\n\t<meta property=\"og:image:type\" content=\"image\/jpeg\" \/>\n<meta name=\"author\" content=\"Leinewelle\" \/>\n<meta name=\"twitter:card\" content=\"summary_large_image\" \/>\n<meta name=\"twitter:creator\" content=\"@https:\/\/twitter.com\/RLeinewelle?ref_src=twsrcgoogletwcampserptwgrauthor\" \/>\n<meta name=\"twitter:site\" content=\"@RLeinewelle\" \/>\n<meta name=\"twitter:label1\" content=\"Verfasst von\" \/>\n\t<meta name=\"twitter:data1\" content=\"Leinewelle\" \/>\n\t<meta name=\"twitter:label2\" content=\"Gesch\u00e4tzte Lesezeit\" \/>\n\t<meta name=\"twitter:data2\" content=\"1\u00a0Minute\" \/>\n<script type=\"application\/ld+json\" class=\"yoast-schema-graph\">{\"@context\":\"https:\\\/\\\/schema.org\",\"@graph\":[{\"@type\":\"Article\",\"@id\":\"https:\\\/\\\/radioleinewelle.de\\\/index.php\\\/2021\\\/06\\\/21\\\/vizepraesident-des-deutschen-bundestages-wolfgang-kubicki-zu-besuch-in-duderstadt\\\/#article\",\"isPartOf\":{\"@id\":\"https:\\\/\\\/radioleinewelle.de\\\/index.php\\\/2021\\\/06\\\/21\\\/vizepraesident-des-deutschen-bundestages-wolfgang-kubicki-zu-besuch-in-duderstadt\\\/\"},\"author\":{\"name\":\"Leinewelle\",\"@id\":\"https:\\\/\\\/radioleinewelle.de\\\/#\\\/schema\\\/person\\\/45606f348637df637192dc1b68399a63\"},\"headline\":\"Vizepr\u00e4sident des Deutschen Bundestages Wolfgang Kubicki zu Besuch in Duderstadt\",\"datePublished\":\"2021-06-21T07:24:29+00:00\",\"mainEntityOfPage\":{\"@id\":\"https:\\\/\\\/radioleinewelle.de\\\/index.php\\\/2021\\\/06\\\/21\\\/vizepraesident-des-deutschen-bundestages-wolfgang-kubicki-zu-besuch-in-duderstadt\\\/\"},\"wordCount\":254,\"publisher\":{\"@id\":\"https:\\\/\\\/radioleinewelle.de\\\/#organization\"},\"image\":{\"@id\":\"https:\\\/\\\/radioleinewelle.de\\\/index.php\\\/2021\\\/06\\\/21\\\/vizepraesident-des-deutschen-bundestages-wolfgang-kubicki-zu-besuch-in-duderstadt\\\/#primaryimage\"},\"thumbnailUrl\":\"https:\\\/\\\/radioleinewelle.de\\\/wp-content\\\/uploads\\\/2021\\\/06\\\/Foto-3-Eintrag-Goldenes-Buch-Besuch-Vizepraesident-Kubicki-scaled-1.jpg\",\"keywords\":[\"FDP- Ortsverbandes Altkreis Duderstadt\",\"Konstantin Kuhle\",\"Thorsten Feike\",\"Wolfgang Kubicki\"],\"articleSection\":[\"Lokalpolitik\"],\"inLanguage\":\"de\"},{\"@type\":\"WebPage\",\"@id\":\"https:\\\/\\\/radioleinewelle.de\\\/index.php\\\/2021\\\/06\\\/21\\\/vizepraesident-des-deutschen-bundestages-wolfgang-kubicki-zu-besuch-in-duderstadt\\\/\",\"url\":\"https:\\\/\\\/radioleinewelle.de\\\/index.php\\\/2021\\\/06\\\/21\\\/vizepraesident-des-deutschen-bundestages-wolfgang-kubicki-zu-besuch-in-duderstadt\\\/\",\"name\":\"Vizepr\u00e4sident des Deutschen Bundestages Wolfgang Kubicki zu Besuch in Duderstadt - Radio Leinewelle\",\"isPartOf\":{\"@id\":\"https:\\\/\\\/radioleinewelle.de\\\/#website\"},\"primaryImageOfPage\":{\"@id\":\"https:\\\/\\\/radioleinewelle.de\\\/index.php\\\/2021\\\/06\\\/21\\\/vizepraesident-des-deutschen-bundestages-wolfgang-kubicki-zu-besuch-in-duderstadt\\\/#primaryimage\"},\"image\":{\"@id\":\"https:\\\/\\\/radioleinewelle.de\\\/index.php\\\/2021\\\/06\\\/21\\\/vizepraesident-des-deutschen-bundestages-wolfgang-kubicki-zu-besuch-in-duderstadt\\\/#primaryimage\"},\"thumbnailUrl\":\"https:\\\/\\\/radioleinewelle.de\\\/wp-content\\\/uploads\\\/2021\\\/06\\\/Foto-3-Eintrag-Goldenes-Buch-Besuch-Vizepraesident-Kubicki-scaled-1.jpg\",\"datePublished\":\"2021-06-21T07:24:29+00:00\",\"breadcrumb\":{\"@id\":\"https:\\\/\\\/radioleinewelle.de\\\/index.php\\\/2021\\\/06\\\/21\\\/vizepraesident-des-deutschen-bundestages-wolfgang-kubicki-zu-besuch-in-duderstadt\\\/#breadcrumb\"},\"inLanguage\":\"de\",\"potentialAction\":[{\"@type\":\"ReadAction\",\"target\":[\"https:\\\/\\\/radioleinewelle.de\\\/index.php\\\/2021\\\/06\\\/21\\\/vizepraesident-des-deutschen-bundestages-wolfgang-kubicki-zu-besuch-in-duderstadt\\\/\"]}]},{\"@type\":\"ImageObject\",\"inLanguage\":\"de\",\"@id\":\"https:\\\/\\\/radioleinewelle.de\\\/index.php\\\/2021\\\/06\\\/21\\\/vizepraesident-des-deutschen-bundestages-wolfgang-kubicki-zu-besuch-in-duderstadt\\\/#primaryimage\",\"url\":\"https:\\\/\\\/radioleinewelle.de\\\/wp-content\\\/uploads\\\/2021\\\/06\\\/Foto-3-Eintrag-Goldenes-Buch-Besuch-Vizepraesident-Kubicki-scaled-1.jpg\",\"contentUrl\":\"https:\\\/\\\/radioleinewelle.de\\\/wp-content\\\/uploads\\\/2021\\\/06\\\/Foto-3-Eintrag-Goldenes-Buch-Besuch-Vizepraesident-Kubicki-scaled-1.jpg\",\"width\":2560,\"height\":1761},{\"@type\":\"BreadcrumbList\",\"@id\":\"https:\\\/\\\/radioleinewelle.de\\\/index.php\\\/2021\\\/06\\\/21\\\/vizepraesident-des-deutschen-bundestages-wolfgang-kubicki-zu-besuch-in-duderstadt\\\/#breadcrumb\",\"itemListElement\":[{\"@type\":\"ListItem\",\"position\":1,\"name\":\"Startseite\",\"item\":\"https:\\\/\\\/radioleinewelle.de\\\/\"},{\"@type\":\"ListItem\",\"position\":2,\"name\":\"Vizepr\u00e4sident des Deutschen Bundestages Wolfgang Kubicki zu Besuch in Duderstadt\"}]},{\"@type\":\"WebSite\",\"@id\":\"https:\\\/\\\/radioleinewelle.de\\\/#website\",\"url\":\"https:\\\/\\\/radioleinewelle.de\\\/\",\"name\":\"Radio Leinewelle\",\"description\":\"\",\"publisher\":{\"@id\":\"https:\\\/\\\/radioleinewelle.de\\\/#organization\"},\"potentialAction\":[{\"@type\":\"SearchAction\",\"target\":{\"@type\":\"EntryPoint\",\"urlTemplate\":\"https:\\\/\\\/radioleinewelle.de\\\/?s={search_term_string}\"},\"query-input\":{\"@type\":\"PropertyValueSpecification\",\"valueRequired\":true,\"valueName\":\"search_term_string\"}}],\"inLanguage\":\"de\"},{\"@type\":\"Organization\",\"@id\":\"https:\\\/\\\/radioleinewelle.de\\\/#organization\",\"name\":\"Radio Leinewelle\",\"alternateName\":\"Mein Radio f\u00fcr S\u00fcdniedersachsen\",\"url\":\"https:\\\/\\\/radioleinewelle.de\\\/\",\"logo\":{\"@type\":\"ImageObject\",\"inLanguage\":\"de\",\"@id\":\"https:\\\/\\\/radioleinewelle.de\\\/#\\\/schema\\\/logo\\\/image\\\/\",\"url\":\"https:\\\/\\\/radioleinewelle.de\\\/wp-content\\\/uploads\\\/2023\\\/11\\\/cropped-Leinewelle_Logo_weiss.png\",\"contentUrl\":\"https:\\\/\\\/radioleinewelle.de\\\/wp-content\\\/uploads\\\/2023\\\/11\\\/cropped-Leinewelle_Logo_weiss.png\",\"width\":854,\"height\":260,\"caption\":\"Radio Leinewelle\"},\"image\":{\"@id\":\"https:\\\/\\\/radioleinewelle.de\\\/#\\\/schema\\\/logo\\\/image\\\/\"},\"sameAs\":[\"https:\\\/\\\/www.facebook.com\\\/radioleinewelle\",\"https:\\\/\\\/x.com\\\/RLeinewelle\",\"https:\\\/\\\/www.instagram.com\\\/radioleinewelle\\\/?hl=de\"]},{\"@type\":\"Person\",\"@id\":\"https:\\\/\\\/radioleinewelle.de\\\/#\\\/schema\\\/person\\\/45606f348637df637192dc1b68399a63\",\"name\":\"Leinewelle\",\"image\":{\"@type\":\"ImageObject\",\"inLanguage\":\"de\",\"@id\":\"https:\\\/\\\/secure.gravatar.com\\\/avatar\\\/05c9a17bc973052ee5d91549bd32fb4dd0dc85b7b85ae94b2e2b4943476bbea5?s=96&d=blank&r=g\",\"url\":\"https:\\\/\\\/secure.gravatar.com\\\/avatar\\\/05c9a17bc973052ee5d91549bd32fb4dd0dc85b7b85ae94b2e2b4943476bbea5?s=96&d=blank&r=g\",\"contentUrl\":\"https:\\\/\\\/secure.gravatar.com\\\/avatar\\\/05c9a17bc973052ee5d91549bd32fb4dd0dc85b7b85ae94b2e2b4943476bbea5?s=96&d=blank&r=g\",\"caption\":\"Leinewelle\"},\"sameAs\":[\"http:\\\/\\\/localhost\\\/radio%20leinewelle\\\/wordpress\",\"https:\\\/\\\/www.facebook.com\\\/radioleinewelle\",\"https:\\\/\\\/www.instagram.com\\\/radioleinewelle\",\"https:\\\/\\\/x.com\\\/https:\\\/\\\/twitter.com\\\/RLeinewelle?ref_src=twsrcgoogletwcampserptwgrauthor\",\"https:\\\/\\\/soundcloud.com\\\/foerderverein-lokalradio?utm_source=clipboard&utm_medium=text&utm_campaign=social_sharing\"],\"url\":\"https:\\\/\\\/radioleinewelle.de\\\/index.php\\\/author\\\/leinewelle\\\/\"}]}<\/script>\n<!-- \/ Yoast SEO plugin. -->","yoast_head_json":{"title":"Vizepr\u00e4sident des Deutschen Bundestages Wolfgang Kubicki zu Besuch in Duderstadt - Radio Leinewelle","robots":{"index":"index","follow":"follow","max-snippet":"max-snippet:-1","max-image-preview":"max-image-preview:large","max-video-preview":"max-video-preview:-1"},"canonical":"https:\/\/radioleinewelle.de\/index.php\/2021\/06\/21\/vizepraesident-des-deutschen-bundestages-wolfgang-kubicki-zu-besuch-in-duderstadt\/","og_locale":"de_DE","og_type":"article","og_title":"Vizepr\u00e4sident des Deutschen Bundestages Wolfgang Kubicki zu Besuch in Duderstadt - Radio Leinewelle","og_description":"Am Donnerstag, den 17.06.2021, war der Vizepr\u00e4sident des Deutschen Bundestages Wolfgang Kubicki sowie das Mitglied des Bundestages (MdB) Konstantin Kuhle zu Besuch in Duderstadt. Beide wurden von B\u00fcrgermeister Thorsten Feike sowie durch Mitglieder des FDP- Ortsverbandes Altkreis Duderstadt empfangen. Nach dem Zusammentreffen vor dem Historischen Rathaus auf der Duderst\u00e4dter Marktstra\u00dfe f\u00fchrte B\u00fcrgermeister Thorsten Feike den [&hellip;]","og_url":"https:\/\/radioleinewelle.de\/index.php\/2021\/06\/21\/vizepraesident-des-deutschen-bundestages-wolfgang-kubicki-zu-besuch-in-duderstadt\/","og_site_name":"Radio Leinewelle","article_publisher":"https:\/\/www.facebook.com\/radioleinewelle","article_author":"https:\/\/www.facebook.com\/radioleinewelle","article_published_time":"2021-06-21T07:24:29+00:00","og_image":[{"width":2560,"height":1761,"url":"https:\/\/radioleinewelle.de\/wp-content\/uploads\/2021\/06\/Foto-3-Eintrag-Goldenes-Buch-Besuch-Vizepraesident-Kubicki-scaled-1.jpg","type":"image\/jpeg"}],"author":"Leinewelle","twitter_card":"summary_large_image","twitter_creator":"@https:\/\/twitter.com\/RLeinewelle?ref_src=twsrcgoogletwcampserptwgrauthor","twitter_site":"@RLeinewelle","twitter_misc":{"Verfasst von":"Leinewelle","Gesch\u00e4tzte Lesezeit":"1\u00a0Minute"},"schema":{"@context":"https:\/\/schema.org","@graph":[{"@type":"Article","@id":"https:\/\/radioleinewelle.de\/index.php\/2021\/06\/21\/vizepraesident-des-deutschen-bundestages-wolfgang-kubicki-zu-besuch-in-duderstadt\/#article","isPartOf":{"@id":"https:\/\/radioleinewelle.de\/index.php\/2021\/06\/21\/vizepraesident-des-deutschen-bundestages-wolfgang-kubicki-zu-besuch-in-duderstadt\/"},"author":{"name":"Leinewelle","@id":"https:\/\/radioleinewelle.de\/#\/schema\/person\/45606f348637df637192dc1b68399a63"},"headline":"Vizepr\u00e4sident des Deutschen Bundestages Wolfgang Kubicki zu Besuch in Duderstadt","datePublished":"2021-06-21T07:24:29+00:00","mainEntityOfPage":{"@id":"https:\/\/radioleinewelle.de\/index.php\/2021\/06\/21\/vizepraesident-des-deutschen-bundestages-wolfgang-kubicki-zu-besuch-in-duderstadt\/"},"wordCount":254,"publisher":{"@id":"https:\/\/radioleinewelle.de\/#organization"},"image":{"@id":"https:\/\/radioleinewelle.de\/index.php\/2021\/06\/21\/vizepraesident-des-deutschen-bundestages-wolfgang-kubicki-zu-besuch-in-duderstadt\/#primaryimage"},"thumbnailUrl":"https:\/\/radioleinewelle.de\/wp-content\/uploads\/2021\/06\/Foto-3-Eintrag-Goldenes-Buch-Besuch-Vizepraesident-Kubicki-scaled-1.jpg","keywords":["FDP- Ortsverbandes Altkreis Duderstadt","Konstantin Kuhle","Thorsten Feike","Wolfgang Kubicki"],"articleSection":["Lokalpolitik"],"inLanguage":"de"},{"@type":"WebPage","@id":"https:\/\/radioleinewelle.de\/index.php\/2021\/06\/21\/vizepraesident-des-deutschen-bundestages-wolfgang-kubicki-zu-besuch-in-duderstadt\/","url":"https:\/\/radioleinewelle.de\/index.php\/2021\/06\/21\/vizepraesident-des-deutschen-bundestages-wolfgang-kubicki-zu-besuch-in-duderstadt\/","name":"Vizepr\u00e4sident des Deutschen Bundestages Wolfgang Kubicki zu Besuch in Duderstadt - Radio Leinewelle","isPartOf":{"@id":"https:\/\/radioleinewelle.de\/#website"},"primaryImageOfPage":{"@id":"https:\/\/radioleinewelle.de\/index.php\/2021\/06\/21\/vizepraesident-des-deutschen-bundestages-wolfgang-kubicki-zu-besuch-in-duderstadt\/#primaryimage"},"image":{"@id":"https:\/\/radioleinewelle.de\/index.php\/2021\/06\/21\/vizepraesident-des-deutschen-bundestages-wolfgang-kubicki-zu-besuch-in-duderstadt\/#primaryimage"},"thumbnailUrl":"https:\/\/radioleinewelle.de\/wp-content\/uploads\/2021\/06\/Foto-3-Eintrag-Goldenes-Buch-Besuch-Vizepraesident-Kubicki-scaled-1.jpg","datePublished":"2021-06-21T07:24:29+00:00","breadcrumb":{"@id":"https:\/\/radioleinewelle.de\/index.php\/2021\/06\/21\/vizepraesident-des-deutschen-bundestages-wolfgang-kubicki-zu-besuch-in-duderstadt\/#breadcrumb"},"inLanguage":"de","potentialAction":[{"@type":"ReadAction","target":["https:\/\/radioleinewelle.de\/index.php\/2021\/06\/21\/vizepraesident-des-deutschen-bundestages-wolfgang-kubicki-zu-besuch-in-duderstadt\/"]}]},{"@type":"ImageObject","inLanguage":"de","@id":"https:\/\/radioleinewelle.de\/index.php\/2021\/06\/21\/vizepraesident-des-deutschen-bundestages-wolfgang-kubicki-zu-besuch-in-duderstadt\/#primaryimage","url":"https:\/\/radioleinewelle.de\/wp-content\/uploads\/2021\/06\/Foto-3-Eintrag-Goldenes-Buch-Besuch-Vizepraesident-Kubicki-scaled-1.jpg","contentUrl":"https:\/\/radioleinewelle.de\/wp-content\/uploads\/2021\/06\/Foto-3-Eintrag-Goldenes-Buch-Besuch-Vizepraesident-Kubicki-scaled-1.jpg","width":2560,"height":1761},{"@type":"BreadcrumbList","@id":"https:\/\/radioleinewelle.de\/index.php\/2021\/06\/21\/vizepraesident-des-deutschen-bundestages-wolfgang-kubicki-zu-besuch-in-duderstadt\/#breadcrumb","itemListElement":[{"@type":"ListItem","position":1,"name":"Startseite","item":"https:\/\/radioleinewelle.de\/"},{"@type":"ListItem","position":2,"name":"Vizepr\u00e4sident des Deutschen Bundestages Wolfgang Kubicki zu Besuch in Duderstadt"}]},{"@type":"WebSite","@id":"https:\/\/radioleinewelle.de\/#website","url":"https:\/\/radioleinewelle.de\/","name":"Radio Leinewelle","description":"","publisher":{"@id":"https:\/\/radioleinewelle.de\/#organization"},"potentialAction":[{"@type":"SearchAction","target":{"@type":"EntryPoint","urlTemplate":"https:\/\/radioleinewelle.de\/?s={search_term_string}"},"query-input":{"@type":"PropertyValueSpecification","valueRequired":true,"valueName":"search_term_string"}}],"inLanguage":"de"},{"@type":"Organization","@id":"https:\/\/radioleinewelle.de\/#organization","name":"Radio Leinewelle","alternateName":"Mein Radio f\u00fcr S\u00fcdniedersachsen","url":"https:\/\/radioleinewelle.de\/","logo":{"@type":"ImageObject","inLanguage":"de","@id":"https:\/\/radioleinewelle.de\/#\/schema\/logo\/image\/","url":"https:\/\/radioleinewelle.de\/wp-content\/uploads\/2023\/11\/cropped-Leinewelle_Logo_weiss.png","contentUrl":"https:\/\/radioleinewelle.de\/wp-content\/uploads\/2023\/11\/cropped-Leinewelle_Logo_weiss.png","width":854,"height":260,"caption":"Radio Leinewelle"},"image":{"@id":"https:\/\/radioleinewelle.de\/#\/schema\/logo\/image\/"},"sameAs":["https:\/\/www.facebook.com\/radioleinewelle","https:\/\/x.com\/RLeinewelle","https:\/\/www.instagram.com\/radioleinewelle\/?hl=de"]},{"@type":"Person","@id":"https:\/\/radioleinewelle.de\/#\/schema\/person\/45606f348637df637192dc1b68399a63","name":"Leinewelle","image":{"@type":"ImageObject","inLanguage":"de","@id":"https:\/\/secure.gravatar.com\/avatar\/05c9a17bc973052ee5d91549bd32fb4dd0dc85b7b85ae94b2e2b4943476bbea5?s=96&d=blank&r=g","url":"https:\/\/secure.gravatar.com\/avatar\/05c9a17bc973052ee5d91549bd32fb4dd0dc85b7b85ae94b2e2b4943476bbea5?s=96&d=blank&r=g","contentUrl":"https:\/\/secure.gravatar.com\/avatar\/05c9a17bc973052ee5d91549bd32fb4dd0dc85b7b85ae94b2e2b4943476bbea5?s=96&d=blank&r=g","caption":"Leinewelle"},"sameAs":["http:\/\/localhost\/radio%20leinewelle\/wordpress","https:\/\/www.facebook.com\/radioleinewelle","https:\/\/www.instagram.com\/radioleinewelle","https:\/\/x.com\/https:\/\/twitter.com\/RLeinewelle?ref_src=twsrcgoogletwcampserptwgrauthor","https:\/\/soundcloud.com\/foerderverein-lokalradio?utm_source=clipboard&utm_medium=text&utm_campaign=social_sharing"],"url":"https:\/\/radioleinewelle.de\/index.php\/author\/leinewelle\/"}]}},"_links":{"self":[{"href":"https:\/\/radioleinewelle.de\/index.php\/wp-json\/wp\/v2\/posts\/8766","targetHints":{"allow":["GET"]}}],"collection":[{"href":"https:\/\/radioleinewelle.de\/index.php\/wp-json\/wp\/v2\/posts"}],"about":[{"href":"https:\/\/radioleinewelle.de\/index.php\/wp-json\/wp\/v2\/types\/post"}],"author":[{"embeddable":true,"href":"https:\/\/radioleinewelle.de\/index.php\/wp-json\/wp\/v2\/users\/1"}],"replies":[{"embeddable":true,"href":"https:\/\/radioleinewelle.de\/index.php\/wp-json\/wp\/v2\/comments?post=8766"}],"version-history":[{"count":0,"href":"https:\/\/radioleinewelle.de\/index.php\/wp-json\/wp\/v2\/posts\/8766\/revisions"}],"wp:featuredmedia":[{"embeddable":true,"href":"https:\/\/radioleinewelle.de\/index.php\/wp-json\/wp\/v2\/media\/8768"}],"wp:attachment":[{"href":"https:\/\/radioleinewelle.de\/index.php\/wp-json\/wp\/v2\/media?parent=8766"}],"wp:term":[{"taxonomy":"category","embeddable":true,"href":"https:\/\/radioleinewelle.de\/index.php\/wp-json\/wp\/v2\/categories?post=8766"},{"taxonomy":"post_tag","embeddable":true,"href":"https:\/\/radioleinewelle.de\/index.php\/wp-json\/wp\/v2\/tags?post=8766"}],"curies":[{"name":"wp","href":"https:\/\/api.w.org\/{rel}","templated":true}]}}