{"id":8816,"date":"2021-06-23T04:57:00","date_gmt":"2021-06-23T02:57:00","guid":{"rendered":"https:\/\/radioleinewelle.de\/?p=8816"},"modified":"2021-06-23T04:57:00","modified_gmt":"2021-06-23T02:57:00","slug":"goslar-start-in-den-sommer-mit-kulturrad-und-open-stage","status":"publish","type":"post","link":"https:\/\/radioleinewelle.de\/index.php\/2021\/06\/23\/goslar-start-in-den-sommer-mit-kulturrad-und-open-stage\/","title":{"rendered":"Goslar: Start in den Sommer mit \u201eKulturrad\u201c und Open Stage"},"content":{"rendered":"\n<p>Die Goslarer Innenstadt ist wieder gut gef\u00fcllt und zahlreiche Goslarer und Touristen genie\u00dfen die Lockerungen und das sommerliche Wetter. Um auch das Kulturleben wieder in Schwung zu bringen, holt die GOSLAR marketing gmbh an diesem Freitag, 25. Juni, einen musikalischen Act in die Stadt: Das \u201eKulturrad\u201c radelt von 15:30 Uhr bis ca. 18 Uhr durch die Goslarer Innenstadt und sorgt f\u00fcr gute Stimmung. Das Rad, ausgestattet mit einer kleinen Ladefl\u00e4che, f\u00fchrt die Musiker Isa &amp; Flo (Isablle Gebhardt und Florentin Adolf) mit Gitarre, Gesang und einem Cajon durch die Gassen der Altstadt. Auf der Strecke werden die Beiden immer wieder kleine Stopps einlegen und die mittelalterliche Kulisse Goslars mit ihrer Musik beleben.<\/p>\n\n\n\n<p>Ein weiteres musikalisches Highlight gibt es am Donnerstag, 15. Juli, mit der ersten Open Stage in diesem Jahr, und zwar in sommerlicher Kulisse vor der Steinberg Alm \u201eZum R\u00f6sner\u201c. Unter Einhaltung der geltenden Corona-Regeln bietet ab 19 Uhr die offene B\u00fchne Raum f\u00fcr S\u00e4nger, T\u00e4nzer, Poetry-Slammer, Dichter, Comediens und viele weitere K\u00fcnstler, die ihr Talent innerhalb von 15 Minuten Auftrittszeit unter Beweis stellen k\u00f6nnen. Auch f\u00fcr Verpflegung ist gesorgt \u2013 die Wiese vor der Steinberg Alm l\u00e4dt zum Picknick ein, f\u00fcr das sich G\u00e4ste ihre eigene Decke mitbringen k\u00f6nnen. Getr\u00e4nke und kleinere Gerichte k\u00f6nnen direkt bei der Steinberg Alm bezogen und auf der Picknickdecke verzehrt werden. Von selbst mitgebrachten Speisen und Getr\u00e4nken ist abzusehen. Auf der Terrasse der Steinberg Alm k\u00f6nnen zudem Tische reserviert werden, an denen \u00e1 la Carte bestellt werden kann. K\u00fcnstler als auch G\u00e4ste k\u00f6nnen sich unter&nbsp;<a href=\"http:\/\/www.openstage.goslar.de\/\">www.openstage.goslar.de<\/a>&nbsp;anmelden und ein Ticket f\u00fcr die Open Stage kostenfrei erwerben, das f\u00fcr den Zutritt zwingend digital oder in ausgedruckter Form vorzuweisen ist.<\/p>\n\n\n\n<p>Weitere Informationen unter&nbsp;<a href=\"http:\/\/www.goslar.de\/\">www.goslar.de<\/a>.<\/p>\n","protected":false},"excerpt":{"rendered":"<p>Die Goslarer Innenstadt ist wieder gut gef\u00fcllt und zahlreiche Goslarer und Touristen genie\u00dfen die Lockerungen und das sommerliche Wetter. Um auch das Kulturleben wieder in Schwung zu bringen, holt die GOSLAR marketing gmbh an diesem Freitag, 25. Juni, einen musikalischen Act in die Stadt: Das \u201eKulturrad\u201c radelt von 15:30 Uhr bis ca. 18 Uhr durch [&hellip;]<\/p>\n","protected":false},"author":1,"featured_media":8385,"comment_status":"closed","ping_status":"closed","sticky":false,"template":"","format":"standard","meta":{"saved_in_kubio":false,"footnotes":""},"categories":[41],"tags":[1503,1504,1505,1506],"class_list":["post-8816","post","type-post","status-publish","format-standard","has-post-thumbnail","hentry","category-veranstaltungen","tag-gosler","tag-kulturrad","tag-open-stage","tag-steinberg-alm"],"yoast_head":"<!-- This site is optimized with the Yoast SEO plugin v27.5 - https:\/\/yoast.com\/product\/yoast-seo-wordpress\/ -->\n<title>Goslar: Start in den Sommer mit \u201eKulturrad\u201c und Open Stage - Radio Leinewelle<\/title>\n<meta name=\"robots\" content=\"index, follow, max-snippet:-1, max-image-preview:large, max-video-preview:-1\" \/>\n<link rel=\"canonical\" href=\"https:\/\/radioleinewelle.de\/index.php\/2021\/06\/23\/goslar-start-in-den-sommer-mit-kulturrad-und-open-stage\/\" \/>\n<meta property=\"og:locale\" content=\"de_DE\" \/>\n<meta property=\"og:type\" content=\"article\" \/>\n<meta property=\"og:title\" content=\"Goslar: Start in den Sommer mit \u201eKulturrad\u201c und Open Stage - Radio Leinewelle\" \/>\n<meta property=\"og:description\" content=\"Die Goslarer Innenstadt ist wieder gut gef\u00fcllt und zahlreiche Goslarer und Touristen genie\u00dfen die Lockerungen und das sommerliche Wetter. Um auch das Kulturleben wieder in Schwung zu bringen, holt die GOSLAR marketing gmbh an diesem Freitag, 25. Juni, einen musikalischen Act in die Stadt: Das \u201eKulturrad\u201c radelt von 15:30 Uhr bis ca. 18 Uhr durch [&hellip;]\" \/>\n<meta property=\"og:url\" content=\"https:\/\/radioleinewelle.de\/index.php\/2021\/06\/23\/goslar-start-in-den-sommer-mit-kulturrad-und-open-stage\/\" \/>\n<meta property=\"og:site_name\" content=\"Radio Leinewelle\" \/>\n<meta property=\"article:publisher\" content=\"https:\/\/www.facebook.com\/radioleinewelle\" \/>\n<meta property=\"article:author\" content=\"https:\/\/www.facebook.com\/radioleinewelle\" \/>\n<meta property=\"article:published_time\" content=\"2021-06-23T02:57:00+00:00\" \/>\n<meta property=\"og:image\" content=\"https:\/\/radioleinewelle.de\/wp-content\/uploads\/2021\/06\/monument-4189368_640.jpg\" \/>\n\t<meta property=\"og:image:width\" content=\"640\" \/>\n\t<meta property=\"og:image:height\" content=\"405\" \/>\n\t<meta property=\"og:image:type\" content=\"image\/jpeg\" \/>\n<meta name=\"author\" content=\"Leinewelle\" \/>\n<meta name=\"twitter:card\" content=\"summary_large_image\" \/>\n<meta name=\"twitter:creator\" content=\"@https:\/\/twitter.com\/RLeinewelle?ref_src=twsrcgoogletwcampserptwgrauthor\" \/>\n<meta name=\"twitter:site\" content=\"@RLeinewelle\" \/>\n<meta name=\"twitter:label1\" content=\"Verfasst von\" \/>\n\t<meta name=\"twitter:data1\" content=\"Leinewelle\" \/>\n\t<meta name=\"twitter:label2\" content=\"Gesch\u00e4tzte Lesezeit\" \/>\n\t<meta name=\"twitter:data2\" content=\"2\u00a0Minuten\" \/>\n<script type=\"application\/ld+json\" class=\"yoast-schema-graph\">{\"@context\":\"https:\\\/\\\/schema.org\",\"@graph\":[{\"@type\":\"Article\",\"@id\":\"https:\\\/\\\/radioleinewelle.de\\\/index.php\\\/2021\\\/06\\\/23\\\/goslar-start-in-den-sommer-mit-kulturrad-und-open-stage\\\/#article\",\"isPartOf\":{\"@id\":\"https:\\\/\\\/radioleinewelle.de\\\/index.php\\\/2021\\\/06\\\/23\\\/goslar-start-in-den-sommer-mit-kulturrad-und-open-stage\\\/\"},\"author\":{\"name\":\"Leinewelle\",\"@id\":\"https:\\\/\\\/radioleinewelle.de\\\/#\\\/schema\\\/person\\\/45606f348637df637192dc1b68399a63\"},\"headline\":\"Goslar: Start in den Sommer mit \u201eKulturrad\u201c und Open Stage\",\"datePublished\":\"2021-06-23T02:57:00+00:00\",\"mainEntityOfPage\":{\"@id\":\"https:\\\/\\\/radioleinewelle.de\\\/index.php\\\/2021\\\/06\\\/23\\\/goslar-start-in-den-sommer-mit-kulturrad-und-open-stage\\\/\"},\"wordCount\":315,\"publisher\":{\"@id\":\"https:\\\/\\\/radioleinewelle.de\\\/#organization\"},\"image\":{\"@id\":\"https:\\\/\\\/radioleinewelle.de\\\/index.php\\\/2021\\\/06\\\/23\\\/goslar-start-in-den-sommer-mit-kulturrad-und-open-stage\\\/#primaryimage\"},\"thumbnailUrl\":\"https:\\\/\\\/radioleinewelle.de\\\/wp-content\\\/uploads\\\/2021\\\/06\\\/monument-4189368_640.jpg\",\"keywords\":[\"Gosler\",\"Kulturrad\",\"Open Stage\",\"Steinberg Alm\"],\"articleSection\":[\"Veranstaltungen\"],\"inLanguage\":\"de\"},{\"@type\":\"WebPage\",\"@id\":\"https:\\\/\\\/radioleinewelle.de\\\/index.php\\\/2021\\\/06\\\/23\\\/goslar-start-in-den-sommer-mit-kulturrad-und-open-stage\\\/\",\"url\":\"https:\\\/\\\/radioleinewelle.de\\\/index.php\\\/2021\\\/06\\\/23\\\/goslar-start-in-den-sommer-mit-kulturrad-und-open-stage\\\/\",\"name\":\"Goslar: Start in den Sommer mit \u201eKulturrad\u201c und Open Stage - Radio Leinewelle\",\"isPartOf\":{\"@id\":\"https:\\\/\\\/radioleinewelle.de\\\/#website\"},\"primaryImageOfPage\":{\"@id\":\"https:\\\/\\\/radioleinewelle.de\\\/index.php\\\/2021\\\/06\\\/23\\\/goslar-start-in-den-sommer-mit-kulturrad-und-open-stage\\\/#primaryimage\"},\"image\":{\"@id\":\"https:\\\/\\\/radioleinewelle.de\\\/index.php\\\/2021\\\/06\\\/23\\\/goslar-start-in-den-sommer-mit-kulturrad-und-open-stage\\\/#primaryimage\"},\"thumbnailUrl\":\"https:\\\/\\\/radioleinewelle.de\\\/wp-content\\\/uploads\\\/2021\\\/06\\\/monument-4189368_640.jpg\",\"datePublished\":\"2021-06-23T02:57:00+00:00\",\"breadcrumb\":{\"@id\":\"https:\\\/\\\/radioleinewelle.de\\\/index.php\\\/2021\\\/06\\\/23\\\/goslar-start-in-den-sommer-mit-kulturrad-und-open-stage\\\/#breadcrumb\"},\"inLanguage\":\"de\",\"potentialAction\":[{\"@type\":\"ReadAction\",\"target\":[\"https:\\\/\\\/radioleinewelle.de\\\/index.php\\\/2021\\\/06\\\/23\\\/goslar-start-in-den-sommer-mit-kulturrad-und-open-stage\\\/\"]}]},{\"@type\":\"ImageObject\",\"inLanguage\":\"de\",\"@id\":\"https:\\\/\\\/radioleinewelle.de\\\/index.php\\\/2021\\\/06\\\/23\\\/goslar-start-in-den-sommer-mit-kulturrad-und-open-stage\\\/#primaryimage\",\"url\":\"https:\\\/\\\/radioleinewelle.de\\\/wp-content\\\/uploads\\\/2021\\\/06\\\/monument-4189368_640.jpg\",\"contentUrl\":\"https:\\\/\\\/radioleinewelle.de\\\/wp-content\\\/uploads\\\/2021\\\/06\\\/monument-4189368_640.jpg\",\"width\":640,\"height\":405},{\"@type\":\"BreadcrumbList\",\"@id\":\"https:\\\/\\\/radioleinewelle.de\\\/index.php\\\/2021\\\/06\\\/23\\\/goslar-start-in-den-sommer-mit-kulturrad-und-open-stage\\\/#breadcrumb\",\"itemListElement\":[{\"@type\":\"ListItem\",\"position\":1,\"name\":\"Startseite\",\"item\":\"https:\\\/\\\/radioleinewelle.de\\\/\"},{\"@type\":\"ListItem\",\"position\":2,\"name\":\"Goslar: Start in den Sommer mit \u201eKulturrad\u201c und Open Stage\"}]},{\"@type\":\"WebSite\",\"@id\":\"https:\\\/\\\/radioleinewelle.de\\\/#website\",\"url\":\"https:\\\/\\\/radioleinewelle.de\\\/\",\"name\":\"Radio Leinewelle\",\"description\":\"\",\"publisher\":{\"@id\":\"https:\\\/\\\/radioleinewelle.de\\\/#organization\"},\"potentialAction\":[{\"@type\":\"SearchAction\",\"target\":{\"@type\":\"EntryPoint\",\"urlTemplate\":\"https:\\\/\\\/radioleinewelle.de\\\/?s={search_term_string}\"},\"query-input\":{\"@type\":\"PropertyValueSpecification\",\"valueRequired\":true,\"valueName\":\"search_term_string\"}}],\"inLanguage\":\"de\"},{\"@type\":\"Organization\",\"@id\":\"https:\\\/\\\/radioleinewelle.de\\\/#organization\",\"name\":\"Radio Leinewelle\",\"alternateName\":\"Mein Radio f\u00fcr S\u00fcdniedersachsen\",\"url\":\"https:\\\/\\\/radioleinewelle.de\\\/\",\"logo\":{\"@type\":\"ImageObject\",\"inLanguage\":\"de\",\"@id\":\"https:\\\/\\\/radioleinewelle.de\\\/#\\\/schema\\\/logo\\\/image\\\/\",\"url\":\"https:\\\/\\\/radioleinewelle.de\\\/wp-content\\\/uploads\\\/2023\\\/11\\\/cropped-Leinewelle_Logo_weiss.png\",\"contentUrl\":\"https:\\\/\\\/radioleinewelle.de\\\/wp-content\\\/uploads\\\/2023\\\/11\\\/cropped-Leinewelle_Logo_weiss.png\",\"width\":854,\"height\":260,\"caption\":\"Radio Leinewelle\"},\"image\":{\"@id\":\"https:\\\/\\\/radioleinewelle.de\\\/#\\\/schema\\\/logo\\\/image\\\/\"},\"sameAs\":[\"https:\\\/\\\/www.facebook.com\\\/radioleinewelle\",\"https:\\\/\\\/x.com\\\/RLeinewelle\",\"https:\\\/\\\/www.instagram.com\\\/radioleinewelle\\\/?hl=de\"]},{\"@type\":\"Person\",\"@id\":\"https:\\\/\\\/radioleinewelle.de\\\/#\\\/schema\\\/person\\\/45606f348637df637192dc1b68399a63\",\"name\":\"Leinewelle\",\"image\":{\"@type\":\"ImageObject\",\"inLanguage\":\"de\",\"@id\":\"https:\\\/\\\/secure.gravatar.com\\\/avatar\\\/05c9a17bc973052ee5d91549bd32fb4dd0dc85b7b85ae94b2e2b4943476bbea5?s=96&d=blank&r=g\",\"url\":\"https:\\\/\\\/secure.gravatar.com\\\/avatar\\\/05c9a17bc973052ee5d91549bd32fb4dd0dc85b7b85ae94b2e2b4943476bbea5?s=96&d=blank&r=g\",\"contentUrl\":\"https:\\\/\\\/secure.gravatar.com\\\/avatar\\\/05c9a17bc973052ee5d91549bd32fb4dd0dc85b7b85ae94b2e2b4943476bbea5?s=96&d=blank&r=g\",\"caption\":\"Leinewelle\"},\"sameAs\":[\"http:\\\/\\\/localhost\\\/radio%20leinewelle\\\/wordpress\",\"https:\\\/\\\/www.facebook.com\\\/radioleinewelle\",\"https:\\\/\\\/www.instagram.com\\\/radioleinewelle\",\"https:\\\/\\\/x.com\\\/https:\\\/\\\/twitter.com\\\/RLeinewelle?ref_src=twsrcgoogletwcampserptwgrauthor\",\"https:\\\/\\\/soundcloud.com\\\/foerderverein-lokalradio?utm_source=clipboard&utm_medium=text&utm_campaign=social_sharing\"],\"url\":\"https:\\\/\\\/radioleinewelle.de\\\/index.php\\\/author\\\/leinewelle\\\/\"}]}<\/script>\n<!-- \/ Yoast SEO plugin. -->","yoast_head_json":{"title":"Goslar: Start in den Sommer mit \u201eKulturrad\u201c und Open Stage - Radio Leinewelle","robots":{"index":"index","follow":"follow","max-snippet":"max-snippet:-1","max-image-preview":"max-image-preview:large","max-video-preview":"max-video-preview:-1"},"canonical":"https:\/\/radioleinewelle.de\/index.php\/2021\/06\/23\/goslar-start-in-den-sommer-mit-kulturrad-und-open-stage\/","og_locale":"de_DE","og_type":"article","og_title":"Goslar: Start in den Sommer mit \u201eKulturrad\u201c und Open Stage - Radio Leinewelle","og_description":"Die Goslarer Innenstadt ist wieder gut gef\u00fcllt und zahlreiche Goslarer und Touristen genie\u00dfen die Lockerungen und das sommerliche Wetter. Um auch das Kulturleben wieder in Schwung zu bringen, holt die GOSLAR marketing gmbh an diesem Freitag, 25. Juni, einen musikalischen Act in die Stadt: Das \u201eKulturrad\u201c radelt von 15:30 Uhr bis ca. 18 Uhr durch [&hellip;]","og_url":"https:\/\/radioleinewelle.de\/index.php\/2021\/06\/23\/goslar-start-in-den-sommer-mit-kulturrad-und-open-stage\/","og_site_name":"Radio Leinewelle","article_publisher":"https:\/\/www.facebook.com\/radioleinewelle","article_author":"https:\/\/www.facebook.com\/radioleinewelle","article_published_time":"2021-06-23T02:57:00+00:00","og_image":[{"width":640,"height":405,"url":"https:\/\/radioleinewelle.de\/wp-content\/uploads\/2021\/06\/monument-4189368_640.jpg","type":"image\/jpeg"}],"author":"Leinewelle","twitter_card":"summary_large_image","twitter_creator":"@https:\/\/twitter.com\/RLeinewelle?ref_src=twsrcgoogletwcampserptwgrauthor","twitter_site":"@RLeinewelle","twitter_misc":{"Verfasst von":"Leinewelle","Gesch\u00e4tzte Lesezeit":"2\u00a0Minuten"},"schema":{"@context":"https:\/\/schema.org","@graph":[{"@type":"Article","@id":"https:\/\/radioleinewelle.de\/index.php\/2021\/06\/23\/goslar-start-in-den-sommer-mit-kulturrad-und-open-stage\/#article","isPartOf":{"@id":"https:\/\/radioleinewelle.de\/index.php\/2021\/06\/23\/goslar-start-in-den-sommer-mit-kulturrad-und-open-stage\/"},"author":{"name":"Leinewelle","@id":"https:\/\/radioleinewelle.de\/#\/schema\/person\/45606f348637df637192dc1b68399a63"},"headline":"Goslar: Start in den Sommer mit \u201eKulturrad\u201c und Open Stage","datePublished":"2021-06-23T02:57:00+00:00","mainEntityOfPage":{"@id":"https:\/\/radioleinewelle.de\/index.php\/2021\/06\/23\/goslar-start-in-den-sommer-mit-kulturrad-und-open-stage\/"},"wordCount":315,"publisher":{"@id":"https:\/\/radioleinewelle.de\/#organization"},"image":{"@id":"https:\/\/radioleinewelle.de\/index.php\/2021\/06\/23\/goslar-start-in-den-sommer-mit-kulturrad-und-open-stage\/#primaryimage"},"thumbnailUrl":"https:\/\/radioleinewelle.de\/wp-content\/uploads\/2021\/06\/monument-4189368_640.jpg","keywords":["Gosler","Kulturrad","Open Stage","Steinberg Alm"],"articleSection":["Veranstaltungen"],"inLanguage":"de"},{"@type":"WebPage","@id":"https:\/\/radioleinewelle.de\/index.php\/2021\/06\/23\/goslar-start-in-den-sommer-mit-kulturrad-und-open-stage\/","url":"https:\/\/radioleinewelle.de\/index.php\/2021\/06\/23\/goslar-start-in-den-sommer-mit-kulturrad-und-open-stage\/","name":"Goslar: Start in den Sommer mit \u201eKulturrad\u201c und Open Stage - Radio Leinewelle","isPartOf":{"@id":"https:\/\/radioleinewelle.de\/#website"},"primaryImageOfPage":{"@id":"https:\/\/radioleinewelle.de\/index.php\/2021\/06\/23\/goslar-start-in-den-sommer-mit-kulturrad-und-open-stage\/#primaryimage"},"image":{"@id":"https:\/\/radioleinewelle.de\/index.php\/2021\/06\/23\/goslar-start-in-den-sommer-mit-kulturrad-und-open-stage\/#primaryimage"},"thumbnailUrl":"https:\/\/radioleinewelle.de\/wp-content\/uploads\/2021\/06\/monument-4189368_640.jpg","datePublished":"2021-06-23T02:57:00+00:00","breadcrumb":{"@id":"https:\/\/radioleinewelle.de\/index.php\/2021\/06\/23\/goslar-start-in-den-sommer-mit-kulturrad-und-open-stage\/#breadcrumb"},"inLanguage":"de","potentialAction":[{"@type":"ReadAction","target":["https:\/\/radioleinewelle.de\/index.php\/2021\/06\/23\/goslar-start-in-den-sommer-mit-kulturrad-und-open-stage\/"]}]},{"@type":"ImageObject","inLanguage":"de","@id":"https:\/\/radioleinewelle.de\/index.php\/2021\/06\/23\/goslar-start-in-den-sommer-mit-kulturrad-und-open-stage\/#primaryimage","url":"https:\/\/radioleinewelle.de\/wp-content\/uploads\/2021\/06\/monument-4189368_640.jpg","contentUrl":"https:\/\/radioleinewelle.de\/wp-content\/uploads\/2021\/06\/monument-4189368_640.jpg","width":640,"height":405},{"@type":"BreadcrumbList","@id":"https:\/\/radioleinewelle.de\/index.php\/2021\/06\/23\/goslar-start-in-den-sommer-mit-kulturrad-und-open-stage\/#breadcrumb","itemListElement":[{"@type":"ListItem","position":1,"name":"Startseite","item":"https:\/\/radioleinewelle.de\/"},{"@type":"ListItem","position":2,"name":"Goslar: Start in den Sommer mit \u201eKulturrad\u201c und Open Stage"}]},{"@type":"WebSite","@id":"https:\/\/radioleinewelle.de\/#website","url":"https:\/\/radioleinewelle.de\/","name":"Radio Leinewelle","description":"","publisher":{"@id":"https:\/\/radioleinewelle.de\/#organization"},"potentialAction":[{"@type":"SearchAction","target":{"@type":"EntryPoint","urlTemplate":"https:\/\/radioleinewelle.de\/?s={search_term_string}"},"query-input":{"@type":"PropertyValueSpecification","valueRequired":true,"valueName":"search_term_string"}}],"inLanguage":"de"},{"@type":"Organization","@id":"https:\/\/radioleinewelle.de\/#organization","name":"Radio Leinewelle","alternateName":"Mein Radio f\u00fcr S\u00fcdniedersachsen","url":"https:\/\/radioleinewelle.de\/","logo":{"@type":"ImageObject","inLanguage":"de","@id":"https:\/\/radioleinewelle.de\/#\/schema\/logo\/image\/","url":"https:\/\/radioleinewelle.de\/wp-content\/uploads\/2023\/11\/cropped-Leinewelle_Logo_weiss.png","contentUrl":"https:\/\/radioleinewelle.de\/wp-content\/uploads\/2023\/11\/cropped-Leinewelle_Logo_weiss.png","width":854,"height":260,"caption":"Radio Leinewelle"},"image":{"@id":"https:\/\/radioleinewelle.de\/#\/schema\/logo\/image\/"},"sameAs":["https:\/\/www.facebook.com\/radioleinewelle","https:\/\/x.com\/RLeinewelle","https:\/\/www.instagram.com\/radioleinewelle\/?hl=de"]},{"@type":"Person","@id":"https:\/\/radioleinewelle.de\/#\/schema\/person\/45606f348637df637192dc1b68399a63","name":"Leinewelle","image":{"@type":"ImageObject","inLanguage":"de","@id":"https:\/\/secure.gravatar.com\/avatar\/05c9a17bc973052ee5d91549bd32fb4dd0dc85b7b85ae94b2e2b4943476bbea5?s=96&d=blank&r=g","url":"https:\/\/secure.gravatar.com\/avatar\/05c9a17bc973052ee5d91549bd32fb4dd0dc85b7b85ae94b2e2b4943476bbea5?s=96&d=blank&r=g","contentUrl":"https:\/\/secure.gravatar.com\/avatar\/05c9a17bc973052ee5d91549bd32fb4dd0dc85b7b85ae94b2e2b4943476bbea5?s=96&d=blank&r=g","caption":"Leinewelle"},"sameAs":["http:\/\/localhost\/radio%20leinewelle\/wordpress","https:\/\/www.facebook.com\/radioleinewelle","https:\/\/www.instagram.com\/radioleinewelle","https:\/\/x.com\/https:\/\/twitter.com\/RLeinewelle?ref_src=twsrcgoogletwcampserptwgrauthor","https:\/\/soundcloud.com\/foerderverein-lokalradio?utm_source=clipboard&utm_medium=text&utm_campaign=social_sharing"],"url":"https:\/\/radioleinewelle.de\/index.php\/author\/leinewelle\/"}]}},"_links":{"self":[{"href":"https:\/\/radioleinewelle.de\/index.php\/wp-json\/wp\/v2\/posts\/8816","targetHints":{"allow":["GET"]}}],"collection":[{"href":"https:\/\/radioleinewelle.de\/index.php\/wp-json\/wp\/v2\/posts"}],"about":[{"href":"https:\/\/radioleinewelle.de\/index.php\/wp-json\/wp\/v2\/types\/post"}],"author":[{"embeddable":true,"href":"https:\/\/radioleinewelle.de\/index.php\/wp-json\/wp\/v2\/users\/1"}],"replies":[{"embeddable":true,"href":"https:\/\/radioleinewelle.de\/index.php\/wp-json\/wp\/v2\/comments?post=8816"}],"version-history":[{"count":0,"href":"https:\/\/radioleinewelle.de\/index.php\/wp-json\/wp\/v2\/posts\/8816\/revisions"}],"wp:featuredmedia":[{"embeddable":true,"href":"https:\/\/radioleinewelle.de\/index.php\/wp-json\/wp\/v2\/media\/8385"}],"wp:attachment":[{"href":"https:\/\/radioleinewelle.de\/index.php\/wp-json\/wp\/v2\/media?parent=8816"}],"wp:term":[{"taxonomy":"category","embeddable":true,"href":"https:\/\/radioleinewelle.de\/index.php\/wp-json\/wp\/v2\/categories?post=8816"},{"taxonomy":"post_tag","embeddable":true,"href":"https:\/\/radioleinewelle.de\/index.php\/wp-json\/wp\/v2\/tags?post=8816"}],"curies":[{"name":"wp","href":"https:\/\/api.w.org\/{rel}","templated":true}]}}