{"id":9012,"date":"2021-07-04T05:13:00","date_gmt":"2021-07-04T03:13:00","guid":{"rendered":"https:\/\/radioleinewelle.de\/?p=9012"},"modified":"2021-07-04T05:13:00","modified_gmt":"2021-07-04T03:13:00","slug":"bauarbeiten-an-zob-und-radschnellweg","status":"publish","type":"post","link":"https:\/\/radioleinewelle.de\/index.php\/2021\/07\/04\/bauarbeiten-an-zob-und-radschnellweg\/","title":{"rendered":"Bauarbeiten an ZOB und Radschnellweg"},"content":{"rendered":"\n<p>Am Zentralen Omnibus-Bahnhof (ZOB) G\u00f6ttingen starten am Montag, 5. Juli 2021, umfangreiche Bauarbeiten. Der Fernbussteig soll umgebaut, die angrenzenden Verkehrsfl\u00e4chen erneuert werden. Anschlie\u00dfend folgen Arbeiten an den Au\u00dfenanlagen am Forum Wissen und die Fertigstellung des Radschnellwegs vom Groner Tor bis zum Bahnhof.&nbsp;<\/p>\n\n\n\n<p>Die Bauarbeiten erfolgen in vier Bauabschnitten. Dabei wurden die Arbeiten am ZOB bewusst \u00fcberwiegend f\u00fcr die verkehrsarme Zeit der Sommerferien terminiert. Die anschlie\u00dfenden Arbeiten am Forum Wissen und am Radschnellweg starten voraussichtlich in der 35. Kalenderwoche und sollen Ende September abgeschlossen sein.<\/p>\n\n\n\n<p>Die Fernbushaltstelle wird w\u00e4hrend der Bauarbeiten am ZOB an die Haltstelle an der Berliner Stra\u00dfe verlegt. Alle \u00fcbrigen Bussteige, die von der G\u00f6VB, der RBB, Regio-Bussen und dem ZVSN angefahren werden, bleiben in Betrieb. W\u00e4hrend der Arbeiten am Radschnellweg k\u00f6nnen Radfahrer*innen diesen weiterhin nutzen. F\u00fcr Fu\u00dfg\u00e4nger*innen wird ein Weg zwischen Radschnellweg und Berliner Stra\u00dfe eingerichtet.<\/p>\n","protected":false},"excerpt":{"rendered":"<p>Am Zentralen Omnibus-Bahnhof (ZOB) G\u00f6ttingen starten am Montag, 5. Juli 2021, umfangreiche Bauarbeiten. Der Fernbussteig soll umgebaut, die angrenzenden Verkehrsfl\u00e4chen erneuert werden. Anschlie\u00dfend folgen Arbeiten an den Au\u00dfenanlagen am Forum Wissen und die Fertigstellung des Radschnellwegs vom Groner Tor bis zum Bahnhof.&nbsp; Die Bauarbeiten erfolgen in vier Bauabschnitten. Dabei wurden die Arbeiten am ZOB bewusst [&hellip;]<\/p>\n","protected":false},"author":1,"featured_media":0,"comment_status":"closed","ping_status":"closed","sticky":false,"template":"","format":"standard","meta":{"saved_in_kubio":false,"footnotes":""},"categories":[31],"tags":[1618,1619,1620,1621],"class_list":["post-9012","post","type-post","status-publish","format-standard","hentry","category-bauen-verkehr","tag-bauarbeiten","tag-fernbushaltestelle","tag-radschnellweg","tag-zob"],"yoast_head":"<!-- This site is optimized with the Yoast SEO plugin v27.5 - https:\/\/yoast.com\/product\/yoast-seo-wordpress\/ -->\n<title>Bauarbeiten an ZOB und Radschnellweg - Radio Leinewelle<\/title>\n<meta name=\"robots\" content=\"index, follow, max-snippet:-1, max-image-preview:large, max-video-preview:-1\" \/>\n<link rel=\"canonical\" href=\"https:\/\/radioleinewelle.de\/index.php\/2021\/07\/04\/bauarbeiten-an-zob-und-radschnellweg\/\" \/>\n<meta property=\"og:locale\" content=\"de_DE\" \/>\n<meta property=\"og:type\" content=\"article\" \/>\n<meta property=\"og:title\" content=\"Bauarbeiten an ZOB und Radschnellweg - Radio Leinewelle\" \/>\n<meta property=\"og:description\" content=\"Am Zentralen Omnibus-Bahnhof (ZOB) G\u00f6ttingen starten am Montag, 5. Juli 2021, umfangreiche Bauarbeiten. Der Fernbussteig soll umgebaut, die angrenzenden Verkehrsfl\u00e4chen erneuert werden. Anschlie\u00dfend folgen Arbeiten an den Au\u00dfenanlagen am Forum Wissen und die Fertigstellung des Radschnellwegs vom Groner Tor bis zum Bahnhof.&nbsp; Die Bauarbeiten erfolgen in vier Bauabschnitten. Dabei wurden die Arbeiten am ZOB bewusst [&hellip;]\" \/>\n<meta property=\"og:url\" content=\"https:\/\/radioleinewelle.de\/index.php\/2021\/07\/04\/bauarbeiten-an-zob-und-radschnellweg\/\" \/>\n<meta property=\"og:site_name\" content=\"Radio Leinewelle\" \/>\n<meta property=\"article:publisher\" content=\"https:\/\/www.facebook.com\/radioleinewelle\" \/>\n<meta property=\"article:author\" content=\"https:\/\/www.facebook.com\/radioleinewelle\" \/>\n<meta property=\"article:published_time\" content=\"2021-07-04T03:13:00+00:00\" \/>\n<meta name=\"author\" content=\"Leinewelle\" \/>\n<meta name=\"twitter:card\" content=\"summary_large_image\" \/>\n<meta name=\"twitter:creator\" content=\"@https:\/\/twitter.com\/RLeinewelle?ref_src=twsrcgoogletwcampserptwgrauthor\" \/>\n<meta name=\"twitter:site\" content=\"@RLeinewelle\" \/>\n<meta name=\"twitter:label1\" content=\"Verfasst von\" \/>\n\t<meta name=\"twitter:data1\" content=\"Leinewelle\" \/>\n\t<meta name=\"twitter:label2\" content=\"Gesch\u00e4tzte Lesezeit\" \/>\n\t<meta name=\"twitter:data2\" content=\"1\u00a0Minute\" \/>\n<script type=\"application\/ld+json\" class=\"yoast-schema-graph\">{\"@context\":\"https:\\\/\\\/schema.org\",\"@graph\":[{\"@type\":\"Article\",\"@id\":\"https:\\\/\\\/radioleinewelle.de\\\/index.php\\\/2021\\\/07\\\/04\\\/bauarbeiten-an-zob-und-radschnellweg\\\/#article\",\"isPartOf\":{\"@id\":\"https:\\\/\\\/radioleinewelle.de\\\/index.php\\\/2021\\\/07\\\/04\\\/bauarbeiten-an-zob-und-radschnellweg\\\/\"},\"author\":{\"name\":\"Leinewelle\",\"@id\":\"https:\\\/\\\/radioleinewelle.de\\\/#\\\/schema\\\/person\\\/45606f348637df637192dc1b68399a63\"},\"headline\":\"Bauarbeiten an ZOB und Radschnellweg\",\"datePublished\":\"2021-07-04T03:13:00+00:00\",\"mainEntityOfPage\":{\"@id\":\"https:\\\/\\\/radioleinewelle.de\\\/index.php\\\/2021\\\/07\\\/04\\\/bauarbeiten-an-zob-und-radschnellweg\\\/\"},\"wordCount\":159,\"publisher\":{\"@id\":\"https:\\\/\\\/radioleinewelle.de\\\/#organization\"},\"keywords\":[\"Bauarbeiten\",\"Fernbushaltestelle\",\"Radschnellweg\",\"ZOB\"],\"articleSection\":[\"Bauen &amp; Verkehr\"],\"inLanguage\":\"de\"},{\"@type\":\"WebPage\",\"@id\":\"https:\\\/\\\/radioleinewelle.de\\\/index.php\\\/2021\\\/07\\\/04\\\/bauarbeiten-an-zob-und-radschnellweg\\\/\",\"url\":\"https:\\\/\\\/radioleinewelle.de\\\/index.php\\\/2021\\\/07\\\/04\\\/bauarbeiten-an-zob-und-radschnellweg\\\/\",\"name\":\"Bauarbeiten an ZOB und Radschnellweg - Radio Leinewelle\",\"isPartOf\":{\"@id\":\"https:\\\/\\\/radioleinewelle.de\\\/#website\"},\"datePublished\":\"2021-07-04T03:13:00+00:00\",\"breadcrumb\":{\"@id\":\"https:\\\/\\\/radioleinewelle.de\\\/index.php\\\/2021\\\/07\\\/04\\\/bauarbeiten-an-zob-und-radschnellweg\\\/#breadcrumb\"},\"inLanguage\":\"de\",\"potentialAction\":[{\"@type\":\"ReadAction\",\"target\":[\"https:\\\/\\\/radioleinewelle.de\\\/index.php\\\/2021\\\/07\\\/04\\\/bauarbeiten-an-zob-und-radschnellweg\\\/\"]}]},{\"@type\":\"BreadcrumbList\",\"@id\":\"https:\\\/\\\/radioleinewelle.de\\\/index.php\\\/2021\\\/07\\\/04\\\/bauarbeiten-an-zob-und-radschnellweg\\\/#breadcrumb\",\"itemListElement\":[{\"@type\":\"ListItem\",\"position\":1,\"name\":\"Startseite\",\"item\":\"https:\\\/\\\/radioleinewelle.de\\\/\"},{\"@type\":\"ListItem\",\"position\":2,\"name\":\"Bauarbeiten an ZOB und Radschnellweg\"}]},{\"@type\":\"WebSite\",\"@id\":\"https:\\\/\\\/radioleinewelle.de\\\/#website\",\"url\":\"https:\\\/\\\/radioleinewelle.de\\\/\",\"name\":\"Radio Leinewelle\",\"description\":\"\",\"publisher\":{\"@id\":\"https:\\\/\\\/radioleinewelle.de\\\/#organization\"},\"potentialAction\":[{\"@type\":\"SearchAction\",\"target\":{\"@type\":\"EntryPoint\",\"urlTemplate\":\"https:\\\/\\\/radioleinewelle.de\\\/?s={search_term_string}\"},\"query-input\":{\"@type\":\"PropertyValueSpecification\",\"valueRequired\":true,\"valueName\":\"search_term_string\"}}],\"inLanguage\":\"de\"},{\"@type\":\"Organization\",\"@id\":\"https:\\\/\\\/radioleinewelle.de\\\/#organization\",\"name\":\"Radio Leinewelle\",\"alternateName\":\"Mein Radio f\u00fcr S\u00fcdniedersachsen\",\"url\":\"https:\\\/\\\/radioleinewelle.de\\\/\",\"logo\":{\"@type\":\"ImageObject\",\"inLanguage\":\"de\",\"@id\":\"https:\\\/\\\/radioleinewelle.de\\\/#\\\/schema\\\/logo\\\/image\\\/\",\"url\":\"https:\\\/\\\/radioleinewelle.de\\\/wp-content\\\/uploads\\\/2023\\\/11\\\/cropped-Leinewelle_Logo_weiss.png\",\"contentUrl\":\"https:\\\/\\\/radioleinewelle.de\\\/wp-content\\\/uploads\\\/2023\\\/11\\\/cropped-Leinewelle_Logo_weiss.png\",\"width\":854,\"height\":260,\"caption\":\"Radio Leinewelle\"},\"image\":{\"@id\":\"https:\\\/\\\/radioleinewelle.de\\\/#\\\/schema\\\/logo\\\/image\\\/\"},\"sameAs\":[\"https:\\\/\\\/www.facebook.com\\\/radioleinewelle\",\"https:\\\/\\\/x.com\\\/RLeinewelle\",\"https:\\\/\\\/www.instagram.com\\\/radioleinewelle\\\/?hl=de\"]},{\"@type\":\"Person\",\"@id\":\"https:\\\/\\\/radioleinewelle.de\\\/#\\\/schema\\\/person\\\/45606f348637df637192dc1b68399a63\",\"name\":\"Leinewelle\",\"image\":{\"@type\":\"ImageObject\",\"inLanguage\":\"de\",\"@id\":\"https:\\\/\\\/secure.gravatar.com\\\/avatar\\\/05c9a17bc973052ee5d91549bd32fb4dd0dc85b7b85ae94b2e2b4943476bbea5?s=96&d=blank&r=g\",\"url\":\"https:\\\/\\\/secure.gravatar.com\\\/avatar\\\/05c9a17bc973052ee5d91549bd32fb4dd0dc85b7b85ae94b2e2b4943476bbea5?s=96&d=blank&r=g\",\"contentUrl\":\"https:\\\/\\\/secure.gravatar.com\\\/avatar\\\/05c9a17bc973052ee5d91549bd32fb4dd0dc85b7b85ae94b2e2b4943476bbea5?s=96&d=blank&r=g\",\"caption\":\"Leinewelle\"},\"sameAs\":[\"http:\\\/\\\/localhost\\\/radio%20leinewelle\\\/wordpress\",\"https:\\\/\\\/www.facebook.com\\\/radioleinewelle\",\"https:\\\/\\\/www.instagram.com\\\/radioleinewelle\",\"https:\\\/\\\/x.com\\\/https:\\\/\\\/twitter.com\\\/RLeinewelle?ref_src=twsrcgoogletwcampserptwgrauthor\",\"https:\\\/\\\/soundcloud.com\\\/foerderverein-lokalradio?utm_source=clipboard&utm_medium=text&utm_campaign=social_sharing\"],\"url\":\"https:\\\/\\\/radioleinewelle.de\\\/index.php\\\/author\\\/leinewelle\\\/\"}]}<\/script>\n<!-- \/ Yoast SEO plugin. -->","yoast_head_json":{"title":"Bauarbeiten an ZOB und Radschnellweg - Radio Leinewelle","robots":{"index":"index","follow":"follow","max-snippet":"max-snippet:-1","max-image-preview":"max-image-preview:large","max-video-preview":"max-video-preview:-1"},"canonical":"https:\/\/radioleinewelle.de\/index.php\/2021\/07\/04\/bauarbeiten-an-zob-und-radschnellweg\/","og_locale":"de_DE","og_type":"article","og_title":"Bauarbeiten an ZOB und Radschnellweg - Radio Leinewelle","og_description":"Am Zentralen Omnibus-Bahnhof (ZOB) G\u00f6ttingen starten am Montag, 5. Juli 2021, umfangreiche Bauarbeiten. Der Fernbussteig soll umgebaut, die angrenzenden Verkehrsfl\u00e4chen erneuert werden. Anschlie\u00dfend folgen Arbeiten an den Au\u00dfenanlagen am Forum Wissen und die Fertigstellung des Radschnellwegs vom Groner Tor bis zum Bahnhof.&nbsp; Die Bauarbeiten erfolgen in vier Bauabschnitten. Dabei wurden die Arbeiten am ZOB bewusst [&hellip;]","og_url":"https:\/\/radioleinewelle.de\/index.php\/2021\/07\/04\/bauarbeiten-an-zob-und-radschnellweg\/","og_site_name":"Radio Leinewelle","article_publisher":"https:\/\/www.facebook.com\/radioleinewelle","article_author":"https:\/\/www.facebook.com\/radioleinewelle","article_published_time":"2021-07-04T03:13:00+00:00","author":"Leinewelle","twitter_card":"summary_large_image","twitter_creator":"@https:\/\/twitter.com\/RLeinewelle?ref_src=twsrcgoogletwcampserptwgrauthor","twitter_site":"@RLeinewelle","twitter_misc":{"Verfasst von":"Leinewelle","Gesch\u00e4tzte Lesezeit":"1\u00a0Minute"},"schema":{"@context":"https:\/\/schema.org","@graph":[{"@type":"Article","@id":"https:\/\/radioleinewelle.de\/index.php\/2021\/07\/04\/bauarbeiten-an-zob-und-radschnellweg\/#article","isPartOf":{"@id":"https:\/\/radioleinewelle.de\/index.php\/2021\/07\/04\/bauarbeiten-an-zob-und-radschnellweg\/"},"author":{"name":"Leinewelle","@id":"https:\/\/radioleinewelle.de\/#\/schema\/person\/45606f348637df637192dc1b68399a63"},"headline":"Bauarbeiten an ZOB und Radschnellweg","datePublished":"2021-07-04T03:13:00+00:00","mainEntityOfPage":{"@id":"https:\/\/radioleinewelle.de\/index.php\/2021\/07\/04\/bauarbeiten-an-zob-und-radschnellweg\/"},"wordCount":159,"publisher":{"@id":"https:\/\/radioleinewelle.de\/#organization"},"keywords":["Bauarbeiten","Fernbushaltestelle","Radschnellweg","ZOB"],"articleSection":["Bauen &amp; Verkehr"],"inLanguage":"de"},{"@type":"WebPage","@id":"https:\/\/radioleinewelle.de\/index.php\/2021\/07\/04\/bauarbeiten-an-zob-und-radschnellweg\/","url":"https:\/\/radioleinewelle.de\/index.php\/2021\/07\/04\/bauarbeiten-an-zob-und-radschnellweg\/","name":"Bauarbeiten an ZOB und Radschnellweg - Radio Leinewelle","isPartOf":{"@id":"https:\/\/radioleinewelle.de\/#website"},"datePublished":"2021-07-04T03:13:00+00:00","breadcrumb":{"@id":"https:\/\/radioleinewelle.de\/index.php\/2021\/07\/04\/bauarbeiten-an-zob-und-radschnellweg\/#breadcrumb"},"inLanguage":"de","potentialAction":[{"@type":"ReadAction","target":["https:\/\/radioleinewelle.de\/index.php\/2021\/07\/04\/bauarbeiten-an-zob-und-radschnellweg\/"]}]},{"@type":"BreadcrumbList","@id":"https:\/\/radioleinewelle.de\/index.php\/2021\/07\/04\/bauarbeiten-an-zob-und-radschnellweg\/#breadcrumb","itemListElement":[{"@type":"ListItem","position":1,"name":"Startseite","item":"https:\/\/radioleinewelle.de\/"},{"@type":"ListItem","position":2,"name":"Bauarbeiten an ZOB und Radschnellweg"}]},{"@type":"WebSite","@id":"https:\/\/radioleinewelle.de\/#website","url":"https:\/\/radioleinewelle.de\/","name":"Radio Leinewelle","description":"","publisher":{"@id":"https:\/\/radioleinewelle.de\/#organization"},"potentialAction":[{"@type":"SearchAction","target":{"@type":"EntryPoint","urlTemplate":"https:\/\/radioleinewelle.de\/?s={search_term_string}"},"query-input":{"@type":"PropertyValueSpecification","valueRequired":true,"valueName":"search_term_string"}}],"inLanguage":"de"},{"@type":"Organization","@id":"https:\/\/radioleinewelle.de\/#organization","name":"Radio Leinewelle","alternateName":"Mein Radio f\u00fcr S\u00fcdniedersachsen","url":"https:\/\/radioleinewelle.de\/","logo":{"@type":"ImageObject","inLanguage":"de","@id":"https:\/\/radioleinewelle.de\/#\/schema\/logo\/image\/","url":"https:\/\/radioleinewelle.de\/wp-content\/uploads\/2023\/11\/cropped-Leinewelle_Logo_weiss.png","contentUrl":"https:\/\/radioleinewelle.de\/wp-content\/uploads\/2023\/11\/cropped-Leinewelle_Logo_weiss.png","width":854,"height":260,"caption":"Radio Leinewelle"},"image":{"@id":"https:\/\/radioleinewelle.de\/#\/schema\/logo\/image\/"},"sameAs":["https:\/\/www.facebook.com\/radioleinewelle","https:\/\/x.com\/RLeinewelle","https:\/\/www.instagram.com\/radioleinewelle\/?hl=de"]},{"@type":"Person","@id":"https:\/\/radioleinewelle.de\/#\/schema\/person\/45606f348637df637192dc1b68399a63","name":"Leinewelle","image":{"@type":"ImageObject","inLanguage":"de","@id":"https:\/\/secure.gravatar.com\/avatar\/05c9a17bc973052ee5d91549bd32fb4dd0dc85b7b85ae94b2e2b4943476bbea5?s=96&d=blank&r=g","url":"https:\/\/secure.gravatar.com\/avatar\/05c9a17bc973052ee5d91549bd32fb4dd0dc85b7b85ae94b2e2b4943476bbea5?s=96&d=blank&r=g","contentUrl":"https:\/\/secure.gravatar.com\/avatar\/05c9a17bc973052ee5d91549bd32fb4dd0dc85b7b85ae94b2e2b4943476bbea5?s=96&d=blank&r=g","caption":"Leinewelle"},"sameAs":["http:\/\/localhost\/radio%20leinewelle\/wordpress","https:\/\/www.facebook.com\/radioleinewelle","https:\/\/www.instagram.com\/radioleinewelle","https:\/\/x.com\/https:\/\/twitter.com\/RLeinewelle?ref_src=twsrcgoogletwcampserptwgrauthor","https:\/\/soundcloud.com\/foerderverein-lokalradio?utm_source=clipboard&utm_medium=text&utm_campaign=social_sharing"],"url":"https:\/\/radioleinewelle.de\/index.php\/author\/leinewelle\/"}]}},"_links":{"self":[{"href":"https:\/\/radioleinewelle.de\/index.php\/wp-json\/wp\/v2\/posts\/9012","targetHints":{"allow":["GET"]}}],"collection":[{"href":"https:\/\/radioleinewelle.de\/index.php\/wp-json\/wp\/v2\/posts"}],"about":[{"href":"https:\/\/radioleinewelle.de\/index.php\/wp-json\/wp\/v2\/types\/post"}],"author":[{"embeddable":true,"href":"https:\/\/radioleinewelle.de\/index.php\/wp-json\/wp\/v2\/users\/1"}],"replies":[{"embeddable":true,"href":"https:\/\/radioleinewelle.de\/index.php\/wp-json\/wp\/v2\/comments?post=9012"}],"version-history":[{"count":0,"href":"https:\/\/radioleinewelle.de\/index.php\/wp-json\/wp\/v2\/posts\/9012\/revisions"}],"wp:attachment":[{"href":"https:\/\/radioleinewelle.de\/index.php\/wp-json\/wp\/v2\/media?parent=9012"}],"wp:term":[{"taxonomy":"category","embeddable":true,"href":"https:\/\/radioleinewelle.de\/index.php\/wp-json\/wp\/v2\/categories?post=9012"},{"taxonomy":"post_tag","embeddable":true,"href":"https:\/\/radioleinewelle.de\/index.php\/wp-json\/wp\/v2\/tags?post=9012"}],"curies":[{"name":"wp","href":"https:\/\/api.w.org\/{rel}","templated":true}]}}