{"id":9014,"date":"2021-07-01T05:22:00","date_gmt":"2021-07-01T03:22:00","guid":{"rendered":"https:\/\/radioleinewelle.de\/?p=9014"},"modified":"2021-07-01T05:22:00","modified_gmt":"2021-07-01T03:22:00","slug":"hauptamt-staerkt-ehrenamt-projekt-give-startet-fotowettbewerb","status":"publish","type":"post","link":"https:\/\/radioleinewelle.de\/index.php\/2021\/07\/01\/hauptamt-staerkt-ehrenamt-projekt-give-startet-fotowettbewerb\/","title":{"rendered":"Hauptamt st\u00e4rkt Ehrenamt \u201cProjekt GIVE&#8220; startet Fotowettbewerb"},"content":{"rendered":"\n<p>Um die Bedeutung und das gro\u00dfe Spektrum des Engagements im Landkreis G\u00f6ttingen zu zeigen, ruft das Team des Projekts \u201eGut informiert \u2013 vernetzt engagiert (GIVE)\u201c zur Teilnahme an einem Fotowettbewerb auf. Unter dem Motto \u201eEngagement bewegt\u201c werden vom 1. &#8211; 31.07.2021 Fotos aus der Region gesucht, die bewegende Momente und die Vielfalt des ehrenamtlichen Engagements darstellen. Teilnehmen k\u00f6nnen alle Einwohnerinnen und Einwohner des Landkreises.<\/p>\n\n\n\n<p>Wie sieht das Engagement im Landkreis aus? Wo und wie wird ein Beitrag f\u00fcr die Gemeinschaft geleistet? Kreisrat Marcel Riethig erl\u00e4utert die Idee des Wettbewerbs: \u201eDie Vielfalt des Ehrenamts ist gro\u00df. Wir wollen mit dem Fotowettbewerb das breite Spektrum des ehrenamtlichen Engagements in unserem Landkreis auf einpr\u00e4gsame Weise sichtbar werden lassen. Aufmerksamkeit ist eine wesentliche Grundlage von Wertsch\u00e4tzung und das ehrenamtliche und freiwillige Engagement verdient jede Form der Wertsch\u00e4tzung\u201c.<\/p>\n\n\n\n<p>Eine Auswahl der eingesandten Fotobeitr\u00e4ge wird zu einer digitalen und analogen Ausstellung zusammengestellt und im Herbst 2021 ver\u00f6ffentlicht. Die acht sch\u00f6nsten Engagement-Fotos werden im Rahmen der deutschlandweiten \u201eWoche des b\u00fcrgerschaftlichen Engagements\u201c vom 10.-19.09.2021 mit einem Geldpreis von jeweils 100 Euro ausgezeichnet. Mit einem Sonderpreis von 200 Euro wird zus\u00e4tzlich ein Foto in der Kategorie \u201eInklusion und Engagement\u201c pr\u00e4miert.<\/p>\n\n\n\n<p>Die Fotos k\u00f6nnen vom 1.- 31.07.2021 eingesendet werden. Informationen zum Wettbewerb und zum Projekt \u201eGut informiert \u2013 vernetzt engagiert (GIVE)\u201c unter<a href=\"http:\/\/www.landkreisgoettingen.de\/engagementfoerderung\">www.landkreisgoettingen.de\/engagementfoerderung<\/a>, per E-Mail unter<a href=\"mailto:fotowettbewerb2021@landkreisgoettingen.de\">fotowettbewerb2021@landkreisgoettingen.de<\/a>&nbsp;und telefonisch unter 0551 525-2625 oder 0551 525-3025.<\/p>\n\n\n\n<p>Symbolbild von&nbsp;<a href=\"https:\/\/pixabay.com\/de\/users\/pexels-2286921\/?utm_source=link-attribution&amp;utm_medium=referral&amp;utm_campaign=image&amp;utm_content=2179204\">Pexels<\/a>&nbsp;auf&nbsp;<a href=\"https:\/\/pixabay.com\/de\/?utm_source=link-attribution&amp;utm_medium=referral&amp;utm_campaign=image&amp;utm_content=2179204\">Pixabay<\/a><\/p>\n","protected":false},"excerpt":{"rendered":"<p>Um die Bedeutung und das gro\u00dfe Spektrum des Engagements im Landkreis G\u00f6ttingen zu zeigen, ruft das Team des Projekts \u201eGut informiert \u2013 vernetzt engagiert (GIVE)\u201c zur Teilnahme an einem Fotowettbewerb auf. Unter dem Motto \u201eEngagement bewegt\u201c werden vom 1. &#8211; 31.07.2021 Fotos aus der Region gesucht, die bewegende Momente und die Vielfalt des ehrenamtlichen Engagements [&hellip;]<\/p>\n","protected":false},"author":1,"featured_media":9016,"comment_status":"closed","ping_status":"closed","sticky":false,"template":"","format":"standard","meta":{"saved_in_kubio":false,"footnotes":""},"categories":[836],"tags":[1439,1613,327,1614],"class_list":["post-9014","post","type-post","status-publish","format-standard","has-post-thumbnail","hentry","category-laendliche-region","tag-fotowettbewerb","tag-hauptamt-staerkt-ehrenamt","tag-landkreis-goettingen","tag-projekt-give"],"yoast_head":"<!-- This site is optimized with the Yoast SEO plugin v27.5 - https:\/\/yoast.com\/product\/yoast-seo-wordpress\/ -->\n<title>Hauptamt st\u00e4rkt Ehrenamt \u201cProjekt GIVE&quot; startet Fotowettbewerb - Radio Leinewelle<\/title>\n<meta name=\"robots\" content=\"index, follow, max-snippet:-1, max-image-preview:large, max-video-preview:-1\" \/>\n<link rel=\"canonical\" href=\"https:\/\/radioleinewelle.de\/index.php\/2021\/07\/01\/hauptamt-staerkt-ehrenamt-projekt-give-startet-fotowettbewerb\/\" \/>\n<meta property=\"og:locale\" content=\"de_DE\" \/>\n<meta property=\"og:type\" content=\"article\" \/>\n<meta property=\"og:title\" content=\"Hauptamt st\u00e4rkt Ehrenamt \u201cProjekt GIVE&quot; startet Fotowettbewerb - Radio Leinewelle\" \/>\n<meta property=\"og:description\" content=\"Um die Bedeutung und das gro\u00dfe Spektrum des Engagements im Landkreis G\u00f6ttingen zu zeigen, ruft das Team des Projekts \u201eGut informiert \u2013 vernetzt engagiert (GIVE)\u201c zur Teilnahme an einem Fotowettbewerb auf. Unter dem Motto \u201eEngagement bewegt\u201c werden vom 1. &#8211; 31.07.2021 Fotos aus der Region gesucht, die bewegende Momente und die Vielfalt des ehrenamtlichen Engagements [&hellip;]\" \/>\n<meta property=\"og:url\" content=\"https:\/\/radioleinewelle.de\/index.php\/2021\/07\/01\/hauptamt-staerkt-ehrenamt-projekt-give-startet-fotowettbewerb\/\" \/>\n<meta property=\"og:site_name\" content=\"Radio Leinewelle\" \/>\n<meta property=\"article:publisher\" content=\"https:\/\/www.facebook.com\/radioleinewelle\" \/>\n<meta property=\"article:author\" content=\"https:\/\/www.facebook.com\/radioleinewelle\" \/>\n<meta property=\"article:published_time\" content=\"2021-07-01T03:22:00+00:00\" \/>\n<meta property=\"og:image\" content=\"https:\/\/radioleinewelle.de\/wp-content\/uploads\/2021\/06\/photographer-2179204_640.jpg\" \/>\n\t<meta property=\"og:image:width\" content=\"640\" \/>\n\t<meta property=\"og:image:height\" content=\"360\" \/>\n\t<meta property=\"og:image:type\" content=\"image\/jpeg\" \/>\n<meta name=\"author\" content=\"Leinewelle\" \/>\n<meta name=\"twitter:card\" content=\"summary_large_image\" \/>\n<meta name=\"twitter:creator\" content=\"@https:\/\/twitter.com\/RLeinewelle?ref_src=twsrcgoogletwcampserptwgrauthor\" \/>\n<meta name=\"twitter:site\" content=\"@RLeinewelle\" \/>\n<meta name=\"twitter:label1\" content=\"Verfasst von\" \/>\n\t<meta name=\"twitter:data1\" content=\"Leinewelle\" \/>\n\t<meta name=\"twitter:label2\" content=\"Gesch\u00e4tzte Lesezeit\" \/>\n\t<meta name=\"twitter:data2\" content=\"1\u00a0Minute\" \/>\n<script type=\"application\/ld+json\" class=\"yoast-schema-graph\">{\"@context\":\"https:\\\/\\\/schema.org\",\"@graph\":[{\"@type\":\"Article\",\"@id\":\"https:\\\/\\\/radioleinewelle.de\\\/index.php\\\/2021\\\/07\\\/01\\\/hauptamt-staerkt-ehrenamt-projekt-give-startet-fotowettbewerb\\\/#article\",\"isPartOf\":{\"@id\":\"https:\\\/\\\/radioleinewelle.de\\\/index.php\\\/2021\\\/07\\\/01\\\/hauptamt-staerkt-ehrenamt-projekt-give-startet-fotowettbewerb\\\/\"},\"author\":{\"name\":\"Leinewelle\",\"@id\":\"https:\\\/\\\/radioleinewelle.de\\\/#\\\/schema\\\/person\\\/45606f348637df637192dc1b68399a63\"},\"headline\":\"Hauptamt st\u00e4rkt Ehrenamt \u201cProjekt GIVE&#8220; startet Fotowettbewerb\",\"datePublished\":\"2021-07-01T03:22:00+00:00\",\"mainEntityOfPage\":{\"@id\":\"https:\\\/\\\/radioleinewelle.de\\\/index.php\\\/2021\\\/07\\\/01\\\/hauptamt-staerkt-ehrenamt-projekt-give-startet-fotowettbewerb\\\/\"},\"wordCount\":250,\"publisher\":{\"@id\":\"https:\\\/\\\/radioleinewelle.de\\\/#organization\"},\"image\":{\"@id\":\"https:\\\/\\\/radioleinewelle.de\\\/index.php\\\/2021\\\/07\\\/01\\\/hauptamt-staerkt-ehrenamt-projekt-give-startet-fotowettbewerb\\\/#primaryimage\"},\"thumbnailUrl\":\"https:\\\/\\\/radioleinewelle.de\\\/wp-content\\\/uploads\\\/2021\\\/06\\\/photographer-2179204_640.jpg\",\"keywords\":[\"Fotowettbewerb\",\"Hauptamt st\u00e4rkt Ehrenamt\",\"Landkreis G\u00f6ttingen\",\"Projekt GIVE\"],\"articleSection\":[\"L\u00e4ndliche Region\"],\"inLanguage\":\"de\"},{\"@type\":\"WebPage\",\"@id\":\"https:\\\/\\\/radioleinewelle.de\\\/index.php\\\/2021\\\/07\\\/01\\\/hauptamt-staerkt-ehrenamt-projekt-give-startet-fotowettbewerb\\\/\",\"url\":\"https:\\\/\\\/radioleinewelle.de\\\/index.php\\\/2021\\\/07\\\/01\\\/hauptamt-staerkt-ehrenamt-projekt-give-startet-fotowettbewerb\\\/\",\"name\":\"Hauptamt st\u00e4rkt Ehrenamt \u201cProjekt GIVE\\\" startet Fotowettbewerb - Radio Leinewelle\",\"isPartOf\":{\"@id\":\"https:\\\/\\\/radioleinewelle.de\\\/#website\"},\"primaryImageOfPage\":{\"@id\":\"https:\\\/\\\/radioleinewelle.de\\\/index.php\\\/2021\\\/07\\\/01\\\/hauptamt-staerkt-ehrenamt-projekt-give-startet-fotowettbewerb\\\/#primaryimage\"},\"image\":{\"@id\":\"https:\\\/\\\/radioleinewelle.de\\\/index.php\\\/2021\\\/07\\\/01\\\/hauptamt-staerkt-ehrenamt-projekt-give-startet-fotowettbewerb\\\/#primaryimage\"},\"thumbnailUrl\":\"https:\\\/\\\/radioleinewelle.de\\\/wp-content\\\/uploads\\\/2021\\\/06\\\/photographer-2179204_640.jpg\",\"datePublished\":\"2021-07-01T03:22:00+00:00\",\"breadcrumb\":{\"@id\":\"https:\\\/\\\/radioleinewelle.de\\\/index.php\\\/2021\\\/07\\\/01\\\/hauptamt-staerkt-ehrenamt-projekt-give-startet-fotowettbewerb\\\/#breadcrumb\"},\"inLanguage\":\"de\",\"potentialAction\":[{\"@type\":\"ReadAction\",\"target\":[\"https:\\\/\\\/radioleinewelle.de\\\/index.php\\\/2021\\\/07\\\/01\\\/hauptamt-staerkt-ehrenamt-projekt-give-startet-fotowettbewerb\\\/\"]}]},{\"@type\":\"ImageObject\",\"inLanguage\":\"de\",\"@id\":\"https:\\\/\\\/radioleinewelle.de\\\/index.php\\\/2021\\\/07\\\/01\\\/hauptamt-staerkt-ehrenamt-projekt-give-startet-fotowettbewerb\\\/#primaryimage\",\"url\":\"https:\\\/\\\/radioleinewelle.de\\\/wp-content\\\/uploads\\\/2021\\\/06\\\/photographer-2179204_640.jpg\",\"contentUrl\":\"https:\\\/\\\/radioleinewelle.de\\\/wp-content\\\/uploads\\\/2021\\\/06\\\/photographer-2179204_640.jpg\",\"width\":640,\"height\":360},{\"@type\":\"BreadcrumbList\",\"@id\":\"https:\\\/\\\/radioleinewelle.de\\\/index.php\\\/2021\\\/07\\\/01\\\/hauptamt-staerkt-ehrenamt-projekt-give-startet-fotowettbewerb\\\/#breadcrumb\",\"itemListElement\":[{\"@type\":\"ListItem\",\"position\":1,\"name\":\"Startseite\",\"item\":\"https:\\\/\\\/radioleinewelle.de\\\/\"},{\"@type\":\"ListItem\",\"position\":2,\"name\":\"Hauptamt st\u00e4rkt Ehrenamt \u201cProjekt GIVE&#8220; startet Fotowettbewerb\"}]},{\"@type\":\"WebSite\",\"@id\":\"https:\\\/\\\/radioleinewelle.de\\\/#website\",\"url\":\"https:\\\/\\\/radioleinewelle.de\\\/\",\"name\":\"Radio Leinewelle\",\"description\":\"\",\"publisher\":{\"@id\":\"https:\\\/\\\/radioleinewelle.de\\\/#organization\"},\"potentialAction\":[{\"@type\":\"SearchAction\",\"target\":{\"@type\":\"EntryPoint\",\"urlTemplate\":\"https:\\\/\\\/radioleinewelle.de\\\/?s={search_term_string}\"},\"query-input\":{\"@type\":\"PropertyValueSpecification\",\"valueRequired\":true,\"valueName\":\"search_term_string\"}}],\"inLanguage\":\"de\"},{\"@type\":\"Organization\",\"@id\":\"https:\\\/\\\/radioleinewelle.de\\\/#organization\",\"name\":\"Radio Leinewelle\",\"alternateName\":\"Mein Radio f\u00fcr S\u00fcdniedersachsen\",\"url\":\"https:\\\/\\\/radioleinewelle.de\\\/\",\"logo\":{\"@type\":\"ImageObject\",\"inLanguage\":\"de\",\"@id\":\"https:\\\/\\\/radioleinewelle.de\\\/#\\\/schema\\\/logo\\\/image\\\/\",\"url\":\"https:\\\/\\\/radioleinewelle.de\\\/wp-content\\\/uploads\\\/2023\\\/11\\\/cropped-Leinewelle_Logo_weiss.png\",\"contentUrl\":\"https:\\\/\\\/radioleinewelle.de\\\/wp-content\\\/uploads\\\/2023\\\/11\\\/cropped-Leinewelle_Logo_weiss.png\",\"width\":854,\"height\":260,\"caption\":\"Radio Leinewelle\"},\"image\":{\"@id\":\"https:\\\/\\\/radioleinewelle.de\\\/#\\\/schema\\\/logo\\\/image\\\/\"},\"sameAs\":[\"https:\\\/\\\/www.facebook.com\\\/radioleinewelle\",\"https:\\\/\\\/x.com\\\/RLeinewelle\",\"https:\\\/\\\/www.instagram.com\\\/radioleinewelle\\\/?hl=de\"]},{\"@type\":\"Person\",\"@id\":\"https:\\\/\\\/radioleinewelle.de\\\/#\\\/schema\\\/person\\\/45606f348637df637192dc1b68399a63\",\"name\":\"Leinewelle\",\"image\":{\"@type\":\"ImageObject\",\"inLanguage\":\"de\",\"@id\":\"https:\\\/\\\/secure.gravatar.com\\\/avatar\\\/05c9a17bc973052ee5d91549bd32fb4dd0dc85b7b85ae94b2e2b4943476bbea5?s=96&d=blank&r=g\",\"url\":\"https:\\\/\\\/secure.gravatar.com\\\/avatar\\\/05c9a17bc973052ee5d91549bd32fb4dd0dc85b7b85ae94b2e2b4943476bbea5?s=96&d=blank&r=g\",\"contentUrl\":\"https:\\\/\\\/secure.gravatar.com\\\/avatar\\\/05c9a17bc973052ee5d91549bd32fb4dd0dc85b7b85ae94b2e2b4943476bbea5?s=96&d=blank&r=g\",\"caption\":\"Leinewelle\"},\"sameAs\":[\"http:\\\/\\\/localhost\\\/radio%20leinewelle\\\/wordpress\",\"https:\\\/\\\/www.facebook.com\\\/radioleinewelle\",\"https:\\\/\\\/www.instagram.com\\\/radioleinewelle\",\"https:\\\/\\\/x.com\\\/https:\\\/\\\/twitter.com\\\/RLeinewelle?ref_src=twsrcgoogletwcampserptwgrauthor\",\"https:\\\/\\\/soundcloud.com\\\/foerderverein-lokalradio?utm_source=clipboard&utm_medium=text&utm_campaign=social_sharing\"],\"url\":\"https:\\\/\\\/radioleinewelle.de\\\/index.php\\\/author\\\/leinewelle\\\/\"}]}<\/script>\n<!-- \/ Yoast SEO plugin. -->","yoast_head_json":{"title":"Hauptamt st\u00e4rkt Ehrenamt \u201cProjekt GIVE\" startet Fotowettbewerb - Radio Leinewelle","robots":{"index":"index","follow":"follow","max-snippet":"max-snippet:-1","max-image-preview":"max-image-preview:large","max-video-preview":"max-video-preview:-1"},"canonical":"https:\/\/radioleinewelle.de\/index.php\/2021\/07\/01\/hauptamt-staerkt-ehrenamt-projekt-give-startet-fotowettbewerb\/","og_locale":"de_DE","og_type":"article","og_title":"Hauptamt st\u00e4rkt Ehrenamt \u201cProjekt GIVE\" startet Fotowettbewerb - Radio Leinewelle","og_description":"Um die Bedeutung und das gro\u00dfe Spektrum des Engagements im Landkreis G\u00f6ttingen zu zeigen, ruft das Team des Projekts \u201eGut informiert \u2013 vernetzt engagiert (GIVE)\u201c zur Teilnahme an einem Fotowettbewerb auf. Unter dem Motto \u201eEngagement bewegt\u201c werden vom 1. &#8211; 31.07.2021 Fotos aus der Region gesucht, die bewegende Momente und die Vielfalt des ehrenamtlichen Engagements [&hellip;]","og_url":"https:\/\/radioleinewelle.de\/index.php\/2021\/07\/01\/hauptamt-staerkt-ehrenamt-projekt-give-startet-fotowettbewerb\/","og_site_name":"Radio Leinewelle","article_publisher":"https:\/\/www.facebook.com\/radioleinewelle","article_author":"https:\/\/www.facebook.com\/radioleinewelle","article_published_time":"2021-07-01T03:22:00+00:00","og_image":[{"width":640,"height":360,"url":"https:\/\/radioleinewelle.de\/wp-content\/uploads\/2021\/06\/photographer-2179204_640.jpg","type":"image\/jpeg"}],"author":"Leinewelle","twitter_card":"summary_large_image","twitter_creator":"@https:\/\/twitter.com\/RLeinewelle?ref_src=twsrcgoogletwcampserptwgrauthor","twitter_site":"@RLeinewelle","twitter_misc":{"Verfasst von":"Leinewelle","Gesch\u00e4tzte Lesezeit":"1\u00a0Minute"},"schema":{"@context":"https:\/\/schema.org","@graph":[{"@type":"Article","@id":"https:\/\/radioleinewelle.de\/index.php\/2021\/07\/01\/hauptamt-staerkt-ehrenamt-projekt-give-startet-fotowettbewerb\/#article","isPartOf":{"@id":"https:\/\/radioleinewelle.de\/index.php\/2021\/07\/01\/hauptamt-staerkt-ehrenamt-projekt-give-startet-fotowettbewerb\/"},"author":{"name":"Leinewelle","@id":"https:\/\/radioleinewelle.de\/#\/schema\/person\/45606f348637df637192dc1b68399a63"},"headline":"Hauptamt st\u00e4rkt Ehrenamt \u201cProjekt GIVE&#8220; startet Fotowettbewerb","datePublished":"2021-07-01T03:22:00+00:00","mainEntityOfPage":{"@id":"https:\/\/radioleinewelle.de\/index.php\/2021\/07\/01\/hauptamt-staerkt-ehrenamt-projekt-give-startet-fotowettbewerb\/"},"wordCount":250,"publisher":{"@id":"https:\/\/radioleinewelle.de\/#organization"},"image":{"@id":"https:\/\/radioleinewelle.de\/index.php\/2021\/07\/01\/hauptamt-staerkt-ehrenamt-projekt-give-startet-fotowettbewerb\/#primaryimage"},"thumbnailUrl":"https:\/\/radioleinewelle.de\/wp-content\/uploads\/2021\/06\/photographer-2179204_640.jpg","keywords":["Fotowettbewerb","Hauptamt st\u00e4rkt Ehrenamt","Landkreis G\u00f6ttingen","Projekt GIVE"],"articleSection":["L\u00e4ndliche Region"],"inLanguage":"de"},{"@type":"WebPage","@id":"https:\/\/radioleinewelle.de\/index.php\/2021\/07\/01\/hauptamt-staerkt-ehrenamt-projekt-give-startet-fotowettbewerb\/","url":"https:\/\/radioleinewelle.de\/index.php\/2021\/07\/01\/hauptamt-staerkt-ehrenamt-projekt-give-startet-fotowettbewerb\/","name":"Hauptamt st\u00e4rkt Ehrenamt \u201cProjekt GIVE\" startet Fotowettbewerb - Radio Leinewelle","isPartOf":{"@id":"https:\/\/radioleinewelle.de\/#website"},"primaryImageOfPage":{"@id":"https:\/\/radioleinewelle.de\/index.php\/2021\/07\/01\/hauptamt-staerkt-ehrenamt-projekt-give-startet-fotowettbewerb\/#primaryimage"},"image":{"@id":"https:\/\/radioleinewelle.de\/index.php\/2021\/07\/01\/hauptamt-staerkt-ehrenamt-projekt-give-startet-fotowettbewerb\/#primaryimage"},"thumbnailUrl":"https:\/\/radioleinewelle.de\/wp-content\/uploads\/2021\/06\/photographer-2179204_640.jpg","datePublished":"2021-07-01T03:22:00+00:00","breadcrumb":{"@id":"https:\/\/radioleinewelle.de\/index.php\/2021\/07\/01\/hauptamt-staerkt-ehrenamt-projekt-give-startet-fotowettbewerb\/#breadcrumb"},"inLanguage":"de","potentialAction":[{"@type":"ReadAction","target":["https:\/\/radioleinewelle.de\/index.php\/2021\/07\/01\/hauptamt-staerkt-ehrenamt-projekt-give-startet-fotowettbewerb\/"]}]},{"@type":"ImageObject","inLanguage":"de","@id":"https:\/\/radioleinewelle.de\/index.php\/2021\/07\/01\/hauptamt-staerkt-ehrenamt-projekt-give-startet-fotowettbewerb\/#primaryimage","url":"https:\/\/radioleinewelle.de\/wp-content\/uploads\/2021\/06\/photographer-2179204_640.jpg","contentUrl":"https:\/\/radioleinewelle.de\/wp-content\/uploads\/2021\/06\/photographer-2179204_640.jpg","width":640,"height":360},{"@type":"BreadcrumbList","@id":"https:\/\/radioleinewelle.de\/index.php\/2021\/07\/01\/hauptamt-staerkt-ehrenamt-projekt-give-startet-fotowettbewerb\/#breadcrumb","itemListElement":[{"@type":"ListItem","position":1,"name":"Startseite","item":"https:\/\/radioleinewelle.de\/"},{"@type":"ListItem","position":2,"name":"Hauptamt st\u00e4rkt Ehrenamt \u201cProjekt GIVE&#8220; startet Fotowettbewerb"}]},{"@type":"WebSite","@id":"https:\/\/radioleinewelle.de\/#website","url":"https:\/\/radioleinewelle.de\/","name":"Radio Leinewelle","description":"","publisher":{"@id":"https:\/\/radioleinewelle.de\/#organization"},"potentialAction":[{"@type":"SearchAction","target":{"@type":"EntryPoint","urlTemplate":"https:\/\/radioleinewelle.de\/?s={search_term_string}"},"query-input":{"@type":"PropertyValueSpecification","valueRequired":true,"valueName":"search_term_string"}}],"inLanguage":"de"},{"@type":"Organization","@id":"https:\/\/radioleinewelle.de\/#organization","name":"Radio Leinewelle","alternateName":"Mein Radio f\u00fcr S\u00fcdniedersachsen","url":"https:\/\/radioleinewelle.de\/","logo":{"@type":"ImageObject","inLanguage":"de","@id":"https:\/\/radioleinewelle.de\/#\/schema\/logo\/image\/","url":"https:\/\/radioleinewelle.de\/wp-content\/uploads\/2023\/11\/cropped-Leinewelle_Logo_weiss.png","contentUrl":"https:\/\/radioleinewelle.de\/wp-content\/uploads\/2023\/11\/cropped-Leinewelle_Logo_weiss.png","width":854,"height":260,"caption":"Radio Leinewelle"},"image":{"@id":"https:\/\/radioleinewelle.de\/#\/schema\/logo\/image\/"},"sameAs":["https:\/\/www.facebook.com\/radioleinewelle","https:\/\/x.com\/RLeinewelle","https:\/\/www.instagram.com\/radioleinewelle\/?hl=de"]},{"@type":"Person","@id":"https:\/\/radioleinewelle.de\/#\/schema\/person\/45606f348637df637192dc1b68399a63","name":"Leinewelle","image":{"@type":"ImageObject","inLanguage":"de","@id":"https:\/\/secure.gravatar.com\/avatar\/05c9a17bc973052ee5d91549bd32fb4dd0dc85b7b85ae94b2e2b4943476bbea5?s=96&d=blank&r=g","url":"https:\/\/secure.gravatar.com\/avatar\/05c9a17bc973052ee5d91549bd32fb4dd0dc85b7b85ae94b2e2b4943476bbea5?s=96&d=blank&r=g","contentUrl":"https:\/\/secure.gravatar.com\/avatar\/05c9a17bc973052ee5d91549bd32fb4dd0dc85b7b85ae94b2e2b4943476bbea5?s=96&d=blank&r=g","caption":"Leinewelle"},"sameAs":["http:\/\/localhost\/radio%20leinewelle\/wordpress","https:\/\/www.facebook.com\/radioleinewelle","https:\/\/www.instagram.com\/radioleinewelle","https:\/\/x.com\/https:\/\/twitter.com\/RLeinewelle?ref_src=twsrcgoogletwcampserptwgrauthor","https:\/\/soundcloud.com\/foerderverein-lokalradio?utm_source=clipboard&utm_medium=text&utm_campaign=social_sharing"],"url":"https:\/\/radioleinewelle.de\/index.php\/author\/leinewelle\/"}]}},"_links":{"self":[{"href":"https:\/\/radioleinewelle.de\/index.php\/wp-json\/wp\/v2\/posts\/9014","targetHints":{"allow":["GET"]}}],"collection":[{"href":"https:\/\/radioleinewelle.de\/index.php\/wp-json\/wp\/v2\/posts"}],"about":[{"href":"https:\/\/radioleinewelle.de\/index.php\/wp-json\/wp\/v2\/types\/post"}],"author":[{"embeddable":true,"href":"https:\/\/radioleinewelle.de\/index.php\/wp-json\/wp\/v2\/users\/1"}],"replies":[{"embeddable":true,"href":"https:\/\/radioleinewelle.de\/index.php\/wp-json\/wp\/v2\/comments?post=9014"}],"version-history":[{"count":0,"href":"https:\/\/radioleinewelle.de\/index.php\/wp-json\/wp\/v2\/posts\/9014\/revisions"}],"wp:featuredmedia":[{"embeddable":true,"href":"https:\/\/radioleinewelle.de\/index.php\/wp-json\/wp\/v2\/media\/9016"}],"wp:attachment":[{"href":"https:\/\/radioleinewelle.de\/index.php\/wp-json\/wp\/v2\/media?parent=9014"}],"wp:term":[{"taxonomy":"category","embeddable":true,"href":"https:\/\/radioleinewelle.de\/index.php\/wp-json\/wp\/v2\/categories?post=9014"},{"taxonomy":"post_tag","embeddable":true,"href":"https:\/\/radioleinewelle.de\/index.php\/wp-json\/wp\/v2\/tags?post=9014"}],"curies":[{"name":"wp","href":"https:\/\/api.w.org\/{rel}","templated":true}]}}