{"id":9067,"date":"2021-07-04T05:10:00","date_gmt":"2021-07-04T03:10:00","guid":{"rendered":"https:\/\/radioleinewelle.de\/?p=9067"},"modified":"2021-07-04T05:10:00","modified_gmt":"2021-07-04T03:10:00","slug":"am-04-juli-verkaufsoffener-sonntag-in-goettingen","status":"publish","type":"post","link":"https:\/\/radioleinewelle.de\/index.php\/2021\/07\/04\/am-04-juli-verkaufsoffener-sonntag-in-goettingen\/","title":{"rendered":"Heute verkaufsoffener Sonntag in G\u00f6ttingen"},"content":{"rendered":"\n<p><strong>Mehr und mehr erwacht die G\u00f6ttinger Innenstadt wieder zum Leben und genie\u00dft wiedergewonnene Freiheiten. H\u00e4ndler und Gastronomen freuen sich daher sehr, am 4. Juli 2021 zum verkaufsoffenen Sonntag \u201eG\u00f6ttingen zieht an\u201c einladen zu k\u00f6nnen.&nbsp;Von 13 bis 18 Uhr haben die Gesch\u00e4fte in der City ge\u00f6ffnet.<\/strong>&nbsp;<\/p>\n\n\n\n<p>Auf die Besucher wartet am Sonntag ein erlebnisreicher Stadtbummel mit buntem Programm: Neben zahlreichen individuellen Aktionen der H\u00e4ndler in den Seitenstra\u00dfen l\u00e4dt auf dem Markplatz vor dem Alten Rathaus der Kunsthandwerkermarkt zum St\u00f6bern ein. Flohmarkt-Fans kommen ebenfalls auf Ihre Kosten und k\u00f6nnen auf dem Wochenmarktplatz so manchen Schatz entdecken oder selbst anbieten. Dar\u00fcber hinaus gibt es zahlreiche St\u00e4nde auf der Weender Stra\u00dfe.&nbsp;&nbsp;<\/p>\n\n\n\n<p>Innenstadtbesucher k\u00f6nnen dieses Jahr au\u00dferdem ihren Tag in der City mit einem ganz individuellen Kunstspaziergang kombinieren: Ab dem 26. Juni stellen etliche G\u00f6ttinger K\u00fcnstler im Rahmen des vom Verein KUNST e.V. organisierten Projekts \u201eArtWalk\u201c \u00fcber die gesamte Altstadt verteilt ihre Werke in Schaufenstern und Gesch\u00e4ften aus.&nbsp;<\/p>\n\n\n\n<p>\u201e\u2018G\u00f6ttingen zieht an\u2018 ist eigentlich&nbsp;der traditionelle Fr\u00fchlingsbote&nbsp;unter den Innenstadt-Events und urspr\u00fcnglich auch f\u00fcr den \u00fcblichen Termin im April geplant gewesen\u201c, sagt Frederike Breyer, Gesch\u00e4ftsf\u00fchrerin der Pro-City GmbH. \u201eCorona-bedingt haben wir uns Anfang des Jahres jedoch entschlossen, alle Innenstadt-Events im ersten Halbjahr abzusagen. Deswegen sind wir froh, dass \u201aG\u00f6ttingen zieht an\u2018 nun dank deutlich besserer Lage am 4. Juli nachgeholt werden kann. F\u00fcr viele wird das eine prima Gelegenheit sein, zum Beispiel die Sommergarderobe zu erneuern \u2013 oder einfach einen sch\u00f6nen Tag in der G\u00f6ttinger Innenstadt zu erleben.\u201c&nbsp;<\/p>\n\n\n\n<p>\u201eG\u00f6ttingen zieht an\u201c wird organisiert von der Pro-City GmbH und den Einzelh\u00e4ndlern der G\u00f6ttinger Innenstadt. Zahlreiche Sponsoren unterst\u00fctzen das Format. Das vollst\u00e4ndige Programm gibt es unter&nbsp;<a href=\"http:\/\/www.procity.de\/\" target=\"_blank\" rel=\"noreferrer noopener\">www.procity.de<\/a>&nbsp;und auf in den Gesch\u00e4ften der Innenstadt ausliegenden Flyern.&nbsp;<\/p>\n\n\n\n<p>Plakat: Pro City G\u00f6ttingen<\/p>\n\n\n\n<p><\/p>\n","protected":false},"excerpt":{"rendered":"<p>Mehr und mehr erwacht die G\u00f6ttinger Innenstadt wieder zum Leben und genie\u00dft wiedergewonnene Freiheiten. H\u00e4ndler und Gastronomen freuen sich daher sehr, am 4. Juli 2021 zum verkaufsoffenen Sonntag \u201eG\u00f6ttingen zieht an\u201c einladen zu k\u00f6nnen.&nbsp;Von 13 bis 18 Uhr haben die Gesch\u00e4fte in der City ge\u00f6ffnet.&nbsp; Auf die Besucher wartet am Sonntag ein erlebnisreicher Stadtbummel mit [&hellip;]<\/p>\n","protected":false},"author":1,"featured_media":9069,"comment_status":"closed","ping_status":"closed","sticky":false,"template":"","format":"standard","meta":{"saved_in_kubio":false,"footnotes":""},"categories":[38],"tags":[1638,63,587,1639,1640],"class_list":["post-9067","post","type-post","status-publish","format-standard","has-post-thumbnail","hentry","category-wirtschaft","tag-artwalk","tag-goettingen","tag-kunst-e-v","tag-pro-city-2","tag-verkaufsoffener-sonntag"],"yoast_head":"<!-- This site is optimized with the Yoast SEO plugin v27.5 - https:\/\/yoast.com\/product\/yoast-seo-wordpress\/ -->\n<title>Heute verkaufsoffener Sonntag in G\u00f6ttingen - Radio Leinewelle<\/title>\n<meta name=\"robots\" content=\"index, follow, max-snippet:-1, max-image-preview:large, max-video-preview:-1\" \/>\n<link rel=\"canonical\" href=\"https:\/\/radioleinewelle.de\/index.php\/2021\/07\/04\/am-04-juli-verkaufsoffener-sonntag-in-goettingen\/\" \/>\n<meta property=\"og:locale\" content=\"de_DE\" \/>\n<meta property=\"og:type\" content=\"article\" \/>\n<meta property=\"og:title\" content=\"Heute verkaufsoffener Sonntag in G\u00f6ttingen - Radio Leinewelle\" \/>\n<meta property=\"og:description\" content=\"Mehr und mehr erwacht die G\u00f6ttinger Innenstadt wieder zum Leben und genie\u00dft wiedergewonnene Freiheiten. H\u00e4ndler und Gastronomen freuen sich daher sehr, am 4. Juli 2021 zum verkaufsoffenen Sonntag \u201eG\u00f6ttingen zieht an\u201c einladen zu k\u00f6nnen.&nbsp;Von 13 bis 18 Uhr haben die Gesch\u00e4fte in der City ge\u00f6ffnet.&nbsp; Auf die Besucher wartet am Sonntag ein erlebnisreicher Stadtbummel mit [&hellip;]\" \/>\n<meta property=\"og:url\" content=\"https:\/\/radioleinewelle.de\/index.php\/2021\/07\/04\/am-04-juli-verkaufsoffener-sonntag-in-goettingen\/\" \/>\n<meta property=\"og:site_name\" content=\"Radio Leinewelle\" \/>\n<meta property=\"article:publisher\" content=\"https:\/\/www.facebook.com\/radioleinewelle\" \/>\n<meta property=\"article:author\" content=\"https:\/\/www.facebook.com\/radioleinewelle\" \/>\n<meta property=\"article:published_time\" content=\"2021-07-04T03:10:00+00:00\" \/>\n<meta property=\"og:image\" content=\"https:\/\/radioleinewelle.de\/wp-content\/uploads\/2021\/07\/Goettingen-zieht-an-2021_700x394.png\" \/>\n\t<meta property=\"og:image:width\" content=\"700\" \/>\n\t<meta property=\"og:image:height\" content=\"394\" \/>\n\t<meta property=\"og:image:type\" content=\"image\/png\" \/>\n<meta name=\"author\" content=\"Leinewelle\" \/>\n<meta name=\"twitter:card\" content=\"summary_large_image\" \/>\n<meta name=\"twitter:creator\" content=\"@https:\/\/twitter.com\/RLeinewelle?ref_src=twsrcgoogletwcampserptwgrauthor\" \/>\n<meta name=\"twitter:site\" content=\"@RLeinewelle\" \/>\n<meta name=\"twitter:label1\" content=\"Verfasst von\" \/>\n\t<meta name=\"twitter:data1\" content=\"Leinewelle\" \/>\n\t<meta name=\"twitter:label2\" content=\"Gesch\u00e4tzte Lesezeit\" \/>\n\t<meta name=\"twitter:data2\" content=\"2\u00a0Minuten\" \/>\n<script type=\"application\/ld+json\" class=\"yoast-schema-graph\">{\"@context\":\"https:\\\/\\\/schema.org\",\"@graph\":[{\"@type\":\"Article\",\"@id\":\"https:\\\/\\\/radioleinewelle.de\\\/index.php\\\/2021\\\/07\\\/04\\\/am-04-juli-verkaufsoffener-sonntag-in-goettingen\\\/#article\",\"isPartOf\":{\"@id\":\"https:\\\/\\\/radioleinewelle.de\\\/index.php\\\/2021\\\/07\\\/04\\\/am-04-juli-verkaufsoffener-sonntag-in-goettingen\\\/\"},\"author\":{\"name\":\"Leinewelle\",\"@id\":\"https:\\\/\\\/radioleinewelle.de\\\/#\\\/schema\\\/person\\\/45606f348637df637192dc1b68399a63\"},\"headline\":\"Heute verkaufsoffener Sonntag in G\u00f6ttingen\",\"datePublished\":\"2021-07-04T03:10:00+00:00\",\"mainEntityOfPage\":{\"@id\":\"https:\\\/\\\/radioleinewelle.de\\\/index.php\\\/2021\\\/07\\\/04\\\/am-04-juli-verkaufsoffener-sonntag-in-goettingen\\\/\"},\"wordCount\":333,\"publisher\":{\"@id\":\"https:\\\/\\\/radioleinewelle.de\\\/#organization\"},\"image\":{\"@id\":\"https:\\\/\\\/radioleinewelle.de\\\/index.php\\\/2021\\\/07\\\/04\\\/am-04-juli-verkaufsoffener-sonntag-in-goettingen\\\/#primaryimage\"},\"thumbnailUrl\":\"https:\\\/\\\/radioleinewelle.de\\\/wp-content\\\/uploads\\\/2021\\\/07\\\/Goettingen-zieht-an-2021_700x394.png\",\"keywords\":[\"ArtWalk\",\"G\u00f6ttingen\",\"Kunst e.V.\",\"Pro-City\",\"Verkaufsoffener Sonntag\"],\"articleSection\":[\"Wirtschaft\"],\"inLanguage\":\"de\"},{\"@type\":\"WebPage\",\"@id\":\"https:\\\/\\\/radioleinewelle.de\\\/index.php\\\/2021\\\/07\\\/04\\\/am-04-juli-verkaufsoffener-sonntag-in-goettingen\\\/\",\"url\":\"https:\\\/\\\/radioleinewelle.de\\\/index.php\\\/2021\\\/07\\\/04\\\/am-04-juli-verkaufsoffener-sonntag-in-goettingen\\\/\",\"name\":\"Heute verkaufsoffener Sonntag in G\u00f6ttingen - Radio Leinewelle\",\"isPartOf\":{\"@id\":\"https:\\\/\\\/radioleinewelle.de\\\/#website\"},\"primaryImageOfPage\":{\"@id\":\"https:\\\/\\\/radioleinewelle.de\\\/index.php\\\/2021\\\/07\\\/04\\\/am-04-juli-verkaufsoffener-sonntag-in-goettingen\\\/#primaryimage\"},\"image\":{\"@id\":\"https:\\\/\\\/radioleinewelle.de\\\/index.php\\\/2021\\\/07\\\/04\\\/am-04-juli-verkaufsoffener-sonntag-in-goettingen\\\/#primaryimage\"},\"thumbnailUrl\":\"https:\\\/\\\/radioleinewelle.de\\\/wp-content\\\/uploads\\\/2021\\\/07\\\/Goettingen-zieht-an-2021_700x394.png\",\"datePublished\":\"2021-07-04T03:10:00+00:00\",\"breadcrumb\":{\"@id\":\"https:\\\/\\\/radioleinewelle.de\\\/index.php\\\/2021\\\/07\\\/04\\\/am-04-juli-verkaufsoffener-sonntag-in-goettingen\\\/#breadcrumb\"},\"inLanguage\":\"de\",\"potentialAction\":[{\"@type\":\"ReadAction\",\"target\":[\"https:\\\/\\\/radioleinewelle.de\\\/index.php\\\/2021\\\/07\\\/04\\\/am-04-juli-verkaufsoffener-sonntag-in-goettingen\\\/\"]}]},{\"@type\":\"ImageObject\",\"inLanguage\":\"de\",\"@id\":\"https:\\\/\\\/radioleinewelle.de\\\/index.php\\\/2021\\\/07\\\/04\\\/am-04-juli-verkaufsoffener-sonntag-in-goettingen\\\/#primaryimage\",\"url\":\"https:\\\/\\\/radioleinewelle.de\\\/wp-content\\\/uploads\\\/2021\\\/07\\\/Goettingen-zieht-an-2021_700x394.png\",\"contentUrl\":\"https:\\\/\\\/radioleinewelle.de\\\/wp-content\\\/uploads\\\/2021\\\/07\\\/Goettingen-zieht-an-2021_700x394.png\",\"width\":700,\"height\":394},{\"@type\":\"BreadcrumbList\",\"@id\":\"https:\\\/\\\/radioleinewelle.de\\\/index.php\\\/2021\\\/07\\\/04\\\/am-04-juli-verkaufsoffener-sonntag-in-goettingen\\\/#breadcrumb\",\"itemListElement\":[{\"@type\":\"ListItem\",\"position\":1,\"name\":\"Startseite\",\"item\":\"https:\\\/\\\/radioleinewelle.de\\\/\"},{\"@type\":\"ListItem\",\"position\":2,\"name\":\"Heute verkaufsoffener Sonntag in G\u00f6ttingen\"}]},{\"@type\":\"WebSite\",\"@id\":\"https:\\\/\\\/radioleinewelle.de\\\/#website\",\"url\":\"https:\\\/\\\/radioleinewelle.de\\\/\",\"name\":\"Radio Leinewelle\",\"description\":\"\",\"publisher\":{\"@id\":\"https:\\\/\\\/radioleinewelle.de\\\/#organization\"},\"potentialAction\":[{\"@type\":\"SearchAction\",\"target\":{\"@type\":\"EntryPoint\",\"urlTemplate\":\"https:\\\/\\\/radioleinewelle.de\\\/?s={search_term_string}\"},\"query-input\":{\"@type\":\"PropertyValueSpecification\",\"valueRequired\":true,\"valueName\":\"search_term_string\"}}],\"inLanguage\":\"de\"},{\"@type\":\"Organization\",\"@id\":\"https:\\\/\\\/radioleinewelle.de\\\/#organization\",\"name\":\"Radio Leinewelle\",\"alternateName\":\"Mein Radio f\u00fcr S\u00fcdniedersachsen\",\"url\":\"https:\\\/\\\/radioleinewelle.de\\\/\",\"logo\":{\"@type\":\"ImageObject\",\"inLanguage\":\"de\",\"@id\":\"https:\\\/\\\/radioleinewelle.de\\\/#\\\/schema\\\/logo\\\/image\\\/\",\"url\":\"https:\\\/\\\/radioleinewelle.de\\\/wp-content\\\/uploads\\\/2023\\\/11\\\/cropped-Leinewelle_Logo_weiss.png\",\"contentUrl\":\"https:\\\/\\\/radioleinewelle.de\\\/wp-content\\\/uploads\\\/2023\\\/11\\\/cropped-Leinewelle_Logo_weiss.png\",\"width\":854,\"height\":260,\"caption\":\"Radio Leinewelle\"},\"image\":{\"@id\":\"https:\\\/\\\/radioleinewelle.de\\\/#\\\/schema\\\/logo\\\/image\\\/\"},\"sameAs\":[\"https:\\\/\\\/www.facebook.com\\\/radioleinewelle\",\"https:\\\/\\\/x.com\\\/RLeinewelle\",\"https:\\\/\\\/www.instagram.com\\\/radioleinewelle\\\/?hl=de\"]},{\"@type\":\"Person\",\"@id\":\"https:\\\/\\\/radioleinewelle.de\\\/#\\\/schema\\\/person\\\/45606f348637df637192dc1b68399a63\",\"name\":\"Leinewelle\",\"image\":{\"@type\":\"ImageObject\",\"inLanguage\":\"de\",\"@id\":\"https:\\\/\\\/secure.gravatar.com\\\/avatar\\\/05c9a17bc973052ee5d91549bd32fb4dd0dc85b7b85ae94b2e2b4943476bbea5?s=96&d=blank&r=g\",\"url\":\"https:\\\/\\\/secure.gravatar.com\\\/avatar\\\/05c9a17bc973052ee5d91549bd32fb4dd0dc85b7b85ae94b2e2b4943476bbea5?s=96&d=blank&r=g\",\"contentUrl\":\"https:\\\/\\\/secure.gravatar.com\\\/avatar\\\/05c9a17bc973052ee5d91549bd32fb4dd0dc85b7b85ae94b2e2b4943476bbea5?s=96&d=blank&r=g\",\"caption\":\"Leinewelle\"},\"sameAs\":[\"http:\\\/\\\/localhost\\\/radio%20leinewelle\\\/wordpress\",\"https:\\\/\\\/www.facebook.com\\\/radioleinewelle\",\"https:\\\/\\\/www.instagram.com\\\/radioleinewelle\",\"https:\\\/\\\/x.com\\\/https:\\\/\\\/twitter.com\\\/RLeinewelle?ref_src=twsrcgoogletwcampserptwgrauthor\",\"https:\\\/\\\/soundcloud.com\\\/foerderverein-lokalradio?utm_source=clipboard&utm_medium=text&utm_campaign=social_sharing\"],\"url\":\"https:\\\/\\\/radioleinewelle.de\\\/index.php\\\/author\\\/leinewelle\\\/\"}]}<\/script>\n<!-- \/ Yoast SEO plugin. -->","yoast_head_json":{"title":"Heute verkaufsoffener Sonntag in G\u00f6ttingen - Radio Leinewelle","robots":{"index":"index","follow":"follow","max-snippet":"max-snippet:-1","max-image-preview":"max-image-preview:large","max-video-preview":"max-video-preview:-1"},"canonical":"https:\/\/radioleinewelle.de\/index.php\/2021\/07\/04\/am-04-juli-verkaufsoffener-sonntag-in-goettingen\/","og_locale":"de_DE","og_type":"article","og_title":"Heute verkaufsoffener Sonntag in G\u00f6ttingen - Radio Leinewelle","og_description":"Mehr und mehr erwacht die G\u00f6ttinger Innenstadt wieder zum Leben und genie\u00dft wiedergewonnene Freiheiten. H\u00e4ndler und Gastronomen freuen sich daher sehr, am 4. Juli 2021 zum verkaufsoffenen Sonntag \u201eG\u00f6ttingen zieht an\u201c einladen zu k\u00f6nnen.&nbsp;Von 13 bis 18 Uhr haben die Gesch\u00e4fte in der City ge\u00f6ffnet.&nbsp; Auf die Besucher wartet am Sonntag ein erlebnisreicher Stadtbummel mit [&hellip;]","og_url":"https:\/\/radioleinewelle.de\/index.php\/2021\/07\/04\/am-04-juli-verkaufsoffener-sonntag-in-goettingen\/","og_site_name":"Radio Leinewelle","article_publisher":"https:\/\/www.facebook.com\/radioleinewelle","article_author":"https:\/\/www.facebook.com\/radioleinewelle","article_published_time":"2021-07-04T03:10:00+00:00","og_image":[{"width":700,"height":394,"url":"https:\/\/radioleinewelle.de\/wp-content\/uploads\/2021\/07\/Goettingen-zieht-an-2021_700x394.png","type":"image\/png"}],"author":"Leinewelle","twitter_card":"summary_large_image","twitter_creator":"@https:\/\/twitter.com\/RLeinewelle?ref_src=twsrcgoogletwcampserptwgrauthor","twitter_site":"@RLeinewelle","twitter_misc":{"Verfasst von":"Leinewelle","Gesch\u00e4tzte Lesezeit":"2\u00a0Minuten"},"schema":{"@context":"https:\/\/schema.org","@graph":[{"@type":"Article","@id":"https:\/\/radioleinewelle.de\/index.php\/2021\/07\/04\/am-04-juli-verkaufsoffener-sonntag-in-goettingen\/#article","isPartOf":{"@id":"https:\/\/radioleinewelle.de\/index.php\/2021\/07\/04\/am-04-juli-verkaufsoffener-sonntag-in-goettingen\/"},"author":{"name":"Leinewelle","@id":"https:\/\/radioleinewelle.de\/#\/schema\/person\/45606f348637df637192dc1b68399a63"},"headline":"Heute verkaufsoffener Sonntag in G\u00f6ttingen","datePublished":"2021-07-04T03:10:00+00:00","mainEntityOfPage":{"@id":"https:\/\/radioleinewelle.de\/index.php\/2021\/07\/04\/am-04-juli-verkaufsoffener-sonntag-in-goettingen\/"},"wordCount":333,"publisher":{"@id":"https:\/\/radioleinewelle.de\/#organization"},"image":{"@id":"https:\/\/radioleinewelle.de\/index.php\/2021\/07\/04\/am-04-juli-verkaufsoffener-sonntag-in-goettingen\/#primaryimage"},"thumbnailUrl":"https:\/\/radioleinewelle.de\/wp-content\/uploads\/2021\/07\/Goettingen-zieht-an-2021_700x394.png","keywords":["ArtWalk","G\u00f6ttingen","Kunst e.V.","Pro-City","Verkaufsoffener Sonntag"],"articleSection":["Wirtschaft"],"inLanguage":"de"},{"@type":"WebPage","@id":"https:\/\/radioleinewelle.de\/index.php\/2021\/07\/04\/am-04-juli-verkaufsoffener-sonntag-in-goettingen\/","url":"https:\/\/radioleinewelle.de\/index.php\/2021\/07\/04\/am-04-juli-verkaufsoffener-sonntag-in-goettingen\/","name":"Heute verkaufsoffener Sonntag in G\u00f6ttingen - Radio Leinewelle","isPartOf":{"@id":"https:\/\/radioleinewelle.de\/#website"},"primaryImageOfPage":{"@id":"https:\/\/radioleinewelle.de\/index.php\/2021\/07\/04\/am-04-juli-verkaufsoffener-sonntag-in-goettingen\/#primaryimage"},"image":{"@id":"https:\/\/radioleinewelle.de\/index.php\/2021\/07\/04\/am-04-juli-verkaufsoffener-sonntag-in-goettingen\/#primaryimage"},"thumbnailUrl":"https:\/\/radioleinewelle.de\/wp-content\/uploads\/2021\/07\/Goettingen-zieht-an-2021_700x394.png","datePublished":"2021-07-04T03:10:00+00:00","breadcrumb":{"@id":"https:\/\/radioleinewelle.de\/index.php\/2021\/07\/04\/am-04-juli-verkaufsoffener-sonntag-in-goettingen\/#breadcrumb"},"inLanguage":"de","potentialAction":[{"@type":"ReadAction","target":["https:\/\/radioleinewelle.de\/index.php\/2021\/07\/04\/am-04-juli-verkaufsoffener-sonntag-in-goettingen\/"]}]},{"@type":"ImageObject","inLanguage":"de","@id":"https:\/\/radioleinewelle.de\/index.php\/2021\/07\/04\/am-04-juli-verkaufsoffener-sonntag-in-goettingen\/#primaryimage","url":"https:\/\/radioleinewelle.de\/wp-content\/uploads\/2021\/07\/Goettingen-zieht-an-2021_700x394.png","contentUrl":"https:\/\/radioleinewelle.de\/wp-content\/uploads\/2021\/07\/Goettingen-zieht-an-2021_700x394.png","width":700,"height":394},{"@type":"BreadcrumbList","@id":"https:\/\/radioleinewelle.de\/index.php\/2021\/07\/04\/am-04-juli-verkaufsoffener-sonntag-in-goettingen\/#breadcrumb","itemListElement":[{"@type":"ListItem","position":1,"name":"Startseite","item":"https:\/\/radioleinewelle.de\/"},{"@type":"ListItem","position":2,"name":"Heute verkaufsoffener Sonntag in G\u00f6ttingen"}]},{"@type":"WebSite","@id":"https:\/\/radioleinewelle.de\/#website","url":"https:\/\/radioleinewelle.de\/","name":"Radio Leinewelle","description":"","publisher":{"@id":"https:\/\/radioleinewelle.de\/#organization"},"potentialAction":[{"@type":"SearchAction","target":{"@type":"EntryPoint","urlTemplate":"https:\/\/radioleinewelle.de\/?s={search_term_string}"},"query-input":{"@type":"PropertyValueSpecification","valueRequired":true,"valueName":"search_term_string"}}],"inLanguage":"de"},{"@type":"Organization","@id":"https:\/\/radioleinewelle.de\/#organization","name":"Radio Leinewelle","alternateName":"Mein Radio f\u00fcr S\u00fcdniedersachsen","url":"https:\/\/radioleinewelle.de\/","logo":{"@type":"ImageObject","inLanguage":"de","@id":"https:\/\/radioleinewelle.de\/#\/schema\/logo\/image\/","url":"https:\/\/radioleinewelle.de\/wp-content\/uploads\/2023\/11\/cropped-Leinewelle_Logo_weiss.png","contentUrl":"https:\/\/radioleinewelle.de\/wp-content\/uploads\/2023\/11\/cropped-Leinewelle_Logo_weiss.png","width":854,"height":260,"caption":"Radio Leinewelle"},"image":{"@id":"https:\/\/radioleinewelle.de\/#\/schema\/logo\/image\/"},"sameAs":["https:\/\/www.facebook.com\/radioleinewelle","https:\/\/x.com\/RLeinewelle","https:\/\/www.instagram.com\/radioleinewelle\/?hl=de"]},{"@type":"Person","@id":"https:\/\/radioleinewelle.de\/#\/schema\/person\/45606f348637df637192dc1b68399a63","name":"Leinewelle","image":{"@type":"ImageObject","inLanguage":"de","@id":"https:\/\/secure.gravatar.com\/avatar\/05c9a17bc973052ee5d91549bd32fb4dd0dc85b7b85ae94b2e2b4943476bbea5?s=96&d=blank&r=g","url":"https:\/\/secure.gravatar.com\/avatar\/05c9a17bc973052ee5d91549bd32fb4dd0dc85b7b85ae94b2e2b4943476bbea5?s=96&d=blank&r=g","contentUrl":"https:\/\/secure.gravatar.com\/avatar\/05c9a17bc973052ee5d91549bd32fb4dd0dc85b7b85ae94b2e2b4943476bbea5?s=96&d=blank&r=g","caption":"Leinewelle"},"sameAs":["http:\/\/localhost\/radio%20leinewelle\/wordpress","https:\/\/www.facebook.com\/radioleinewelle","https:\/\/www.instagram.com\/radioleinewelle","https:\/\/x.com\/https:\/\/twitter.com\/RLeinewelle?ref_src=twsrcgoogletwcampserptwgrauthor","https:\/\/soundcloud.com\/foerderverein-lokalradio?utm_source=clipboard&utm_medium=text&utm_campaign=social_sharing"],"url":"https:\/\/radioleinewelle.de\/index.php\/author\/leinewelle\/"}]}},"_links":{"self":[{"href":"https:\/\/radioleinewelle.de\/index.php\/wp-json\/wp\/v2\/posts\/9067","targetHints":{"allow":["GET"]}}],"collection":[{"href":"https:\/\/radioleinewelle.de\/index.php\/wp-json\/wp\/v2\/posts"}],"about":[{"href":"https:\/\/radioleinewelle.de\/index.php\/wp-json\/wp\/v2\/types\/post"}],"author":[{"embeddable":true,"href":"https:\/\/radioleinewelle.de\/index.php\/wp-json\/wp\/v2\/users\/1"}],"replies":[{"embeddable":true,"href":"https:\/\/radioleinewelle.de\/index.php\/wp-json\/wp\/v2\/comments?post=9067"}],"version-history":[{"count":0,"href":"https:\/\/radioleinewelle.de\/index.php\/wp-json\/wp\/v2\/posts\/9067\/revisions"}],"wp:featuredmedia":[{"embeddable":true,"href":"https:\/\/radioleinewelle.de\/index.php\/wp-json\/wp\/v2\/media\/9069"}],"wp:attachment":[{"href":"https:\/\/radioleinewelle.de\/index.php\/wp-json\/wp\/v2\/media?parent=9067"}],"wp:term":[{"taxonomy":"category","embeddable":true,"href":"https:\/\/radioleinewelle.de\/index.php\/wp-json\/wp\/v2\/categories?post=9067"},{"taxonomy":"post_tag","embeddable":true,"href":"https:\/\/radioleinewelle.de\/index.php\/wp-json\/wp\/v2\/tags?post=9067"}],"curies":[{"name":"wp","href":"https:\/\/api.w.org\/{rel}","templated":true}]}}