{"id":9077,"date":"2021-07-03T04:50:00","date_gmt":"2021-07-03T02:50:00","guid":{"rendered":"https:\/\/radioleinewelle.de\/?p=9077"},"modified":"2021-07-03T04:50:00","modified_gmt":"2021-07-03T02:50:00","slug":"wissenschaftskonferenz-beschliesst-foerderung-von-zwei-forschungsbauten-in-niedersachsen","status":"publish","type":"post","link":"https:\/\/radioleinewelle.de\/index.php\/2021\/07\/03\/wissenschaftskonferenz-beschliesst-foerderung-von-zwei-forschungsbauten-in-niedersachsen\/","title":{"rendered":"Wissenschaftskonferenz beschlie\u00dft F\u00f6rderung von zwei Forschungsbauten in Niedersachsen"},"content":{"rendered":"\n<p>Die Gemeinsame Wissenschaftskonferenz von Bund und L\u00e4ndern (GWK) hat die F\u00f6rderung von zwei Forschungsbauten in Niedersachsen beschlossen. Insgesamt rund 92 Millionen Euro gehen in der n\u00e4chsten F\u00f6rderphase 2022 des Bund-L\u00e4nder-Programms \u201eForschungsbauten\u201c an die Universit\u00e4t G\u00f6ttingen und die Universit\u00e4t Hannover. Der F\u00f6rderzeitraum betr\u00e4gt maximal f\u00fcnf Jahre. Die Kosten tragen Bund und Land zu gleichen Teilen.<\/p>\n\n\n\n<p>\u201eIch freue mich \u00fcber die beiden Zukunftsprojekte an den Universit\u00e4ten G\u00f6ttingen und Hannover\u201c, so Niedersachsens Wissenschaftsminister Bj\u00f6rn Th\u00fcmler. \u201eIm Opticum in Hannover sollen ganz neue Wege f\u00fcr die Produktion in der Optik definiert werden, in G\u00f6ttingen steht das Verhalten und die Wahrnehmung des Menschen im Vordergrund des beantragten Forschungszentrums.&#8220; <\/p>\n\n\n\n<p>Von den bundesweit insgesamt neun Antr\u00e4gen hat die GWK acht Vorhaben in die gemeinsame F\u00f6rderung von Forschungsbauten aufgenommen.<\/p>\n\n\n\n<p><strong>Universit\u00e4t G\u00f6ttingen: Forschungszentrum Human Cognition an Behavior (HuCaB)<br \/><\/strong>Das neue Forschungsgeb\u00e4ude soll ein interdisziplin\u00e4res Zentrum zur Erforschung menschlicher Sozialkognition beherbergen. Die beantragten Gesamtkosten belaufen sich auf insgesamt 37,8 Millionen Euro. Das neue Geb\u00e4ude mit einer Gesamtfl\u00e4che von rund 3.500 Quadratmetern soll am Zentralcampus der Universit\u00e4t entstehen.Es soll nicht nur die Methoden, sondern auch die Expertise aus verschiedenen Fachrichtungen unter einem Dach vereinen.<\/p>\n\n\n\n<p><strong>Universit\u00e4t Hannover: Optics University Center and Campus (OPTICUM)<br \/><\/strong>Im OPTICUM sollen in einem interdisziplin\u00e4ren Ansatz Design und Herstellung von Pr\u00e4zisionsoptik neu definiert werden. Es soll die Leitfrage beantwortet werden, wie zuk\u00fcnftige Optiksysteme unter Abw\u00e4gung der notwendigen Pr\u00e4zision, dem Grad der Integration, der Individualit\u00e4t des Ressourcenverbrauchs und der Kosten produziert werden k\u00f6nnen. Dar\u00fcber hinaus sollen die Kooperationspotenziale mit der optischen Industrie weiter erh\u00f6ht werden. Die beantragten Baukosten belaufen sich auf rund 54, 2 Millionen Euro.<\/p>\n\n\n\n<p>Foto: Uni G\u00f6ttingen \/ AGN Architekten<\/p>\n\n\n\n<p><\/p>\n","protected":false},"excerpt":{"rendered":"<p>Die Gemeinsame Wissenschaftskonferenz von Bund und L\u00e4ndern (GWK) hat die F\u00f6rderung von zwei Forschungsbauten in Niedersachsen beschlossen. Insgesamt rund 92 Millionen Euro gehen in der n\u00e4chsten F\u00f6rderphase 2022 des Bund-L\u00e4nder-Programms \u201eForschungsbauten\u201c an die Universit\u00e4t G\u00f6ttingen und die Universit\u00e4t Hannover. Der F\u00f6rderzeitraum betr\u00e4gt maximal f\u00fcnf Jahre. Die Kosten tragen Bund und Land zu gleichen Teilen. \u201eIch [&hellip;]<\/p>\n","protected":false},"author":1,"featured_media":9079,"comment_status":"closed","ping_status":"closed","sticky":false,"template":"","format":"standard","meta":{"saved_in_kubio":false,"footnotes":""},"categories":[35],"tags":[1644,36],"class_list":["post-9077","post","type-post","status-publish","format-standard","has-post-thumbnail","hentry","category-universitaet","tag-forschungsbauten","tag-universitaet-goettingen"],"yoast_head":"<!-- This site is optimized with the Yoast SEO plugin v27.5 - https:\/\/yoast.com\/product\/yoast-seo-wordpress\/ -->\n<title>Wissenschaftskonferenz beschlie\u00dft F\u00f6rderung von zwei Forschungsbauten in Niedersachsen - Radio Leinewelle<\/title>\n<meta name=\"robots\" content=\"index, follow, max-snippet:-1, max-image-preview:large, max-video-preview:-1\" \/>\n<link rel=\"canonical\" href=\"https:\/\/radioleinewelle.de\/index.php\/2021\/07\/03\/wissenschaftskonferenz-beschliesst-foerderung-von-zwei-forschungsbauten-in-niedersachsen\/\" \/>\n<meta property=\"og:locale\" content=\"de_DE\" \/>\n<meta property=\"og:type\" content=\"article\" \/>\n<meta property=\"og:title\" content=\"Wissenschaftskonferenz beschlie\u00dft F\u00f6rderung von zwei Forschungsbauten in Niedersachsen - Radio Leinewelle\" \/>\n<meta property=\"og:description\" content=\"Die Gemeinsame Wissenschaftskonferenz von Bund und L\u00e4ndern (GWK) hat die F\u00f6rderung von zwei Forschungsbauten in Niedersachsen beschlossen. Insgesamt rund 92 Millionen Euro gehen in der n\u00e4chsten F\u00f6rderphase 2022 des Bund-L\u00e4nder-Programms \u201eForschungsbauten\u201c an die Universit\u00e4t G\u00f6ttingen und die Universit\u00e4t Hannover. Der F\u00f6rderzeitraum betr\u00e4gt maximal f\u00fcnf Jahre. Die Kosten tragen Bund und Land zu gleichen Teilen. \u201eIch [&hellip;]\" \/>\n<meta property=\"og:url\" content=\"https:\/\/radioleinewelle.de\/index.php\/2021\/07\/03\/wissenschaftskonferenz-beschliesst-foerderung-von-zwei-forschungsbauten-in-niedersachsen\/\" \/>\n<meta property=\"og:site_name\" content=\"Radio Leinewelle\" \/>\n<meta property=\"article:publisher\" content=\"https:\/\/www.facebook.com\/radioleinewelle\" \/>\n<meta property=\"article:author\" content=\"https:\/\/www.facebook.com\/radioleinewelle\" \/>\n<meta property=\"article:published_time\" content=\"2021-07-03T02:50:00+00:00\" \/>\n<meta property=\"og:image\" content=\"https:\/\/radioleinewelle.de\/wp-content\/uploads\/2021\/07\/Forschungsbau-Goettingen-e1625255485398.jpg\" \/>\n\t<meta property=\"og:image:width\" content=\"600\" \/>\n\t<meta property=\"og:image:height\" content=\"412\" \/>\n\t<meta property=\"og:image:type\" content=\"image\/jpeg\" \/>\n<meta name=\"author\" content=\"Leinewelle\" \/>\n<meta name=\"twitter:card\" content=\"summary_large_image\" \/>\n<meta name=\"twitter:creator\" content=\"@https:\/\/twitter.com\/RLeinewelle?ref_src=twsrcgoogletwcampserptwgrauthor\" \/>\n<meta name=\"twitter:site\" content=\"@RLeinewelle\" \/>\n<meta name=\"twitter:label1\" content=\"Verfasst von\" \/>\n\t<meta name=\"twitter:data1\" content=\"Leinewelle\" \/>\n\t<meta name=\"twitter:label2\" content=\"Gesch\u00e4tzte Lesezeit\" \/>\n\t<meta name=\"twitter:data2\" content=\"2\u00a0Minuten\" \/>\n<script type=\"application\/ld+json\" class=\"yoast-schema-graph\">{\"@context\":\"https:\\\/\\\/schema.org\",\"@graph\":[{\"@type\":\"Article\",\"@id\":\"https:\\\/\\\/radioleinewelle.de\\\/index.php\\\/2021\\\/07\\\/03\\\/wissenschaftskonferenz-beschliesst-foerderung-von-zwei-forschungsbauten-in-niedersachsen\\\/#article\",\"isPartOf\":{\"@id\":\"https:\\\/\\\/radioleinewelle.de\\\/index.php\\\/2021\\\/07\\\/03\\\/wissenschaftskonferenz-beschliesst-foerderung-von-zwei-forschungsbauten-in-niedersachsen\\\/\"},\"author\":{\"name\":\"Leinewelle\",\"@id\":\"https:\\\/\\\/radioleinewelle.de\\\/#\\\/schema\\\/person\\\/45606f348637df637192dc1b68399a63\"},\"headline\":\"Wissenschaftskonferenz beschlie\u00dft F\u00f6rderung von zwei Forschungsbauten in Niedersachsen\",\"datePublished\":\"2021-07-03T02:50:00+00:00\",\"mainEntityOfPage\":{\"@id\":\"https:\\\/\\\/radioleinewelle.de\\\/index.php\\\/2021\\\/07\\\/03\\\/wissenschaftskonferenz-beschliesst-foerderung-von-zwei-forschungsbauten-in-niedersachsen\\\/\"},\"wordCount\":304,\"publisher\":{\"@id\":\"https:\\\/\\\/radioleinewelle.de\\\/#organization\"},\"image\":{\"@id\":\"https:\\\/\\\/radioleinewelle.de\\\/index.php\\\/2021\\\/07\\\/03\\\/wissenschaftskonferenz-beschliesst-foerderung-von-zwei-forschungsbauten-in-niedersachsen\\\/#primaryimage\"},\"thumbnailUrl\":\"https:\\\/\\\/radioleinewelle.de\\\/wp-content\\\/uploads\\\/2021\\\/07\\\/Forschungsbau-Goettingen-e1625255485398.jpg\",\"keywords\":[\"Forschungsbauten\",\"Universit\u00e4t G\u00f6ttingen\"],\"articleSection\":[\"Universit\u00e4t\"],\"inLanguage\":\"de\"},{\"@type\":\"WebPage\",\"@id\":\"https:\\\/\\\/radioleinewelle.de\\\/index.php\\\/2021\\\/07\\\/03\\\/wissenschaftskonferenz-beschliesst-foerderung-von-zwei-forschungsbauten-in-niedersachsen\\\/\",\"url\":\"https:\\\/\\\/radioleinewelle.de\\\/index.php\\\/2021\\\/07\\\/03\\\/wissenschaftskonferenz-beschliesst-foerderung-von-zwei-forschungsbauten-in-niedersachsen\\\/\",\"name\":\"Wissenschaftskonferenz beschlie\u00dft F\u00f6rderung von zwei Forschungsbauten in Niedersachsen - Radio Leinewelle\",\"isPartOf\":{\"@id\":\"https:\\\/\\\/radioleinewelle.de\\\/#website\"},\"primaryImageOfPage\":{\"@id\":\"https:\\\/\\\/radioleinewelle.de\\\/index.php\\\/2021\\\/07\\\/03\\\/wissenschaftskonferenz-beschliesst-foerderung-von-zwei-forschungsbauten-in-niedersachsen\\\/#primaryimage\"},\"image\":{\"@id\":\"https:\\\/\\\/radioleinewelle.de\\\/index.php\\\/2021\\\/07\\\/03\\\/wissenschaftskonferenz-beschliesst-foerderung-von-zwei-forschungsbauten-in-niedersachsen\\\/#primaryimage\"},\"thumbnailUrl\":\"https:\\\/\\\/radioleinewelle.de\\\/wp-content\\\/uploads\\\/2021\\\/07\\\/Forschungsbau-Goettingen-e1625255485398.jpg\",\"datePublished\":\"2021-07-03T02:50:00+00:00\",\"breadcrumb\":{\"@id\":\"https:\\\/\\\/radioleinewelle.de\\\/index.php\\\/2021\\\/07\\\/03\\\/wissenschaftskonferenz-beschliesst-foerderung-von-zwei-forschungsbauten-in-niedersachsen\\\/#breadcrumb\"},\"inLanguage\":\"de\",\"potentialAction\":[{\"@type\":\"ReadAction\",\"target\":[\"https:\\\/\\\/radioleinewelle.de\\\/index.php\\\/2021\\\/07\\\/03\\\/wissenschaftskonferenz-beschliesst-foerderung-von-zwei-forschungsbauten-in-niedersachsen\\\/\"]}]},{\"@type\":\"ImageObject\",\"inLanguage\":\"de\",\"@id\":\"https:\\\/\\\/radioleinewelle.de\\\/index.php\\\/2021\\\/07\\\/03\\\/wissenschaftskonferenz-beschliesst-foerderung-von-zwei-forschungsbauten-in-niedersachsen\\\/#primaryimage\",\"url\":\"https:\\\/\\\/radioleinewelle.de\\\/wp-content\\\/uploads\\\/2021\\\/07\\\/Forschungsbau-Goettingen-e1625255485398.jpg\",\"contentUrl\":\"https:\\\/\\\/radioleinewelle.de\\\/wp-content\\\/uploads\\\/2021\\\/07\\\/Forschungsbau-Goettingen-e1625255485398.jpg\",\"width\":600,\"height\":412},{\"@type\":\"BreadcrumbList\",\"@id\":\"https:\\\/\\\/radioleinewelle.de\\\/index.php\\\/2021\\\/07\\\/03\\\/wissenschaftskonferenz-beschliesst-foerderung-von-zwei-forschungsbauten-in-niedersachsen\\\/#breadcrumb\",\"itemListElement\":[{\"@type\":\"ListItem\",\"position\":1,\"name\":\"Startseite\",\"item\":\"https:\\\/\\\/radioleinewelle.de\\\/\"},{\"@type\":\"ListItem\",\"position\":2,\"name\":\"Wissenschaftskonferenz beschlie\u00dft F\u00f6rderung von zwei Forschungsbauten in Niedersachsen\"}]},{\"@type\":\"WebSite\",\"@id\":\"https:\\\/\\\/radioleinewelle.de\\\/#website\",\"url\":\"https:\\\/\\\/radioleinewelle.de\\\/\",\"name\":\"Radio Leinewelle\",\"description\":\"\",\"publisher\":{\"@id\":\"https:\\\/\\\/radioleinewelle.de\\\/#organization\"},\"potentialAction\":[{\"@type\":\"SearchAction\",\"target\":{\"@type\":\"EntryPoint\",\"urlTemplate\":\"https:\\\/\\\/radioleinewelle.de\\\/?s={search_term_string}\"},\"query-input\":{\"@type\":\"PropertyValueSpecification\",\"valueRequired\":true,\"valueName\":\"search_term_string\"}}],\"inLanguage\":\"de\"},{\"@type\":\"Organization\",\"@id\":\"https:\\\/\\\/radioleinewelle.de\\\/#organization\",\"name\":\"Radio Leinewelle\",\"alternateName\":\"Mein Radio f\u00fcr S\u00fcdniedersachsen\",\"url\":\"https:\\\/\\\/radioleinewelle.de\\\/\",\"logo\":{\"@type\":\"ImageObject\",\"inLanguage\":\"de\",\"@id\":\"https:\\\/\\\/radioleinewelle.de\\\/#\\\/schema\\\/logo\\\/image\\\/\",\"url\":\"https:\\\/\\\/radioleinewelle.de\\\/wp-content\\\/uploads\\\/2023\\\/11\\\/cropped-Leinewelle_Logo_weiss.png\",\"contentUrl\":\"https:\\\/\\\/radioleinewelle.de\\\/wp-content\\\/uploads\\\/2023\\\/11\\\/cropped-Leinewelle_Logo_weiss.png\",\"width\":854,\"height\":260,\"caption\":\"Radio Leinewelle\"},\"image\":{\"@id\":\"https:\\\/\\\/radioleinewelle.de\\\/#\\\/schema\\\/logo\\\/image\\\/\"},\"sameAs\":[\"https:\\\/\\\/www.facebook.com\\\/radioleinewelle\",\"https:\\\/\\\/x.com\\\/RLeinewelle\",\"https:\\\/\\\/www.instagram.com\\\/radioleinewelle\\\/?hl=de\"]},{\"@type\":\"Person\",\"@id\":\"https:\\\/\\\/radioleinewelle.de\\\/#\\\/schema\\\/person\\\/45606f348637df637192dc1b68399a63\",\"name\":\"Leinewelle\",\"image\":{\"@type\":\"ImageObject\",\"inLanguage\":\"de\",\"@id\":\"https:\\\/\\\/secure.gravatar.com\\\/avatar\\\/05c9a17bc973052ee5d91549bd32fb4dd0dc85b7b85ae94b2e2b4943476bbea5?s=96&d=blank&r=g\",\"url\":\"https:\\\/\\\/secure.gravatar.com\\\/avatar\\\/05c9a17bc973052ee5d91549bd32fb4dd0dc85b7b85ae94b2e2b4943476bbea5?s=96&d=blank&r=g\",\"contentUrl\":\"https:\\\/\\\/secure.gravatar.com\\\/avatar\\\/05c9a17bc973052ee5d91549bd32fb4dd0dc85b7b85ae94b2e2b4943476bbea5?s=96&d=blank&r=g\",\"caption\":\"Leinewelle\"},\"sameAs\":[\"http:\\\/\\\/localhost\\\/radio%20leinewelle\\\/wordpress\",\"https:\\\/\\\/www.facebook.com\\\/radioleinewelle\",\"https:\\\/\\\/www.instagram.com\\\/radioleinewelle\",\"https:\\\/\\\/x.com\\\/https:\\\/\\\/twitter.com\\\/RLeinewelle?ref_src=twsrcgoogletwcampserptwgrauthor\",\"https:\\\/\\\/soundcloud.com\\\/foerderverein-lokalradio?utm_source=clipboard&utm_medium=text&utm_campaign=social_sharing\"],\"url\":\"https:\\\/\\\/radioleinewelle.de\\\/index.php\\\/author\\\/leinewelle\\\/\"}]}<\/script>\n<!-- \/ Yoast SEO plugin. -->","yoast_head_json":{"title":"Wissenschaftskonferenz beschlie\u00dft F\u00f6rderung von zwei Forschungsbauten in Niedersachsen - Radio Leinewelle","robots":{"index":"index","follow":"follow","max-snippet":"max-snippet:-1","max-image-preview":"max-image-preview:large","max-video-preview":"max-video-preview:-1"},"canonical":"https:\/\/radioleinewelle.de\/index.php\/2021\/07\/03\/wissenschaftskonferenz-beschliesst-foerderung-von-zwei-forschungsbauten-in-niedersachsen\/","og_locale":"de_DE","og_type":"article","og_title":"Wissenschaftskonferenz beschlie\u00dft F\u00f6rderung von zwei Forschungsbauten in Niedersachsen - Radio Leinewelle","og_description":"Die Gemeinsame Wissenschaftskonferenz von Bund und L\u00e4ndern (GWK) hat die F\u00f6rderung von zwei Forschungsbauten in Niedersachsen beschlossen. Insgesamt rund 92 Millionen Euro gehen in der n\u00e4chsten F\u00f6rderphase 2022 des Bund-L\u00e4nder-Programms \u201eForschungsbauten\u201c an die Universit\u00e4t G\u00f6ttingen und die Universit\u00e4t Hannover. Der F\u00f6rderzeitraum betr\u00e4gt maximal f\u00fcnf Jahre. Die Kosten tragen Bund und Land zu gleichen Teilen. \u201eIch [&hellip;]","og_url":"https:\/\/radioleinewelle.de\/index.php\/2021\/07\/03\/wissenschaftskonferenz-beschliesst-foerderung-von-zwei-forschungsbauten-in-niedersachsen\/","og_site_name":"Radio Leinewelle","article_publisher":"https:\/\/www.facebook.com\/radioleinewelle","article_author":"https:\/\/www.facebook.com\/radioleinewelle","article_published_time":"2021-07-03T02:50:00+00:00","og_image":[{"width":600,"height":412,"url":"https:\/\/radioleinewelle.de\/wp-content\/uploads\/2021\/07\/Forschungsbau-Goettingen-e1625255485398.jpg","type":"image\/jpeg"}],"author":"Leinewelle","twitter_card":"summary_large_image","twitter_creator":"@https:\/\/twitter.com\/RLeinewelle?ref_src=twsrcgoogletwcampserptwgrauthor","twitter_site":"@RLeinewelle","twitter_misc":{"Verfasst von":"Leinewelle","Gesch\u00e4tzte Lesezeit":"2\u00a0Minuten"},"schema":{"@context":"https:\/\/schema.org","@graph":[{"@type":"Article","@id":"https:\/\/radioleinewelle.de\/index.php\/2021\/07\/03\/wissenschaftskonferenz-beschliesst-foerderung-von-zwei-forschungsbauten-in-niedersachsen\/#article","isPartOf":{"@id":"https:\/\/radioleinewelle.de\/index.php\/2021\/07\/03\/wissenschaftskonferenz-beschliesst-foerderung-von-zwei-forschungsbauten-in-niedersachsen\/"},"author":{"name":"Leinewelle","@id":"https:\/\/radioleinewelle.de\/#\/schema\/person\/45606f348637df637192dc1b68399a63"},"headline":"Wissenschaftskonferenz beschlie\u00dft F\u00f6rderung von zwei Forschungsbauten in Niedersachsen","datePublished":"2021-07-03T02:50:00+00:00","mainEntityOfPage":{"@id":"https:\/\/radioleinewelle.de\/index.php\/2021\/07\/03\/wissenschaftskonferenz-beschliesst-foerderung-von-zwei-forschungsbauten-in-niedersachsen\/"},"wordCount":304,"publisher":{"@id":"https:\/\/radioleinewelle.de\/#organization"},"image":{"@id":"https:\/\/radioleinewelle.de\/index.php\/2021\/07\/03\/wissenschaftskonferenz-beschliesst-foerderung-von-zwei-forschungsbauten-in-niedersachsen\/#primaryimage"},"thumbnailUrl":"https:\/\/radioleinewelle.de\/wp-content\/uploads\/2021\/07\/Forschungsbau-Goettingen-e1625255485398.jpg","keywords":["Forschungsbauten","Universit\u00e4t G\u00f6ttingen"],"articleSection":["Universit\u00e4t"],"inLanguage":"de"},{"@type":"WebPage","@id":"https:\/\/radioleinewelle.de\/index.php\/2021\/07\/03\/wissenschaftskonferenz-beschliesst-foerderung-von-zwei-forschungsbauten-in-niedersachsen\/","url":"https:\/\/radioleinewelle.de\/index.php\/2021\/07\/03\/wissenschaftskonferenz-beschliesst-foerderung-von-zwei-forschungsbauten-in-niedersachsen\/","name":"Wissenschaftskonferenz beschlie\u00dft F\u00f6rderung von zwei Forschungsbauten in Niedersachsen - Radio Leinewelle","isPartOf":{"@id":"https:\/\/radioleinewelle.de\/#website"},"primaryImageOfPage":{"@id":"https:\/\/radioleinewelle.de\/index.php\/2021\/07\/03\/wissenschaftskonferenz-beschliesst-foerderung-von-zwei-forschungsbauten-in-niedersachsen\/#primaryimage"},"image":{"@id":"https:\/\/radioleinewelle.de\/index.php\/2021\/07\/03\/wissenschaftskonferenz-beschliesst-foerderung-von-zwei-forschungsbauten-in-niedersachsen\/#primaryimage"},"thumbnailUrl":"https:\/\/radioleinewelle.de\/wp-content\/uploads\/2021\/07\/Forschungsbau-Goettingen-e1625255485398.jpg","datePublished":"2021-07-03T02:50:00+00:00","breadcrumb":{"@id":"https:\/\/radioleinewelle.de\/index.php\/2021\/07\/03\/wissenschaftskonferenz-beschliesst-foerderung-von-zwei-forschungsbauten-in-niedersachsen\/#breadcrumb"},"inLanguage":"de","potentialAction":[{"@type":"ReadAction","target":["https:\/\/radioleinewelle.de\/index.php\/2021\/07\/03\/wissenschaftskonferenz-beschliesst-foerderung-von-zwei-forschungsbauten-in-niedersachsen\/"]}]},{"@type":"ImageObject","inLanguage":"de","@id":"https:\/\/radioleinewelle.de\/index.php\/2021\/07\/03\/wissenschaftskonferenz-beschliesst-foerderung-von-zwei-forschungsbauten-in-niedersachsen\/#primaryimage","url":"https:\/\/radioleinewelle.de\/wp-content\/uploads\/2021\/07\/Forschungsbau-Goettingen-e1625255485398.jpg","contentUrl":"https:\/\/radioleinewelle.de\/wp-content\/uploads\/2021\/07\/Forschungsbau-Goettingen-e1625255485398.jpg","width":600,"height":412},{"@type":"BreadcrumbList","@id":"https:\/\/radioleinewelle.de\/index.php\/2021\/07\/03\/wissenschaftskonferenz-beschliesst-foerderung-von-zwei-forschungsbauten-in-niedersachsen\/#breadcrumb","itemListElement":[{"@type":"ListItem","position":1,"name":"Startseite","item":"https:\/\/radioleinewelle.de\/"},{"@type":"ListItem","position":2,"name":"Wissenschaftskonferenz beschlie\u00dft F\u00f6rderung von zwei Forschungsbauten in Niedersachsen"}]},{"@type":"WebSite","@id":"https:\/\/radioleinewelle.de\/#website","url":"https:\/\/radioleinewelle.de\/","name":"Radio Leinewelle","description":"","publisher":{"@id":"https:\/\/radioleinewelle.de\/#organization"},"potentialAction":[{"@type":"SearchAction","target":{"@type":"EntryPoint","urlTemplate":"https:\/\/radioleinewelle.de\/?s={search_term_string}"},"query-input":{"@type":"PropertyValueSpecification","valueRequired":true,"valueName":"search_term_string"}}],"inLanguage":"de"},{"@type":"Organization","@id":"https:\/\/radioleinewelle.de\/#organization","name":"Radio Leinewelle","alternateName":"Mein Radio f\u00fcr S\u00fcdniedersachsen","url":"https:\/\/radioleinewelle.de\/","logo":{"@type":"ImageObject","inLanguage":"de","@id":"https:\/\/radioleinewelle.de\/#\/schema\/logo\/image\/","url":"https:\/\/radioleinewelle.de\/wp-content\/uploads\/2023\/11\/cropped-Leinewelle_Logo_weiss.png","contentUrl":"https:\/\/radioleinewelle.de\/wp-content\/uploads\/2023\/11\/cropped-Leinewelle_Logo_weiss.png","width":854,"height":260,"caption":"Radio Leinewelle"},"image":{"@id":"https:\/\/radioleinewelle.de\/#\/schema\/logo\/image\/"},"sameAs":["https:\/\/www.facebook.com\/radioleinewelle","https:\/\/x.com\/RLeinewelle","https:\/\/www.instagram.com\/radioleinewelle\/?hl=de"]},{"@type":"Person","@id":"https:\/\/radioleinewelle.de\/#\/schema\/person\/45606f348637df637192dc1b68399a63","name":"Leinewelle","image":{"@type":"ImageObject","inLanguage":"de","@id":"https:\/\/secure.gravatar.com\/avatar\/05c9a17bc973052ee5d91549bd32fb4dd0dc85b7b85ae94b2e2b4943476bbea5?s=96&d=blank&r=g","url":"https:\/\/secure.gravatar.com\/avatar\/05c9a17bc973052ee5d91549bd32fb4dd0dc85b7b85ae94b2e2b4943476bbea5?s=96&d=blank&r=g","contentUrl":"https:\/\/secure.gravatar.com\/avatar\/05c9a17bc973052ee5d91549bd32fb4dd0dc85b7b85ae94b2e2b4943476bbea5?s=96&d=blank&r=g","caption":"Leinewelle"},"sameAs":["http:\/\/localhost\/radio%20leinewelle\/wordpress","https:\/\/www.facebook.com\/radioleinewelle","https:\/\/www.instagram.com\/radioleinewelle","https:\/\/x.com\/https:\/\/twitter.com\/RLeinewelle?ref_src=twsrcgoogletwcampserptwgrauthor","https:\/\/soundcloud.com\/foerderverein-lokalradio?utm_source=clipboard&utm_medium=text&utm_campaign=social_sharing"],"url":"https:\/\/radioleinewelle.de\/index.php\/author\/leinewelle\/"}]}},"_links":{"self":[{"href":"https:\/\/radioleinewelle.de\/index.php\/wp-json\/wp\/v2\/posts\/9077","targetHints":{"allow":["GET"]}}],"collection":[{"href":"https:\/\/radioleinewelle.de\/index.php\/wp-json\/wp\/v2\/posts"}],"about":[{"href":"https:\/\/radioleinewelle.de\/index.php\/wp-json\/wp\/v2\/types\/post"}],"author":[{"embeddable":true,"href":"https:\/\/radioleinewelle.de\/index.php\/wp-json\/wp\/v2\/users\/1"}],"replies":[{"embeddable":true,"href":"https:\/\/radioleinewelle.de\/index.php\/wp-json\/wp\/v2\/comments?post=9077"}],"version-history":[{"count":0,"href":"https:\/\/radioleinewelle.de\/index.php\/wp-json\/wp\/v2\/posts\/9077\/revisions"}],"wp:featuredmedia":[{"embeddable":true,"href":"https:\/\/radioleinewelle.de\/index.php\/wp-json\/wp\/v2\/media\/9079"}],"wp:attachment":[{"href":"https:\/\/radioleinewelle.de\/index.php\/wp-json\/wp\/v2\/media?parent=9077"}],"wp:term":[{"taxonomy":"category","embeddable":true,"href":"https:\/\/radioleinewelle.de\/index.php\/wp-json\/wp\/v2\/categories?post=9077"},{"taxonomy":"post_tag","embeddable":true,"href":"https:\/\/radioleinewelle.de\/index.php\/wp-json\/wp\/v2\/tags?post=9077"}],"curies":[{"name":"wp","href":"https:\/\/api.w.org\/{rel}","templated":true}]}}