{"id":9081,"date":"2021-07-04T05:05:00","date_gmt":"2021-07-04T03:05:00","guid":{"rendered":"https:\/\/radioleinewelle.de\/?p=9081"},"modified":"2021-07-04T05:05:00","modified_gmt":"2021-07-04T03:05:00","slug":"kanalbauarbeiten-in-der-buergerstrasse-mit-vollsperrung-der-gartenstrasse","status":"publish","type":"post","link":"https:\/\/radioleinewelle.de\/index.php\/2021\/07\/04\/kanalbauarbeiten-in-der-buergerstrasse-mit-vollsperrung-der-gartenstrasse\/","title":{"rendered":"Kanalbauarbeiten in der B\u00fcrgerstra\u00dfe mit Vollsperrung der Gartenstra\u00dfe"},"content":{"rendered":"\n<p>Wegen Kanalbauarbeiten kommt es ab Montag, 5. Juli 2021, auf der B\u00fcrgerstra\u00dfe auf der Kreuzung zur Garten- und Marienstra\u00dfe zu Behinderungen im Stra\u00dfenverkehr. Die Arbeiten erfolgen in drei Bauabschnitten und werden voraussichtlich am Montag, 9. August 2021, abgeschlossen sein. W\u00e4hrend der gesamten Bauzeit bleibt die Gartenstra\u00dfe im Kreuzungsbereich zur B\u00fcrgerstra\u00dfe voll gesperrt.<\/p>\n\n\n\n<p>W\u00e4hrend des ersten Bauabschnitts bis voraussichtlich Montag, 12. Juli 2021, wird die Fahrbahn der B\u00fcrgerstra\u00dfe in Richtung Groner Tor auf einen Fahrstreifen verengt. Im anschlie\u00dfenden zweiten Bauabschnitt bis Montag, 19. Juli 2021, sind dann beide Fahrtrichtungen betroffen: Jeweils ein Fahrstreifen f\u00e4llt weg. Im dritten Bauabschnitt wird die Fahrbahn in Richtung Geismar Tor komplett gesperrt. Der Verkehr beider Richtungen wird \u00fcber die verbliebene Fahrbahn geleitet. W\u00e4hrend aller Bauphasen gilt eine Geschwindigkeitsbegrenzung von 30 Stundenkilometern im Baustellenbereich.<\/p>\n\n\n\n<p>Die station\u00e4re Ampelanlage an der Kreuzung wird w\u00e4hrend der gesamten Bauarbeiten ausgeschaltet und durch eine provisorische Fu\u00dfg\u00e4ngerampel ersetzt. Im Baustellenbereich werden provisorische Rad- und Fu\u00dfwege eingerichtet.<\/p>\n\n\n\n<p>Bild von&nbsp;<a href=\"https:\/\/pixabay.com\/de\/users\/geralt-9301\/?utm_source=link-attribution&amp;utm_medium=referral&amp;utm_campaign=image&amp;utm_content=663360\">Gerd Altmann<\/a>&nbsp;auf&nbsp;<a href=\"https:\/\/pixabay.com\/de\/?utm_source=link-attribution&amp;utm_medium=referral&amp;utm_campaign=image&amp;utm_content=663360\">Pixabay<\/a><\/p>\n","protected":false},"excerpt":{"rendered":"<p>Wegen Kanalbauarbeiten kommt es ab Montag, 5. Juli 2021, auf der B\u00fcrgerstra\u00dfe auf der Kreuzung zur Garten- und Marienstra\u00dfe zu Behinderungen im Stra\u00dfenverkehr. Die Arbeiten erfolgen in drei Bauabschnitten und werden voraussichtlich am Montag, 9. August 2021, abgeschlossen sein. W\u00e4hrend der gesamten Bauzeit bleibt die Gartenstra\u00dfe im Kreuzungsbereich zur B\u00fcrgerstra\u00dfe voll gesperrt. W\u00e4hrend des ersten [&hellip;]<\/p>\n","protected":false},"author":1,"featured_media":0,"comment_status":"closed","ping_status":"closed","sticky":false,"template":"","format":"standard","meta":{"saved_in_kubio":false,"footnotes":""},"categories":[1],"tags":[],"class_list":["post-9081","post","type-post","status-publish","format-standard","hentry","category-allgemein"],"yoast_head":"<!-- This site is optimized with the Yoast SEO plugin v27.5 - https:\/\/yoast.com\/product\/yoast-seo-wordpress\/ -->\n<title>Kanalbauarbeiten in der B\u00fcrgerstra\u00dfe mit Vollsperrung der Gartenstra\u00dfe - Radio Leinewelle<\/title>\n<meta name=\"robots\" content=\"index, follow, max-snippet:-1, max-image-preview:large, max-video-preview:-1\" \/>\n<link rel=\"canonical\" href=\"https:\/\/radioleinewelle.de\/index.php\/2021\/07\/04\/kanalbauarbeiten-in-der-buergerstrasse-mit-vollsperrung-der-gartenstrasse\/\" \/>\n<meta property=\"og:locale\" content=\"de_DE\" \/>\n<meta property=\"og:type\" content=\"article\" \/>\n<meta property=\"og:title\" content=\"Kanalbauarbeiten in der B\u00fcrgerstra\u00dfe mit Vollsperrung der Gartenstra\u00dfe - Radio Leinewelle\" \/>\n<meta property=\"og:description\" content=\"Wegen Kanalbauarbeiten kommt es ab Montag, 5. Juli 2021, auf der B\u00fcrgerstra\u00dfe auf der Kreuzung zur Garten- und Marienstra\u00dfe zu Behinderungen im Stra\u00dfenverkehr. Die Arbeiten erfolgen in drei Bauabschnitten und werden voraussichtlich am Montag, 9. August 2021, abgeschlossen sein. W\u00e4hrend der gesamten Bauzeit bleibt die Gartenstra\u00dfe im Kreuzungsbereich zur B\u00fcrgerstra\u00dfe voll gesperrt. W\u00e4hrend des ersten [&hellip;]\" \/>\n<meta property=\"og:url\" content=\"https:\/\/radioleinewelle.de\/index.php\/2021\/07\/04\/kanalbauarbeiten-in-der-buergerstrasse-mit-vollsperrung-der-gartenstrasse\/\" \/>\n<meta property=\"og:site_name\" content=\"Radio Leinewelle\" \/>\n<meta property=\"article:publisher\" content=\"https:\/\/www.facebook.com\/radioleinewelle\" \/>\n<meta property=\"article:author\" content=\"https:\/\/www.facebook.com\/radioleinewelle\" \/>\n<meta property=\"article:published_time\" content=\"2021-07-04T03:05:00+00:00\" \/>\n<meta name=\"author\" content=\"Leinewelle\" \/>\n<meta name=\"twitter:card\" content=\"summary_large_image\" \/>\n<meta name=\"twitter:creator\" content=\"@https:\/\/twitter.com\/RLeinewelle?ref_src=twsrcgoogletwcampserptwgrauthor\" \/>\n<meta name=\"twitter:site\" content=\"@RLeinewelle\" \/>\n<meta name=\"twitter:label1\" content=\"Verfasst von\" \/>\n\t<meta name=\"twitter:data1\" content=\"Leinewelle\" \/>\n\t<meta name=\"twitter:label2\" content=\"Gesch\u00e4tzte Lesezeit\" \/>\n\t<meta name=\"twitter:data2\" content=\"1\u00a0Minute\" \/>\n<script type=\"application\/ld+json\" class=\"yoast-schema-graph\">{\"@context\":\"https:\\\/\\\/schema.org\",\"@graph\":[{\"@type\":\"Article\",\"@id\":\"https:\\\/\\\/radioleinewelle.de\\\/index.php\\\/2021\\\/07\\\/04\\\/kanalbauarbeiten-in-der-buergerstrasse-mit-vollsperrung-der-gartenstrasse\\\/#article\",\"isPartOf\":{\"@id\":\"https:\\\/\\\/radioleinewelle.de\\\/index.php\\\/2021\\\/07\\\/04\\\/kanalbauarbeiten-in-der-buergerstrasse-mit-vollsperrung-der-gartenstrasse\\\/\"},\"author\":{\"name\":\"Leinewelle\",\"@id\":\"https:\\\/\\\/radioleinewelle.de\\\/#\\\/schema\\\/person\\\/45606f348637df637192dc1b68399a63\"},\"headline\":\"Kanalbauarbeiten in der B\u00fcrgerstra\u00dfe mit Vollsperrung der Gartenstra\u00dfe\",\"datePublished\":\"2021-07-04T03:05:00+00:00\",\"mainEntityOfPage\":{\"@id\":\"https:\\\/\\\/radioleinewelle.de\\\/index.php\\\/2021\\\/07\\\/04\\\/kanalbauarbeiten-in-der-buergerstrasse-mit-vollsperrung-der-gartenstrasse\\\/\"},\"wordCount\":183,\"publisher\":{\"@id\":\"https:\\\/\\\/radioleinewelle.de\\\/#organization\"},\"inLanguage\":\"de\"},{\"@type\":\"WebPage\",\"@id\":\"https:\\\/\\\/radioleinewelle.de\\\/index.php\\\/2021\\\/07\\\/04\\\/kanalbauarbeiten-in-der-buergerstrasse-mit-vollsperrung-der-gartenstrasse\\\/\",\"url\":\"https:\\\/\\\/radioleinewelle.de\\\/index.php\\\/2021\\\/07\\\/04\\\/kanalbauarbeiten-in-der-buergerstrasse-mit-vollsperrung-der-gartenstrasse\\\/\",\"name\":\"Kanalbauarbeiten in der B\u00fcrgerstra\u00dfe mit Vollsperrung der Gartenstra\u00dfe - Radio Leinewelle\",\"isPartOf\":{\"@id\":\"https:\\\/\\\/radioleinewelle.de\\\/#website\"},\"datePublished\":\"2021-07-04T03:05:00+00:00\",\"breadcrumb\":{\"@id\":\"https:\\\/\\\/radioleinewelle.de\\\/index.php\\\/2021\\\/07\\\/04\\\/kanalbauarbeiten-in-der-buergerstrasse-mit-vollsperrung-der-gartenstrasse\\\/#breadcrumb\"},\"inLanguage\":\"de\",\"potentialAction\":[{\"@type\":\"ReadAction\",\"target\":[\"https:\\\/\\\/radioleinewelle.de\\\/index.php\\\/2021\\\/07\\\/04\\\/kanalbauarbeiten-in-der-buergerstrasse-mit-vollsperrung-der-gartenstrasse\\\/\"]}]},{\"@type\":\"BreadcrumbList\",\"@id\":\"https:\\\/\\\/radioleinewelle.de\\\/index.php\\\/2021\\\/07\\\/04\\\/kanalbauarbeiten-in-der-buergerstrasse-mit-vollsperrung-der-gartenstrasse\\\/#breadcrumb\",\"itemListElement\":[{\"@type\":\"ListItem\",\"position\":1,\"name\":\"Startseite\",\"item\":\"https:\\\/\\\/radioleinewelle.de\\\/\"},{\"@type\":\"ListItem\",\"position\":2,\"name\":\"Kanalbauarbeiten in der B\u00fcrgerstra\u00dfe mit Vollsperrung der Gartenstra\u00dfe\"}]},{\"@type\":\"WebSite\",\"@id\":\"https:\\\/\\\/radioleinewelle.de\\\/#website\",\"url\":\"https:\\\/\\\/radioleinewelle.de\\\/\",\"name\":\"Radio Leinewelle\",\"description\":\"\",\"publisher\":{\"@id\":\"https:\\\/\\\/radioleinewelle.de\\\/#organization\"},\"potentialAction\":[{\"@type\":\"SearchAction\",\"target\":{\"@type\":\"EntryPoint\",\"urlTemplate\":\"https:\\\/\\\/radioleinewelle.de\\\/?s={search_term_string}\"},\"query-input\":{\"@type\":\"PropertyValueSpecification\",\"valueRequired\":true,\"valueName\":\"search_term_string\"}}],\"inLanguage\":\"de\"},{\"@type\":\"Organization\",\"@id\":\"https:\\\/\\\/radioleinewelle.de\\\/#organization\",\"name\":\"Radio Leinewelle\",\"alternateName\":\"Mein Radio f\u00fcr S\u00fcdniedersachsen\",\"url\":\"https:\\\/\\\/radioleinewelle.de\\\/\",\"logo\":{\"@type\":\"ImageObject\",\"inLanguage\":\"de\",\"@id\":\"https:\\\/\\\/radioleinewelle.de\\\/#\\\/schema\\\/logo\\\/image\\\/\",\"url\":\"https:\\\/\\\/radioleinewelle.de\\\/wp-content\\\/uploads\\\/2023\\\/11\\\/cropped-Leinewelle_Logo_weiss.png\",\"contentUrl\":\"https:\\\/\\\/radioleinewelle.de\\\/wp-content\\\/uploads\\\/2023\\\/11\\\/cropped-Leinewelle_Logo_weiss.png\",\"width\":854,\"height\":260,\"caption\":\"Radio Leinewelle\"},\"image\":{\"@id\":\"https:\\\/\\\/radioleinewelle.de\\\/#\\\/schema\\\/logo\\\/image\\\/\"},\"sameAs\":[\"https:\\\/\\\/www.facebook.com\\\/radioleinewelle\",\"https:\\\/\\\/x.com\\\/RLeinewelle\",\"https:\\\/\\\/www.instagram.com\\\/radioleinewelle\\\/?hl=de\"]},{\"@type\":\"Person\",\"@id\":\"https:\\\/\\\/radioleinewelle.de\\\/#\\\/schema\\\/person\\\/45606f348637df637192dc1b68399a63\",\"name\":\"Leinewelle\",\"image\":{\"@type\":\"ImageObject\",\"inLanguage\":\"de\",\"@id\":\"https:\\\/\\\/secure.gravatar.com\\\/avatar\\\/05c9a17bc973052ee5d91549bd32fb4dd0dc85b7b85ae94b2e2b4943476bbea5?s=96&d=blank&r=g\",\"url\":\"https:\\\/\\\/secure.gravatar.com\\\/avatar\\\/05c9a17bc973052ee5d91549bd32fb4dd0dc85b7b85ae94b2e2b4943476bbea5?s=96&d=blank&r=g\",\"contentUrl\":\"https:\\\/\\\/secure.gravatar.com\\\/avatar\\\/05c9a17bc973052ee5d91549bd32fb4dd0dc85b7b85ae94b2e2b4943476bbea5?s=96&d=blank&r=g\",\"caption\":\"Leinewelle\"},\"sameAs\":[\"http:\\\/\\\/localhost\\\/radio%20leinewelle\\\/wordpress\",\"https:\\\/\\\/www.facebook.com\\\/radioleinewelle\",\"https:\\\/\\\/www.instagram.com\\\/radioleinewelle\",\"https:\\\/\\\/x.com\\\/https:\\\/\\\/twitter.com\\\/RLeinewelle?ref_src=twsrcgoogletwcampserptwgrauthor\",\"https:\\\/\\\/soundcloud.com\\\/foerderverein-lokalradio?utm_source=clipboard&utm_medium=text&utm_campaign=social_sharing\"],\"url\":\"https:\\\/\\\/radioleinewelle.de\\\/index.php\\\/author\\\/leinewelle\\\/\"}]}<\/script>\n<!-- \/ Yoast SEO plugin. -->","yoast_head_json":{"title":"Kanalbauarbeiten in der B\u00fcrgerstra\u00dfe mit Vollsperrung der Gartenstra\u00dfe - Radio Leinewelle","robots":{"index":"index","follow":"follow","max-snippet":"max-snippet:-1","max-image-preview":"max-image-preview:large","max-video-preview":"max-video-preview:-1"},"canonical":"https:\/\/radioleinewelle.de\/index.php\/2021\/07\/04\/kanalbauarbeiten-in-der-buergerstrasse-mit-vollsperrung-der-gartenstrasse\/","og_locale":"de_DE","og_type":"article","og_title":"Kanalbauarbeiten in der B\u00fcrgerstra\u00dfe mit Vollsperrung der Gartenstra\u00dfe - Radio Leinewelle","og_description":"Wegen Kanalbauarbeiten kommt es ab Montag, 5. Juli 2021, auf der B\u00fcrgerstra\u00dfe auf der Kreuzung zur Garten- und Marienstra\u00dfe zu Behinderungen im Stra\u00dfenverkehr. Die Arbeiten erfolgen in drei Bauabschnitten und werden voraussichtlich am Montag, 9. August 2021, abgeschlossen sein. W\u00e4hrend der gesamten Bauzeit bleibt die Gartenstra\u00dfe im Kreuzungsbereich zur B\u00fcrgerstra\u00dfe voll gesperrt. W\u00e4hrend des ersten [&hellip;]","og_url":"https:\/\/radioleinewelle.de\/index.php\/2021\/07\/04\/kanalbauarbeiten-in-der-buergerstrasse-mit-vollsperrung-der-gartenstrasse\/","og_site_name":"Radio Leinewelle","article_publisher":"https:\/\/www.facebook.com\/radioleinewelle","article_author":"https:\/\/www.facebook.com\/radioleinewelle","article_published_time":"2021-07-04T03:05:00+00:00","author":"Leinewelle","twitter_card":"summary_large_image","twitter_creator":"@https:\/\/twitter.com\/RLeinewelle?ref_src=twsrcgoogletwcampserptwgrauthor","twitter_site":"@RLeinewelle","twitter_misc":{"Verfasst von":"Leinewelle","Gesch\u00e4tzte Lesezeit":"1\u00a0Minute"},"schema":{"@context":"https:\/\/schema.org","@graph":[{"@type":"Article","@id":"https:\/\/radioleinewelle.de\/index.php\/2021\/07\/04\/kanalbauarbeiten-in-der-buergerstrasse-mit-vollsperrung-der-gartenstrasse\/#article","isPartOf":{"@id":"https:\/\/radioleinewelle.de\/index.php\/2021\/07\/04\/kanalbauarbeiten-in-der-buergerstrasse-mit-vollsperrung-der-gartenstrasse\/"},"author":{"name":"Leinewelle","@id":"https:\/\/radioleinewelle.de\/#\/schema\/person\/45606f348637df637192dc1b68399a63"},"headline":"Kanalbauarbeiten in der B\u00fcrgerstra\u00dfe mit Vollsperrung der Gartenstra\u00dfe","datePublished":"2021-07-04T03:05:00+00:00","mainEntityOfPage":{"@id":"https:\/\/radioleinewelle.de\/index.php\/2021\/07\/04\/kanalbauarbeiten-in-der-buergerstrasse-mit-vollsperrung-der-gartenstrasse\/"},"wordCount":183,"publisher":{"@id":"https:\/\/radioleinewelle.de\/#organization"},"inLanguage":"de"},{"@type":"WebPage","@id":"https:\/\/radioleinewelle.de\/index.php\/2021\/07\/04\/kanalbauarbeiten-in-der-buergerstrasse-mit-vollsperrung-der-gartenstrasse\/","url":"https:\/\/radioleinewelle.de\/index.php\/2021\/07\/04\/kanalbauarbeiten-in-der-buergerstrasse-mit-vollsperrung-der-gartenstrasse\/","name":"Kanalbauarbeiten in der B\u00fcrgerstra\u00dfe mit Vollsperrung der Gartenstra\u00dfe - Radio Leinewelle","isPartOf":{"@id":"https:\/\/radioleinewelle.de\/#website"},"datePublished":"2021-07-04T03:05:00+00:00","breadcrumb":{"@id":"https:\/\/radioleinewelle.de\/index.php\/2021\/07\/04\/kanalbauarbeiten-in-der-buergerstrasse-mit-vollsperrung-der-gartenstrasse\/#breadcrumb"},"inLanguage":"de","potentialAction":[{"@type":"ReadAction","target":["https:\/\/radioleinewelle.de\/index.php\/2021\/07\/04\/kanalbauarbeiten-in-der-buergerstrasse-mit-vollsperrung-der-gartenstrasse\/"]}]},{"@type":"BreadcrumbList","@id":"https:\/\/radioleinewelle.de\/index.php\/2021\/07\/04\/kanalbauarbeiten-in-der-buergerstrasse-mit-vollsperrung-der-gartenstrasse\/#breadcrumb","itemListElement":[{"@type":"ListItem","position":1,"name":"Startseite","item":"https:\/\/radioleinewelle.de\/"},{"@type":"ListItem","position":2,"name":"Kanalbauarbeiten in der B\u00fcrgerstra\u00dfe mit Vollsperrung der Gartenstra\u00dfe"}]},{"@type":"WebSite","@id":"https:\/\/radioleinewelle.de\/#website","url":"https:\/\/radioleinewelle.de\/","name":"Radio Leinewelle","description":"","publisher":{"@id":"https:\/\/radioleinewelle.de\/#organization"},"potentialAction":[{"@type":"SearchAction","target":{"@type":"EntryPoint","urlTemplate":"https:\/\/radioleinewelle.de\/?s={search_term_string}"},"query-input":{"@type":"PropertyValueSpecification","valueRequired":true,"valueName":"search_term_string"}}],"inLanguage":"de"},{"@type":"Organization","@id":"https:\/\/radioleinewelle.de\/#organization","name":"Radio Leinewelle","alternateName":"Mein Radio f\u00fcr S\u00fcdniedersachsen","url":"https:\/\/radioleinewelle.de\/","logo":{"@type":"ImageObject","inLanguage":"de","@id":"https:\/\/radioleinewelle.de\/#\/schema\/logo\/image\/","url":"https:\/\/radioleinewelle.de\/wp-content\/uploads\/2023\/11\/cropped-Leinewelle_Logo_weiss.png","contentUrl":"https:\/\/radioleinewelle.de\/wp-content\/uploads\/2023\/11\/cropped-Leinewelle_Logo_weiss.png","width":854,"height":260,"caption":"Radio Leinewelle"},"image":{"@id":"https:\/\/radioleinewelle.de\/#\/schema\/logo\/image\/"},"sameAs":["https:\/\/www.facebook.com\/radioleinewelle","https:\/\/x.com\/RLeinewelle","https:\/\/www.instagram.com\/radioleinewelle\/?hl=de"]},{"@type":"Person","@id":"https:\/\/radioleinewelle.de\/#\/schema\/person\/45606f348637df637192dc1b68399a63","name":"Leinewelle","image":{"@type":"ImageObject","inLanguage":"de","@id":"https:\/\/secure.gravatar.com\/avatar\/05c9a17bc973052ee5d91549bd32fb4dd0dc85b7b85ae94b2e2b4943476bbea5?s=96&d=blank&r=g","url":"https:\/\/secure.gravatar.com\/avatar\/05c9a17bc973052ee5d91549bd32fb4dd0dc85b7b85ae94b2e2b4943476bbea5?s=96&d=blank&r=g","contentUrl":"https:\/\/secure.gravatar.com\/avatar\/05c9a17bc973052ee5d91549bd32fb4dd0dc85b7b85ae94b2e2b4943476bbea5?s=96&d=blank&r=g","caption":"Leinewelle"},"sameAs":["http:\/\/localhost\/radio%20leinewelle\/wordpress","https:\/\/www.facebook.com\/radioleinewelle","https:\/\/www.instagram.com\/radioleinewelle","https:\/\/x.com\/https:\/\/twitter.com\/RLeinewelle?ref_src=twsrcgoogletwcampserptwgrauthor","https:\/\/soundcloud.com\/foerderverein-lokalradio?utm_source=clipboard&utm_medium=text&utm_campaign=social_sharing"],"url":"https:\/\/radioleinewelle.de\/index.php\/author\/leinewelle\/"}]}},"_links":{"self":[{"href":"https:\/\/radioleinewelle.de\/index.php\/wp-json\/wp\/v2\/posts\/9081","targetHints":{"allow":["GET"]}}],"collection":[{"href":"https:\/\/radioleinewelle.de\/index.php\/wp-json\/wp\/v2\/posts"}],"about":[{"href":"https:\/\/radioleinewelle.de\/index.php\/wp-json\/wp\/v2\/types\/post"}],"author":[{"embeddable":true,"href":"https:\/\/radioleinewelle.de\/index.php\/wp-json\/wp\/v2\/users\/1"}],"replies":[{"embeddable":true,"href":"https:\/\/radioleinewelle.de\/index.php\/wp-json\/wp\/v2\/comments?post=9081"}],"version-history":[{"count":0,"href":"https:\/\/radioleinewelle.de\/index.php\/wp-json\/wp\/v2\/posts\/9081\/revisions"}],"wp:attachment":[{"href":"https:\/\/radioleinewelle.de\/index.php\/wp-json\/wp\/v2\/media?parent=9081"}],"wp:term":[{"taxonomy":"category","embeddable":true,"href":"https:\/\/radioleinewelle.de\/index.php\/wp-json\/wp\/v2\/categories?post=9081"},{"taxonomy":"post_tag","embeddable":true,"href":"https:\/\/radioleinewelle.de\/index.php\/wp-json\/wp\/v2\/tags?post=9081"}],"curies":[{"name":"wp","href":"https:\/\/api.w.org\/{rel}","templated":true}]}}