{"id":9087,"date":"2021-07-04T05:41:00","date_gmt":"2021-07-04T03:41:00","guid":{"rendered":"https:\/\/radioleinewelle.de\/?p=9087"},"modified":"2021-07-04T05:41:00","modified_gmt":"2021-07-04T03:41:00","slug":"einweg-plastik-ist-seit-gestern-verboten","status":"publish","type":"post","link":"https:\/\/radioleinewelle.de\/index.php\/2021\/07\/04\/einweg-plastik-ist-seit-gestern-verboten\/","title":{"rendered":"Einweg-Plastik ist seit 03.07.  verboten"},"content":{"rendered":"\n<p>Die Europ\u00e4ische Union schafft neue rechtliche Grundlagen f\u00fcr einen nachhaltigen Umgang mit Kunststoffen. Der Rat der&nbsp;EU-Mitgliedstaaten hat dazu die Einweg-Plastik-Richtlinie verabschiedet. Die Zustimmung der Mitgliedstaaten war der letzte Schritt im europ\u00e4ischen Gesetzgebungsverfahren. Die Richtlinie umfasst unter anderem ein Vermarktungsverbot f\u00fcr bestimmte Einweg-Kunststoffprodukte, die die Meere belasten. Damit will die Europ\u00e4ische Union den Eintrag von Abf\u00e4llen in die Weltmeere deutlich verringern. Au\u00dferdem legt die Richtlinie Mindestmengen f\u00fcr den Einsatz von Kunststoff-Rezyklaten bei Kunststoffflaschen fest und erm\u00f6glicht es, bestimmte Branchen st\u00e4rker an den Kosten f\u00fcr die Beseitigung der Verm\u00fcllung zu beteiligen.&nbsp;<\/p>\n\n\n\n<p>Die Einweg-Plastik-Richtlinie der&nbsp;EU&nbsp;umfasst im Wesentlichen:&nbsp;<\/p>\n\n\n\n<ul class=\"wp-block-list\"><li>ein Vermarktungsverbot: Dies betrifft Kunststoffteller und -besteck, Kunststoffr\u00fchrst\u00e4bchen, Luftballonhalter und Kunststofftrinkhalme, Getr\u00e4nkebecher aus gesch\u00e4umten Polystyrol, Wattest\u00e4bchen mit Kunststoffanteil. Sie werden ab 2021 nicht mehr gehandelt werden. Laut&nbsp;EU-Angaben machen diese Plastikartikel etwa 70 Prozent des in den Meeren schwimmenden Plastikm\u00fclls aus. Zudem gibt es f\u00fcr diese Produkte bereits leicht erh\u00e4ltliche und erschwingliche Alternativen, zum Beispiel aus Bambus, Papier oder Holz.<\/li><li>Anforderungen an das Produktdesign von Kunststoffprodukten: Die Verschl\u00fcsse von Einwegflaschen aus Kunststoff m\u00fcssen fest mit der Flasche verbunden sein, damit sie nicht einzeln in der Umwelt landen. Dies gilt sp\u00e4testens ab 2025.<\/li><li>Kennzeichnungsvorschriften f\u00fcr den Einwegcharakter beziehungsweise f\u00fcr die umweltsch\u00e4dliche Wirkung bestimmter Produkte, wenn diese unachtsam weggeworfen werden: Dazu z\u00e4hlen Luftballons, Zigarettenfilter, Kunststoffbecher und Hygieneartikel mit Kunststoffanteil.<\/li><li>eine erweiterte Herstellerverantwortung: Diese gilt f\u00fcr leichte Kunststofftragetaschen, Getr\u00e4nkebecher, Zigarettenfilter, Fangger\u00e4te der Fischerei. Dazu geh\u00f6rt zum Beispiel die Pflicht der Hersteller, sich an den Reinigungskosten zu beteiligen, die diese Produkte verursachen, wenn sie in der Umwelt landen. Dazu wird das Verpackungsgesetz entsprechend erweitert werden.<\/li><li>Ma\u00dfnahmen zur Verbrauchs-und Abfallminderung: Diese gilt unter anderem f\u00fcr Getr\u00e4nkebecher und Fast Food-Verpackungen mit Kunststoffanteilen.<\/li><\/ul>\n\n\n\n<p>Symbolbild von&nbsp;<a href=\"https:\/\/pixabay.com\/de\/users\/filmbetrachter-4391290\/?utm_source=link-attribution&amp;utm_medium=referral&amp;utm_campaign=image&amp;utm_content=4110882\">Filmbetrachter<\/a>&nbsp;auf&nbsp;<a href=\"https:\/\/pixabay.com\/de\/?utm_source=link-attribution&amp;utm_medium=referral&amp;utm_campaign=image&amp;utm_content=4110882\">Pixabay<\/a><\/p>\n\n\n\n<p><video preload=\"metadata\" poster=\"\/fileadmin\/Daten_BMU\/Videos\/2019\/190521_schulze_kaffeebecher\/190521_schulze_kaffeebecher.jpg\" src=\"\/fileadmin\/Daten_BMU\/Videos\/2019\/190521_schulze_kaffeebecher\/190521_schulze_kaffeebecher.mp4\"><\/p>\n","protected":false},"excerpt":{"rendered":"<p>Die Europ\u00e4ische Union schafft neue rechtliche Grundlagen f\u00fcr einen nachhaltigen Umgang mit Kunststoffen. Der Rat der&nbsp;EU-Mitgliedstaaten hat dazu die Einweg-Plastik-Richtlinie verabschiedet. Die Zustimmung der Mitgliedstaaten war der letzte Schritt im europ\u00e4ischen Gesetzgebungsverfahren. Die Richtlinie umfasst unter anderem ein Vermarktungsverbot f\u00fcr bestimmte Einweg-Kunststoffprodukte, die die Meere belasten. Damit will die Europ\u00e4ische Union den Eintrag von Abf\u00e4llen [&hellip;]<\/p>\n","protected":false},"author":1,"featured_media":9089,"comment_status":"closed","ping_status":"closed","sticky":false,"template":"","format":"standard","meta":{"saved_in_kubio":false,"footnotes":""},"categories":[32],"tags":[1645,1646,1647],"class_list":["post-9087","post","type-post","status-publish","format-standard","has-post-thumbnail","hentry","category-natur-umwelt","tag-einweg-plastik","tag-kenzeichnungsvorschriften","tag-vermarktungsverbot"],"yoast_head":"<!-- This site is optimized with the Yoast SEO plugin v27.5 - https:\/\/yoast.com\/product\/yoast-seo-wordpress\/ -->\n<title>Einweg-Plastik ist seit 03.07. verboten - Radio Leinewelle<\/title>\n<meta name=\"robots\" content=\"index, follow, max-snippet:-1, max-image-preview:large, max-video-preview:-1\" \/>\n<link rel=\"canonical\" href=\"https:\/\/radioleinewelle.de\/index.php\/2021\/07\/04\/einweg-plastik-ist-seit-gestern-verboten\/\" \/>\n<meta property=\"og:locale\" content=\"de_DE\" \/>\n<meta property=\"og:type\" content=\"article\" \/>\n<meta property=\"og:title\" content=\"Einweg-Plastik ist seit 03.07. verboten - Radio Leinewelle\" \/>\n<meta property=\"og:description\" content=\"Die Europ\u00e4ische Union schafft neue rechtliche Grundlagen f\u00fcr einen nachhaltigen Umgang mit Kunststoffen. Der Rat der&nbsp;EU-Mitgliedstaaten hat dazu die Einweg-Plastik-Richtlinie verabschiedet. Die Zustimmung der Mitgliedstaaten war der letzte Schritt im europ\u00e4ischen Gesetzgebungsverfahren. Die Richtlinie umfasst unter anderem ein Vermarktungsverbot f\u00fcr bestimmte Einweg-Kunststoffprodukte, die die Meere belasten. Damit will die Europ\u00e4ische Union den Eintrag von Abf\u00e4llen [&hellip;]\" \/>\n<meta property=\"og:url\" content=\"https:\/\/radioleinewelle.de\/index.php\/2021\/07\/04\/einweg-plastik-ist-seit-gestern-verboten\/\" \/>\n<meta property=\"og:site_name\" content=\"Radio Leinewelle\" \/>\n<meta property=\"article:publisher\" content=\"https:\/\/www.facebook.com\/radioleinewelle\" \/>\n<meta property=\"article:author\" content=\"https:\/\/www.facebook.com\/radioleinewelle\" \/>\n<meta property=\"article:published_time\" content=\"2021-07-04T03:41:00+00:00\" \/>\n<meta property=\"og:image\" content=\"https:\/\/radioleinewelle.de\/wp-content\/uploads\/2021\/07\/pollution-4110882_640.jpg\" \/>\n\t<meta property=\"og:image:width\" content=\"640\" \/>\n\t<meta property=\"og:image:height\" content=\"426\" \/>\n\t<meta property=\"og:image:type\" content=\"image\/jpeg\" \/>\n<meta name=\"author\" content=\"Leinewelle\" \/>\n<meta name=\"twitter:card\" content=\"summary_large_image\" \/>\n<meta name=\"twitter:creator\" content=\"@https:\/\/twitter.com\/RLeinewelle?ref_src=twsrcgoogletwcampserptwgrauthor\" \/>\n<meta name=\"twitter:site\" content=\"@RLeinewelle\" \/>\n<meta name=\"twitter:label1\" content=\"Verfasst von\" \/>\n\t<meta name=\"twitter:data1\" content=\"Leinewelle\" \/>\n\t<meta name=\"twitter:label2\" content=\"Gesch\u00e4tzte Lesezeit\" \/>\n\t<meta name=\"twitter:data2\" content=\"2\u00a0Minuten\" \/>\n<script type=\"application\/ld+json\" class=\"yoast-schema-graph\">{\"@context\":\"https:\\\/\\\/schema.org\",\"@graph\":[{\"@type\":\"Article\",\"@id\":\"https:\\\/\\\/radioleinewelle.de\\\/index.php\\\/2021\\\/07\\\/04\\\/einweg-plastik-ist-seit-gestern-verboten\\\/#article\",\"isPartOf\":{\"@id\":\"https:\\\/\\\/radioleinewelle.de\\\/index.php\\\/2021\\\/07\\\/04\\\/einweg-plastik-ist-seit-gestern-verboten\\\/\"},\"author\":{\"name\":\"Leinewelle\",\"@id\":\"https:\\\/\\\/radioleinewelle.de\\\/#\\\/schema\\\/person\\\/45606f348637df637192dc1b68399a63\"},\"headline\":\"Einweg-Plastik ist seit 03.07. verboten\",\"datePublished\":\"2021-07-04T03:41:00+00:00\",\"mainEntityOfPage\":{\"@id\":\"https:\\\/\\\/radioleinewelle.de\\\/index.php\\\/2021\\\/07\\\/04\\\/einweg-plastik-ist-seit-gestern-verboten\\\/\"},\"wordCount\":322,\"publisher\":{\"@id\":\"https:\\\/\\\/radioleinewelle.de\\\/#organization\"},\"image\":{\"@id\":\"https:\\\/\\\/radioleinewelle.de\\\/index.php\\\/2021\\\/07\\\/04\\\/einweg-plastik-ist-seit-gestern-verboten\\\/#primaryimage\"},\"thumbnailUrl\":\"https:\\\/\\\/radioleinewelle.de\\\/wp-content\\\/uploads\\\/2021\\\/07\\\/pollution-4110882_640.jpg\",\"keywords\":[\"Einweg-Plastik\",\"Kenzeichnungsvorschriften\",\"Vermarktungsverbot\"],\"articleSection\":[\"Natur &amp; Umwelt\"],\"inLanguage\":\"de\"},{\"@type\":\"WebPage\",\"@id\":\"https:\\\/\\\/radioleinewelle.de\\\/index.php\\\/2021\\\/07\\\/04\\\/einweg-plastik-ist-seit-gestern-verboten\\\/\",\"url\":\"https:\\\/\\\/radioleinewelle.de\\\/index.php\\\/2021\\\/07\\\/04\\\/einweg-plastik-ist-seit-gestern-verboten\\\/\",\"name\":\"Einweg-Plastik ist seit 03.07. verboten - Radio Leinewelle\",\"isPartOf\":{\"@id\":\"https:\\\/\\\/radioleinewelle.de\\\/#website\"},\"primaryImageOfPage\":{\"@id\":\"https:\\\/\\\/radioleinewelle.de\\\/index.php\\\/2021\\\/07\\\/04\\\/einweg-plastik-ist-seit-gestern-verboten\\\/#primaryimage\"},\"image\":{\"@id\":\"https:\\\/\\\/radioleinewelle.de\\\/index.php\\\/2021\\\/07\\\/04\\\/einweg-plastik-ist-seit-gestern-verboten\\\/#primaryimage\"},\"thumbnailUrl\":\"https:\\\/\\\/radioleinewelle.de\\\/wp-content\\\/uploads\\\/2021\\\/07\\\/pollution-4110882_640.jpg\",\"datePublished\":\"2021-07-04T03:41:00+00:00\",\"breadcrumb\":{\"@id\":\"https:\\\/\\\/radioleinewelle.de\\\/index.php\\\/2021\\\/07\\\/04\\\/einweg-plastik-ist-seit-gestern-verboten\\\/#breadcrumb\"},\"inLanguage\":\"de\",\"potentialAction\":[{\"@type\":\"ReadAction\",\"target\":[\"https:\\\/\\\/radioleinewelle.de\\\/index.php\\\/2021\\\/07\\\/04\\\/einweg-plastik-ist-seit-gestern-verboten\\\/\"]}]},{\"@type\":\"ImageObject\",\"inLanguage\":\"de\",\"@id\":\"https:\\\/\\\/radioleinewelle.de\\\/index.php\\\/2021\\\/07\\\/04\\\/einweg-plastik-ist-seit-gestern-verboten\\\/#primaryimage\",\"url\":\"https:\\\/\\\/radioleinewelle.de\\\/wp-content\\\/uploads\\\/2021\\\/07\\\/pollution-4110882_640.jpg\",\"contentUrl\":\"https:\\\/\\\/radioleinewelle.de\\\/wp-content\\\/uploads\\\/2021\\\/07\\\/pollution-4110882_640.jpg\",\"width\":640,\"height\":426},{\"@type\":\"BreadcrumbList\",\"@id\":\"https:\\\/\\\/radioleinewelle.de\\\/index.php\\\/2021\\\/07\\\/04\\\/einweg-plastik-ist-seit-gestern-verboten\\\/#breadcrumb\",\"itemListElement\":[{\"@type\":\"ListItem\",\"position\":1,\"name\":\"Startseite\",\"item\":\"https:\\\/\\\/radioleinewelle.de\\\/\"},{\"@type\":\"ListItem\",\"position\":2,\"name\":\"Einweg-Plastik ist seit 03.07. verboten\"}]},{\"@type\":\"WebSite\",\"@id\":\"https:\\\/\\\/radioleinewelle.de\\\/#website\",\"url\":\"https:\\\/\\\/radioleinewelle.de\\\/\",\"name\":\"Radio Leinewelle\",\"description\":\"\",\"publisher\":{\"@id\":\"https:\\\/\\\/radioleinewelle.de\\\/#organization\"},\"potentialAction\":[{\"@type\":\"SearchAction\",\"target\":{\"@type\":\"EntryPoint\",\"urlTemplate\":\"https:\\\/\\\/radioleinewelle.de\\\/?s={search_term_string}\"},\"query-input\":{\"@type\":\"PropertyValueSpecification\",\"valueRequired\":true,\"valueName\":\"search_term_string\"}}],\"inLanguage\":\"de\"},{\"@type\":\"Organization\",\"@id\":\"https:\\\/\\\/radioleinewelle.de\\\/#organization\",\"name\":\"Radio Leinewelle\",\"alternateName\":\"Mein Radio f\u00fcr S\u00fcdniedersachsen\",\"url\":\"https:\\\/\\\/radioleinewelle.de\\\/\",\"logo\":{\"@type\":\"ImageObject\",\"inLanguage\":\"de\",\"@id\":\"https:\\\/\\\/radioleinewelle.de\\\/#\\\/schema\\\/logo\\\/image\\\/\",\"url\":\"https:\\\/\\\/radioleinewelle.de\\\/wp-content\\\/uploads\\\/2023\\\/11\\\/cropped-Leinewelle_Logo_weiss.png\",\"contentUrl\":\"https:\\\/\\\/radioleinewelle.de\\\/wp-content\\\/uploads\\\/2023\\\/11\\\/cropped-Leinewelle_Logo_weiss.png\",\"width\":854,\"height\":260,\"caption\":\"Radio Leinewelle\"},\"image\":{\"@id\":\"https:\\\/\\\/radioleinewelle.de\\\/#\\\/schema\\\/logo\\\/image\\\/\"},\"sameAs\":[\"https:\\\/\\\/www.facebook.com\\\/radioleinewelle\",\"https:\\\/\\\/x.com\\\/RLeinewelle\",\"https:\\\/\\\/www.instagram.com\\\/radioleinewelle\\\/?hl=de\"]},{\"@type\":\"Person\",\"@id\":\"https:\\\/\\\/radioleinewelle.de\\\/#\\\/schema\\\/person\\\/45606f348637df637192dc1b68399a63\",\"name\":\"Leinewelle\",\"image\":{\"@type\":\"ImageObject\",\"inLanguage\":\"de\",\"@id\":\"https:\\\/\\\/secure.gravatar.com\\\/avatar\\\/05c9a17bc973052ee5d91549bd32fb4dd0dc85b7b85ae94b2e2b4943476bbea5?s=96&d=blank&r=g\",\"url\":\"https:\\\/\\\/secure.gravatar.com\\\/avatar\\\/05c9a17bc973052ee5d91549bd32fb4dd0dc85b7b85ae94b2e2b4943476bbea5?s=96&d=blank&r=g\",\"contentUrl\":\"https:\\\/\\\/secure.gravatar.com\\\/avatar\\\/05c9a17bc973052ee5d91549bd32fb4dd0dc85b7b85ae94b2e2b4943476bbea5?s=96&d=blank&r=g\",\"caption\":\"Leinewelle\"},\"sameAs\":[\"http:\\\/\\\/localhost\\\/radio%20leinewelle\\\/wordpress\",\"https:\\\/\\\/www.facebook.com\\\/radioleinewelle\",\"https:\\\/\\\/www.instagram.com\\\/radioleinewelle\",\"https:\\\/\\\/x.com\\\/https:\\\/\\\/twitter.com\\\/RLeinewelle?ref_src=twsrcgoogletwcampserptwgrauthor\",\"https:\\\/\\\/soundcloud.com\\\/foerderverein-lokalradio?utm_source=clipboard&utm_medium=text&utm_campaign=social_sharing\"],\"url\":\"https:\\\/\\\/radioleinewelle.de\\\/index.php\\\/author\\\/leinewelle\\\/\"}]}<\/script>\n<!-- \/ Yoast SEO plugin. -->","yoast_head_json":{"title":"Einweg-Plastik ist seit 03.07. verboten - Radio Leinewelle","robots":{"index":"index","follow":"follow","max-snippet":"max-snippet:-1","max-image-preview":"max-image-preview:large","max-video-preview":"max-video-preview:-1"},"canonical":"https:\/\/radioleinewelle.de\/index.php\/2021\/07\/04\/einweg-plastik-ist-seit-gestern-verboten\/","og_locale":"de_DE","og_type":"article","og_title":"Einweg-Plastik ist seit 03.07. verboten - Radio Leinewelle","og_description":"Die Europ\u00e4ische Union schafft neue rechtliche Grundlagen f\u00fcr einen nachhaltigen Umgang mit Kunststoffen. Der Rat der&nbsp;EU-Mitgliedstaaten hat dazu die Einweg-Plastik-Richtlinie verabschiedet. Die Zustimmung der Mitgliedstaaten war der letzte Schritt im europ\u00e4ischen Gesetzgebungsverfahren. Die Richtlinie umfasst unter anderem ein Vermarktungsverbot f\u00fcr bestimmte Einweg-Kunststoffprodukte, die die Meere belasten. Damit will die Europ\u00e4ische Union den Eintrag von Abf\u00e4llen [&hellip;]","og_url":"https:\/\/radioleinewelle.de\/index.php\/2021\/07\/04\/einweg-plastik-ist-seit-gestern-verboten\/","og_site_name":"Radio Leinewelle","article_publisher":"https:\/\/www.facebook.com\/radioleinewelle","article_author":"https:\/\/www.facebook.com\/radioleinewelle","article_published_time":"2021-07-04T03:41:00+00:00","og_image":[{"width":640,"height":426,"url":"https:\/\/radioleinewelle.de\/wp-content\/uploads\/2021\/07\/pollution-4110882_640.jpg","type":"image\/jpeg"}],"author":"Leinewelle","twitter_card":"summary_large_image","twitter_creator":"@https:\/\/twitter.com\/RLeinewelle?ref_src=twsrcgoogletwcampserptwgrauthor","twitter_site":"@RLeinewelle","twitter_misc":{"Verfasst von":"Leinewelle","Gesch\u00e4tzte Lesezeit":"2\u00a0Minuten"},"schema":{"@context":"https:\/\/schema.org","@graph":[{"@type":"Article","@id":"https:\/\/radioleinewelle.de\/index.php\/2021\/07\/04\/einweg-plastik-ist-seit-gestern-verboten\/#article","isPartOf":{"@id":"https:\/\/radioleinewelle.de\/index.php\/2021\/07\/04\/einweg-plastik-ist-seit-gestern-verboten\/"},"author":{"name":"Leinewelle","@id":"https:\/\/radioleinewelle.de\/#\/schema\/person\/45606f348637df637192dc1b68399a63"},"headline":"Einweg-Plastik ist seit 03.07. verboten","datePublished":"2021-07-04T03:41:00+00:00","mainEntityOfPage":{"@id":"https:\/\/radioleinewelle.de\/index.php\/2021\/07\/04\/einweg-plastik-ist-seit-gestern-verboten\/"},"wordCount":322,"publisher":{"@id":"https:\/\/radioleinewelle.de\/#organization"},"image":{"@id":"https:\/\/radioleinewelle.de\/index.php\/2021\/07\/04\/einweg-plastik-ist-seit-gestern-verboten\/#primaryimage"},"thumbnailUrl":"https:\/\/radioleinewelle.de\/wp-content\/uploads\/2021\/07\/pollution-4110882_640.jpg","keywords":["Einweg-Plastik","Kenzeichnungsvorschriften","Vermarktungsverbot"],"articleSection":["Natur &amp; Umwelt"],"inLanguage":"de"},{"@type":"WebPage","@id":"https:\/\/radioleinewelle.de\/index.php\/2021\/07\/04\/einweg-plastik-ist-seit-gestern-verboten\/","url":"https:\/\/radioleinewelle.de\/index.php\/2021\/07\/04\/einweg-plastik-ist-seit-gestern-verboten\/","name":"Einweg-Plastik ist seit 03.07. verboten - Radio Leinewelle","isPartOf":{"@id":"https:\/\/radioleinewelle.de\/#website"},"primaryImageOfPage":{"@id":"https:\/\/radioleinewelle.de\/index.php\/2021\/07\/04\/einweg-plastik-ist-seit-gestern-verboten\/#primaryimage"},"image":{"@id":"https:\/\/radioleinewelle.de\/index.php\/2021\/07\/04\/einweg-plastik-ist-seit-gestern-verboten\/#primaryimage"},"thumbnailUrl":"https:\/\/radioleinewelle.de\/wp-content\/uploads\/2021\/07\/pollution-4110882_640.jpg","datePublished":"2021-07-04T03:41:00+00:00","breadcrumb":{"@id":"https:\/\/radioleinewelle.de\/index.php\/2021\/07\/04\/einweg-plastik-ist-seit-gestern-verboten\/#breadcrumb"},"inLanguage":"de","potentialAction":[{"@type":"ReadAction","target":["https:\/\/radioleinewelle.de\/index.php\/2021\/07\/04\/einweg-plastik-ist-seit-gestern-verboten\/"]}]},{"@type":"ImageObject","inLanguage":"de","@id":"https:\/\/radioleinewelle.de\/index.php\/2021\/07\/04\/einweg-plastik-ist-seit-gestern-verboten\/#primaryimage","url":"https:\/\/radioleinewelle.de\/wp-content\/uploads\/2021\/07\/pollution-4110882_640.jpg","contentUrl":"https:\/\/radioleinewelle.de\/wp-content\/uploads\/2021\/07\/pollution-4110882_640.jpg","width":640,"height":426},{"@type":"BreadcrumbList","@id":"https:\/\/radioleinewelle.de\/index.php\/2021\/07\/04\/einweg-plastik-ist-seit-gestern-verboten\/#breadcrumb","itemListElement":[{"@type":"ListItem","position":1,"name":"Startseite","item":"https:\/\/radioleinewelle.de\/"},{"@type":"ListItem","position":2,"name":"Einweg-Plastik ist seit 03.07. verboten"}]},{"@type":"WebSite","@id":"https:\/\/radioleinewelle.de\/#website","url":"https:\/\/radioleinewelle.de\/","name":"Radio Leinewelle","description":"","publisher":{"@id":"https:\/\/radioleinewelle.de\/#organization"},"potentialAction":[{"@type":"SearchAction","target":{"@type":"EntryPoint","urlTemplate":"https:\/\/radioleinewelle.de\/?s={search_term_string}"},"query-input":{"@type":"PropertyValueSpecification","valueRequired":true,"valueName":"search_term_string"}}],"inLanguage":"de"},{"@type":"Organization","@id":"https:\/\/radioleinewelle.de\/#organization","name":"Radio Leinewelle","alternateName":"Mein Radio f\u00fcr S\u00fcdniedersachsen","url":"https:\/\/radioleinewelle.de\/","logo":{"@type":"ImageObject","inLanguage":"de","@id":"https:\/\/radioleinewelle.de\/#\/schema\/logo\/image\/","url":"https:\/\/radioleinewelle.de\/wp-content\/uploads\/2023\/11\/cropped-Leinewelle_Logo_weiss.png","contentUrl":"https:\/\/radioleinewelle.de\/wp-content\/uploads\/2023\/11\/cropped-Leinewelle_Logo_weiss.png","width":854,"height":260,"caption":"Radio Leinewelle"},"image":{"@id":"https:\/\/radioleinewelle.de\/#\/schema\/logo\/image\/"},"sameAs":["https:\/\/www.facebook.com\/radioleinewelle","https:\/\/x.com\/RLeinewelle","https:\/\/www.instagram.com\/radioleinewelle\/?hl=de"]},{"@type":"Person","@id":"https:\/\/radioleinewelle.de\/#\/schema\/person\/45606f348637df637192dc1b68399a63","name":"Leinewelle","image":{"@type":"ImageObject","inLanguage":"de","@id":"https:\/\/secure.gravatar.com\/avatar\/05c9a17bc973052ee5d91549bd32fb4dd0dc85b7b85ae94b2e2b4943476bbea5?s=96&d=blank&r=g","url":"https:\/\/secure.gravatar.com\/avatar\/05c9a17bc973052ee5d91549bd32fb4dd0dc85b7b85ae94b2e2b4943476bbea5?s=96&d=blank&r=g","contentUrl":"https:\/\/secure.gravatar.com\/avatar\/05c9a17bc973052ee5d91549bd32fb4dd0dc85b7b85ae94b2e2b4943476bbea5?s=96&d=blank&r=g","caption":"Leinewelle"},"sameAs":["http:\/\/localhost\/radio%20leinewelle\/wordpress","https:\/\/www.facebook.com\/radioleinewelle","https:\/\/www.instagram.com\/radioleinewelle","https:\/\/x.com\/https:\/\/twitter.com\/RLeinewelle?ref_src=twsrcgoogletwcampserptwgrauthor","https:\/\/soundcloud.com\/foerderverein-lokalradio?utm_source=clipboard&utm_medium=text&utm_campaign=social_sharing"],"url":"https:\/\/radioleinewelle.de\/index.php\/author\/leinewelle\/"}]}},"_links":{"self":[{"href":"https:\/\/radioleinewelle.de\/index.php\/wp-json\/wp\/v2\/posts\/9087","targetHints":{"allow":["GET"]}}],"collection":[{"href":"https:\/\/radioleinewelle.de\/index.php\/wp-json\/wp\/v2\/posts"}],"about":[{"href":"https:\/\/radioleinewelle.de\/index.php\/wp-json\/wp\/v2\/types\/post"}],"author":[{"embeddable":true,"href":"https:\/\/radioleinewelle.de\/index.php\/wp-json\/wp\/v2\/users\/1"}],"replies":[{"embeddable":true,"href":"https:\/\/radioleinewelle.de\/index.php\/wp-json\/wp\/v2\/comments?post=9087"}],"version-history":[{"count":0,"href":"https:\/\/radioleinewelle.de\/index.php\/wp-json\/wp\/v2\/posts\/9087\/revisions"}],"wp:featuredmedia":[{"embeddable":true,"href":"https:\/\/radioleinewelle.de\/index.php\/wp-json\/wp\/v2\/media\/9089"}],"wp:attachment":[{"href":"https:\/\/radioleinewelle.de\/index.php\/wp-json\/wp\/v2\/media?parent=9087"}],"wp:term":[{"taxonomy":"category","embeddable":true,"href":"https:\/\/radioleinewelle.de\/index.php\/wp-json\/wp\/v2\/categories?post=9087"},{"taxonomy":"post_tag","embeddable":true,"href":"https:\/\/radioleinewelle.de\/index.php\/wp-json\/wp\/v2\/tags?post=9087"}],"curies":[{"name":"wp","href":"https:\/\/api.w.org\/{rel}","templated":true}]}}