{"id":9105,"date":"2021-07-22T05:07:00","date_gmt":"2021-07-22T03:07:00","guid":{"rendered":"https:\/\/radioleinewelle.de\/?p=9105"},"modified":"2021-07-22T05:07:00","modified_gmt":"2021-07-22T03:07:00","slug":"yoga-und-co-in-der-region-goettingen-ein-einblick-ins-sommerprogramm-2021","status":"publish","type":"post","link":"https:\/\/radioleinewelle.de\/index.php\/2021\/07\/22\/yoga-und-co-in-der-region-goettingen-ein-einblick-ins-sommerprogramm-2021\/","title":{"rendered":"Region G\u00f6ttingen: Yoga und Co. Ein Einblick ins Sommerprogramm 2021 &#8211; Heute Yoga im Kunsthaus"},"content":{"rendered":"<p>Nach einer langen Lockdownphase durch die Corona-Pandemie und einem schrittweisen Start verschiedener Kursanbieter:innen, kann die Freude an der Bewegung durch verschiedene Angebote in der Region G\u00f6ttingen wieder vielseitig ausgelebt werden. Auch ganze Kursgruppen k\u00f6nnen momentan wieder ihrer Leidenschaft fr\u00f6nen. Insbesondere die Lockerungen der Ma\u00dfnahmen bis hin zur Erlaubnis von Kontaktsport erm\u00f6glichen die reibungslose Durchf\u00fchrung von Entspannungs- und Sportangeboten. Ein Favorit unter diesen Angeboten ist Yoga. Im Jahr 2014 praktizierten 3% der Deutschen Yoga, heute sind es bereits \u00fcber 6% und damit hat sich das Interesse an Yoga deutschlandweit binnen sieben Jahren verdoppelt. Dies best\u00e4tigen ebenfalls die Zahlen der Suchangaben des Begriffs \u201eYoga\u201c im Internet.<\/p>\n<p>In G\u00f6ttingen gibt es neben gro\u00dfen Vereinsangeboten auch kleine Yoga- und Pilatesstudios im Boutique-Stil mit famili\u00e4rem Ambiente. Gemeinsam haben viele der gro\u00dfen und kleinen Anbieter:innen jedenfalls eines: Sie alle m\u00f6chten den Menschen in der Region mit neuen Highlights im Sommerprogramm sowohl ein Erlebnis voller Bewegung als auch Entspannungsm\u00f6glichkeiten bieten: Julia Freiberg (Yogijulia) verbindet in ihren Einheiten die Elemente \u201eKunst\u201c und \u201eYoga\u201c, denn die entspannte Yoga-Auszeit wird im Doppelpack mit einer inspirierenden Kurzf\u00fchrung durch das Kunsthaus G\u00f6ttingen angeboten.<\/p>\n<p>Spannend erscheint ebenso die Kombination aus Pers\u00f6nlichkeitstraining und Yoga. Dieses Konzept wird in der Workshopreihe von Lisa Valent (S\u00e4ulenyoga) umgesetzt und basiert auf der langj\u00e4hrigen Lehre der Verhaltensbiologin Dr. Uma Ewert.<\/p>\n<p>F\u00fcr den Kick f\u00fcr zwischendurch sorgen zus\u00e4tzlich die vielz\u00e4hligen sportlichen Angebote etablierter G\u00f6ttinger Vereine und Freizeiteinrichtungen: Der ASC46 l\u00e4dt im Juli an drei aneinander folgenden Wochenenden zu Fitness-Festivals der besonderen Art im Jahnstadion ein. Der Fokus liegt dabei jedes Wochenende auf einem anderen Aspekt \u2013 Das letzte Summer Moves Wochenende garantiert beispielsweise Spa\u00df und Bewegung f\u00fcr Gro\u00df und Klein (\u201eFamilienfestival\u201c). Ein weiteres gro\u00dfes Ereignis zeichnet sich am 29. August ab, denn an diesem Tag erwartet die G\u00f6ttinger Bev\u00f6lkerung im Jahnstadion erneut eine sportliche Herausforderung, der Stadttriathlon, welcher unter anderem von der G\u00f6ttinger Sport und Freizeit GmbH &amp; Co. KG ausgetragen wird.<\/p>\n<p>Also: Save the date!<\/p>\n<p>10.07.21  S\u00e4ulenyoga I Yoga f\u00fcr die Kraft (https:\/\/www.lisavalent.com)<br \/>\n11.07.21  Jahnstadion I ASC Lauf und Cycling Festival (https:\/\/asc46.de)<br \/>\n18.07.21  Jahnstadion I ASC Familienfestival (https:\/\/asc46.de)<br \/>\n22.07.21  Yogijulia I Kunsthaus I Yoga:art am Abend (https:\/\/yogijuliaonline.de)<br \/>\n14.08.21  S\u00e4ulenyoga I Yoga &amp; Yogaphilosophie (https:\/\/www.lisavalent.com)<br \/>\n29.08.21  Jahnstadion I Stadttriathlon (https:\/\/www.triathlon-goettingen.de\/home.html)<\/p>\n","protected":false},"excerpt":{"rendered":"<p>Nach einer langen Lockdownphase durch die Corona-Pandemie und einem schrittweisen Start verschiedener Kursanbieter:innen, kann die Freude an der Bewegung durch verschiedene Angebote in der Region G\u00f6ttingen wieder vielseitig ausgelebt werden. Auch ganze Kursgruppen k\u00f6nnen momentan wieder ihrer Leidenschaft fr\u00f6nen. Insbesondere die Lockerungen der Ma\u00dfnahmen bis hin zur Erlaubnis von Kontaktsport erm\u00f6glichen die reibungslose Durchf\u00fchrung von [&hellip;]<\/p>\n","protected":false},"author":1,"featured_media":9106,"comment_status":"closed","ping_status":"closed","sticky":false,"template":"","format":"standard","meta":{"saved_in_kubio":false,"footnotes":""},"categories":[24,1],"tags":[1776,1777,1778,1779],"class_list":["post-9105","post","type-post","status-publish","format-standard","has-post-thumbnail","hentry","category-news","category-allgemein","tag-fitness","tag-freizeit","tag-sport","tag-yoga"],"yoast_head":"<!-- This site is optimized with the Yoast SEO plugin v27.5 - https:\/\/yoast.com\/product\/yoast-seo-wordpress\/ -->\n<title>Region G\u00f6ttingen: Yoga und Co. Ein Einblick ins Sommerprogramm 2021 - Heute Yoga im Kunsthaus - Radio Leinewelle<\/title>\n<meta name=\"robots\" content=\"index, follow, max-snippet:-1, max-image-preview:large, max-video-preview:-1\" \/>\n<link rel=\"canonical\" href=\"https:\/\/radioleinewelle.de\/index.php\/2021\/07\/22\/yoga-und-co-in-der-region-goettingen-ein-einblick-ins-sommerprogramm-2021\/\" \/>\n<meta property=\"og:locale\" content=\"de_DE\" \/>\n<meta property=\"og:type\" content=\"article\" \/>\n<meta property=\"og:title\" content=\"Region G\u00f6ttingen: Yoga und Co. Ein Einblick ins Sommerprogramm 2021 - Heute Yoga im Kunsthaus - Radio Leinewelle\" \/>\n<meta property=\"og:description\" content=\"Nach einer langen Lockdownphase durch die Corona-Pandemie und einem schrittweisen Start verschiedener Kursanbieter:innen, kann die Freude an der Bewegung durch verschiedene Angebote in der Region G\u00f6ttingen wieder vielseitig ausgelebt werden. Auch ganze Kursgruppen k\u00f6nnen momentan wieder ihrer Leidenschaft fr\u00f6nen. Insbesondere die Lockerungen der Ma\u00dfnahmen bis hin zur Erlaubnis von Kontaktsport erm\u00f6glichen die reibungslose Durchf\u00fchrung von [&hellip;]\" \/>\n<meta property=\"og:url\" content=\"https:\/\/radioleinewelle.de\/index.php\/2021\/07\/22\/yoga-und-co-in-der-region-goettingen-ein-einblick-ins-sommerprogramm-2021\/\" \/>\n<meta property=\"og:site_name\" content=\"Radio Leinewelle\" \/>\n<meta property=\"article:publisher\" content=\"https:\/\/www.facebook.com\/radioleinewelle\" \/>\n<meta property=\"article:author\" content=\"https:\/\/www.facebook.com\/radioleinewelle\" \/>\n<meta property=\"article:published_time\" content=\"2021-07-22T03:07:00+00:00\" \/>\n<meta property=\"og:image\" content=\"https:\/\/radioleinewelle.de\/wp-content\/uploads\/2021\/07\/pexels-anthony-shkraba-5890302-scaled-1.jpg\" \/>\n\t<meta property=\"og:image:width\" content=\"2560\" \/>\n\t<meta property=\"og:image:height\" content=\"1707\" \/>\n\t<meta property=\"og:image:type\" content=\"image\/jpeg\" \/>\n<meta name=\"author\" content=\"Leinewelle\" \/>\n<meta name=\"twitter:card\" content=\"summary_large_image\" \/>\n<meta name=\"twitter:creator\" content=\"@https:\/\/twitter.com\/RLeinewelle?ref_src=twsrcgoogletwcampserptwgrauthor\" \/>\n<meta name=\"twitter:site\" content=\"@RLeinewelle\" \/>\n<meta name=\"twitter:label1\" content=\"Verfasst von\" \/>\n\t<meta name=\"twitter:data1\" content=\"Leinewelle\" \/>\n\t<meta name=\"twitter:label2\" content=\"Gesch\u00e4tzte Lesezeit\" \/>\n\t<meta name=\"twitter:data2\" content=\"2\u00a0Minuten\" \/>\n<script type=\"application\/ld+json\" class=\"yoast-schema-graph\">{\"@context\":\"https:\\\/\\\/schema.org\",\"@graph\":[{\"@type\":\"Article\",\"@id\":\"https:\\\/\\\/radioleinewelle.de\\\/index.php\\\/2021\\\/07\\\/22\\\/yoga-und-co-in-der-region-goettingen-ein-einblick-ins-sommerprogramm-2021\\\/#article\",\"isPartOf\":{\"@id\":\"https:\\\/\\\/radioleinewelle.de\\\/index.php\\\/2021\\\/07\\\/22\\\/yoga-und-co-in-der-region-goettingen-ein-einblick-ins-sommerprogramm-2021\\\/\"},\"author\":{\"name\":\"Leinewelle\",\"@id\":\"https:\\\/\\\/radioleinewelle.de\\\/#\\\/schema\\\/person\\\/45606f348637df637192dc1b68399a63\"},\"headline\":\"Region G\u00f6ttingen: Yoga und Co. Ein Einblick ins Sommerprogramm 2021 &#8211; Heute Yoga im Kunsthaus\",\"datePublished\":\"2021-07-22T03:07:00+00:00\",\"mainEntityOfPage\":{\"@id\":\"https:\\\/\\\/radioleinewelle.de\\\/index.php\\\/2021\\\/07\\\/22\\\/yoga-und-co-in-der-region-goettingen-ein-einblick-ins-sommerprogramm-2021\\\/\"},\"wordCount\":417,\"publisher\":{\"@id\":\"https:\\\/\\\/radioleinewelle.de\\\/#organization\"},\"image\":{\"@id\":\"https:\\\/\\\/radioleinewelle.de\\\/index.php\\\/2021\\\/07\\\/22\\\/yoga-und-co-in-der-region-goettingen-ein-einblick-ins-sommerprogramm-2021\\\/#primaryimage\"},\"thumbnailUrl\":\"https:\\\/\\\/radioleinewelle.de\\\/wp-content\\\/uploads\\\/2021\\\/07\\\/pexels-anthony-shkraba-5890302-scaled-1.jpg\",\"keywords\":[\"Fitness\",\"Freizeit\",\"Sport\",\"Yoga\"],\"articleSection\":[\"Aktuelle Nachrichten\"],\"inLanguage\":\"de\"},{\"@type\":\"WebPage\",\"@id\":\"https:\\\/\\\/radioleinewelle.de\\\/index.php\\\/2021\\\/07\\\/22\\\/yoga-und-co-in-der-region-goettingen-ein-einblick-ins-sommerprogramm-2021\\\/\",\"url\":\"https:\\\/\\\/radioleinewelle.de\\\/index.php\\\/2021\\\/07\\\/22\\\/yoga-und-co-in-der-region-goettingen-ein-einblick-ins-sommerprogramm-2021\\\/\",\"name\":\"Region G\u00f6ttingen: Yoga und Co. Ein Einblick ins Sommerprogramm 2021 - Heute Yoga im Kunsthaus - Radio Leinewelle\",\"isPartOf\":{\"@id\":\"https:\\\/\\\/radioleinewelle.de\\\/#website\"},\"primaryImageOfPage\":{\"@id\":\"https:\\\/\\\/radioleinewelle.de\\\/index.php\\\/2021\\\/07\\\/22\\\/yoga-und-co-in-der-region-goettingen-ein-einblick-ins-sommerprogramm-2021\\\/#primaryimage\"},\"image\":{\"@id\":\"https:\\\/\\\/radioleinewelle.de\\\/index.php\\\/2021\\\/07\\\/22\\\/yoga-und-co-in-der-region-goettingen-ein-einblick-ins-sommerprogramm-2021\\\/#primaryimage\"},\"thumbnailUrl\":\"https:\\\/\\\/radioleinewelle.de\\\/wp-content\\\/uploads\\\/2021\\\/07\\\/pexels-anthony-shkraba-5890302-scaled-1.jpg\",\"datePublished\":\"2021-07-22T03:07:00+00:00\",\"breadcrumb\":{\"@id\":\"https:\\\/\\\/radioleinewelle.de\\\/index.php\\\/2021\\\/07\\\/22\\\/yoga-und-co-in-der-region-goettingen-ein-einblick-ins-sommerprogramm-2021\\\/#breadcrumb\"},\"inLanguage\":\"de\",\"potentialAction\":[{\"@type\":\"ReadAction\",\"target\":[\"https:\\\/\\\/radioleinewelle.de\\\/index.php\\\/2021\\\/07\\\/22\\\/yoga-und-co-in-der-region-goettingen-ein-einblick-ins-sommerprogramm-2021\\\/\"]}]},{\"@type\":\"ImageObject\",\"inLanguage\":\"de\",\"@id\":\"https:\\\/\\\/radioleinewelle.de\\\/index.php\\\/2021\\\/07\\\/22\\\/yoga-und-co-in-der-region-goettingen-ein-einblick-ins-sommerprogramm-2021\\\/#primaryimage\",\"url\":\"https:\\\/\\\/radioleinewelle.de\\\/wp-content\\\/uploads\\\/2021\\\/07\\\/pexels-anthony-shkraba-5890302-scaled-1.jpg\",\"contentUrl\":\"https:\\\/\\\/radioleinewelle.de\\\/wp-content\\\/uploads\\\/2021\\\/07\\\/pexels-anthony-shkraba-5890302-scaled-1.jpg\",\"width\":2560,\"height\":1707},{\"@type\":\"BreadcrumbList\",\"@id\":\"https:\\\/\\\/radioleinewelle.de\\\/index.php\\\/2021\\\/07\\\/22\\\/yoga-und-co-in-der-region-goettingen-ein-einblick-ins-sommerprogramm-2021\\\/#breadcrumb\",\"itemListElement\":[{\"@type\":\"ListItem\",\"position\":1,\"name\":\"Startseite\",\"item\":\"https:\\\/\\\/radioleinewelle.de\\\/\"},{\"@type\":\"ListItem\",\"position\":2,\"name\":\"Region G\u00f6ttingen: Yoga und Co. Ein Einblick ins Sommerprogramm 2021 &#8211; Heute Yoga im Kunsthaus\"}]},{\"@type\":\"WebSite\",\"@id\":\"https:\\\/\\\/radioleinewelle.de\\\/#website\",\"url\":\"https:\\\/\\\/radioleinewelle.de\\\/\",\"name\":\"Radio Leinewelle\",\"description\":\"\",\"publisher\":{\"@id\":\"https:\\\/\\\/radioleinewelle.de\\\/#organization\"},\"potentialAction\":[{\"@type\":\"SearchAction\",\"target\":{\"@type\":\"EntryPoint\",\"urlTemplate\":\"https:\\\/\\\/radioleinewelle.de\\\/?s={search_term_string}\"},\"query-input\":{\"@type\":\"PropertyValueSpecification\",\"valueRequired\":true,\"valueName\":\"search_term_string\"}}],\"inLanguage\":\"de\"},{\"@type\":\"Organization\",\"@id\":\"https:\\\/\\\/radioleinewelle.de\\\/#organization\",\"name\":\"Radio Leinewelle\",\"alternateName\":\"Mein Radio f\u00fcr S\u00fcdniedersachsen\",\"url\":\"https:\\\/\\\/radioleinewelle.de\\\/\",\"logo\":{\"@type\":\"ImageObject\",\"inLanguage\":\"de\",\"@id\":\"https:\\\/\\\/radioleinewelle.de\\\/#\\\/schema\\\/logo\\\/image\\\/\",\"url\":\"https:\\\/\\\/radioleinewelle.de\\\/wp-content\\\/uploads\\\/2023\\\/11\\\/cropped-Leinewelle_Logo_weiss.png\",\"contentUrl\":\"https:\\\/\\\/radioleinewelle.de\\\/wp-content\\\/uploads\\\/2023\\\/11\\\/cropped-Leinewelle_Logo_weiss.png\",\"width\":854,\"height\":260,\"caption\":\"Radio Leinewelle\"},\"image\":{\"@id\":\"https:\\\/\\\/radioleinewelle.de\\\/#\\\/schema\\\/logo\\\/image\\\/\"},\"sameAs\":[\"https:\\\/\\\/www.facebook.com\\\/radioleinewelle\",\"https:\\\/\\\/x.com\\\/RLeinewelle\",\"https:\\\/\\\/www.instagram.com\\\/radioleinewelle\\\/?hl=de\"]},{\"@type\":\"Person\",\"@id\":\"https:\\\/\\\/radioleinewelle.de\\\/#\\\/schema\\\/person\\\/45606f348637df637192dc1b68399a63\",\"name\":\"Leinewelle\",\"image\":{\"@type\":\"ImageObject\",\"inLanguage\":\"de\",\"@id\":\"https:\\\/\\\/secure.gravatar.com\\\/avatar\\\/05c9a17bc973052ee5d91549bd32fb4dd0dc85b7b85ae94b2e2b4943476bbea5?s=96&d=blank&r=g\",\"url\":\"https:\\\/\\\/secure.gravatar.com\\\/avatar\\\/05c9a17bc973052ee5d91549bd32fb4dd0dc85b7b85ae94b2e2b4943476bbea5?s=96&d=blank&r=g\",\"contentUrl\":\"https:\\\/\\\/secure.gravatar.com\\\/avatar\\\/05c9a17bc973052ee5d91549bd32fb4dd0dc85b7b85ae94b2e2b4943476bbea5?s=96&d=blank&r=g\",\"caption\":\"Leinewelle\"},\"sameAs\":[\"http:\\\/\\\/localhost\\\/radio%20leinewelle\\\/wordpress\",\"https:\\\/\\\/www.facebook.com\\\/radioleinewelle\",\"https:\\\/\\\/www.instagram.com\\\/radioleinewelle\",\"https:\\\/\\\/x.com\\\/https:\\\/\\\/twitter.com\\\/RLeinewelle?ref_src=twsrcgoogletwcampserptwgrauthor\",\"https:\\\/\\\/soundcloud.com\\\/foerderverein-lokalradio?utm_source=clipboard&utm_medium=text&utm_campaign=social_sharing\"],\"url\":\"https:\\\/\\\/radioleinewelle.de\\\/index.php\\\/author\\\/leinewelle\\\/\"}]}<\/script>\n<!-- \/ Yoast SEO plugin. -->","yoast_head_json":{"title":"Region G\u00f6ttingen: Yoga und Co. Ein Einblick ins Sommerprogramm 2021 - Heute Yoga im Kunsthaus - Radio Leinewelle","robots":{"index":"index","follow":"follow","max-snippet":"max-snippet:-1","max-image-preview":"max-image-preview:large","max-video-preview":"max-video-preview:-1"},"canonical":"https:\/\/radioleinewelle.de\/index.php\/2021\/07\/22\/yoga-und-co-in-der-region-goettingen-ein-einblick-ins-sommerprogramm-2021\/","og_locale":"de_DE","og_type":"article","og_title":"Region G\u00f6ttingen: Yoga und Co. Ein Einblick ins Sommerprogramm 2021 - Heute Yoga im Kunsthaus - Radio Leinewelle","og_description":"Nach einer langen Lockdownphase durch die Corona-Pandemie und einem schrittweisen Start verschiedener Kursanbieter:innen, kann die Freude an der Bewegung durch verschiedene Angebote in der Region G\u00f6ttingen wieder vielseitig ausgelebt werden. Auch ganze Kursgruppen k\u00f6nnen momentan wieder ihrer Leidenschaft fr\u00f6nen. Insbesondere die Lockerungen der Ma\u00dfnahmen bis hin zur Erlaubnis von Kontaktsport erm\u00f6glichen die reibungslose Durchf\u00fchrung von [&hellip;]","og_url":"https:\/\/radioleinewelle.de\/index.php\/2021\/07\/22\/yoga-und-co-in-der-region-goettingen-ein-einblick-ins-sommerprogramm-2021\/","og_site_name":"Radio Leinewelle","article_publisher":"https:\/\/www.facebook.com\/radioleinewelle","article_author":"https:\/\/www.facebook.com\/radioleinewelle","article_published_time":"2021-07-22T03:07:00+00:00","og_image":[{"width":2560,"height":1707,"url":"https:\/\/radioleinewelle.de\/wp-content\/uploads\/2021\/07\/pexels-anthony-shkraba-5890302-scaled-1.jpg","type":"image\/jpeg"}],"author":"Leinewelle","twitter_card":"summary_large_image","twitter_creator":"@https:\/\/twitter.com\/RLeinewelle?ref_src=twsrcgoogletwcampserptwgrauthor","twitter_site":"@RLeinewelle","twitter_misc":{"Verfasst von":"Leinewelle","Gesch\u00e4tzte Lesezeit":"2\u00a0Minuten"},"schema":{"@context":"https:\/\/schema.org","@graph":[{"@type":"Article","@id":"https:\/\/radioleinewelle.de\/index.php\/2021\/07\/22\/yoga-und-co-in-der-region-goettingen-ein-einblick-ins-sommerprogramm-2021\/#article","isPartOf":{"@id":"https:\/\/radioleinewelle.de\/index.php\/2021\/07\/22\/yoga-und-co-in-der-region-goettingen-ein-einblick-ins-sommerprogramm-2021\/"},"author":{"name":"Leinewelle","@id":"https:\/\/radioleinewelle.de\/#\/schema\/person\/45606f348637df637192dc1b68399a63"},"headline":"Region G\u00f6ttingen: Yoga und Co. Ein Einblick ins Sommerprogramm 2021 &#8211; Heute Yoga im Kunsthaus","datePublished":"2021-07-22T03:07:00+00:00","mainEntityOfPage":{"@id":"https:\/\/radioleinewelle.de\/index.php\/2021\/07\/22\/yoga-und-co-in-der-region-goettingen-ein-einblick-ins-sommerprogramm-2021\/"},"wordCount":417,"publisher":{"@id":"https:\/\/radioleinewelle.de\/#organization"},"image":{"@id":"https:\/\/radioleinewelle.de\/index.php\/2021\/07\/22\/yoga-und-co-in-der-region-goettingen-ein-einblick-ins-sommerprogramm-2021\/#primaryimage"},"thumbnailUrl":"https:\/\/radioleinewelle.de\/wp-content\/uploads\/2021\/07\/pexels-anthony-shkraba-5890302-scaled-1.jpg","keywords":["Fitness","Freizeit","Sport","Yoga"],"articleSection":["Aktuelle Nachrichten"],"inLanguage":"de"},{"@type":"WebPage","@id":"https:\/\/radioleinewelle.de\/index.php\/2021\/07\/22\/yoga-und-co-in-der-region-goettingen-ein-einblick-ins-sommerprogramm-2021\/","url":"https:\/\/radioleinewelle.de\/index.php\/2021\/07\/22\/yoga-und-co-in-der-region-goettingen-ein-einblick-ins-sommerprogramm-2021\/","name":"Region G\u00f6ttingen: Yoga und Co. Ein Einblick ins Sommerprogramm 2021 - Heute Yoga im Kunsthaus - Radio Leinewelle","isPartOf":{"@id":"https:\/\/radioleinewelle.de\/#website"},"primaryImageOfPage":{"@id":"https:\/\/radioleinewelle.de\/index.php\/2021\/07\/22\/yoga-und-co-in-der-region-goettingen-ein-einblick-ins-sommerprogramm-2021\/#primaryimage"},"image":{"@id":"https:\/\/radioleinewelle.de\/index.php\/2021\/07\/22\/yoga-und-co-in-der-region-goettingen-ein-einblick-ins-sommerprogramm-2021\/#primaryimage"},"thumbnailUrl":"https:\/\/radioleinewelle.de\/wp-content\/uploads\/2021\/07\/pexels-anthony-shkraba-5890302-scaled-1.jpg","datePublished":"2021-07-22T03:07:00+00:00","breadcrumb":{"@id":"https:\/\/radioleinewelle.de\/index.php\/2021\/07\/22\/yoga-und-co-in-der-region-goettingen-ein-einblick-ins-sommerprogramm-2021\/#breadcrumb"},"inLanguage":"de","potentialAction":[{"@type":"ReadAction","target":["https:\/\/radioleinewelle.de\/index.php\/2021\/07\/22\/yoga-und-co-in-der-region-goettingen-ein-einblick-ins-sommerprogramm-2021\/"]}]},{"@type":"ImageObject","inLanguage":"de","@id":"https:\/\/radioleinewelle.de\/index.php\/2021\/07\/22\/yoga-und-co-in-der-region-goettingen-ein-einblick-ins-sommerprogramm-2021\/#primaryimage","url":"https:\/\/radioleinewelle.de\/wp-content\/uploads\/2021\/07\/pexels-anthony-shkraba-5890302-scaled-1.jpg","contentUrl":"https:\/\/radioleinewelle.de\/wp-content\/uploads\/2021\/07\/pexels-anthony-shkraba-5890302-scaled-1.jpg","width":2560,"height":1707},{"@type":"BreadcrumbList","@id":"https:\/\/radioleinewelle.de\/index.php\/2021\/07\/22\/yoga-und-co-in-der-region-goettingen-ein-einblick-ins-sommerprogramm-2021\/#breadcrumb","itemListElement":[{"@type":"ListItem","position":1,"name":"Startseite","item":"https:\/\/radioleinewelle.de\/"},{"@type":"ListItem","position":2,"name":"Region G\u00f6ttingen: Yoga und Co. Ein Einblick ins Sommerprogramm 2021 &#8211; Heute Yoga im Kunsthaus"}]},{"@type":"WebSite","@id":"https:\/\/radioleinewelle.de\/#website","url":"https:\/\/radioleinewelle.de\/","name":"Radio Leinewelle","description":"","publisher":{"@id":"https:\/\/radioleinewelle.de\/#organization"},"potentialAction":[{"@type":"SearchAction","target":{"@type":"EntryPoint","urlTemplate":"https:\/\/radioleinewelle.de\/?s={search_term_string}"},"query-input":{"@type":"PropertyValueSpecification","valueRequired":true,"valueName":"search_term_string"}}],"inLanguage":"de"},{"@type":"Organization","@id":"https:\/\/radioleinewelle.de\/#organization","name":"Radio Leinewelle","alternateName":"Mein Radio f\u00fcr S\u00fcdniedersachsen","url":"https:\/\/radioleinewelle.de\/","logo":{"@type":"ImageObject","inLanguage":"de","@id":"https:\/\/radioleinewelle.de\/#\/schema\/logo\/image\/","url":"https:\/\/radioleinewelle.de\/wp-content\/uploads\/2023\/11\/cropped-Leinewelle_Logo_weiss.png","contentUrl":"https:\/\/radioleinewelle.de\/wp-content\/uploads\/2023\/11\/cropped-Leinewelle_Logo_weiss.png","width":854,"height":260,"caption":"Radio Leinewelle"},"image":{"@id":"https:\/\/radioleinewelle.de\/#\/schema\/logo\/image\/"},"sameAs":["https:\/\/www.facebook.com\/radioleinewelle","https:\/\/x.com\/RLeinewelle","https:\/\/www.instagram.com\/radioleinewelle\/?hl=de"]},{"@type":"Person","@id":"https:\/\/radioleinewelle.de\/#\/schema\/person\/45606f348637df637192dc1b68399a63","name":"Leinewelle","image":{"@type":"ImageObject","inLanguage":"de","@id":"https:\/\/secure.gravatar.com\/avatar\/05c9a17bc973052ee5d91549bd32fb4dd0dc85b7b85ae94b2e2b4943476bbea5?s=96&d=blank&r=g","url":"https:\/\/secure.gravatar.com\/avatar\/05c9a17bc973052ee5d91549bd32fb4dd0dc85b7b85ae94b2e2b4943476bbea5?s=96&d=blank&r=g","contentUrl":"https:\/\/secure.gravatar.com\/avatar\/05c9a17bc973052ee5d91549bd32fb4dd0dc85b7b85ae94b2e2b4943476bbea5?s=96&d=blank&r=g","caption":"Leinewelle"},"sameAs":["http:\/\/localhost\/radio%20leinewelle\/wordpress","https:\/\/www.facebook.com\/radioleinewelle","https:\/\/www.instagram.com\/radioleinewelle","https:\/\/x.com\/https:\/\/twitter.com\/RLeinewelle?ref_src=twsrcgoogletwcampserptwgrauthor","https:\/\/soundcloud.com\/foerderverein-lokalradio?utm_source=clipboard&utm_medium=text&utm_campaign=social_sharing"],"url":"https:\/\/radioleinewelle.de\/index.php\/author\/leinewelle\/"}]}},"_links":{"self":[{"href":"https:\/\/radioleinewelle.de\/index.php\/wp-json\/wp\/v2\/posts\/9105","targetHints":{"allow":["GET"]}}],"collection":[{"href":"https:\/\/radioleinewelle.de\/index.php\/wp-json\/wp\/v2\/posts"}],"about":[{"href":"https:\/\/radioleinewelle.de\/index.php\/wp-json\/wp\/v2\/types\/post"}],"author":[{"embeddable":true,"href":"https:\/\/radioleinewelle.de\/index.php\/wp-json\/wp\/v2\/users\/1"}],"replies":[{"embeddable":true,"href":"https:\/\/radioleinewelle.de\/index.php\/wp-json\/wp\/v2\/comments?post=9105"}],"version-history":[{"count":0,"href":"https:\/\/radioleinewelle.de\/index.php\/wp-json\/wp\/v2\/posts\/9105\/revisions"}],"wp:featuredmedia":[{"embeddable":true,"href":"https:\/\/radioleinewelle.de\/index.php\/wp-json\/wp\/v2\/media\/9106"}],"wp:attachment":[{"href":"https:\/\/radioleinewelle.de\/index.php\/wp-json\/wp\/v2\/media?parent=9105"}],"wp:term":[{"taxonomy":"category","embeddable":true,"href":"https:\/\/radioleinewelle.de\/index.php\/wp-json\/wp\/v2\/categories?post=9105"},{"taxonomy":"post_tag","embeddable":true,"href":"https:\/\/radioleinewelle.de\/index.php\/wp-json\/wp\/v2\/tags?post=9105"}],"curies":[{"name":"wp","href":"https:\/\/api.w.org\/{rel}","templated":true}]}}