{"id":9137,"date":"2021-07-06T05:30:00","date_gmt":"2021-07-06T03:30:00","guid":{"rendered":"https:\/\/radioleinewelle.de\/?p=9137"},"modified":"2021-07-06T05:30:00","modified_gmt":"2021-07-06T03:30:00","slug":"ausbau-der-fahrradstrasse-nach-weende-macht-fortschritte","status":"publish","type":"post","link":"https:\/\/radioleinewelle.de\/index.php\/2021\/07\/06\/ausbau-der-fahrradstrasse-nach-weende-macht-fortschritte\/","title":{"rendered":"Ausbau der Fahrradstra\u00dfe nach Weende macht Fortschritte"},"content":{"rendered":"\n<p>Die beliebteste Fahrrad-Strecke von der City bis in den Norden der Stadt f\u00fchrt \u00fcber die Go\u00dflerstra\u00dfe durchs Altdorf Weende. Die von Radfahrenden viel befahrene Route soll jetzt noch sicherer und attraktiver werden.Die Stadt G\u00f6ttingen verl\u00e4ngert daher derzeit die n\u00f6rdliche Fahrradstra\u00dfe vom Christophorusweg bis zur Ernst-Fahlbusch-Stra\u00dfe in Weende. Damit entsteht eine attraktive Vorrang-Route f\u00fcr den Radverkehr vom Weender Norden ins Stadtzentrum. Die Arbeiten sind mittlerweile im Gange und dauern voraussichtlich bis Ende 2021. Im Verlaufe des Ausbaus sind abschnittweise Stra\u00dfensperrungen erforderlich.Aktuell wird an der Einm\u00fcndung Ernst-Fahlbusch-Stra\u00dfe\/Steinweg gearbeitet. Danach werden die Einm\u00fcndungsbereiche entlang der Thiestra\u00dfe \u00fcber den Kaakweg bis hin zum Christophorusweg nach und nach umgestaltet. Beim Ausbau werden au\u00dferdem taktile Leitelemente und Sonderbordsteine an Fu\u00dfg\u00e4ngerquerungen f\u00fcr eine barrierefreie Mobilit\u00e4t von Menschen mit Behinderungen errichtet. Weiterhin sind verkehrsberuhigende Ma\u00dfnahmen in Form von Aufpflasterungen sowie Ausbuchtungen auf der Fahrbahn vorgesehen. Zudem soll der Verkehrsfluss am Knotenpunkt Hennebergstra\u00dfe\/Obere M\u00fchle\/Kaakweg durch Bau eines Minikreisverkehrs verbessert werden. Dabei wird es bei den jeweiligen Bauarbeiten zu Sperrungen und Umleitungen f\u00fcr den motorisierten Verkehr kommen.Der Ausbau folgt dem Radverkehrsentwicklungsplan der Stadt G\u00f6ttingen.<\/p>\n","protected":false},"excerpt":{"rendered":"<p>Die beliebteste Fahrrad-Strecke von der City bis in den Norden der Stadt f\u00fchrt \u00fcber die Go\u00dflerstra\u00dfe durchs Altdorf Weende. Die von Radfahrenden viel befahrene Route soll jetzt noch sicherer und attraktiver werden.Die Stadt G\u00f6ttingen verl\u00e4ngert daher derzeit die n\u00f6rdliche Fahrradstra\u00dfe vom Christophorusweg bis zur Ernst-Fahlbusch-Stra\u00dfe in Weende. Damit entsteht eine attraktive Vorrang-Route f\u00fcr den Radverkehr [&hellip;]<\/p>\n","protected":false},"author":1,"featured_media":9140,"comment_status":"closed","ping_status":"closed","sticky":false,"template":"","format":"standard","meta":{"saved_in_kubio":false,"footnotes":""},"categories":[31],"tags":[1685,1686,1394,1687],"class_list":["post-9137","post","type-post","status-publish","format-standard","has-post-thumbnail","hentry","category-bauen-verkehr","tag-ausbau-fahrradstrecke-goettingen","tag-barrierefreie-mobilitaet-goettingen","tag-fahrradstrasse-nach-weende","tag-fahrradstrecke-goettingen"],"yoast_head":"<!-- This site is optimized with the Yoast SEO plugin v27.4 - https:\/\/yoast.com\/product\/yoast-seo-wordpress\/ -->\n<title>Ausbau der Fahrradstra\u00dfe nach Weende macht Fortschritte - Radio Leinewelle<\/title>\n<meta name=\"robots\" content=\"index, follow, max-snippet:-1, max-image-preview:large, max-video-preview:-1\" \/>\n<link rel=\"canonical\" href=\"https:\/\/radioleinewelle.de\/index.php\/2021\/07\/06\/ausbau-der-fahrradstrasse-nach-weende-macht-fortschritte\/\" \/>\n<meta property=\"og:locale\" content=\"de_DE\" \/>\n<meta property=\"og:type\" content=\"article\" \/>\n<meta property=\"og:title\" content=\"Ausbau der Fahrradstra\u00dfe nach Weende macht Fortschritte - Radio Leinewelle\" \/>\n<meta property=\"og:description\" content=\"Die beliebteste Fahrrad-Strecke von der City bis in den Norden der Stadt f\u00fchrt \u00fcber die Go\u00dflerstra\u00dfe durchs Altdorf Weende. Die von Radfahrenden viel befahrene Route soll jetzt noch sicherer und attraktiver werden.Die Stadt G\u00f6ttingen verl\u00e4ngert daher derzeit die n\u00f6rdliche Fahrradstra\u00dfe vom Christophorusweg bis zur Ernst-Fahlbusch-Stra\u00dfe in Weende. Damit entsteht eine attraktive Vorrang-Route f\u00fcr den Radverkehr [&hellip;]\" \/>\n<meta property=\"og:url\" content=\"https:\/\/radioleinewelle.de\/index.php\/2021\/07\/06\/ausbau-der-fahrradstrasse-nach-weende-macht-fortschritte\/\" \/>\n<meta property=\"og:site_name\" content=\"Radio Leinewelle\" \/>\n<meta property=\"article:publisher\" content=\"https:\/\/www.facebook.com\/radioleinewelle\" \/>\n<meta property=\"article:author\" content=\"https:\/\/www.facebook.com\/radioleinewelle\" \/>\n<meta property=\"article:published_time\" content=\"2021-07-06T03:30:00+00:00\" \/>\n<meta property=\"og:image\" content=\"https:\/\/radioleinewelle.de\/wp-content\/uploads\/2021\/07\/210663332_1081346735604518_5829431403636527652_n.jpg\" \/>\n\t<meta property=\"og:image:width\" content=\"2048\" \/>\n\t<meta property=\"og:image:height\" content=\"1536\" \/>\n\t<meta property=\"og:image:type\" content=\"image\/jpeg\" \/>\n<meta name=\"author\" content=\"Leinewelle\" \/>\n<meta name=\"twitter:card\" content=\"summary_large_image\" \/>\n<meta name=\"twitter:creator\" content=\"@https:\/\/twitter.com\/RLeinewelle?ref_src=twsrcgoogletwcampserptwgrauthor\" \/>\n<meta name=\"twitter:site\" content=\"@RLeinewelle\" \/>\n<meta name=\"twitter:label1\" content=\"Verfasst von\" \/>\n\t<meta name=\"twitter:data1\" content=\"Leinewelle\" \/>\n\t<meta name=\"twitter:label2\" content=\"Gesch\u00e4tzte Lesezeit\" \/>\n\t<meta name=\"twitter:data2\" content=\"1\u00a0Minute\" \/>\n<script type=\"application\/ld+json\" class=\"yoast-schema-graph\">{\"@context\":\"https:\\\/\\\/schema.org\",\"@graph\":[{\"@type\":\"Article\",\"@id\":\"https:\\\/\\\/radioleinewelle.de\\\/index.php\\\/2021\\\/07\\\/06\\\/ausbau-der-fahrradstrasse-nach-weende-macht-fortschritte\\\/#article\",\"isPartOf\":{\"@id\":\"https:\\\/\\\/radioleinewelle.de\\\/index.php\\\/2021\\\/07\\\/06\\\/ausbau-der-fahrradstrasse-nach-weende-macht-fortschritte\\\/\"},\"author\":{\"name\":\"Leinewelle\",\"@id\":\"https:\\\/\\\/radioleinewelle.de\\\/#\\\/schema\\\/person\\\/45606f348637df637192dc1b68399a63\"},\"headline\":\"Ausbau der Fahrradstra\u00dfe nach Weende macht Fortschritte\",\"datePublished\":\"2021-07-06T03:30:00+00:00\",\"mainEntityOfPage\":{\"@id\":\"https:\\\/\\\/radioleinewelle.de\\\/index.php\\\/2021\\\/07\\\/06\\\/ausbau-der-fahrradstrasse-nach-weende-macht-fortschritte\\\/\"},\"wordCount\":211,\"publisher\":{\"@id\":\"https:\\\/\\\/radioleinewelle.de\\\/#organization\"},\"image\":{\"@id\":\"https:\\\/\\\/radioleinewelle.de\\\/index.php\\\/2021\\\/07\\\/06\\\/ausbau-der-fahrradstrasse-nach-weende-macht-fortschritte\\\/#primaryimage\"},\"thumbnailUrl\":\"https:\\\/\\\/radioleinewelle.de\\\/wp-content\\\/uploads\\\/2021\\\/07\\\/210663332_1081346735604518_5829431403636527652_n.jpg\",\"keywords\":[\"Ausbau Fahrradstrecke G\u00f6ttingen\",\"barrierefreie Mobilit\u00e4t G\u00f6ttingen\",\"Fahrradstra\u00dfe nach Weende\",\"Fahrradstrecke G\u00f6ttingen\"],\"articleSection\":[\"Bauen &amp; Verkehr\"],\"inLanguage\":\"de\"},{\"@type\":\"WebPage\",\"@id\":\"https:\\\/\\\/radioleinewelle.de\\\/index.php\\\/2021\\\/07\\\/06\\\/ausbau-der-fahrradstrasse-nach-weende-macht-fortschritte\\\/\",\"url\":\"https:\\\/\\\/radioleinewelle.de\\\/index.php\\\/2021\\\/07\\\/06\\\/ausbau-der-fahrradstrasse-nach-weende-macht-fortschritte\\\/\",\"name\":\"Ausbau der Fahrradstra\u00dfe nach Weende macht Fortschritte - Radio Leinewelle\",\"isPartOf\":{\"@id\":\"https:\\\/\\\/radioleinewelle.de\\\/#website\"},\"primaryImageOfPage\":{\"@id\":\"https:\\\/\\\/radioleinewelle.de\\\/index.php\\\/2021\\\/07\\\/06\\\/ausbau-der-fahrradstrasse-nach-weende-macht-fortschritte\\\/#primaryimage\"},\"image\":{\"@id\":\"https:\\\/\\\/radioleinewelle.de\\\/index.php\\\/2021\\\/07\\\/06\\\/ausbau-der-fahrradstrasse-nach-weende-macht-fortschritte\\\/#primaryimage\"},\"thumbnailUrl\":\"https:\\\/\\\/radioleinewelle.de\\\/wp-content\\\/uploads\\\/2021\\\/07\\\/210663332_1081346735604518_5829431403636527652_n.jpg\",\"datePublished\":\"2021-07-06T03:30:00+00:00\",\"breadcrumb\":{\"@id\":\"https:\\\/\\\/radioleinewelle.de\\\/index.php\\\/2021\\\/07\\\/06\\\/ausbau-der-fahrradstrasse-nach-weende-macht-fortschritte\\\/#breadcrumb\"},\"inLanguage\":\"de\",\"potentialAction\":[{\"@type\":\"ReadAction\",\"target\":[\"https:\\\/\\\/radioleinewelle.de\\\/index.php\\\/2021\\\/07\\\/06\\\/ausbau-der-fahrradstrasse-nach-weende-macht-fortschritte\\\/\"]}]},{\"@type\":\"ImageObject\",\"inLanguage\":\"de\",\"@id\":\"https:\\\/\\\/radioleinewelle.de\\\/index.php\\\/2021\\\/07\\\/06\\\/ausbau-der-fahrradstrasse-nach-weende-macht-fortschritte\\\/#primaryimage\",\"url\":\"https:\\\/\\\/radioleinewelle.de\\\/wp-content\\\/uploads\\\/2021\\\/07\\\/210663332_1081346735604518_5829431403636527652_n.jpg\",\"contentUrl\":\"https:\\\/\\\/radioleinewelle.de\\\/wp-content\\\/uploads\\\/2021\\\/07\\\/210663332_1081346735604518_5829431403636527652_n.jpg\",\"width\":2048,\"height\":1536},{\"@type\":\"BreadcrumbList\",\"@id\":\"https:\\\/\\\/radioleinewelle.de\\\/index.php\\\/2021\\\/07\\\/06\\\/ausbau-der-fahrradstrasse-nach-weende-macht-fortschritte\\\/#breadcrumb\",\"itemListElement\":[{\"@type\":\"ListItem\",\"position\":1,\"name\":\"Startseite\",\"item\":\"https:\\\/\\\/radioleinewelle.de\\\/\"},{\"@type\":\"ListItem\",\"position\":2,\"name\":\"Ausbau der Fahrradstra\u00dfe nach Weende macht Fortschritte\"}]},{\"@type\":\"WebSite\",\"@id\":\"https:\\\/\\\/radioleinewelle.de\\\/#website\",\"url\":\"https:\\\/\\\/radioleinewelle.de\\\/\",\"name\":\"Radio Leinewelle\",\"description\":\"\",\"publisher\":{\"@id\":\"https:\\\/\\\/radioleinewelle.de\\\/#organization\"},\"potentialAction\":[{\"@type\":\"SearchAction\",\"target\":{\"@type\":\"EntryPoint\",\"urlTemplate\":\"https:\\\/\\\/radioleinewelle.de\\\/?s={search_term_string}\"},\"query-input\":{\"@type\":\"PropertyValueSpecification\",\"valueRequired\":true,\"valueName\":\"search_term_string\"}}],\"inLanguage\":\"de\"},{\"@type\":\"Organization\",\"@id\":\"https:\\\/\\\/radioleinewelle.de\\\/#organization\",\"name\":\"Radio Leinewelle\",\"alternateName\":\"Mein Radio f\u00fcr S\u00fcdniedersachsen\",\"url\":\"https:\\\/\\\/radioleinewelle.de\\\/\",\"logo\":{\"@type\":\"ImageObject\",\"inLanguage\":\"de\",\"@id\":\"https:\\\/\\\/radioleinewelle.de\\\/#\\\/schema\\\/logo\\\/image\\\/\",\"url\":\"https:\\\/\\\/radioleinewelle.de\\\/wp-content\\\/uploads\\\/2023\\\/11\\\/cropped-Leinewelle_Logo_weiss.png\",\"contentUrl\":\"https:\\\/\\\/radioleinewelle.de\\\/wp-content\\\/uploads\\\/2023\\\/11\\\/cropped-Leinewelle_Logo_weiss.png\",\"width\":854,\"height\":260,\"caption\":\"Radio Leinewelle\"},\"image\":{\"@id\":\"https:\\\/\\\/radioleinewelle.de\\\/#\\\/schema\\\/logo\\\/image\\\/\"},\"sameAs\":[\"https:\\\/\\\/www.facebook.com\\\/radioleinewelle\",\"https:\\\/\\\/x.com\\\/RLeinewelle\",\"https:\\\/\\\/www.instagram.com\\\/radioleinewelle\\\/?hl=de\"]},{\"@type\":\"Person\",\"@id\":\"https:\\\/\\\/radioleinewelle.de\\\/#\\\/schema\\\/person\\\/45606f348637df637192dc1b68399a63\",\"name\":\"Leinewelle\",\"image\":{\"@type\":\"ImageObject\",\"inLanguage\":\"de\",\"@id\":\"https:\\\/\\\/secure.gravatar.com\\\/avatar\\\/05c9a17bc973052ee5d91549bd32fb4dd0dc85b7b85ae94b2e2b4943476bbea5?s=96&d=blank&r=g\",\"url\":\"https:\\\/\\\/secure.gravatar.com\\\/avatar\\\/05c9a17bc973052ee5d91549bd32fb4dd0dc85b7b85ae94b2e2b4943476bbea5?s=96&d=blank&r=g\",\"contentUrl\":\"https:\\\/\\\/secure.gravatar.com\\\/avatar\\\/05c9a17bc973052ee5d91549bd32fb4dd0dc85b7b85ae94b2e2b4943476bbea5?s=96&d=blank&r=g\",\"caption\":\"Leinewelle\"},\"sameAs\":[\"http:\\\/\\\/localhost\\\/radio%20leinewelle\\\/wordpress\",\"https:\\\/\\\/www.facebook.com\\\/radioleinewelle\",\"https:\\\/\\\/www.instagram.com\\\/radioleinewelle\",\"https:\\\/\\\/x.com\\\/https:\\\/\\\/twitter.com\\\/RLeinewelle?ref_src=twsrcgoogletwcampserptwgrauthor\",\"https:\\\/\\\/soundcloud.com\\\/foerderverein-lokalradio?utm_source=clipboard&utm_medium=text&utm_campaign=social_sharing\"],\"url\":\"https:\\\/\\\/radioleinewelle.de\\\/index.php\\\/author\\\/leinewelle\\\/\"}]}<\/script>\n<!-- \/ Yoast SEO plugin. -->","yoast_head_json":{"title":"Ausbau der Fahrradstra\u00dfe nach Weende macht Fortschritte - Radio Leinewelle","robots":{"index":"index","follow":"follow","max-snippet":"max-snippet:-1","max-image-preview":"max-image-preview:large","max-video-preview":"max-video-preview:-1"},"canonical":"https:\/\/radioleinewelle.de\/index.php\/2021\/07\/06\/ausbau-der-fahrradstrasse-nach-weende-macht-fortschritte\/","og_locale":"de_DE","og_type":"article","og_title":"Ausbau der Fahrradstra\u00dfe nach Weende macht Fortschritte - Radio Leinewelle","og_description":"Die beliebteste Fahrrad-Strecke von der City bis in den Norden der Stadt f\u00fchrt \u00fcber die Go\u00dflerstra\u00dfe durchs Altdorf Weende. Die von Radfahrenden viel befahrene Route soll jetzt noch sicherer und attraktiver werden.Die Stadt G\u00f6ttingen verl\u00e4ngert daher derzeit die n\u00f6rdliche Fahrradstra\u00dfe vom Christophorusweg bis zur Ernst-Fahlbusch-Stra\u00dfe in Weende. Damit entsteht eine attraktive Vorrang-Route f\u00fcr den Radverkehr [&hellip;]","og_url":"https:\/\/radioleinewelle.de\/index.php\/2021\/07\/06\/ausbau-der-fahrradstrasse-nach-weende-macht-fortschritte\/","og_site_name":"Radio Leinewelle","article_publisher":"https:\/\/www.facebook.com\/radioleinewelle","article_author":"https:\/\/www.facebook.com\/radioleinewelle","article_published_time":"2021-07-06T03:30:00+00:00","og_image":[{"width":2048,"height":1536,"url":"https:\/\/radioleinewelle.de\/wp-content\/uploads\/2021\/07\/210663332_1081346735604518_5829431403636527652_n.jpg","type":"image\/jpeg"}],"author":"Leinewelle","twitter_card":"summary_large_image","twitter_creator":"@https:\/\/twitter.com\/RLeinewelle?ref_src=twsrcgoogletwcampserptwgrauthor","twitter_site":"@RLeinewelle","twitter_misc":{"Verfasst von":"Leinewelle","Gesch\u00e4tzte Lesezeit":"1\u00a0Minute"},"schema":{"@context":"https:\/\/schema.org","@graph":[{"@type":"Article","@id":"https:\/\/radioleinewelle.de\/index.php\/2021\/07\/06\/ausbau-der-fahrradstrasse-nach-weende-macht-fortschritte\/#article","isPartOf":{"@id":"https:\/\/radioleinewelle.de\/index.php\/2021\/07\/06\/ausbau-der-fahrradstrasse-nach-weende-macht-fortschritte\/"},"author":{"name":"Leinewelle","@id":"https:\/\/radioleinewelle.de\/#\/schema\/person\/45606f348637df637192dc1b68399a63"},"headline":"Ausbau der Fahrradstra\u00dfe nach Weende macht Fortschritte","datePublished":"2021-07-06T03:30:00+00:00","mainEntityOfPage":{"@id":"https:\/\/radioleinewelle.de\/index.php\/2021\/07\/06\/ausbau-der-fahrradstrasse-nach-weende-macht-fortschritte\/"},"wordCount":211,"publisher":{"@id":"https:\/\/radioleinewelle.de\/#organization"},"image":{"@id":"https:\/\/radioleinewelle.de\/index.php\/2021\/07\/06\/ausbau-der-fahrradstrasse-nach-weende-macht-fortschritte\/#primaryimage"},"thumbnailUrl":"https:\/\/radioleinewelle.de\/wp-content\/uploads\/2021\/07\/210663332_1081346735604518_5829431403636527652_n.jpg","keywords":["Ausbau Fahrradstrecke G\u00f6ttingen","barrierefreie Mobilit\u00e4t G\u00f6ttingen","Fahrradstra\u00dfe nach Weende","Fahrradstrecke G\u00f6ttingen"],"articleSection":["Bauen &amp; Verkehr"],"inLanguage":"de"},{"@type":"WebPage","@id":"https:\/\/radioleinewelle.de\/index.php\/2021\/07\/06\/ausbau-der-fahrradstrasse-nach-weende-macht-fortschritte\/","url":"https:\/\/radioleinewelle.de\/index.php\/2021\/07\/06\/ausbau-der-fahrradstrasse-nach-weende-macht-fortschritte\/","name":"Ausbau der Fahrradstra\u00dfe nach Weende macht Fortschritte - Radio Leinewelle","isPartOf":{"@id":"https:\/\/radioleinewelle.de\/#website"},"primaryImageOfPage":{"@id":"https:\/\/radioleinewelle.de\/index.php\/2021\/07\/06\/ausbau-der-fahrradstrasse-nach-weende-macht-fortschritte\/#primaryimage"},"image":{"@id":"https:\/\/radioleinewelle.de\/index.php\/2021\/07\/06\/ausbau-der-fahrradstrasse-nach-weende-macht-fortschritte\/#primaryimage"},"thumbnailUrl":"https:\/\/radioleinewelle.de\/wp-content\/uploads\/2021\/07\/210663332_1081346735604518_5829431403636527652_n.jpg","datePublished":"2021-07-06T03:30:00+00:00","breadcrumb":{"@id":"https:\/\/radioleinewelle.de\/index.php\/2021\/07\/06\/ausbau-der-fahrradstrasse-nach-weende-macht-fortschritte\/#breadcrumb"},"inLanguage":"de","potentialAction":[{"@type":"ReadAction","target":["https:\/\/radioleinewelle.de\/index.php\/2021\/07\/06\/ausbau-der-fahrradstrasse-nach-weende-macht-fortschritte\/"]}]},{"@type":"ImageObject","inLanguage":"de","@id":"https:\/\/radioleinewelle.de\/index.php\/2021\/07\/06\/ausbau-der-fahrradstrasse-nach-weende-macht-fortschritte\/#primaryimage","url":"https:\/\/radioleinewelle.de\/wp-content\/uploads\/2021\/07\/210663332_1081346735604518_5829431403636527652_n.jpg","contentUrl":"https:\/\/radioleinewelle.de\/wp-content\/uploads\/2021\/07\/210663332_1081346735604518_5829431403636527652_n.jpg","width":2048,"height":1536},{"@type":"BreadcrumbList","@id":"https:\/\/radioleinewelle.de\/index.php\/2021\/07\/06\/ausbau-der-fahrradstrasse-nach-weende-macht-fortschritte\/#breadcrumb","itemListElement":[{"@type":"ListItem","position":1,"name":"Startseite","item":"https:\/\/radioleinewelle.de\/"},{"@type":"ListItem","position":2,"name":"Ausbau der Fahrradstra\u00dfe nach Weende macht Fortschritte"}]},{"@type":"WebSite","@id":"https:\/\/radioleinewelle.de\/#website","url":"https:\/\/radioleinewelle.de\/","name":"Radio Leinewelle","description":"","publisher":{"@id":"https:\/\/radioleinewelle.de\/#organization"},"potentialAction":[{"@type":"SearchAction","target":{"@type":"EntryPoint","urlTemplate":"https:\/\/radioleinewelle.de\/?s={search_term_string}"},"query-input":{"@type":"PropertyValueSpecification","valueRequired":true,"valueName":"search_term_string"}}],"inLanguage":"de"},{"@type":"Organization","@id":"https:\/\/radioleinewelle.de\/#organization","name":"Radio Leinewelle","alternateName":"Mein Radio f\u00fcr S\u00fcdniedersachsen","url":"https:\/\/radioleinewelle.de\/","logo":{"@type":"ImageObject","inLanguage":"de","@id":"https:\/\/radioleinewelle.de\/#\/schema\/logo\/image\/","url":"https:\/\/radioleinewelle.de\/wp-content\/uploads\/2023\/11\/cropped-Leinewelle_Logo_weiss.png","contentUrl":"https:\/\/radioleinewelle.de\/wp-content\/uploads\/2023\/11\/cropped-Leinewelle_Logo_weiss.png","width":854,"height":260,"caption":"Radio Leinewelle"},"image":{"@id":"https:\/\/radioleinewelle.de\/#\/schema\/logo\/image\/"},"sameAs":["https:\/\/www.facebook.com\/radioleinewelle","https:\/\/x.com\/RLeinewelle","https:\/\/www.instagram.com\/radioleinewelle\/?hl=de"]},{"@type":"Person","@id":"https:\/\/radioleinewelle.de\/#\/schema\/person\/45606f348637df637192dc1b68399a63","name":"Leinewelle","image":{"@type":"ImageObject","inLanguage":"de","@id":"https:\/\/secure.gravatar.com\/avatar\/05c9a17bc973052ee5d91549bd32fb4dd0dc85b7b85ae94b2e2b4943476bbea5?s=96&d=blank&r=g","url":"https:\/\/secure.gravatar.com\/avatar\/05c9a17bc973052ee5d91549bd32fb4dd0dc85b7b85ae94b2e2b4943476bbea5?s=96&d=blank&r=g","contentUrl":"https:\/\/secure.gravatar.com\/avatar\/05c9a17bc973052ee5d91549bd32fb4dd0dc85b7b85ae94b2e2b4943476bbea5?s=96&d=blank&r=g","caption":"Leinewelle"},"sameAs":["http:\/\/localhost\/radio%20leinewelle\/wordpress","https:\/\/www.facebook.com\/radioleinewelle","https:\/\/www.instagram.com\/radioleinewelle","https:\/\/x.com\/https:\/\/twitter.com\/RLeinewelle?ref_src=twsrcgoogletwcampserptwgrauthor","https:\/\/soundcloud.com\/foerderverein-lokalradio?utm_source=clipboard&utm_medium=text&utm_campaign=social_sharing"],"url":"https:\/\/radioleinewelle.de\/index.php\/author\/leinewelle\/"}]}},"_links":{"self":[{"href":"https:\/\/radioleinewelle.de\/index.php\/wp-json\/wp\/v2\/posts\/9137","targetHints":{"allow":["GET"]}}],"collection":[{"href":"https:\/\/radioleinewelle.de\/index.php\/wp-json\/wp\/v2\/posts"}],"about":[{"href":"https:\/\/radioleinewelle.de\/index.php\/wp-json\/wp\/v2\/types\/post"}],"author":[{"embeddable":true,"href":"https:\/\/radioleinewelle.de\/index.php\/wp-json\/wp\/v2\/users\/1"}],"replies":[{"embeddable":true,"href":"https:\/\/radioleinewelle.de\/index.php\/wp-json\/wp\/v2\/comments?post=9137"}],"version-history":[{"count":0,"href":"https:\/\/radioleinewelle.de\/index.php\/wp-json\/wp\/v2\/posts\/9137\/revisions"}],"wp:featuredmedia":[{"embeddable":true,"href":"https:\/\/radioleinewelle.de\/index.php\/wp-json\/wp\/v2\/media\/9140"}],"wp:attachment":[{"href":"https:\/\/radioleinewelle.de\/index.php\/wp-json\/wp\/v2\/media?parent=9137"}],"wp:term":[{"taxonomy":"category","embeddable":true,"href":"https:\/\/radioleinewelle.de\/index.php\/wp-json\/wp\/v2\/categories?post=9137"},{"taxonomy":"post_tag","embeddable":true,"href":"https:\/\/radioleinewelle.de\/index.php\/wp-json\/wp\/v2\/tags?post=9137"}],"curies":[{"name":"wp","href":"https:\/\/api.w.org\/{rel}","templated":true}]}}