{"id":9406,"date":"2021-07-18T04:53:00","date_gmt":"2021-07-18T02:53:00","guid":{"rendered":"https:\/\/radioleinewelle.de\/?p=9406"},"modified":"2021-07-18T04:53:00","modified_gmt":"2021-07-18T02:53:00","slug":"goettingen-350-teilnehmer-auf-der-fridays-for-future-demo","status":"publish","type":"post","link":"https:\/\/radioleinewelle.de\/index.php\/2021\/07\/18\/goettingen-350-teilnehmer-auf-der-fridays-for-future-demo\/","title":{"rendered":"G\u00f6ttingen: 350 Teilnehmer auf der Fridays For Future Demo"},"content":{"rendered":"\n<p>Am letzten Freitag vor den Sommerferien hatten&nbsp;<a href=\"https:\/\/www.facebook.com\/fridaysforfuturegoettingen\/?__cft__[0]=AZW_weSIDvP6efaCuQJH9C3uVelDmtjbG7s3GP8_1YFF7QBaCoBZg0r8dnYeWNJPRObeaU55gaoZ2ZVftOdLyatYVoTi6-d9pBty176wpISf3cxVZ9VZQqbdcHBw86WVCezyR3y67Dg-BWzqgvNk0TJ3Jk_pDzSBAmfCeD1Q6QGijupufT9M-emfsOgK1Ly2aCU&amp;__tn__=kK*F\">Fridaysforfuture G\u00f6ttingen<\/a>&nbsp;sowie weitere politische und Umweltinitiativen noch einmal zur Demo aufgerufen. Etwa 350 \u00fcberwiegend junge Menschen folgten dem Aufruf und zogen vom Bahnhofsvorplatz bis zum Wilhelmsplatz.&nbsp;<br \/>Auf den Kundgebungen vor dem Alten Rathaus und am Wilhelmsplatz wurden heute insbesondere die Auswirkungen des Klimawandels auf die Bev\u00f6lkerungen in verschiedenen L\u00e4ndern beschrieben. Dabei h\u00e4tten vor allem die Menschen in den weniger industriell entwickelten Regionen unter den Folgen der Erderw\u00e4rmung zu leiden und Klimaaktivist:innen w\u00fcrden in vielen L\u00e4ndern massiv unterdr\u00fcckt.<br \/>Redner:innen verschiedener Initiativen machten deutlich, dass der Klimawandel vor allem ein Ergebnis des kapitalistischen Wirtschaftssystems mit seiner Wachstumsideologie sei. Daher sei der Kampf f\u00fcr eine Klimawende zugleich auch ein Kampf gegen diese Wachstumsideologie, zumal viele Menschen weltweit auch sozial unter den Folgen des Klimawandels zu leiden h\u00e4tten.<br \/>F\u00fcr den 24. September, also zwei Tage vor der Bundestagswahl, ist die n\u00e4chste Demo geplant.<\/p>\n\n\n\n<p>Foto. \u00a9Radio Leinewelle (hr)<\/p>\n","protected":false},"excerpt":{"rendered":"<p>Am letzten Freitag vor den Sommerferien hatten&nbsp;Fridaysforfuture G\u00f6ttingen&nbsp;sowie weitere politische und Umweltinitiativen noch einmal zur Demo aufgerufen. Etwa 350 \u00fcberwiegend junge Menschen folgten dem Aufruf und zogen vom Bahnhofsvorplatz bis zum Wilhelmsplatz.&nbsp;Auf den Kundgebungen vor dem Alten Rathaus und am Wilhelmsplatz wurden heute insbesondere die Auswirkungen des Klimawandels auf die Bev\u00f6lkerungen in verschiedenen L\u00e4ndern beschrieben. [&hellip;]<\/p>\n","protected":false},"author":1,"featured_media":9407,"comment_status":"closed","ping_status":"closed","sticky":false,"template":"","format":"standard","meta":{"saved_in_kubio":false,"footnotes":""},"categories":[520],"tags":[1792],"class_list":["post-9406","post","type-post","status-publish","format-standard","has-post-thumbnail","hentry","category-klimawandel","tag-fridays-for-future-demo-goettingen"],"yoast_head":"<!-- This site is optimized with the Yoast SEO plugin v27.4 - https:\/\/yoast.com\/product\/yoast-seo-wordpress\/ -->\n<title>G\u00f6ttingen: 350 Teilnehmer auf der Fridays For Future Demo - Radio Leinewelle<\/title>\n<meta name=\"robots\" content=\"index, follow, max-snippet:-1, max-image-preview:large, max-video-preview:-1\" \/>\n<link rel=\"canonical\" href=\"https:\/\/radioleinewelle.de\/index.php\/2021\/07\/18\/goettingen-350-teilnehmer-auf-der-fridays-for-future-demo\/\" \/>\n<meta property=\"og:locale\" content=\"de_DE\" \/>\n<meta property=\"og:type\" content=\"article\" \/>\n<meta property=\"og:title\" content=\"G\u00f6ttingen: 350 Teilnehmer auf der Fridays For Future Demo - Radio Leinewelle\" \/>\n<meta property=\"og:description\" content=\"Am letzten Freitag vor den Sommerferien hatten&nbsp;Fridaysforfuture G\u00f6ttingen&nbsp;sowie weitere politische und Umweltinitiativen noch einmal zur Demo aufgerufen. Etwa 350 \u00fcberwiegend junge Menschen folgten dem Aufruf und zogen vom Bahnhofsvorplatz bis zum Wilhelmsplatz.&nbsp;Auf den Kundgebungen vor dem Alten Rathaus und am Wilhelmsplatz wurden heute insbesondere die Auswirkungen des Klimawandels auf die Bev\u00f6lkerungen in verschiedenen L\u00e4ndern beschrieben. [&hellip;]\" \/>\n<meta property=\"og:url\" content=\"https:\/\/radioleinewelle.de\/index.php\/2021\/07\/18\/goettingen-350-teilnehmer-auf-der-fridays-for-future-demo\/\" \/>\n<meta property=\"og:site_name\" content=\"Radio Leinewelle\" \/>\n<meta property=\"article:publisher\" content=\"https:\/\/www.facebook.com\/radioleinewelle\" \/>\n<meta property=\"article:author\" content=\"https:\/\/www.facebook.com\/radioleinewelle\" \/>\n<meta property=\"article:published_time\" content=\"2021-07-18T02:53:00+00:00\" \/>\n<meta property=\"og:image\" content=\"https:\/\/radioleinewelle.de\/wp-content\/uploads\/2021\/07\/Demo-Fridays-for-Future.jpg\" \/>\n\t<meta property=\"og:image:width\" content=\"1921\" \/>\n\t<meta property=\"og:image:height\" content=\"1185\" \/>\n\t<meta property=\"og:image:type\" content=\"image\/jpeg\" \/>\n<meta name=\"author\" content=\"Leinewelle\" \/>\n<meta name=\"twitter:card\" content=\"summary_large_image\" \/>\n<meta name=\"twitter:creator\" content=\"@https:\/\/twitter.com\/RLeinewelle?ref_src=twsrcgoogletwcampserptwgrauthor\" \/>\n<meta name=\"twitter:site\" content=\"@RLeinewelle\" \/>\n<meta name=\"twitter:label1\" content=\"Verfasst von\" \/>\n\t<meta name=\"twitter:data1\" content=\"Leinewelle\" \/>\n\t<meta name=\"twitter:label2\" content=\"Gesch\u00e4tzte Lesezeit\" \/>\n\t<meta name=\"twitter:data2\" content=\"1\u00a0Minute\" \/>\n<script type=\"application\/ld+json\" class=\"yoast-schema-graph\">{\"@context\":\"https:\\\/\\\/schema.org\",\"@graph\":[{\"@type\":\"Article\",\"@id\":\"https:\\\/\\\/radioleinewelle.de\\\/index.php\\\/2021\\\/07\\\/18\\\/goettingen-350-teilnehmer-auf-der-fridays-for-future-demo\\\/#article\",\"isPartOf\":{\"@id\":\"https:\\\/\\\/radioleinewelle.de\\\/index.php\\\/2021\\\/07\\\/18\\\/goettingen-350-teilnehmer-auf-der-fridays-for-future-demo\\\/\"},\"author\":{\"name\":\"Leinewelle\",\"@id\":\"https:\\\/\\\/radioleinewelle.de\\\/#\\\/schema\\\/person\\\/45606f348637df637192dc1b68399a63\"},\"headline\":\"G\u00f6ttingen: 350 Teilnehmer auf der Fridays For Future Demo\",\"datePublished\":\"2021-07-18T02:53:00+00:00\",\"mainEntityOfPage\":{\"@id\":\"https:\\\/\\\/radioleinewelle.de\\\/index.php\\\/2021\\\/07\\\/18\\\/goettingen-350-teilnehmer-auf-der-fridays-for-future-demo\\\/\"},\"wordCount\":175,\"publisher\":{\"@id\":\"https:\\\/\\\/radioleinewelle.de\\\/#organization\"},\"image\":{\"@id\":\"https:\\\/\\\/radioleinewelle.de\\\/index.php\\\/2021\\\/07\\\/18\\\/goettingen-350-teilnehmer-auf-der-fridays-for-future-demo\\\/#primaryimage\"},\"thumbnailUrl\":\"https:\\\/\\\/radioleinewelle.de\\\/wp-content\\\/uploads\\\/2021\\\/07\\\/Demo-Fridays-for-Future.jpg\",\"keywords\":[\"Fridays For Future Demo G\u00f6ttingen\"],\"articleSection\":[\"Klimawandel\"],\"inLanguage\":\"de\"},{\"@type\":\"WebPage\",\"@id\":\"https:\\\/\\\/radioleinewelle.de\\\/index.php\\\/2021\\\/07\\\/18\\\/goettingen-350-teilnehmer-auf-der-fridays-for-future-demo\\\/\",\"url\":\"https:\\\/\\\/radioleinewelle.de\\\/index.php\\\/2021\\\/07\\\/18\\\/goettingen-350-teilnehmer-auf-der-fridays-for-future-demo\\\/\",\"name\":\"G\u00f6ttingen: 350 Teilnehmer auf der Fridays For Future Demo - Radio Leinewelle\",\"isPartOf\":{\"@id\":\"https:\\\/\\\/radioleinewelle.de\\\/#website\"},\"primaryImageOfPage\":{\"@id\":\"https:\\\/\\\/radioleinewelle.de\\\/index.php\\\/2021\\\/07\\\/18\\\/goettingen-350-teilnehmer-auf-der-fridays-for-future-demo\\\/#primaryimage\"},\"image\":{\"@id\":\"https:\\\/\\\/radioleinewelle.de\\\/index.php\\\/2021\\\/07\\\/18\\\/goettingen-350-teilnehmer-auf-der-fridays-for-future-demo\\\/#primaryimage\"},\"thumbnailUrl\":\"https:\\\/\\\/radioleinewelle.de\\\/wp-content\\\/uploads\\\/2021\\\/07\\\/Demo-Fridays-for-Future.jpg\",\"datePublished\":\"2021-07-18T02:53:00+00:00\",\"breadcrumb\":{\"@id\":\"https:\\\/\\\/radioleinewelle.de\\\/index.php\\\/2021\\\/07\\\/18\\\/goettingen-350-teilnehmer-auf-der-fridays-for-future-demo\\\/#breadcrumb\"},\"inLanguage\":\"de\",\"potentialAction\":[{\"@type\":\"ReadAction\",\"target\":[\"https:\\\/\\\/radioleinewelle.de\\\/index.php\\\/2021\\\/07\\\/18\\\/goettingen-350-teilnehmer-auf-der-fridays-for-future-demo\\\/\"]}]},{\"@type\":\"ImageObject\",\"inLanguage\":\"de\",\"@id\":\"https:\\\/\\\/radioleinewelle.de\\\/index.php\\\/2021\\\/07\\\/18\\\/goettingen-350-teilnehmer-auf-der-fridays-for-future-demo\\\/#primaryimage\",\"url\":\"https:\\\/\\\/radioleinewelle.de\\\/wp-content\\\/uploads\\\/2021\\\/07\\\/Demo-Fridays-for-Future.jpg\",\"contentUrl\":\"https:\\\/\\\/radioleinewelle.de\\\/wp-content\\\/uploads\\\/2021\\\/07\\\/Demo-Fridays-for-Future.jpg\",\"width\":1921,\"height\":1185},{\"@type\":\"BreadcrumbList\",\"@id\":\"https:\\\/\\\/radioleinewelle.de\\\/index.php\\\/2021\\\/07\\\/18\\\/goettingen-350-teilnehmer-auf-der-fridays-for-future-demo\\\/#breadcrumb\",\"itemListElement\":[{\"@type\":\"ListItem\",\"position\":1,\"name\":\"Startseite\",\"item\":\"https:\\\/\\\/radioleinewelle.de\\\/\"},{\"@type\":\"ListItem\",\"position\":2,\"name\":\"G\u00f6ttingen: 350 Teilnehmer auf der Fridays For Future Demo\"}]},{\"@type\":\"WebSite\",\"@id\":\"https:\\\/\\\/radioleinewelle.de\\\/#website\",\"url\":\"https:\\\/\\\/radioleinewelle.de\\\/\",\"name\":\"Radio Leinewelle\",\"description\":\"\",\"publisher\":{\"@id\":\"https:\\\/\\\/radioleinewelle.de\\\/#organization\"},\"potentialAction\":[{\"@type\":\"SearchAction\",\"target\":{\"@type\":\"EntryPoint\",\"urlTemplate\":\"https:\\\/\\\/radioleinewelle.de\\\/?s={search_term_string}\"},\"query-input\":{\"@type\":\"PropertyValueSpecification\",\"valueRequired\":true,\"valueName\":\"search_term_string\"}}],\"inLanguage\":\"de\"},{\"@type\":\"Organization\",\"@id\":\"https:\\\/\\\/radioleinewelle.de\\\/#organization\",\"name\":\"Radio Leinewelle\",\"alternateName\":\"Mein Radio f\u00fcr S\u00fcdniedersachsen\",\"url\":\"https:\\\/\\\/radioleinewelle.de\\\/\",\"logo\":{\"@type\":\"ImageObject\",\"inLanguage\":\"de\",\"@id\":\"https:\\\/\\\/radioleinewelle.de\\\/#\\\/schema\\\/logo\\\/image\\\/\",\"url\":\"https:\\\/\\\/radioleinewelle.de\\\/wp-content\\\/uploads\\\/2023\\\/11\\\/cropped-Leinewelle_Logo_weiss.png\",\"contentUrl\":\"https:\\\/\\\/radioleinewelle.de\\\/wp-content\\\/uploads\\\/2023\\\/11\\\/cropped-Leinewelle_Logo_weiss.png\",\"width\":854,\"height\":260,\"caption\":\"Radio Leinewelle\"},\"image\":{\"@id\":\"https:\\\/\\\/radioleinewelle.de\\\/#\\\/schema\\\/logo\\\/image\\\/\"},\"sameAs\":[\"https:\\\/\\\/www.facebook.com\\\/radioleinewelle\",\"https:\\\/\\\/x.com\\\/RLeinewelle\",\"https:\\\/\\\/www.instagram.com\\\/radioleinewelle\\\/?hl=de\"]},{\"@type\":\"Person\",\"@id\":\"https:\\\/\\\/radioleinewelle.de\\\/#\\\/schema\\\/person\\\/45606f348637df637192dc1b68399a63\",\"name\":\"Leinewelle\",\"image\":{\"@type\":\"ImageObject\",\"inLanguage\":\"de\",\"@id\":\"https:\\\/\\\/secure.gravatar.com\\\/avatar\\\/05c9a17bc973052ee5d91549bd32fb4dd0dc85b7b85ae94b2e2b4943476bbea5?s=96&d=blank&r=g\",\"url\":\"https:\\\/\\\/secure.gravatar.com\\\/avatar\\\/05c9a17bc973052ee5d91549bd32fb4dd0dc85b7b85ae94b2e2b4943476bbea5?s=96&d=blank&r=g\",\"contentUrl\":\"https:\\\/\\\/secure.gravatar.com\\\/avatar\\\/05c9a17bc973052ee5d91549bd32fb4dd0dc85b7b85ae94b2e2b4943476bbea5?s=96&d=blank&r=g\",\"caption\":\"Leinewelle\"},\"sameAs\":[\"http:\\\/\\\/localhost\\\/radio%20leinewelle\\\/wordpress\",\"https:\\\/\\\/www.facebook.com\\\/radioleinewelle\",\"https:\\\/\\\/www.instagram.com\\\/radioleinewelle\",\"https:\\\/\\\/x.com\\\/https:\\\/\\\/twitter.com\\\/RLeinewelle?ref_src=twsrcgoogletwcampserptwgrauthor\",\"https:\\\/\\\/soundcloud.com\\\/foerderverein-lokalradio?utm_source=clipboard&utm_medium=text&utm_campaign=social_sharing\"],\"url\":\"https:\\\/\\\/radioleinewelle.de\\\/index.php\\\/author\\\/leinewelle\\\/\"}]}<\/script>\n<!-- \/ Yoast SEO plugin. -->","yoast_head_json":{"title":"G\u00f6ttingen: 350 Teilnehmer auf der Fridays For Future Demo - Radio Leinewelle","robots":{"index":"index","follow":"follow","max-snippet":"max-snippet:-1","max-image-preview":"max-image-preview:large","max-video-preview":"max-video-preview:-1"},"canonical":"https:\/\/radioleinewelle.de\/index.php\/2021\/07\/18\/goettingen-350-teilnehmer-auf-der-fridays-for-future-demo\/","og_locale":"de_DE","og_type":"article","og_title":"G\u00f6ttingen: 350 Teilnehmer auf der Fridays For Future Demo - Radio Leinewelle","og_description":"Am letzten Freitag vor den Sommerferien hatten&nbsp;Fridaysforfuture G\u00f6ttingen&nbsp;sowie weitere politische und Umweltinitiativen noch einmal zur Demo aufgerufen. Etwa 350 \u00fcberwiegend junge Menschen folgten dem Aufruf und zogen vom Bahnhofsvorplatz bis zum Wilhelmsplatz.&nbsp;Auf den Kundgebungen vor dem Alten Rathaus und am Wilhelmsplatz wurden heute insbesondere die Auswirkungen des Klimawandels auf die Bev\u00f6lkerungen in verschiedenen L\u00e4ndern beschrieben. [&hellip;]","og_url":"https:\/\/radioleinewelle.de\/index.php\/2021\/07\/18\/goettingen-350-teilnehmer-auf-der-fridays-for-future-demo\/","og_site_name":"Radio Leinewelle","article_publisher":"https:\/\/www.facebook.com\/radioleinewelle","article_author":"https:\/\/www.facebook.com\/radioleinewelle","article_published_time":"2021-07-18T02:53:00+00:00","og_image":[{"width":1921,"height":1185,"url":"https:\/\/radioleinewelle.de\/wp-content\/uploads\/2021\/07\/Demo-Fridays-for-Future.jpg","type":"image\/jpeg"}],"author":"Leinewelle","twitter_card":"summary_large_image","twitter_creator":"@https:\/\/twitter.com\/RLeinewelle?ref_src=twsrcgoogletwcampserptwgrauthor","twitter_site":"@RLeinewelle","twitter_misc":{"Verfasst von":"Leinewelle","Gesch\u00e4tzte Lesezeit":"1\u00a0Minute"},"schema":{"@context":"https:\/\/schema.org","@graph":[{"@type":"Article","@id":"https:\/\/radioleinewelle.de\/index.php\/2021\/07\/18\/goettingen-350-teilnehmer-auf-der-fridays-for-future-demo\/#article","isPartOf":{"@id":"https:\/\/radioleinewelle.de\/index.php\/2021\/07\/18\/goettingen-350-teilnehmer-auf-der-fridays-for-future-demo\/"},"author":{"name":"Leinewelle","@id":"https:\/\/radioleinewelle.de\/#\/schema\/person\/45606f348637df637192dc1b68399a63"},"headline":"G\u00f6ttingen: 350 Teilnehmer auf der Fridays For Future Demo","datePublished":"2021-07-18T02:53:00+00:00","mainEntityOfPage":{"@id":"https:\/\/radioleinewelle.de\/index.php\/2021\/07\/18\/goettingen-350-teilnehmer-auf-der-fridays-for-future-demo\/"},"wordCount":175,"publisher":{"@id":"https:\/\/radioleinewelle.de\/#organization"},"image":{"@id":"https:\/\/radioleinewelle.de\/index.php\/2021\/07\/18\/goettingen-350-teilnehmer-auf-der-fridays-for-future-demo\/#primaryimage"},"thumbnailUrl":"https:\/\/radioleinewelle.de\/wp-content\/uploads\/2021\/07\/Demo-Fridays-for-Future.jpg","keywords":["Fridays For Future Demo G\u00f6ttingen"],"articleSection":["Klimawandel"],"inLanguage":"de"},{"@type":"WebPage","@id":"https:\/\/radioleinewelle.de\/index.php\/2021\/07\/18\/goettingen-350-teilnehmer-auf-der-fridays-for-future-demo\/","url":"https:\/\/radioleinewelle.de\/index.php\/2021\/07\/18\/goettingen-350-teilnehmer-auf-der-fridays-for-future-demo\/","name":"G\u00f6ttingen: 350 Teilnehmer auf der Fridays For Future Demo - Radio Leinewelle","isPartOf":{"@id":"https:\/\/radioleinewelle.de\/#website"},"primaryImageOfPage":{"@id":"https:\/\/radioleinewelle.de\/index.php\/2021\/07\/18\/goettingen-350-teilnehmer-auf-der-fridays-for-future-demo\/#primaryimage"},"image":{"@id":"https:\/\/radioleinewelle.de\/index.php\/2021\/07\/18\/goettingen-350-teilnehmer-auf-der-fridays-for-future-demo\/#primaryimage"},"thumbnailUrl":"https:\/\/radioleinewelle.de\/wp-content\/uploads\/2021\/07\/Demo-Fridays-for-Future.jpg","datePublished":"2021-07-18T02:53:00+00:00","breadcrumb":{"@id":"https:\/\/radioleinewelle.de\/index.php\/2021\/07\/18\/goettingen-350-teilnehmer-auf-der-fridays-for-future-demo\/#breadcrumb"},"inLanguage":"de","potentialAction":[{"@type":"ReadAction","target":["https:\/\/radioleinewelle.de\/index.php\/2021\/07\/18\/goettingen-350-teilnehmer-auf-der-fridays-for-future-demo\/"]}]},{"@type":"ImageObject","inLanguage":"de","@id":"https:\/\/radioleinewelle.de\/index.php\/2021\/07\/18\/goettingen-350-teilnehmer-auf-der-fridays-for-future-demo\/#primaryimage","url":"https:\/\/radioleinewelle.de\/wp-content\/uploads\/2021\/07\/Demo-Fridays-for-Future.jpg","contentUrl":"https:\/\/radioleinewelle.de\/wp-content\/uploads\/2021\/07\/Demo-Fridays-for-Future.jpg","width":1921,"height":1185},{"@type":"BreadcrumbList","@id":"https:\/\/radioleinewelle.de\/index.php\/2021\/07\/18\/goettingen-350-teilnehmer-auf-der-fridays-for-future-demo\/#breadcrumb","itemListElement":[{"@type":"ListItem","position":1,"name":"Startseite","item":"https:\/\/radioleinewelle.de\/"},{"@type":"ListItem","position":2,"name":"G\u00f6ttingen: 350 Teilnehmer auf der Fridays For Future Demo"}]},{"@type":"WebSite","@id":"https:\/\/radioleinewelle.de\/#website","url":"https:\/\/radioleinewelle.de\/","name":"Radio Leinewelle","description":"","publisher":{"@id":"https:\/\/radioleinewelle.de\/#organization"},"potentialAction":[{"@type":"SearchAction","target":{"@type":"EntryPoint","urlTemplate":"https:\/\/radioleinewelle.de\/?s={search_term_string}"},"query-input":{"@type":"PropertyValueSpecification","valueRequired":true,"valueName":"search_term_string"}}],"inLanguage":"de"},{"@type":"Organization","@id":"https:\/\/radioleinewelle.de\/#organization","name":"Radio Leinewelle","alternateName":"Mein Radio f\u00fcr S\u00fcdniedersachsen","url":"https:\/\/radioleinewelle.de\/","logo":{"@type":"ImageObject","inLanguage":"de","@id":"https:\/\/radioleinewelle.de\/#\/schema\/logo\/image\/","url":"https:\/\/radioleinewelle.de\/wp-content\/uploads\/2023\/11\/cropped-Leinewelle_Logo_weiss.png","contentUrl":"https:\/\/radioleinewelle.de\/wp-content\/uploads\/2023\/11\/cropped-Leinewelle_Logo_weiss.png","width":854,"height":260,"caption":"Radio Leinewelle"},"image":{"@id":"https:\/\/radioleinewelle.de\/#\/schema\/logo\/image\/"},"sameAs":["https:\/\/www.facebook.com\/radioleinewelle","https:\/\/x.com\/RLeinewelle","https:\/\/www.instagram.com\/radioleinewelle\/?hl=de"]},{"@type":"Person","@id":"https:\/\/radioleinewelle.de\/#\/schema\/person\/45606f348637df637192dc1b68399a63","name":"Leinewelle","image":{"@type":"ImageObject","inLanguage":"de","@id":"https:\/\/secure.gravatar.com\/avatar\/05c9a17bc973052ee5d91549bd32fb4dd0dc85b7b85ae94b2e2b4943476bbea5?s=96&d=blank&r=g","url":"https:\/\/secure.gravatar.com\/avatar\/05c9a17bc973052ee5d91549bd32fb4dd0dc85b7b85ae94b2e2b4943476bbea5?s=96&d=blank&r=g","contentUrl":"https:\/\/secure.gravatar.com\/avatar\/05c9a17bc973052ee5d91549bd32fb4dd0dc85b7b85ae94b2e2b4943476bbea5?s=96&d=blank&r=g","caption":"Leinewelle"},"sameAs":["http:\/\/localhost\/radio%20leinewelle\/wordpress","https:\/\/www.facebook.com\/radioleinewelle","https:\/\/www.instagram.com\/radioleinewelle","https:\/\/x.com\/https:\/\/twitter.com\/RLeinewelle?ref_src=twsrcgoogletwcampserptwgrauthor","https:\/\/soundcloud.com\/foerderverein-lokalradio?utm_source=clipboard&utm_medium=text&utm_campaign=social_sharing"],"url":"https:\/\/radioleinewelle.de\/index.php\/author\/leinewelle\/"}]}},"_links":{"self":[{"href":"https:\/\/radioleinewelle.de\/index.php\/wp-json\/wp\/v2\/posts\/9406","targetHints":{"allow":["GET"]}}],"collection":[{"href":"https:\/\/radioleinewelle.de\/index.php\/wp-json\/wp\/v2\/posts"}],"about":[{"href":"https:\/\/radioleinewelle.de\/index.php\/wp-json\/wp\/v2\/types\/post"}],"author":[{"embeddable":true,"href":"https:\/\/radioleinewelle.de\/index.php\/wp-json\/wp\/v2\/users\/1"}],"replies":[{"embeddable":true,"href":"https:\/\/radioleinewelle.de\/index.php\/wp-json\/wp\/v2\/comments?post=9406"}],"version-history":[{"count":0,"href":"https:\/\/radioleinewelle.de\/index.php\/wp-json\/wp\/v2\/posts\/9406\/revisions"}],"wp:featuredmedia":[{"embeddable":true,"href":"https:\/\/radioleinewelle.de\/index.php\/wp-json\/wp\/v2\/media\/9407"}],"wp:attachment":[{"href":"https:\/\/radioleinewelle.de\/index.php\/wp-json\/wp\/v2\/media?parent=9406"}],"wp:term":[{"taxonomy":"category","embeddable":true,"href":"https:\/\/radioleinewelle.de\/index.php\/wp-json\/wp\/v2\/categories?post=9406"},{"taxonomy":"post_tag","embeddable":true,"href":"https:\/\/radioleinewelle.de\/index.php\/wp-json\/wp\/v2\/tags?post=9406"}],"curies":[{"name":"wp","href":"https:\/\/api.w.org\/{rel}","templated":true}]}}