{"id":9413,"date":"2021-07-18T06:33:34","date_gmt":"2021-07-18T04:33:34","guid":{"rendered":"https:\/\/radioleinewelle.de\/?p=9413"},"modified":"2021-07-18T06:33:34","modified_gmt":"2021-07-18T04:33:34","slug":"ausflugstipp-flussfahrten-auf-der-weser","status":"publish","type":"post","link":"https:\/\/radioleinewelle.de\/index.php\/2021\/07\/18\/ausflugstipp-flussfahrten-auf-der-weser\/","title":{"rendered":"Ausflugstipp: Flu\u00dffahrten auf der Weser"},"content":{"rendered":"\n<p>In der Mittelweser-Region gibt es viele Angebote rund ums Wasser. Die Nienburger Reederei Flotte Weser bef\u00e4hrt die Weser zwischen Bad Karlshafen und Bremen. Im Mittelweser-Bereich f\u00e4hrt das Fahrgastschiff \u201eBremen\u201c ab Nienburg und in Verden die MS \u201eStadt Verden\u201c. Weser-Rundfahrten, Aller-Weser-Fahrten, Fahrten nach Bremen und Minden sowie Grill- und Fr\u00fchst\u00fccksfahrten sind im Angebot. Die genauen Abfahrtszeiten k\u00f6nnen im Internet unter&nbsp;<a href=\"https:\/\/www.flotte-weser.de\/\" target=\"_blank\" rel=\"noreferrer noopener\">www.flotte-weser.de<\/a>&nbsp;abgerufen werden.<\/p>\n\n\n\n<p>Die Weser im Bereich Nienburg oder in Achim mit motorisierten Leihbooten erkunden. Das ist f\u00fcr jedermann m\u00f6glich. Mit einer H\u00f6chstgeschwindigkeit von rund 30 km\/h geht es entspannt auf Tour &#8211; ohne Vorkenntnisse und F\u00fchrerschein (Mindestalter 18 Jahre). Der Bootshandel B\u00fcttinghaus betreibt im Nienburger Hafen einen Bootsverleih. Am eigenen Steg stehen verschiedene Festrumpfschlauchboote mit 15 PS f\u00fcr bis zu drei Personen zur Verf\u00fcgung. Weitere Informationen: Tel. (0177) 1976960 oder (05021) 916914.<\/p>\n\n\n\n<p>Im Uesener Weserhafen in Achim liegen zwei moderne und komfortabel ausgestattete 15 PS starke Boote (&#8222;M\u00f6ve 1&#8220; und &#8222;M\u00f6we 2&#8220;). Die fast f\u00fcnf Meter langen Fahrzeuge bieten Platz f\u00fcr maximal f\u00fcnf Personen. Zur Flotte geh\u00f6ren auch zwei f\u00fchrerscheinpflichtige Boote mit jeweils 80 PS. Weitere Informationen:&nbsp;<a href=\"https:\/\/bootsvermietung-achim.de\/\" target=\"_blank\" rel=\"noreferrer noopener\">www.bootsvermietung-achim.de<\/a>.<\/p>\n\n\n\n<p>SeaQ-Bootscharter der Sportbootverleih f\u00fcr Bremen, Nienburg und Umgebung bietet au\u00dfergew\u00f6hnliche Erlebnisse auf der Mittelweser. Das Sportboot St. Tropez 6 GTR \u201eSkyfall\u201c mit 200 PS hat Platz f\u00fcr f\u00fcnf Personen. Es eignet sich f\u00fcr einen Tagesausflug oder einen Wochenend-Trip. Das Boot kann im vereinbarten Hafen in der Region Nienburg oder auf dem Wieltsee in Weyhe-Dreye \u00fcbernommen werden.<\/p>\n\n\n\n<p>Zwei historische Schleppbarkassen \u201eSt\u00f6ckse\u201c und \u201eGiebich\u201c, welche optisch originalgetreu erhalten sind, bieten Fahrten mit Skipper auf der Mittelweser zwischen Minden und Bremen sowie auf der Aller von der M\u00fcndung unweit von Verden bis nach Celle. Beide Boote verf\u00fcgen \u00fcber einen geschlossenen und beheizbaren Fahrgastraum sowie einen \u00fcberdachten Au\u00dfenbereich, welcher mit seitlichen Planen den entsprechenden Wetterverh\u00e4ltnissen angepasst werden kann.<\/p>\n\n\n\n<p>Oder wie w\u00e4re es, die Landschaft mit einem Kanu oder Kajak zu erobern? Den Alltagsstress f\u00fcr ein paar Stunden oder gar Tage vergessen? Sich in der freien Natur und auf dem Wasser mal richtig erholen oder die Abenteuerlust wecken? Gefahren werden kann sowohl auf kleinen als auch auf gro\u00dfen Fl\u00fcssen in der Mittelweser-Region. Weitere Informationen unter&nbsp;<a href=\"https:\/\/www.naturnah-paddeln.de\/\" target=\"_blank\" rel=\"noreferrer noopener\">www.paddeltour.de<\/a>&nbsp;oder&nbsp;<a href=\"http:\/\/www.paddel-los.de\/www.paddel-los.de\/index.html\" target=\"_blank\" rel=\"noreferrer noopener\">www.paddel-los.de<\/a>.<\/p>\n\n\n\n<p>Kostenfreie Faltbl\u00e4tter und weitere Informationen gibt es bei der Mittelweser-Touristik GmbH.&nbsp;<\/p>\n\n\n\n<p>Foto: \u00a9Radio Leinewelle (ue)<\/p>\n","protected":false},"excerpt":{"rendered":"<p>In der Mittelweser-Region gibt es viele Angebote rund ums Wasser. Die Nienburger Reederei Flotte Weser bef\u00e4hrt die Weser zwischen Bad Karlshafen und Bremen. Im Mittelweser-Bereich f\u00e4hrt das Fahrgastschiff \u201eBremen\u201c ab Nienburg und in Verden die MS \u201eStadt Verden\u201c. Weser-Rundfahrten, Aller-Weser-Fahrten, Fahrten nach Bremen und Minden sowie Grill- und Fr\u00fchst\u00fccksfahrten sind im Angebot. Die genauen Abfahrtszeiten [&hellip;]<\/p>\n","protected":false},"author":1,"featured_media":9415,"comment_status":"closed","ping_status":"closed","sticky":false,"template":"","format":"standard","meta":{"saved_in_kubio":false,"footnotes":""},"categories":[42],"tags":[1793,1794,1795],"class_list":["post-9413","post","type-post","status-publish","format-standard","has-post-thumbnail","hentry","category-regionaler-tourismus","tag-bootsvermietung-auf-der-weser","tag-flussfahreten-auf-der-weser","tag-paddeln-auf-der-weser"],"yoast_head":"<!-- This site is optimized with the Yoast SEO plugin v27.4 - https:\/\/yoast.com\/product\/yoast-seo-wordpress\/ -->\n<title>Ausflugstipp: Flu\u00dffahrten auf der Weser - Radio Leinewelle<\/title>\n<meta name=\"robots\" content=\"index, follow, max-snippet:-1, max-image-preview:large, max-video-preview:-1\" \/>\n<link rel=\"canonical\" href=\"https:\/\/radioleinewelle.de\/index.php\/2021\/07\/18\/ausflugstipp-flussfahrten-auf-der-weser\/\" \/>\n<meta property=\"og:locale\" content=\"de_DE\" \/>\n<meta property=\"og:type\" content=\"article\" \/>\n<meta property=\"og:title\" content=\"Ausflugstipp: Flu\u00dffahrten auf der Weser - Radio Leinewelle\" \/>\n<meta property=\"og:description\" content=\"In der Mittelweser-Region gibt es viele Angebote rund ums Wasser. Die Nienburger Reederei Flotte Weser bef\u00e4hrt die Weser zwischen Bad Karlshafen und Bremen. Im Mittelweser-Bereich f\u00e4hrt das Fahrgastschiff \u201eBremen\u201c ab Nienburg und in Verden die MS \u201eStadt Verden\u201c. Weser-Rundfahrten, Aller-Weser-Fahrten, Fahrten nach Bremen und Minden sowie Grill- und Fr\u00fchst\u00fccksfahrten sind im Angebot. Die genauen Abfahrtszeiten [&hellip;]\" \/>\n<meta property=\"og:url\" content=\"https:\/\/radioleinewelle.de\/index.php\/2021\/07\/18\/ausflugstipp-flussfahrten-auf-der-weser\/\" \/>\n<meta property=\"og:site_name\" content=\"Radio Leinewelle\" \/>\n<meta property=\"article:publisher\" content=\"https:\/\/www.facebook.com\/radioleinewelle\" \/>\n<meta property=\"article:author\" content=\"https:\/\/www.facebook.com\/radioleinewelle\" \/>\n<meta property=\"article:published_time\" content=\"2021-07-18T04:33:34+00:00\" \/>\n<meta property=\"og:image\" content=\"https:\/\/radioleinewelle.de\/wp-content\/uploads\/2021\/07\/Weser-e1626582721309.jpg\" \/>\n\t<meta property=\"og:image:width\" content=\"1733\" \/>\n\t<meta property=\"og:image:height\" content=\"1249\" \/>\n\t<meta property=\"og:image:type\" content=\"image\/jpeg\" \/>\n<meta name=\"author\" content=\"Leinewelle\" \/>\n<meta name=\"twitter:card\" content=\"summary_large_image\" \/>\n<meta name=\"twitter:creator\" content=\"@https:\/\/twitter.com\/RLeinewelle?ref_src=twsrcgoogletwcampserptwgrauthor\" \/>\n<meta name=\"twitter:site\" content=\"@RLeinewelle\" \/>\n<meta name=\"twitter:label1\" content=\"Verfasst von\" \/>\n\t<meta name=\"twitter:data1\" content=\"Leinewelle\" \/>\n\t<meta name=\"twitter:label2\" content=\"Gesch\u00e4tzte Lesezeit\" \/>\n\t<meta name=\"twitter:data2\" content=\"2\u00a0Minuten\" \/>\n<script type=\"application\/ld+json\" class=\"yoast-schema-graph\">{\"@context\":\"https:\\\/\\\/schema.org\",\"@graph\":[{\"@type\":\"Article\",\"@id\":\"https:\\\/\\\/radioleinewelle.de\\\/index.php\\\/2021\\\/07\\\/18\\\/ausflugstipp-flussfahrten-auf-der-weser\\\/#article\",\"isPartOf\":{\"@id\":\"https:\\\/\\\/radioleinewelle.de\\\/index.php\\\/2021\\\/07\\\/18\\\/ausflugstipp-flussfahrten-auf-der-weser\\\/\"},\"author\":{\"name\":\"Leinewelle\",\"@id\":\"https:\\\/\\\/radioleinewelle.de\\\/#\\\/schema\\\/person\\\/45606f348637df637192dc1b68399a63\"},\"headline\":\"Ausflugstipp: Flu\u00dffahrten auf der Weser\",\"datePublished\":\"2021-07-18T04:33:34+00:00\",\"mainEntityOfPage\":{\"@id\":\"https:\\\/\\\/radioleinewelle.de\\\/index.php\\\/2021\\\/07\\\/18\\\/ausflugstipp-flussfahrten-auf-der-weser\\\/\"},\"wordCount\":410,\"publisher\":{\"@id\":\"https:\\\/\\\/radioleinewelle.de\\\/#organization\"},\"image\":{\"@id\":\"https:\\\/\\\/radioleinewelle.de\\\/index.php\\\/2021\\\/07\\\/18\\\/ausflugstipp-flussfahrten-auf-der-weser\\\/#primaryimage\"},\"thumbnailUrl\":\"https:\\\/\\\/radioleinewelle.de\\\/wp-content\\\/uploads\\\/2021\\\/07\\\/Weser-e1626582721309.jpg\",\"keywords\":[\"Bootsvermietung auf der Weser\",\"Flu\u00dffahreten auf der Weser\",\"Paddeln auf der Weser\"],\"articleSection\":[\"Regionaler Tourismus\"],\"inLanguage\":\"de\"},{\"@type\":\"WebPage\",\"@id\":\"https:\\\/\\\/radioleinewelle.de\\\/index.php\\\/2021\\\/07\\\/18\\\/ausflugstipp-flussfahrten-auf-der-weser\\\/\",\"url\":\"https:\\\/\\\/radioleinewelle.de\\\/index.php\\\/2021\\\/07\\\/18\\\/ausflugstipp-flussfahrten-auf-der-weser\\\/\",\"name\":\"Ausflugstipp: Flu\u00dffahrten auf der Weser - Radio Leinewelle\",\"isPartOf\":{\"@id\":\"https:\\\/\\\/radioleinewelle.de\\\/#website\"},\"primaryImageOfPage\":{\"@id\":\"https:\\\/\\\/radioleinewelle.de\\\/index.php\\\/2021\\\/07\\\/18\\\/ausflugstipp-flussfahrten-auf-der-weser\\\/#primaryimage\"},\"image\":{\"@id\":\"https:\\\/\\\/radioleinewelle.de\\\/index.php\\\/2021\\\/07\\\/18\\\/ausflugstipp-flussfahrten-auf-der-weser\\\/#primaryimage\"},\"thumbnailUrl\":\"https:\\\/\\\/radioleinewelle.de\\\/wp-content\\\/uploads\\\/2021\\\/07\\\/Weser-e1626582721309.jpg\",\"datePublished\":\"2021-07-18T04:33:34+00:00\",\"breadcrumb\":{\"@id\":\"https:\\\/\\\/radioleinewelle.de\\\/index.php\\\/2021\\\/07\\\/18\\\/ausflugstipp-flussfahrten-auf-der-weser\\\/#breadcrumb\"},\"inLanguage\":\"de\",\"potentialAction\":[{\"@type\":\"ReadAction\",\"target\":[\"https:\\\/\\\/radioleinewelle.de\\\/index.php\\\/2021\\\/07\\\/18\\\/ausflugstipp-flussfahrten-auf-der-weser\\\/\"]}]},{\"@type\":\"ImageObject\",\"inLanguage\":\"de\",\"@id\":\"https:\\\/\\\/radioleinewelle.de\\\/index.php\\\/2021\\\/07\\\/18\\\/ausflugstipp-flussfahrten-auf-der-weser\\\/#primaryimage\",\"url\":\"https:\\\/\\\/radioleinewelle.de\\\/wp-content\\\/uploads\\\/2021\\\/07\\\/Weser-e1626582721309.jpg\",\"contentUrl\":\"https:\\\/\\\/radioleinewelle.de\\\/wp-content\\\/uploads\\\/2021\\\/07\\\/Weser-e1626582721309.jpg\",\"width\":1733,\"height\":1249},{\"@type\":\"BreadcrumbList\",\"@id\":\"https:\\\/\\\/radioleinewelle.de\\\/index.php\\\/2021\\\/07\\\/18\\\/ausflugstipp-flussfahrten-auf-der-weser\\\/#breadcrumb\",\"itemListElement\":[{\"@type\":\"ListItem\",\"position\":1,\"name\":\"Startseite\",\"item\":\"https:\\\/\\\/radioleinewelle.de\\\/\"},{\"@type\":\"ListItem\",\"position\":2,\"name\":\"Ausflugstipp: Flu\u00dffahrten auf der Weser\"}]},{\"@type\":\"WebSite\",\"@id\":\"https:\\\/\\\/radioleinewelle.de\\\/#website\",\"url\":\"https:\\\/\\\/radioleinewelle.de\\\/\",\"name\":\"Radio Leinewelle\",\"description\":\"\",\"publisher\":{\"@id\":\"https:\\\/\\\/radioleinewelle.de\\\/#organization\"},\"potentialAction\":[{\"@type\":\"SearchAction\",\"target\":{\"@type\":\"EntryPoint\",\"urlTemplate\":\"https:\\\/\\\/radioleinewelle.de\\\/?s={search_term_string}\"},\"query-input\":{\"@type\":\"PropertyValueSpecification\",\"valueRequired\":true,\"valueName\":\"search_term_string\"}}],\"inLanguage\":\"de\"},{\"@type\":\"Organization\",\"@id\":\"https:\\\/\\\/radioleinewelle.de\\\/#organization\",\"name\":\"Radio Leinewelle\",\"alternateName\":\"Mein Radio f\u00fcr S\u00fcdniedersachsen\",\"url\":\"https:\\\/\\\/radioleinewelle.de\\\/\",\"logo\":{\"@type\":\"ImageObject\",\"inLanguage\":\"de\",\"@id\":\"https:\\\/\\\/radioleinewelle.de\\\/#\\\/schema\\\/logo\\\/image\\\/\",\"url\":\"https:\\\/\\\/radioleinewelle.de\\\/wp-content\\\/uploads\\\/2023\\\/11\\\/cropped-Leinewelle_Logo_weiss.png\",\"contentUrl\":\"https:\\\/\\\/radioleinewelle.de\\\/wp-content\\\/uploads\\\/2023\\\/11\\\/cropped-Leinewelle_Logo_weiss.png\",\"width\":854,\"height\":260,\"caption\":\"Radio Leinewelle\"},\"image\":{\"@id\":\"https:\\\/\\\/radioleinewelle.de\\\/#\\\/schema\\\/logo\\\/image\\\/\"},\"sameAs\":[\"https:\\\/\\\/www.facebook.com\\\/radioleinewelle\",\"https:\\\/\\\/x.com\\\/RLeinewelle\",\"https:\\\/\\\/www.instagram.com\\\/radioleinewelle\\\/?hl=de\"]},{\"@type\":\"Person\",\"@id\":\"https:\\\/\\\/radioleinewelle.de\\\/#\\\/schema\\\/person\\\/45606f348637df637192dc1b68399a63\",\"name\":\"Leinewelle\",\"image\":{\"@type\":\"ImageObject\",\"inLanguage\":\"de\",\"@id\":\"https:\\\/\\\/secure.gravatar.com\\\/avatar\\\/05c9a17bc973052ee5d91549bd32fb4dd0dc85b7b85ae94b2e2b4943476bbea5?s=96&d=blank&r=g\",\"url\":\"https:\\\/\\\/secure.gravatar.com\\\/avatar\\\/05c9a17bc973052ee5d91549bd32fb4dd0dc85b7b85ae94b2e2b4943476bbea5?s=96&d=blank&r=g\",\"contentUrl\":\"https:\\\/\\\/secure.gravatar.com\\\/avatar\\\/05c9a17bc973052ee5d91549bd32fb4dd0dc85b7b85ae94b2e2b4943476bbea5?s=96&d=blank&r=g\",\"caption\":\"Leinewelle\"},\"sameAs\":[\"http:\\\/\\\/localhost\\\/radio%20leinewelle\\\/wordpress\",\"https:\\\/\\\/www.facebook.com\\\/radioleinewelle\",\"https:\\\/\\\/www.instagram.com\\\/radioleinewelle\",\"https:\\\/\\\/x.com\\\/https:\\\/\\\/twitter.com\\\/RLeinewelle?ref_src=twsrcgoogletwcampserptwgrauthor\",\"https:\\\/\\\/soundcloud.com\\\/foerderverein-lokalradio?utm_source=clipboard&utm_medium=text&utm_campaign=social_sharing\"],\"url\":\"https:\\\/\\\/radioleinewelle.de\\\/index.php\\\/author\\\/leinewelle\\\/\"}]}<\/script>\n<!-- \/ Yoast SEO plugin. -->","yoast_head_json":{"title":"Ausflugstipp: Flu\u00dffahrten auf der Weser - Radio Leinewelle","robots":{"index":"index","follow":"follow","max-snippet":"max-snippet:-1","max-image-preview":"max-image-preview:large","max-video-preview":"max-video-preview:-1"},"canonical":"https:\/\/radioleinewelle.de\/index.php\/2021\/07\/18\/ausflugstipp-flussfahrten-auf-der-weser\/","og_locale":"de_DE","og_type":"article","og_title":"Ausflugstipp: Flu\u00dffahrten auf der Weser - Radio Leinewelle","og_description":"In der Mittelweser-Region gibt es viele Angebote rund ums Wasser. Die Nienburger Reederei Flotte Weser bef\u00e4hrt die Weser zwischen Bad Karlshafen und Bremen. Im Mittelweser-Bereich f\u00e4hrt das Fahrgastschiff \u201eBremen\u201c ab Nienburg und in Verden die MS \u201eStadt Verden\u201c. Weser-Rundfahrten, Aller-Weser-Fahrten, Fahrten nach Bremen und Minden sowie Grill- und Fr\u00fchst\u00fccksfahrten sind im Angebot. Die genauen Abfahrtszeiten [&hellip;]","og_url":"https:\/\/radioleinewelle.de\/index.php\/2021\/07\/18\/ausflugstipp-flussfahrten-auf-der-weser\/","og_site_name":"Radio Leinewelle","article_publisher":"https:\/\/www.facebook.com\/radioleinewelle","article_author":"https:\/\/www.facebook.com\/radioleinewelle","article_published_time":"2021-07-18T04:33:34+00:00","og_image":[{"width":1733,"height":1249,"url":"https:\/\/radioleinewelle.de\/wp-content\/uploads\/2021\/07\/Weser-e1626582721309.jpg","type":"image\/jpeg"}],"author":"Leinewelle","twitter_card":"summary_large_image","twitter_creator":"@https:\/\/twitter.com\/RLeinewelle?ref_src=twsrcgoogletwcampserptwgrauthor","twitter_site":"@RLeinewelle","twitter_misc":{"Verfasst von":"Leinewelle","Gesch\u00e4tzte Lesezeit":"2\u00a0Minuten"},"schema":{"@context":"https:\/\/schema.org","@graph":[{"@type":"Article","@id":"https:\/\/radioleinewelle.de\/index.php\/2021\/07\/18\/ausflugstipp-flussfahrten-auf-der-weser\/#article","isPartOf":{"@id":"https:\/\/radioleinewelle.de\/index.php\/2021\/07\/18\/ausflugstipp-flussfahrten-auf-der-weser\/"},"author":{"name":"Leinewelle","@id":"https:\/\/radioleinewelle.de\/#\/schema\/person\/45606f348637df637192dc1b68399a63"},"headline":"Ausflugstipp: Flu\u00dffahrten auf der Weser","datePublished":"2021-07-18T04:33:34+00:00","mainEntityOfPage":{"@id":"https:\/\/radioleinewelle.de\/index.php\/2021\/07\/18\/ausflugstipp-flussfahrten-auf-der-weser\/"},"wordCount":410,"publisher":{"@id":"https:\/\/radioleinewelle.de\/#organization"},"image":{"@id":"https:\/\/radioleinewelle.de\/index.php\/2021\/07\/18\/ausflugstipp-flussfahrten-auf-der-weser\/#primaryimage"},"thumbnailUrl":"https:\/\/radioleinewelle.de\/wp-content\/uploads\/2021\/07\/Weser-e1626582721309.jpg","keywords":["Bootsvermietung auf der Weser","Flu\u00dffahreten auf der Weser","Paddeln auf der Weser"],"articleSection":["Regionaler Tourismus"],"inLanguage":"de"},{"@type":"WebPage","@id":"https:\/\/radioleinewelle.de\/index.php\/2021\/07\/18\/ausflugstipp-flussfahrten-auf-der-weser\/","url":"https:\/\/radioleinewelle.de\/index.php\/2021\/07\/18\/ausflugstipp-flussfahrten-auf-der-weser\/","name":"Ausflugstipp: Flu\u00dffahrten auf der Weser - Radio Leinewelle","isPartOf":{"@id":"https:\/\/radioleinewelle.de\/#website"},"primaryImageOfPage":{"@id":"https:\/\/radioleinewelle.de\/index.php\/2021\/07\/18\/ausflugstipp-flussfahrten-auf-der-weser\/#primaryimage"},"image":{"@id":"https:\/\/radioleinewelle.de\/index.php\/2021\/07\/18\/ausflugstipp-flussfahrten-auf-der-weser\/#primaryimage"},"thumbnailUrl":"https:\/\/radioleinewelle.de\/wp-content\/uploads\/2021\/07\/Weser-e1626582721309.jpg","datePublished":"2021-07-18T04:33:34+00:00","breadcrumb":{"@id":"https:\/\/radioleinewelle.de\/index.php\/2021\/07\/18\/ausflugstipp-flussfahrten-auf-der-weser\/#breadcrumb"},"inLanguage":"de","potentialAction":[{"@type":"ReadAction","target":["https:\/\/radioleinewelle.de\/index.php\/2021\/07\/18\/ausflugstipp-flussfahrten-auf-der-weser\/"]}]},{"@type":"ImageObject","inLanguage":"de","@id":"https:\/\/radioleinewelle.de\/index.php\/2021\/07\/18\/ausflugstipp-flussfahrten-auf-der-weser\/#primaryimage","url":"https:\/\/radioleinewelle.de\/wp-content\/uploads\/2021\/07\/Weser-e1626582721309.jpg","contentUrl":"https:\/\/radioleinewelle.de\/wp-content\/uploads\/2021\/07\/Weser-e1626582721309.jpg","width":1733,"height":1249},{"@type":"BreadcrumbList","@id":"https:\/\/radioleinewelle.de\/index.php\/2021\/07\/18\/ausflugstipp-flussfahrten-auf-der-weser\/#breadcrumb","itemListElement":[{"@type":"ListItem","position":1,"name":"Startseite","item":"https:\/\/radioleinewelle.de\/"},{"@type":"ListItem","position":2,"name":"Ausflugstipp: Flu\u00dffahrten auf der Weser"}]},{"@type":"WebSite","@id":"https:\/\/radioleinewelle.de\/#website","url":"https:\/\/radioleinewelle.de\/","name":"Radio Leinewelle","description":"","publisher":{"@id":"https:\/\/radioleinewelle.de\/#organization"},"potentialAction":[{"@type":"SearchAction","target":{"@type":"EntryPoint","urlTemplate":"https:\/\/radioleinewelle.de\/?s={search_term_string}"},"query-input":{"@type":"PropertyValueSpecification","valueRequired":true,"valueName":"search_term_string"}}],"inLanguage":"de"},{"@type":"Organization","@id":"https:\/\/radioleinewelle.de\/#organization","name":"Radio Leinewelle","alternateName":"Mein Radio f\u00fcr S\u00fcdniedersachsen","url":"https:\/\/radioleinewelle.de\/","logo":{"@type":"ImageObject","inLanguage":"de","@id":"https:\/\/radioleinewelle.de\/#\/schema\/logo\/image\/","url":"https:\/\/radioleinewelle.de\/wp-content\/uploads\/2023\/11\/cropped-Leinewelle_Logo_weiss.png","contentUrl":"https:\/\/radioleinewelle.de\/wp-content\/uploads\/2023\/11\/cropped-Leinewelle_Logo_weiss.png","width":854,"height":260,"caption":"Radio Leinewelle"},"image":{"@id":"https:\/\/radioleinewelle.de\/#\/schema\/logo\/image\/"},"sameAs":["https:\/\/www.facebook.com\/radioleinewelle","https:\/\/x.com\/RLeinewelle","https:\/\/www.instagram.com\/radioleinewelle\/?hl=de"]},{"@type":"Person","@id":"https:\/\/radioleinewelle.de\/#\/schema\/person\/45606f348637df637192dc1b68399a63","name":"Leinewelle","image":{"@type":"ImageObject","inLanguage":"de","@id":"https:\/\/secure.gravatar.com\/avatar\/05c9a17bc973052ee5d91549bd32fb4dd0dc85b7b85ae94b2e2b4943476bbea5?s=96&d=blank&r=g","url":"https:\/\/secure.gravatar.com\/avatar\/05c9a17bc973052ee5d91549bd32fb4dd0dc85b7b85ae94b2e2b4943476bbea5?s=96&d=blank&r=g","contentUrl":"https:\/\/secure.gravatar.com\/avatar\/05c9a17bc973052ee5d91549bd32fb4dd0dc85b7b85ae94b2e2b4943476bbea5?s=96&d=blank&r=g","caption":"Leinewelle"},"sameAs":["http:\/\/localhost\/radio%20leinewelle\/wordpress","https:\/\/www.facebook.com\/radioleinewelle","https:\/\/www.instagram.com\/radioleinewelle","https:\/\/x.com\/https:\/\/twitter.com\/RLeinewelle?ref_src=twsrcgoogletwcampserptwgrauthor","https:\/\/soundcloud.com\/foerderverein-lokalradio?utm_source=clipboard&utm_medium=text&utm_campaign=social_sharing"],"url":"https:\/\/radioleinewelle.de\/index.php\/author\/leinewelle\/"}]}},"_links":{"self":[{"href":"https:\/\/radioleinewelle.de\/index.php\/wp-json\/wp\/v2\/posts\/9413","targetHints":{"allow":["GET"]}}],"collection":[{"href":"https:\/\/radioleinewelle.de\/index.php\/wp-json\/wp\/v2\/posts"}],"about":[{"href":"https:\/\/radioleinewelle.de\/index.php\/wp-json\/wp\/v2\/types\/post"}],"author":[{"embeddable":true,"href":"https:\/\/radioleinewelle.de\/index.php\/wp-json\/wp\/v2\/users\/1"}],"replies":[{"embeddable":true,"href":"https:\/\/radioleinewelle.de\/index.php\/wp-json\/wp\/v2\/comments?post=9413"}],"version-history":[{"count":0,"href":"https:\/\/radioleinewelle.de\/index.php\/wp-json\/wp\/v2\/posts\/9413\/revisions"}],"wp:featuredmedia":[{"embeddable":true,"href":"https:\/\/radioleinewelle.de\/index.php\/wp-json\/wp\/v2\/media\/9415"}],"wp:attachment":[{"href":"https:\/\/radioleinewelle.de\/index.php\/wp-json\/wp\/v2\/media?parent=9413"}],"wp:term":[{"taxonomy":"category","embeddable":true,"href":"https:\/\/radioleinewelle.de\/index.php\/wp-json\/wp\/v2\/categories?post=9413"},{"taxonomy":"post_tag","embeddable":true,"href":"https:\/\/radioleinewelle.de\/index.php\/wp-json\/wp\/v2\/tags?post=9413"}],"curies":[{"name":"wp","href":"https:\/\/api.w.org\/{rel}","templated":true}]}}