{"id":9419,"date":"2021-07-19T05:26:00","date_gmt":"2021-07-19T03:26:00","guid":{"rendered":"https:\/\/radioleinewelle.de\/?p=9419"},"modified":"2021-07-19T05:26:00","modified_gmt":"2021-07-19T03:26:00","slug":"taetliche-auseinandersetzung-zwischen-28-jahre-altem-mann-und-polizeibeamten-in-der-goettinger-innenstadt","status":"publish","type":"post","link":"https:\/\/radioleinewelle.de\/index.php\/2021\/07\/19\/taetliche-auseinandersetzung-zwischen-28-jahre-altem-mann-und-polizeibeamten-in-der-goettinger-innenstadt\/","title":{"rendered":"T\u00e4tliche Auseinandersetzung zwischen 28 Jahre altem Mann und  Polizeibeamten in der G\u00f6ttinger Innenstadt"},"content":{"rendered":"\n<p>G\u00d6TTINGEN (jk) &#8211; Bei einem Polizeieinsatz im Zusammenhang mit einer geplanten Identit\u00e4tsfeststellung sind am Sonntagmorgen (18.07.21) gegen 06.40 Uhr am G\u00f6ttinger Kornmarkt in der Fu\u00dfg\u00e4ngerzone ein 28 Jahre alter Mann aus G\u00f6ttingen und ein Polizeibeamter leicht verletzt worden.&nbsp;<\/p>\n\n\n\n<p>Der mutma\u00dflich unter Alkoholeinfluss stehende 28-J\u00e4hrige war den Beamten nach bislang vorliegenden Informationen bereits im Vorfeld an anderen Orten in der Innenstadt durch verbal aggressives Verhalten und provozierende Gesten gegen\u00fcber an ihm vorbeifahrenden Streifenwaqen aufgefallen. Im Bereich Kornmarkt stellte er sich schlie\u00dflich einer Funkstreife in den Weg und hinderte das Fahrzeug an der Weiterfahrt. Dabei gestikulierte der Mann erneut aggressiv und provozierend in Richtung der Beamten.&nbsp;<\/p>\n\n\n\n<p>Wegen seines Verhaltens sollte nunmehr die Identit\u00e4t des Mannes festgestellt werden. Einer wiederholten Aufforderung, sich auszuweisen, kam er aber nicht nach. Stattdessen reagierte der 28-J\u00e4hrige erneut aggressiv und ging in bedrohlicher K\u00f6rperhaltung auf die Beamten zu. Alle Versuche, beruhigend auf ihn einzuwirken, schlugen fehl. Ein Beamter ergriff den G\u00f6ttinger schlie\u00dflich, um ihn zu \u00fcberw\u00e4ltigen. Dabei umklammerte der 28-J\u00e4hrige den Beamten und beide fielen zusammen auf den Boden. Hier wehrte sich der Mann weiter massiv mit Schl\u00e4gen und Tritten. Im weiteren Verlauf der Ma\u00dfnahme trugen sowohl der 28-J\u00e4hrige als auch der Beamte Verletzungen davon. Der genaue Hergang ist zurzeit unklar und Bestandteil der weiteren Ermittlungen. Mithilfe weiterer hinzugezogener Funkstreifen konnte der G\u00f6ttinger \u00fcberw\u00e4ltigt und gefesselt werden. Er wurde f\u00fcr die Entnahme einer Blutprobe zum Polizeidienstgeb\u00e4ude transportiert und von dort zur \u00e4rztlichen Versorgung in ein Krankenhaus gebracht. Der Polizeibeamte kann aufgrund seiner erlittenen Verletzungen bis auf Weiteres keinen Dienst versehen. Er musste ebenfalls im Krankenhaus behandelt werden.&nbsp;<\/p>\n\n\n\n<p><a href=\"https:\/\/twitter.com\/einssterni\/status\/1416707409528205315\">In den Sozialen Medien ist inzwischen ein Video aufgetaucht<\/a>, das ein unbekannter Zeuge mit dem Handy aufgenommen hat. Bei der ver\u00f6ffentlichen Aufnahme handelt es sich nach erster Bewertung vermutlich um eine Teilsequenz des Tathergangs. Ein eingesetzter Beamter zeichnete den Einsatz mit seiner getragenen Bodycam auf. Die Auswertung dieser Aufnahme dauert an.&nbsp;<\/p>\n\n\n\n<p>Gegen den 28-J\u00e4hrigen wurden Ermittlungsverfahren u. a. wegen Widerstands gegen Vollstreckungsbeamte, t\u00e4tlichen Angriffs auf Polizeibeamte und Beleidigung eingeleitet.&nbsp;<\/p>\n\n\n\n<p>Zeugen werden gebeten, sich unter Telefon 0551\/491-2115 bei der Polizei G\u00f6ttingen zu melden.<\/p>\n","protected":false},"excerpt":{"rendered":"<p>G\u00d6TTINGEN (jk) &#8211; Bei einem Polizeieinsatz im Zusammenhang mit einer geplanten Identit\u00e4tsfeststellung sind am Sonntagmorgen (18.07.21) gegen 06.40 Uhr am G\u00f6ttinger Kornmarkt in der Fu\u00dfg\u00e4ngerzone ein 28 Jahre alter Mann aus G\u00f6ttingen und ein Polizeibeamter leicht verletzt worden.&nbsp; Der mutma\u00dflich unter Alkoholeinfluss stehende 28-J\u00e4hrige war den Beamten nach bislang vorliegenden Informationen bereits im Vorfeld an [&hellip;]<\/p>\n","protected":false},"author":1,"featured_media":0,"comment_status":"closed","ping_status":"closed","sticky":false,"template":"","format":"standard","meta":{"saved_in_kubio":false,"footnotes":""},"categories":[24],"tags":[1796,349,1797],"class_list":["post-9419","post","type-post","status-publish","format-standard","hentry","category-news","tag-polizeieinsatz-goettinger-innenstadt","tag-polizeiinspektion-goettingen","tag-widerstand-gegen-polizeibeamte"],"yoast_head":"<!-- This site is optimized with the Yoast SEO plugin v27.4 - https:\/\/yoast.com\/product\/yoast-seo-wordpress\/ -->\n<title>T\u00e4tliche Auseinandersetzung zwischen 28 Jahre altem Mann und Polizeibeamten in der G\u00f6ttinger Innenstadt - Radio Leinewelle<\/title>\n<meta name=\"robots\" content=\"index, follow, max-snippet:-1, max-image-preview:large, max-video-preview:-1\" \/>\n<link rel=\"canonical\" href=\"https:\/\/radioleinewelle.de\/index.php\/2021\/07\/19\/taetliche-auseinandersetzung-zwischen-28-jahre-altem-mann-und-polizeibeamten-in-der-goettinger-innenstadt\/\" \/>\n<meta property=\"og:locale\" content=\"de_DE\" \/>\n<meta property=\"og:type\" content=\"article\" \/>\n<meta property=\"og:title\" content=\"T\u00e4tliche Auseinandersetzung zwischen 28 Jahre altem Mann und Polizeibeamten in der G\u00f6ttinger Innenstadt - Radio Leinewelle\" \/>\n<meta property=\"og:description\" content=\"G\u00d6TTINGEN (jk) &#8211; Bei einem Polizeieinsatz im Zusammenhang mit einer geplanten Identit\u00e4tsfeststellung sind am Sonntagmorgen (18.07.21) gegen 06.40 Uhr am G\u00f6ttinger Kornmarkt in der Fu\u00dfg\u00e4ngerzone ein 28 Jahre alter Mann aus G\u00f6ttingen und ein Polizeibeamter leicht verletzt worden.&nbsp; Der mutma\u00dflich unter Alkoholeinfluss stehende 28-J\u00e4hrige war den Beamten nach bislang vorliegenden Informationen bereits im Vorfeld an [&hellip;]\" \/>\n<meta property=\"og:url\" content=\"https:\/\/radioleinewelle.de\/index.php\/2021\/07\/19\/taetliche-auseinandersetzung-zwischen-28-jahre-altem-mann-und-polizeibeamten-in-der-goettinger-innenstadt\/\" \/>\n<meta property=\"og:site_name\" content=\"Radio Leinewelle\" \/>\n<meta property=\"article:publisher\" content=\"https:\/\/www.facebook.com\/radioleinewelle\" \/>\n<meta property=\"article:author\" content=\"https:\/\/www.facebook.com\/radioleinewelle\" \/>\n<meta property=\"article:published_time\" content=\"2021-07-19T03:26:00+00:00\" \/>\n<meta name=\"author\" content=\"Leinewelle\" \/>\n<meta name=\"twitter:card\" content=\"summary_large_image\" \/>\n<meta name=\"twitter:creator\" content=\"@https:\/\/twitter.com\/RLeinewelle?ref_src=twsrcgoogletwcampserptwgrauthor\" \/>\n<meta name=\"twitter:site\" content=\"@RLeinewelle\" \/>\n<meta name=\"twitter:label1\" content=\"Verfasst von\" \/>\n\t<meta name=\"twitter:data1\" content=\"Leinewelle\" \/>\n\t<meta name=\"twitter:label2\" content=\"Gesch\u00e4tzte Lesezeit\" \/>\n\t<meta name=\"twitter:data2\" content=\"2\u00a0Minuten\" \/>\n<script type=\"application\/ld+json\" class=\"yoast-schema-graph\">{\"@context\":\"https:\\\/\\\/schema.org\",\"@graph\":[{\"@type\":\"Article\",\"@id\":\"https:\\\/\\\/radioleinewelle.de\\\/index.php\\\/2021\\\/07\\\/19\\\/taetliche-auseinandersetzung-zwischen-28-jahre-altem-mann-und-polizeibeamten-in-der-goettinger-innenstadt\\\/#article\",\"isPartOf\":{\"@id\":\"https:\\\/\\\/radioleinewelle.de\\\/index.php\\\/2021\\\/07\\\/19\\\/taetliche-auseinandersetzung-zwischen-28-jahre-altem-mann-und-polizeibeamten-in-der-goettinger-innenstadt\\\/\"},\"author\":{\"name\":\"Leinewelle\",\"@id\":\"https:\\\/\\\/radioleinewelle.de\\\/#\\\/schema\\\/person\\\/45606f348637df637192dc1b68399a63\"},\"headline\":\"T\u00e4tliche Auseinandersetzung zwischen 28 Jahre altem Mann und Polizeibeamten in der G\u00f6ttinger Innenstadt\",\"datePublished\":\"2021-07-19T03:26:00+00:00\",\"mainEntityOfPage\":{\"@id\":\"https:\\\/\\\/radioleinewelle.de\\\/index.php\\\/2021\\\/07\\\/19\\\/taetliche-auseinandersetzung-zwischen-28-jahre-altem-mann-und-polizeibeamten-in-der-goettinger-innenstadt\\\/\"},\"wordCount\":385,\"publisher\":{\"@id\":\"https:\\\/\\\/radioleinewelle.de\\\/#organization\"},\"keywords\":[\"Polizeieinsatz G\u00f6ttinger Innenstadt\",\"Polizeiinspektion G\u00f6ttingen\",\"Widerstand gegen Polizeibeamte\"],\"articleSection\":[\"Aktuelle Nachrichten\"],\"inLanguage\":\"de\"},{\"@type\":\"WebPage\",\"@id\":\"https:\\\/\\\/radioleinewelle.de\\\/index.php\\\/2021\\\/07\\\/19\\\/taetliche-auseinandersetzung-zwischen-28-jahre-altem-mann-und-polizeibeamten-in-der-goettinger-innenstadt\\\/\",\"url\":\"https:\\\/\\\/radioleinewelle.de\\\/index.php\\\/2021\\\/07\\\/19\\\/taetliche-auseinandersetzung-zwischen-28-jahre-altem-mann-und-polizeibeamten-in-der-goettinger-innenstadt\\\/\",\"name\":\"T\u00e4tliche Auseinandersetzung zwischen 28 Jahre altem Mann und Polizeibeamten in der G\u00f6ttinger Innenstadt - Radio Leinewelle\",\"isPartOf\":{\"@id\":\"https:\\\/\\\/radioleinewelle.de\\\/#website\"},\"datePublished\":\"2021-07-19T03:26:00+00:00\",\"breadcrumb\":{\"@id\":\"https:\\\/\\\/radioleinewelle.de\\\/index.php\\\/2021\\\/07\\\/19\\\/taetliche-auseinandersetzung-zwischen-28-jahre-altem-mann-und-polizeibeamten-in-der-goettinger-innenstadt\\\/#breadcrumb\"},\"inLanguage\":\"de\",\"potentialAction\":[{\"@type\":\"ReadAction\",\"target\":[\"https:\\\/\\\/radioleinewelle.de\\\/index.php\\\/2021\\\/07\\\/19\\\/taetliche-auseinandersetzung-zwischen-28-jahre-altem-mann-und-polizeibeamten-in-der-goettinger-innenstadt\\\/\"]}]},{\"@type\":\"BreadcrumbList\",\"@id\":\"https:\\\/\\\/radioleinewelle.de\\\/index.php\\\/2021\\\/07\\\/19\\\/taetliche-auseinandersetzung-zwischen-28-jahre-altem-mann-und-polizeibeamten-in-der-goettinger-innenstadt\\\/#breadcrumb\",\"itemListElement\":[{\"@type\":\"ListItem\",\"position\":1,\"name\":\"Startseite\",\"item\":\"https:\\\/\\\/radioleinewelle.de\\\/\"},{\"@type\":\"ListItem\",\"position\":2,\"name\":\"T\u00e4tliche Auseinandersetzung zwischen 28 Jahre altem Mann und Polizeibeamten in der G\u00f6ttinger Innenstadt\"}]},{\"@type\":\"WebSite\",\"@id\":\"https:\\\/\\\/radioleinewelle.de\\\/#website\",\"url\":\"https:\\\/\\\/radioleinewelle.de\\\/\",\"name\":\"Radio Leinewelle\",\"description\":\"\",\"publisher\":{\"@id\":\"https:\\\/\\\/radioleinewelle.de\\\/#organization\"},\"potentialAction\":[{\"@type\":\"SearchAction\",\"target\":{\"@type\":\"EntryPoint\",\"urlTemplate\":\"https:\\\/\\\/radioleinewelle.de\\\/?s={search_term_string}\"},\"query-input\":{\"@type\":\"PropertyValueSpecification\",\"valueRequired\":true,\"valueName\":\"search_term_string\"}}],\"inLanguage\":\"de\"},{\"@type\":\"Organization\",\"@id\":\"https:\\\/\\\/radioleinewelle.de\\\/#organization\",\"name\":\"Radio Leinewelle\",\"alternateName\":\"Mein Radio f\u00fcr S\u00fcdniedersachsen\",\"url\":\"https:\\\/\\\/radioleinewelle.de\\\/\",\"logo\":{\"@type\":\"ImageObject\",\"inLanguage\":\"de\",\"@id\":\"https:\\\/\\\/radioleinewelle.de\\\/#\\\/schema\\\/logo\\\/image\\\/\",\"url\":\"https:\\\/\\\/radioleinewelle.de\\\/wp-content\\\/uploads\\\/2023\\\/11\\\/cropped-Leinewelle_Logo_weiss.png\",\"contentUrl\":\"https:\\\/\\\/radioleinewelle.de\\\/wp-content\\\/uploads\\\/2023\\\/11\\\/cropped-Leinewelle_Logo_weiss.png\",\"width\":854,\"height\":260,\"caption\":\"Radio Leinewelle\"},\"image\":{\"@id\":\"https:\\\/\\\/radioleinewelle.de\\\/#\\\/schema\\\/logo\\\/image\\\/\"},\"sameAs\":[\"https:\\\/\\\/www.facebook.com\\\/radioleinewelle\",\"https:\\\/\\\/x.com\\\/RLeinewelle\",\"https:\\\/\\\/www.instagram.com\\\/radioleinewelle\\\/?hl=de\"]},{\"@type\":\"Person\",\"@id\":\"https:\\\/\\\/radioleinewelle.de\\\/#\\\/schema\\\/person\\\/45606f348637df637192dc1b68399a63\",\"name\":\"Leinewelle\",\"image\":{\"@type\":\"ImageObject\",\"inLanguage\":\"de\",\"@id\":\"https:\\\/\\\/secure.gravatar.com\\\/avatar\\\/05c9a17bc973052ee5d91549bd32fb4dd0dc85b7b85ae94b2e2b4943476bbea5?s=96&d=blank&r=g\",\"url\":\"https:\\\/\\\/secure.gravatar.com\\\/avatar\\\/05c9a17bc973052ee5d91549bd32fb4dd0dc85b7b85ae94b2e2b4943476bbea5?s=96&d=blank&r=g\",\"contentUrl\":\"https:\\\/\\\/secure.gravatar.com\\\/avatar\\\/05c9a17bc973052ee5d91549bd32fb4dd0dc85b7b85ae94b2e2b4943476bbea5?s=96&d=blank&r=g\",\"caption\":\"Leinewelle\"},\"sameAs\":[\"http:\\\/\\\/localhost\\\/radio%20leinewelle\\\/wordpress\",\"https:\\\/\\\/www.facebook.com\\\/radioleinewelle\",\"https:\\\/\\\/www.instagram.com\\\/radioleinewelle\",\"https:\\\/\\\/x.com\\\/https:\\\/\\\/twitter.com\\\/RLeinewelle?ref_src=twsrcgoogletwcampserptwgrauthor\",\"https:\\\/\\\/soundcloud.com\\\/foerderverein-lokalradio?utm_source=clipboard&utm_medium=text&utm_campaign=social_sharing\"],\"url\":\"https:\\\/\\\/radioleinewelle.de\\\/index.php\\\/author\\\/leinewelle\\\/\"}]}<\/script>\n<!-- \/ Yoast SEO plugin. -->","yoast_head_json":{"title":"T\u00e4tliche Auseinandersetzung zwischen 28 Jahre altem Mann und Polizeibeamten in der G\u00f6ttinger Innenstadt - Radio Leinewelle","robots":{"index":"index","follow":"follow","max-snippet":"max-snippet:-1","max-image-preview":"max-image-preview:large","max-video-preview":"max-video-preview:-1"},"canonical":"https:\/\/radioleinewelle.de\/index.php\/2021\/07\/19\/taetliche-auseinandersetzung-zwischen-28-jahre-altem-mann-und-polizeibeamten-in-der-goettinger-innenstadt\/","og_locale":"de_DE","og_type":"article","og_title":"T\u00e4tliche Auseinandersetzung zwischen 28 Jahre altem Mann und Polizeibeamten in der G\u00f6ttinger Innenstadt - Radio Leinewelle","og_description":"G\u00d6TTINGEN (jk) &#8211; Bei einem Polizeieinsatz im Zusammenhang mit einer geplanten Identit\u00e4tsfeststellung sind am Sonntagmorgen (18.07.21) gegen 06.40 Uhr am G\u00f6ttinger Kornmarkt in der Fu\u00dfg\u00e4ngerzone ein 28 Jahre alter Mann aus G\u00f6ttingen und ein Polizeibeamter leicht verletzt worden.&nbsp; Der mutma\u00dflich unter Alkoholeinfluss stehende 28-J\u00e4hrige war den Beamten nach bislang vorliegenden Informationen bereits im Vorfeld an [&hellip;]","og_url":"https:\/\/radioleinewelle.de\/index.php\/2021\/07\/19\/taetliche-auseinandersetzung-zwischen-28-jahre-altem-mann-und-polizeibeamten-in-der-goettinger-innenstadt\/","og_site_name":"Radio Leinewelle","article_publisher":"https:\/\/www.facebook.com\/radioleinewelle","article_author":"https:\/\/www.facebook.com\/radioleinewelle","article_published_time":"2021-07-19T03:26:00+00:00","author":"Leinewelle","twitter_card":"summary_large_image","twitter_creator":"@https:\/\/twitter.com\/RLeinewelle?ref_src=twsrcgoogletwcampserptwgrauthor","twitter_site":"@RLeinewelle","twitter_misc":{"Verfasst von":"Leinewelle","Gesch\u00e4tzte Lesezeit":"2\u00a0Minuten"},"schema":{"@context":"https:\/\/schema.org","@graph":[{"@type":"Article","@id":"https:\/\/radioleinewelle.de\/index.php\/2021\/07\/19\/taetliche-auseinandersetzung-zwischen-28-jahre-altem-mann-und-polizeibeamten-in-der-goettinger-innenstadt\/#article","isPartOf":{"@id":"https:\/\/radioleinewelle.de\/index.php\/2021\/07\/19\/taetliche-auseinandersetzung-zwischen-28-jahre-altem-mann-und-polizeibeamten-in-der-goettinger-innenstadt\/"},"author":{"name":"Leinewelle","@id":"https:\/\/radioleinewelle.de\/#\/schema\/person\/45606f348637df637192dc1b68399a63"},"headline":"T\u00e4tliche Auseinandersetzung zwischen 28 Jahre altem Mann und Polizeibeamten in der G\u00f6ttinger Innenstadt","datePublished":"2021-07-19T03:26:00+00:00","mainEntityOfPage":{"@id":"https:\/\/radioleinewelle.de\/index.php\/2021\/07\/19\/taetliche-auseinandersetzung-zwischen-28-jahre-altem-mann-und-polizeibeamten-in-der-goettinger-innenstadt\/"},"wordCount":385,"publisher":{"@id":"https:\/\/radioleinewelle.de\/#organization"},"keywords":["Polizeieinsatz G\u00f6ttinger Innenstadt","Polizeiinspektion G\u00f6ttingen","Widerstand gegen Polizeibeamte"],"articleSection":["Aktuelle Nachrichten"],"inLanguage":"de"},{"@type":"WebPage","@id":"https:\/\/radioleinewelle.de\/index.php\/2021\/07\/19\/taetliche-auseinandersetzung-zwischen-28-jahre-altem-mann-und-polizeibeamten-in-der-goettinger-innenstadt\/","url":"https:\/\/radioleinewelle.de\/index.php\/2021\/07\/19\/taetliche-auseinandersetzung-zwischen-28-jahre-altem-mann-und-polizeibeamten-in-der-goettinger-innenstadt\/","name":"T\u00e4tliche Auseinandersetzung zwischen 28 Jahre altem Mann und Polizeibeamten in der G\u00f6ttinger Innenstadt - Radio Leinewelle","isPartOf":{"@id":"https:\/\/radioleinewelle.de\/#website"},"datePublished":"2021-07-19T03:26:00+00:00","breadcrumb":{"@id":"https:\/\/radioleinewelle.de\/index.php\/2021\/07\/19\/taetliche-auseinandersetzung-zwischen-28-jahre-altem-mann-und-polizeibeamten-in-der-goettinger-innenstadt\/#breadcrumb"},"inLanguage":"de","potentialAction":[{"@type":"ReadAction","target":["https:\/\/radioleinewelle.de\/index.php\/2021\/07\/19\/taetliche-auseinandersetzung-zwischen-28-jahre-altem-mann-und-polizeibeamten-in-der-goettinger-innenstadt\/"]}]},{"@type":"BreadcrumbList","@id":"https:\/\/radioleinewelle.de\/index.php\/2021\/07\/19\/taetliche-auseinandersetzung-zwischen-28-jahre-altem-mann-und-polizeibeamten-in-der-goettinger-innenstadt\/#breadcrumb","itemListElement":[{"@type":"ListItem","position":1,"name":"Startseite","item":"https:\/\/radioleinewelle.de\/"},{"@type":"ListItem","position":2,"name":"T\u00e4tliche Auseinandersetzung zwischen 28 Jahre altem Mann und Polizeibeamten in der G\u00f6ttinger Innenstadt"}]},{"@type":"WebSite","@id":"https:\/\/radioleinewelle.de\/#website","url":"https:\/\/radioleinewelle.de\/","name":"Radio Leinewelle","description":"","publisher":{"@id":"https:\/\/radioleinewelle.de\/#organization"},"potentialAction":[{"@type":"SearchAction","target":{"@type":"EntryPoint","urlTemplate":"https:\/\/radioleinewelle.de\/?s={search_term_string}"},"query-input":{"@type":"PropertyValueSpecification","valueRequired":true,"valueName":"search_term_string"}}],"inLanguage":"de"},{"@type":"Organization","@id":"https:\/\/radioleinewelle.de\/#organization","name":"Radio Leinewelle","alternateName":"Mein Radio f\u00fcr S\u00fcdniedersachsen","url":"https:\/\/radioleinewelle.de\/","logo":{"@type":"ImageObject","inLanguage":"de","@id":"https:\/\/radioleinewelle.de\/#\/schema\/logo\/image\/","url":"https:\/\/radioleinewelle.de\/wp-content\/uploads\/2023\/11\/cropped-Leinewelle_Logo_weiss.png","contentUrl":"https:\/\/radioleinewelle.de\/wp-content\/uploads\/2023\/11\/cropped-Leinewelle_Logo_weiss.png","width":854,"height":260,"caption":"Radio Leinewelle"},"image":{"@id":"https:\/\/radioleinewelle.de\/#\/schema\/logo\/image\/"},"sameAs":["https:\/\/www.facebook.com\/radioleinewelle","https:\/\/x.com\/RLeinewelle","https:\/\/www.instagram.com\/radioleinewelle\/?hl=de"]},{"@type":"Person","@id":"https:\/\/radioleinewelle.de\/#\/schema\/person\/45606f348637df637192dc1b68399a63","name":"Leinewelle","image":{"@type":"ImageObject","inLanguage":"de","@id":"https:\/\/secure.gravatar.com\/avatar\/05c9a17bc973052ee5d91549bd32fb4dd0dc85b7b85ae94b2e2b4943476bbea5?s=96&d=blank&r=g","url":"https:\/\/secure.gravatar.com\/avatar\/05c9a17bc973052ee5d91549bd32fb4dd0dc85b7b85ae94b2e2b4943476bbea5?s=96&d=blank&r=g","contentUrl":"https:\/\/secure.gravatar.com\/avatar\/05c9a17bc973052ee5d91549bd32fb4dd0dc85b7b85ae94b2e2b4943476bbea5?s=96&d=blank&r=g","caption":"Leinewelle"},"sameAs":["http:\/\/localhost\/radio%20leinewelle\/wordpress","https:\/\/www.facebook.com\/radioleinewelle","https:\/\/www.instagram.com\/radioleinewelle","https:\/\/x.com\/https:\/\/twitter.com\/RLeinewelle?ref_src=twsrcgoogletwcampserptwgrauthor","https:\/\/soundcloud.com\/foerderverein-lokalradio?utm_source=clipboard&utm_medium=text&utm_campaign=social_sharing"],"url":"https:\/\/radioleinewelle.de\/index.php\/author\/leinewelle\/"}]}},"_links":{"self":[{"href":"https:\/\/radioleinewelle.de\/index.php\/wp-json\/wp\/v2\/posts\/9419","targetHints":{"allow":["GET"]}}],"collection":[{"href":"https:\/\/radioleinewelle.de\/index.php\/wp-json\/wp\/v2\/posts"}],"about":[{"href":"https:\/\/radioleinewelle.de\/index.php\/wp-json\/wp\/v2\/types\/post"}],"author":[{"embeddable":true,"href":"https:\/\/radioleinewelle.de\/index.php\/wp-json\/wp\/v2\/users\/1"}],"replies":[{"embeddable":true,"href":"https:\/\/radioleinewelle.de\/index.php\/wp-json\/wp\/v2\/comments?post=9419"}],"version-history":[{"count":0,"href":"https:\/\/radioleinewelle.de\/index.php\/wp-json\/wp\/v2\/posts\/9419\/revisions"}],"wp:attachment":[{"href":"https:\/\/radioleinewelle.de\/index.php\/wp-json\/wp\/v2\/media?parent=9419"}],"wp:term":[{"taxonomy":"category","embeddable":true,"href":"https:\/\/radioleinewelle.de\/index.php\/wp-json\/wp\/v2\/categories?post=9419"},{"taxonomy":"post_tag","embeddable":true,"href":"https:\/\/radioleinewelle.de\/index.php\/wp-json\/wp\/v2\/tags?post=9419"}],"curies":[{"name":"wp","href":"https:\/\/api.w.org\/{rel}","templated":true}]}}