{"id":9425,"date":"2021-07-19T04:28:00","date_gmt":"2021-07-19T02:28:00","guid":{"rendered":"https:\/\/radioleinewelle.de\/?p=9425"},"modified":"2021-07-19T04:28:00","modified_gmt":"2021-07-19T02:28:00","slug":"schieben-sie-einbrechern-den-riegel-vor-polizei-osterode-informiert-vier-tage-zum-thema-schutz-vor-wohnungseinbruchsdiebstahl","status":"publish","type":"post","link":"https:\/\/radioleinewelle.de\/index.php\/2021\/07\/19\/schieben-sie-einbrechern-den-riegel-vor-polizei-osterode-informiert-vier-tage-zum-thema-schutz-vor-wohnungseinbruchsdiebstahl\/","title":{"rendered":"&#8222;Schieben Sie Einbrechern den Riegel vor!&#8220; &#8211; Polizei Osterode informiert vier Tage zum Thema &#8222;Schutz vor Wohnungseinbruchsdiebstahl&#8220;"},"content":{"rendered":"\n<p>OSTERODE (vh\/jk) &#8211; Ein Einbruch in Haus oder Wohnung ist f\u00fcr Betroffene immer ein unerwarteter Schock. Die Verletzung der Privatsph\u00e4re, das verloren gegangene Sicherheitsgef\u00fchl oder andere schwerwiegende psychische Folgen, die nach einem Einbruch auftreten k\u00f6nnen machen Ihnen dabei oft mehr zu schaffen, als der reine materielle Schaden.&nbsp;<\/p>\n\n\n\n<p>Die T\u00e4ter kommen oft tags\u00fcber, wenn \u00fcberwiegend niemand zu Hause ist, aber auch am fr\u00fchen Abend, in der dunklen Jahreszeit, beim Einsetzen der D\u00e4mmerung, an Wochenenden und sowie jetzt aktuell w\u00e4hrend der Urlaubszeit!&nbsp;Dass man sich davor sch\u00fctzen kann, zeigt die Erfahrung der Polizei.&nbsp;<\/p>\n\n\n\n<p>Ein gro\u00dfer Anteil der Einbr\u00fcche bleibt heute schon im Versuchsstadium stecken. Nicht zuletzt wegen sicherheitstechnischer Einrichtungen, aber auch richtiges Verhalten und aufmerksame Nachbarn k\u00f6nnen Einbr\u00fcche verhindern helfen.&nbsp;<\/p>\n\n\n\n<p>Was man gezielt tun kann, um sich sinnvoll vor unliebsamen Eindringlingen zu sch\u00fctzen, dar\u00fcber informieren Experten der Polizei in der kommenden Woche bei einer mehrt\u00e4gigen Aktion in der Osteroder Innenstadt.&nbsp;<\/p>\n\n\n\n<p>Im Geb\u00e4ude der &#8222;Regionalen Koordinierungsstelle f\u00fcr Vereine und Verb\u00e4nde&#8220; am Martin-Luther-Platz 8 wird f\u00fcr vier Tage eine offene Beratungsstelle eingerichtet. Insbesondere den Dienstag und den Samstag, also die beiden Tage, an denen der nahegelegene Wochenmarkt stattfindet, wollen die Pr\u00e4ventioner nutzen, um die B\u00fcrger*innen direkt vor Ort zu erreichen. Auch Plakate und Exponate werden zu sehen sein. Ein Fachvortag am Mittwoch (21.07.21) rundet das Programm zus\u00e4tzlich ab.&nbsp;<\/p>\n\n\n\n<p>Interessierte k\u00f6nnen sich an den folgenden Tagen \/ Zeiten im Geb\u00e4ude am &#8222;Martin-Luther-Platz&#8220; kostenlos informieren und pers\u00f6nlich beraten lassen:&nbsp;<\/p>\n\n\n\n<p>Dienstag (20.07.2021), 08.00 &#8211; 15.00 Uhr, Mittwoch (21.07.2021), 13.00 &#8211; 19.00 Uhr, ab 17.00 Uhr \u00f6ffentlicher Fachvortrag, Freitag (23.07.2021), 08.00 &#8211; 15.00 Uhr, Samstag (24.07.2021), 08.00 &#8211; 15.00 Uhr.&nbsp;<\/p>\n\n\n\n<p><\/p>\n","protected":false},"excerpt":{"rendered":"<p>OSTERODE (vh\/jk) &#8211; Ein Einbruch in Haus oder Wohnung ist f\u00fcr Betroffene immer ein unerwarteter Schock. Die Verletzung der Privatsph\u00e4re, das verloren gegangene Sicherheitsgef\u00fchl oder andere schwerwiegende psychische Folgen, die nach einem Einbruch auftreten k\u00f6nnen machen Ihnen dabei oft mehr zu schaffen, als der reine materielle Schaden.&nbsp; Die T\u00e4ter kommen oft tags\u00fcber, wenn \u00fcberwiegend niemand [&hellip;]<\/p>\n","protected":false},"author":1,"featured_media":1766,"comment_status":"closed","ping_status":"closed","sticky":false,"template":"","format":"standard","meta":{"saved_in_kubio":false,"footnotes":""},"categories":[24],"tags":[1798,349,1799],"class_list":["post-9425","post","type-post","status-publish","format-standard","has-post-thumbnail","hentry","category-news","tag-einbruchspraevention-osterode","tag-polizeiinspektion-goettingen","tag-schutz-vor-wohnungseinbruchsdiebstahl"],"yoast_head":"<!-- This site is optimized with the Yoast SEO plugin v27.4 - https:\/\/yoast.com\/product\/yoast-seo-wordpress\/ -->\n<title>&quot;Schieben Sie Einbrechern den Riegel vor!&quot; - Polizei Osterode informiert vier Tage zum Thema &quot;Schutz vor Wohnungseinbruchsdiebstahl&quot; - Radio Leinewelle<\/title>\n<meta name=\"robots\" content=\"index, follow, max-snippet:-1, max-image-preview:large, max-video-preview:-1\" \/>\n<link rel=\"canonical\" href=\"https:\/\/radioleinewelle.de\/index.php\/2021\/07\/19\/schieben-sie-einbrechern-den-riegel-vor-polizei-osterode-informiert-vier-tage-zum-thema-schutz-vor-wohnungseinbruchsdiebstahl\/\" \/>\n<meta property=\"og:locale\" content=\"de_DE\" \/>\n<meta property=\"og:type\" content=\"article\" \/>\n<meta property=\"og:title\" content=\"&quot;Schieben Sie Einbrechern den Riegel vor!&quot; - Polizei Osterode informiert vier Tage zum Thema &quot;Schutz vor Wohnungseinbruchsdiebstahl&quot; - Radio Leinewelle\" \/>\n<meta property=\"og:description\" content=\"OSTERODE (vh\/jk) &#8211; Ein Einbruch in Haus oder Wohnung ist f\u00fcr Betroffene immer ein unerwarteter Schock. Die Verletzung der Privatsph\u00e4re, das verloren gegangene Sicherheitsgef\u00fchl oder andere schwerwiegende psychische Folgen, die nach einem Einbruch auftreten k\u00f6nnen machen Ihnen dabei oft mehr zu schaffen, als der reine materielle Schaden.&nbsp; Die T\u00e4ter kommen oft tags\u00fcber, wenn \u00fcberwiegend niemand [&hellip;]\" \/>\n<meta property=\"og:url\" content=\"https:\/\/radioleinewelle.de\/index.php\/2021\/07\/19\/schieben-sie-einbrechern-den-riegel-vor-polizei-osterode-informiert-vier-tage-zum-thema-schutz-vor-wohnungseinbruchsdiebstahl\/\" \/>\n<meta property=\"og:site_name\" content=\"Radio Leinewelle\" \/>\n<meta property=\"article:publisher\" content=\"https:\/\/www.facebook.com\/radioleinewelle\" \/>\n<meta property=\"article:author\" content=\"https:\/\/www.facebook.com\/radioleinewelle\" \/>\n<meta property=\"article:published_time\" content=\"2021-07-19T02:28:00+00:00\" \/>\n<meta property=\"og:image\" content=\"https:\/\/radioleinewelle.de\/wp-content\/uploads\/2020\/09\/police-1530531_640.jpg\" \/>\n\t<meta property=\"og:image:width\" content=\"640\" \/>\n\t<meta property=\"og:image:height\" content=\"382\" \/>\n\t<meta property=\"og:image:type\" content=\"image\/jpeg\" \/>\n<meta name=\"author\" content=\"Leinewelle\" \/>\n<meta name=\"twitter:card\" content=\"summary_large_image\" \/>\n<meta name=\"twitter:creator\" content=\"@https:\/\/twitter.com\/RLeinewelle?ref_src=twsrcgoogletwcampserptwgrauthor\" \/>\n<meta name=\"twitter:site\" content=\"@RLeinewelle\" \/>\n<meta name=\"twitter:label1\" content=\"Verfasst von\" \/>\n\t<meta name=\"twitter:data1\" content=\"Leinewelle\" \/>\n\t<meta name=\"twitter:label2\" content=\"Gesch\u00e4tzte Lesezeit\" \/>\n\t<meta name=\"twitter:data2\" content=\"2\u00a0Minuten\" \/>\n<script type=\"application\/ld+json\" class=\"yoast-schema-graph\">{\"@context\":\"https:\\\/\\\/schema.org\",\"@graph\":[{\"@type\":\"Article\",\"@id\":\"https:\\\/\\\/radioleinewelle.de\\\/index.php\\\/2021\\\/07\\\/19\\\/schieben-sie-einbrechern-den-riegel-vor-polizei-osterode-informiert-vier-tage-zum-thema-schutz-vor-wohnungseinbruchsdiebstahl\\\/#article\",\"isPartOf\":{\"@id\":\"https:\\\/\\\/radioleinewelle.de\\\/index.php\\\/2021\\\/07\\\/19\\\/schieben-sie-einbrechern-den-riegel-vor-polizei-osterode-informiert-vier-tage-zum-thema-schutz-vor-wohnungseinbruchsdiebstahl\\\/\"},\"author\":{\"name\":\"Leinewelle\",\"@id\":\"https:\\\/\\\/radioleinewelle.de\\\/#\\\/schema\\\/person\\\/45606f348637df637192dc1b68399a63\"},\"headline\":\"&#8222;Schieben Sie Einbrechern den Riegel vor!&#8220; &#8211; Polizei Osterode informiert vier Tage zum Thema &#8222;Schutz vor Wohnungseinbruchsdiebstahl&#8220;\",\"datePublished\":\"2021-07-19T02:28:00+00:00\",\"mainEntityOfPage\":{\"@id\":\"https:\\\/\\\/radioleinewelle.de\\\/index.php\\\/2021\\\/07\\\/19\\\/schieben-sie-einbrechern-den-riegel-vor-polizei-osterode-informiert-vier-tage-zum-thema-schutz-vor-wohnungseinbruchsdiebstahl\\\/\"},\"wordCount\":300,\"publisher\":{\"@id\":\"https:\\\/\\\/radioleinewelle.de\\\/#organization\"},\"image\":{\"@id\":\"https:\\\/\\\/radioleinewelle.de\\\/index.php\\\/2021\\\/07\\\/19\\\/schieben-sie-einbrechern-den-riegel-vor-polizei-osterode-informiert-vier-tage-zum-thema-schutz-vor-wohnungseinbruchsdiebstahl\\\/#primaryimage\"},\"thumbnailUrl\":\"https:\\\/\\\/radioleinewelle.de\\\/wp-content\\\/uploads\\\/2020\\\/09\\\/police-1530531_640.jpg\",\"keywords\":[\"Einbruchspr\u00e4vention Osterode\",\"Polizeiinspektion G\u00f6ttingen\",\"Schutz vor Wohnungseinbruchsdiebstahl\"],\"articleSection\":[\"Aktuelle Nachrichten\"],\"inLanguage\":\"de\"},{\"@type\":\"WebPage\",\"@id\":\"https:\\\/\\\/radioleinewelle.de\\\/index.php\\\/2021\\\/07\\\/19\\\/schieben-sie-einbrechern-den-riegel-vor-polizei-osterode-informiert-vier-tage-zum-thema-schutz-vor-wohnungseinbruchsdiebstahl\\\/\",\"url\":\"https:\\\/\\\/radioleinewelle.de\\\/index.php\\\/2021\\\/07\\\/19\\\/schieben-sie-einbrechern-den-riegel-vor-polizei-osterode-informiert-vier-tage-zum-thema-schutz-vor-wohnungseinbruchsdiebstahl\\\/\",\"name\":\"\\\"Schieben Sie Einbrechern den Riegel vor!\\\" - Polizei Osterode informiert vier Tage zum Thema \\\"Schutz vor Wohnungseinbruchsdiebstahl\\\" - Radio Leinewelle\",\"isPartOf\":{\"@id\":\"https:\\\/\\\/radioleinewelle.de\\\/#website\"},\"primaryImageOfPage\":{\"@id\":\"https:\\\/\\\/radioleinewelle.de\\\/index.php\\\/2021\\\/07\\\/19\\\/schieben-sie-einbrechern-den-riegel-vor-polizei-osterode-informiert-vier-tage-zum-thema-schutz-vor-wohnungseinbruchsdiebstahl\\\/#primaryimage\"},\"image\":{\"@id\":\"https:\\\/\\\/radioleinewelle.de\\\/index.php\\\/2021\\\/07\\\/19\\\/schieben-sie-einbrechern-den-riegel-vor-polizei-osterode-informiert-vier-tage-zum-thema-schutz-vor-wohnungseinbruchsdiebstahl\\\/#primaryimage\"},\"thumbnailUrl\":\"https:\\\/\\\/radioleinewelle.de\\\/wp-content\\\/uploads\\\/2020\\\/09\\\/police-1530531_640.jpg\",\"datePublished\":\"2021-07-19T02:28:00+00:00\",\"breadcrumb\":{\"@id\":\"https:\\\/\\\/radioleinewelle.de\\\/index.php\\\/2021\\\/07\\\/19\\\/schieben-sie-einbrechern-den-riegel-vor-polizei-osterode-informiert-vier-tage-zum-thema-schutz-vor-wohnungseinbruchsdiebstahl\\\/#breadcrumb\"},\"inLanguage\":\"de\",\"potentialAction\":[{\"@type\":\"ReadAction\",\"target\":[\"https:\\\/\\\/radioleinewelle.de\\\/index.php\\\/2021\\\/07\\\/19\\\/schieben-sie-einbrechern-den-riegel-vor-polizei-osterode-informiert-vier-tage-zum-thema-schutz-vor-wohnungseinbruchsdiebstahl\\\/\"]}]},{\"@type\":\"ImageObject\",\"inLanguage\":\"de\",\"@id\":\"https:\\\/\\\/radioleinewelle.de\\\/index.php\\\/2021\\\/07\\\/19\\\/schieben-sie-einbrechern-den-riegel-vor-polizei-osterode-informiert-vier-tage-zum-thema-schutz-vor-wohnungseinbruchsdiebstahl\\\/#primaryimage\",\"url\":\"https:\\\/\\\/radioleinewelle.de\\\/wp-content\\\/uploads\\\/2020\\\/09\\\/police-1530531_640.jpg\",\"contentUrl\":\"https:\\\/\\\/radioleinewelle.de\\\/wp-content\\\/uploads\\\/2020\\\/09\\\/police-1530531_640.jpg\",\"width\":640,\"height\":382},{\"@type\":\"BreadcrumbList\",\"@id\":\"https:\\\/\\\/radioleinewelle.de\\\/index.php\\\/2021\\\/07\\\/19\\\/schieben-sie-einbrechern-den-riegel-vor-polizei-osterode-informiert-vier-tage-zum-thema-schutz-vor-wohnungseinbruchsdiebstahl\\\/#breadcrumb\",\"itemListElement\":[{\"@type\":\"ListItem\",\"position\":1,\"name\":\"Startseite\",\"item\":\"https:\\\/\\\/radioleinewelle.de\\\/\"},{\"@type\":\"ListItem\",\"position\":2,\"name\":\"&#8222;Schieben Sie Einbrechern den Riegel vor!&#8220; &#8211; Polizei Osterode informiert vier Tage zum Thema &#8222;Schutz vor Wohnungseinbruchsdiebstahl&#8220;\"}]},{\"@type\":\"WebSite\",\"@id\":\"https:\\\/\\\/radioleinewelle.de\\\/#website\",\"url\":\"https:\\\/\\\/radioleinewelle.de\\\/\",\"name\":\"Radio Leinewelle\",\"description\":\"\",\"publisher\":{\"@id\":\"https:\\\/\\\/radioleinewelle.de\\\/#organization\"},\"potentialAction\":[{\"@type\":\"SearchAction\",\"target\":{\"@type\":\"EntryPoint\",\"urlTemplate\":\"https:\\\/\\\/radioleinewelle.de\\\/?s={search_term_string}\"},\"query-input\":{\"@type\":\"PropertyValueSpecification\",\"valueRequired\":true,\"valueName\":\"search_term_string\"}}],\"inLanguage\":\"de\"},{\"@type\":\"Organization\",\"@id\":\"https:\\\/\\\/radioleinewelle.de\\\/#organization\",\"name\":\"Radio Leinewelle\",\"alternateName\":\"Mein Radio f\u00fcr S\u00fcdniedersachsen\",\"url\":\"https:\\\/\\\/radioleinewelle.de\\\/\",\"logo\":{\"@type\":\"ImageObject\",\"inLanguage\":\"de\",\"@id\":\"https:\\\/\\\/radioleinewelle.de\\\/#\\\/schema\\\/logo\\\/image\\\/\",\"url\":\"https:\\\/\\\/radioleinewelle.de\\\/wp-content\\\/uploads\\\/2023\\\/11\\\/cropped-Leinewelle_Logo_weiss.png\",\"contentUrl\":\"https:\\\/\\\/radioleinewelle.de\\\/wp-content\\\/uploads\\\/2023\\\/11\\\/cropped-Leinewelle_Logo_weiss.png\",\"width\":854,\"height\":260,\"caption\":\"Radio Leinewelle\"},\"image\":{\"@id\":\"https:\\\/\\\/radioleinewelle.de\\\/#\\\/schema\\\/logo\\\/image\\\/\"},\"sameAs\":[\"https:\\\/\\\/www.facebook.com\\\/radioleinewelle\",\"https:\\\/\\\/x.com\\\/RLeinewelle\",\"https:\\\/\\\/www.instagram.com\\\/radioleinewelle\\\/?hl=de\"]},{\"@type\":\"Person\",\"@id\":\"https:\\\/\\\/radioleinewelle.de\\\/#\\\/schema\\\/person\\\/45606f348637df637192dc1b68399a63\",\"name\":\"Leinewelle\",\"image\":{\"@type\":\"ImageObject\",\"inLanguage\":\"de\",\"@id\":\"https:\\\/\\\/secure.gravatar.com\\\/avatar\\\/05c9a17bc973052ee5d91549bd32fb4dd0dc85b7b85ae94b2e2b4943476bbea5?s=96&d=blank&r=g\",\"url\":\"https:\\\/\\\/secure.gravatar.com\\\/avatar\\\/05c9a17bc973052ee5d91549bd32fb4dd0dc85b7b85ae94b2e2b4943476bbea5?s=96&d=blank&r=g\",\"contentUrl\":\"https:\\\/\\\/secure.gravatar.com\\\/avatar\\\/05c9a17bc973052ee5d91549bd32fb4dd0dc85b7b85ae94b2e2b4943476bbea5?s=96&d=blank&r=g\",\"caption\":\"Leinewelle\"},\"sameAs\":[\"http:\\\/\\\/localhost\\\/radio%20leinewelle\\\/wordpress\",\"https:\\\/\\\/www.facebook.com\\\/radioleinewelle\",\"https:\\\/\\\/www.instagram.com\\\/radioleinewelle\",\"https:\\\/\\\/x.com\\\/https:\\\/\\\/twitter.com\\\/RLeinewelle?ref_src=twsrcgoogletwcampserptwgrauthor\",\"https:\\\/\\\/soundcloud.com\\\/foerderverein-lokalradio?utm_source=clipboard&utm_medium=text&utm_campaign=social_sharing\"],\"url\":\"https:\\\/\\\/radioleinewelle.de\\\/index.php\\\/author\\\/leinewelle\\\/\"}]}<\/script>\n<!-- \/ Yoast SEO plugin. -->","yoast_head_json":{"title":"\"Schieben Sie Einbrechern den Riegel vor!\" - Polizei Osterode informiert vier Tage zum Thema \"Schutz vor Wohnungseinbruchsdiebstahl\" - Radio Leinewelle","robots":{"index":"index","follow":"follow","max-snippet":"max-snippet:-1","max-image-preview":"max-image-preview:large","max-video-preview":"max-video-preview:-1"},"canonical":"https:\/\/radioleinewelle.de\/index.php\/2021\/07\/19\/schieben-sie-einbrechern-den-riegel-vor-polizei-osterode-informiert-vier-tage-zum-thema-schutz-vor-wohnungseinbruchsdiebstahl\/","og_locale":"de_DE","og_type":"article","og_title":"\"Schieben Sie Einbrechern den Riegel vor!\" - Polizei Osterode informiert vier Tage zum Thema \"Schutz vor Wohnungseinbruchsdiebstahl\" - Radio Leinewelle","og_description":"OSTERODE (vh\/jk) &#8211; Ein Einbruch in Haus oder Wohnung ist f\u00fcr Betroffene immer ein unerwarteter Schock. Die Verletzung der Privatsph\u00e4re, das verloren gegangene Sicherheitsgef\u00fchl oder andere schwerwiegende psychische Folgen, die nach einem Einbruch auftreten k\u00f6nnen machen Ihnen dabei oft mehr zu schaffen, als der reine materielle Schaden.&nbsp; Die T\u00e4ter kommen oft tags\u00fcber, wenn \u00fcberwiegend niemand [&hellip;]","og_url":"https:\/\/radioleinewelle.de\/index.php\/2021\/07\/19\/schieben-sie-einbrechern-den-riegel-vor-polizei-osterode-informiert-vier-tage-zum-thema-schutz-vor-wohnungseinbruchsdiebstahl\/","og_site_name":"Radio Leinewelle","article_publisher":"https:\/\/www.facebook.com\/radioleinewelle","article_author":"https:\/\/www.facebook.com\/radioleinewelle","article_published_time":"2021-07-19T02:28:00+00:00","og_image":[{"width":640,"height":382,"url":"https:\/\/radioleinewelle.de\/wp-content\/uploads\/2020\/09\/police-1530531_640.jpg","type":"image\/jpeg"}],"author":"Leinewelle","twitter_card":"summary_large_image","twitter_creator":"@https:\/\/twitter.com\/RLeinewelle?ref_src=twsrcgoogletwcampserptwgrauthor","twitter_site":"@RLeinewelle","twitter_misc":{"Verfasst von":"Leinewelle","Gesch\u00e4tzte Lesezeit":"2\u00a0Minuten"},"schema":{"@context":"https:\/\/schema.org","@graph":[{"@type":"Article","@id":"https:\/\/radioleinewelle.de\/index.php\/2021\/07\/19\/schieben-sie-einbrechern-den-riegel-vor-polizei-osterode-informiert-vier-tage-zum-thema-schutz-vor-wohnungseinbruchsdiebstahl\/#article","isPartOf":{"@id":"https:\/\/radioleinewelle.de\/index.php\/2021\/07\/19\/schieben-sie-einbrechern-den-riegel-vor-polizei-osterode-informiert-vier-tage-zum-thema-schutz-vor-wohnungseinbruchsdiebstahl\/"},"author":{"name":"Leinewelle","@id":"https:\/\/radioleinewelle.de\/#\/schema\/person\/45606f348637df637192dc1b68399a63"},"headline":"&#8222;Schieben Sie Einbrechern den Riegel vor!&#8220; &#8211; Polizei Osterode informiert vier Tage zum Thema &#8222;Schutz vor Wohnungseinbruchsdiebstahl&#8220;","datePublished":"2021-07-19T02:28:00+00:00","mainEntityOfPage":{"@id":"https:\/\/radioleinewelle.de\/index.php\/2021\/07\/19\/schieben-sie-einbrechern-den-riegel-vor-polizei-osterode-informiert-vier-tage-zum-thema-schutz-vor-wohnungseinbruchsdiebstahl\/"},"wordCount":300,"publisher":{"@id":"https:\/\/radioleinewelle.de\/#organization"},"image":{"@id":"https:\/\/radioleinewelle.de\/index.php\/2021\/07\/19\/schieben-sie-einbrechern-den-riegel-vor-polizei-osterode-informiert-vier-tage-zum-thema-schutz-vor-wohnungseinbruchsdiebstahl\/#primaryimage"},"thumbnailUrl":"https:\/\/radioleinewelle.de\/wp-content\/uploads\/2020\/09\/police-1530531_640.jpg","keywords":["Einbruchspr\u00e4vention Osterode","Polizeiinspektion G\u00f6ttingen","Schutz vor Wohnungseinbruchsdiebstahl"],"articleSection":["Aktuelle Nachrichten"],"inLanguage":"de"},{"@type":"WebPage","@id":"https:\/\/radioleinewelle.de\/index.php\/2021\/07\/19\/schieben-sie-einbrechern-den-riegel-vor-polizei-osterode-informiert-vier-tage-zum-thema-schutz-vor-wohnungseinbruchsdiebstahl\/","url":"https:\/\/radioleinewelle.de\/index.php\/2021\/07\/19\/schieben-sie-einbrechern-den-riegel-vor-polizei-osterode-informiert-vier-tage-zum-thema-schutz-vor-wohnungseinbruchsdiebstahl\/","name":"\"Schieben Sie Einbrechern den Riegel vor!\" - Polizei Osterode informiert vier Tage zum Thema \"Schutz vor Wohnungseinbruchsdiebstahl\" - Radio Leinewelle","isPartOf":{"@id":"https:\/\/radioleinewelle.de\/#website"},"primaryImageOfPage":{"@id":"https:\/\/radioleinewelle.de\/index.php\/2021\/07\/19\/schieben-sie-einbrechern-den-riegel-vor-polizei-osterode-informiert-vier-tage-zum-thema-schutz-vor-wohnungseinbruchsdiebstahl\/#primaryimage"},"image":{"@id":"https:\/\/radioleinewelle.de\/index.php\/2021\/07\/19\/schieben-sie-einbrechern-den-riegel-vor-polizei-osterode-informiert-vier-tage-zum-thema-schutz-vor-wohnungseinbruchsdiebstahl\/#primaryimage"},"thumbnailUrl":"https:\/\/radioleinewelle.de\/wp-content\/uploads\/2020\/09\/police-1530531_640.jpg","datePublished":"2021-07-19T02:28:00+00:00","breadcrumb":{"@id":"https:\/\/radioleinewelle.de\/index.php\/2021\/07\/19\/schieben-sie-einbrechern-den-riegel-vor-polizei-osterode-informiert-vier-tage-zum-thema-schutz-vor-wohnungseinbruchsdiebstahl\/#breadcrumb"},"inLanguage":"de","potentialAction":[{"@type":"ReadAction","target":["https:\/\/radioleinewelle.de\/index.php\/2021\/07\/19\/schieben-sie-einbrechern-den-riegel-vor-polizei-osterode-informiert-vier-tage-zum-thema-schutz-vor-wohnungseinbruchsdiebstahl\/"]}]},{"@type":"ImageObject","inLanguage":"de","@id":"https:\/\/radioleinewelle.de\/index.php\/2021\/07\/19\/schieben-sie-einbrechern-den-riegel-vor-polizei-osterode-informiert-vier-tage-zum-thema-schutz-vor-wohnungseinbruchsdiebstahl\/#primaryimage","url":"https:\/\/radioleinewelle.de\/wp-content\/uploads\/2020\/09\/police-1530531_640.jpg","contentUrl":"https:\/\/radioleinewelle.de\/wp-content\/uploads\/2020\/09\/police-1530531_640.jpg","width":640,"height":382},{"@type":"BreadcrumbList","@id":"https:\/\/radioleinewelle.de\/index.php\/2021\/07\/19\/schieben-sie-einbrechern-den-riegel-vor-polizei-osterode-informiert-vier-tage-zum-thema-schutz-vor-wohnungseinbruchsdiebstahl\/#breadcrumb","itemListElement":[{"@type":"ListItem","position":1,"name":"Startseite","item":"https:\/\/radioleinewelle.de\/"},{"@type":"ListItem","position":2,"name":"&#8222;Schieben Sie Einbrechern den Riegel vor!&#8220; &#8211; Polizei Osterode informiert vier Tage zum Thema &#8222;Schutz vor Wohnungseinbruchsdiebstahl&#8220;"}]},{"@type":"WebSite","@id":"https:\/\/radioleinewelle.de\/#website","url":"https:\/\/radioleinewelle.de\/","name":"Radio Leinewelle","description":"","publisher":{"@id":"https:\/\/radioleinewelle.de\/#organization"},"potentialAction":[{"@type":"SearchAction","target":{"@type":"EntryPoint","urlTemplate":"https:\/\/radioleinewelle.de\/?s={search_term_string}"},"query-input":{"@type":"PropertyValueSpecification","valueRequired":true,"valueName":"search_term_string"}}],"inLanguage":"de"},{"@type":"Organization","@id":"https:\/\/radioleinewelle.de\/#organization","name":"Radio Leinewelle","alternateName":"Mein Radio f\u00fcr S\u00fcdniedersachsen","url":"https:\/\/radioleinewelle.de\/","logo":{"@type":"ImageObject","inLanguage":"de","@id":"https:\/\/radioleinewelle.de\/#\/schema\/logo\/image\/","url":"https:\/\/radioleinewelle.de\/wp-content\/uploads\/2023\/11\/cropped-Leinewelle_Logo_weiss.png","contentUrl":"https:\/\/radioleinewelle.de\/wp-content\/uploads\/2023\/11\/cropped-Leinewelle_Logo_weiss.png","width":854,"height":260,"caption":"Radio Leinewelle"},"image":{"@id":"https:\/\/radioleinewelle.de\/#\/schema\/logo\/image\/"},"sameAs":["https:\/\/www.facebook.com\/radioleinewelle","https:\/\/x.com\/RLeinewelle","https:\/\/www.instagram.com\/radioleinewelle\/?hl=de"]},{"@type":"Person","@id":"https:\/\/radioleinewelle.de\/#\/schema\/person\/45606f348637df637192dc1b68399a63","name":"Leinewelle","image":{"@type":"ImageObject","inLanguage":"de","@id":"https:\/\/secure.gravatar.com\/avatar\/05c9a17bc973052ee5d91549bd32fb4dd0dc85b7b85ae94b2e2b4943476bbea5?s=96&d=blank&r=g","url":"https:\/\/secure.gravatar.com\/avatar\/05c9a17bc973052ee5d91549bd32fb4dd0dc85b7b85ae94b2e2b4943476bbea5?s=96&d=blank&r=g","contentUrl":"https:\/\/secure.gravatar.com\/avatar\/05c9a17bc973052ee5d91549bd32fb4dd0dc85b7b85ae94b2e2b4943476bbea5?s=96&d=blank&r=g","caption":"Leinewelle"},"sameAs":["http:\/\/localhost\/radio%20leinewelle\/wordpress","https:\/\/www.facebook.com\/radioleinewelle","https:\/\/www.instagram.com\/radioleinewelle","https:\/\/x.com\/https:\/\/twitter.com\/RLeinewelle?ref_src=twsrcgoogletwcampserptwgrauthor","https:\/\/soundcloud.com\/foerderverein-lokalradio?utm_source=clipboard&utm_medium=text&utm_campaign=social_sharing"],"url":"https:\/\/radioleinewelle.de\/index.php\/author\/leinewelle\/"}]}},"_links":{"self":[{"href":"https:\/\/radioleinewelle.de\/index.php\/wp-json\/wp\/v2\/posts\/9425","targetHints":{"allow":["GET"]}}],"collection":[{"href":"https:\/\/radioleinewelle.de\/index.php\/wp-json\/wp\/v2\/posts"}],"about":[{"href":"https:\/\/radioleinewelle.de\/index.php\/wp-json\/wp\/v2\/types\/post"}],"author":[{"embeddable":true,"href":"https:\/\/radioleinewelle.de\/index.php\/wp-json\/wp\/v2\/users\/1"}],"replies":[{"embeddable":true,"href":"https:\/\/radioleinewelle.de\/index.php\/wp-json\/wp\/v2\/comments?post=9425"}],"version-history":[{"count":0,"href":"https:\/\/radioleinewelle.de\/index.php\/wp-json\/wp\/v2\/posts\/9425\/revisions"}],"wp:featuredmedia":[{"embeddable":true,"href":"https:\/\/radioleinewelle.de\/index.php\/wp-json\/wp\/v2\/media\/1766"}],"wp:attachment":[{"href":"https:\/\/radioleinewelle.de\/index.php\/wp-json\/wp\/v2\/media?parent=9425"}],"wp:term":[{"taxonomy":"category","embeddable":true,"href":"https:\/\/radioleinewelle.de\/index.php\/wp-json\/wp\/v2\/categories?post=9425"},{"taxonomy":"post_tag","embeddable":true,"href":"https:\/\/radioleinewelle.de\/index.php\/wp-json\/wp\/v2\/tags?post=9425"}],"curies":[{"name":"wp","href":"https:\/\/api.w.org\/{rel}","templated":true}]}}