{"id":9440,"date":"2021-07-20T06:20:00","date_gmt":"2021-07-20T04:20:00","guid":{"rendered":"https:\/\/radioleinewelle.de\/?p=9440"},"modified":"2021-07-20T06:20:00","modified_gmt":"2021-07-20T04:20:00","slug":"heute-im-fruehstuecksradio-die-festivalsaison-ist-wieder-eroeffnet","status":"publish","type":"post","link":"https:\/\/radioleinewelle.de\/index.php\/2021\/07\/20\/heute-im-fruehstuecksradio-die-festivalsaison-ist-wieder-eroeffnet\/","title":{"rendered":"Heute im Fr\u00fchst\u00fccksradio &#8211; Berichte vom Festival &#8222;Rock am St\u00fcck&#8220; in Fritzlar"},"content":{"rendered":"\n<p>Das erste Festival in unserer Region ist \u00fcber die B\u00fchne gegangen. Rock am St\u00fcck in abgespeckter Coronaversion (Corasna) zeigte in Fritzlar wie es geht. U.a. mit den Rocklegenden Fury in the Slaughterhouse und Terry Hoax., sowie den Paddyhats. Unser Kollege Torsten Bussmann war vor Ort. Interviews und Eindr\u00fccke vom Festival gibt es im Fr\u00fchst\u00fccksradio. <\/p>\n\n\n\n<p><a href=\"https:\/\/www.facebook.com\/RockAmStueck\">Rock am St\u00fcck bei Facebook<\/a><br \/><a href=\"https:\/\/www.facebook.com\/terryhoax\">Terry Hoax bei Facebook<\/a><\/p>\n\n\n\n<p>Foto: Paddyhats \u00a9Radio Leinewelle (jb)<\/p>\n","protected":false},"excerpt":{"rendered":"<p>Das erste Festival in unserer Region ist \u00fcber die B\u00fchne gegangen. Rock am St\u00fcck in abgespeckter Coronaversion (Corasna) zeigte in Fritzlar wie es geht. U.a. mit den Rocklegenden Fury in the Slaughterhouse und Terry Hoax., sowie den Paddyhats. Unser Kollege Torsten Bussmann war vor Ort. Interviews und Eindr\u00fccke vom Festival gibt es im Fr\u00fchst\u00fccksradio. Rock [&hellip;]<\/p>\n","protected":false},"author":1,"featured_media":9477,"comment_status":"closed","ping_status":"closed","sticky":false,"template":"","format":"standard","meta":{"saved_in_kubio":false,"footnotes":""},"categories":[1],"tags":[1802],"class_list":["post-9440","post","type-post","status-publish","format-standard","has-post-thumbnail","hentry","category-allgemein","tag-festival-rock-am-stueck"],"yoast_head":"<!-- This site is optimized with the Yoast SEO plugin v27.5 - https:\/\/yoast.com\/product\/yoast-seo-wordpress\/ -->\n<title>Heute im Fr\u00fchst\u00fccksradio - Berichte vom Festival &quot;Rock am St\u00fcck&quot; in Fritzlar - Radio Leinewelle<\/title>\n<meta name=\"robots\" content=\"index, follow, max-snippet:-1, max-image-preview:large, max-video-preview:-1\" \/>\n<link rel=\"canonical\" href=\"https:\/\/radioleinewelle.de\/index.php\/2021\/07\/20\/heute-im-fruehstuecksradio-die-festivalsaison-ist-wieder-eroeffnet\/\" \/>\n<meta property=\"og:locale\" content=\"de_DE\" \/>\n<meta property=\"og:type\" content=\"article\" \/>\n<meta property=\"og:title\" content=\"Heute im Fr\u00fchst\u00fccksradio - Berichte vom Festival &quot;Rock am St\u00fcck&quot; in Fritzlar - Radio Leinewelle\" \/>\n<meta property=\"og:description\" content=\"Das erste Festival in unserer Region ist \u00fcber die B\u00fchne gegangen. Rock am St\u00fcck in abgespeckter Coronaversion (Corasna) zeigte in Fritzlar wie es geht. U.a. mit den Rocklegenden Fury in the Slaughterhouse und Terry Hoax., sowie den Paddyhats. Unser Kollege Torsten Bussmann war vor Ort. Interviews und Eindr\u00fccke vom Festival gibt es im Fr\u00fchst\u00fccksradio. Rock [&hellip;]\" \/>\n<meta property=\"og:url\" content=\"https:\/\/radioleinewelle.de\/index.php\/2021\/07\/20\/heute-im-fruehstuecksradio-die-festivalsaison-ist-wieder-eroeffnet\/\" \/>\n<meta property=\"og:site_name\" content=\"Radio Leinewelle\" \/>\n<meta property=\"article:publisher\" content=\"https:\/\/www.facebook.com\/radioleinewelle\" \/>\n<meta property=\"article:author\" content=\"https:\/\/www.facebook.com\/radioleinewelle\" \/>\n<meta property=\"article:published_time\" content=\"2021-07-20T04:20:00+00:00\" \/>\n<meta property=\"og:image\" content=\"https:\/\/radioleinewelle.de\/wp-content\/uploads\/2021\/07\/Paddyhats.jpg\" \/>\n\t<meta property=\"og:image:width\" content=\"960\" \/>\n\t<meta property=\"og:image:height\" content=\"720\" \/>\n\t<meta property=\"og:image:type\" content=\"image\/jpeg\" \/>\n<meta name=\"author\" content=\"Leinewelle\" \/>\n<meta name=\"twitter:card\" content=\"summary_large_image\" \/>\n<meta name=\"twitter:creator\" content=\"@https:\/\/twitter.com\/RLeinewelle?ref_src=twsrcgoogletwcampserptwgrauthor\" \/>\n<meta name=\"twitter:site\" content=\"@RLeinewelle\" \/>\n<meta name=\"twitter:label1\" content=\"Verfasst von\" \/>\n\t<meta name=\"twitter:data1\" content=\"Leinewelle\" \/>\n\t<meta name=\"twitter:label2\" content=\"Gesch\u00e4tzte Lesezeit\" \/>\n\t<meta name=\"twitter:data2\" content=\"1\u00a0Minute\" \/>\n<script type=\"application\/ld+json\" class=\"yoast-schema-graph\">{\"@context\":\"https:\\\/\\\/schema.org\",\"@graph\":[{\"@type\":\"Article\",\"@id\":\"https:\\\/\\\/radioleinewelle.de\\\/index.php\\\/2021\\\/07\\\/20\\\/heute-im-fruehstuecksradio-die-festivalsaison-ist-wieder-eroeffnet\\\/#article\",\"isPartOf\":{\"@id\":\"https:\\\/\\\/radioleinewelle.de\\\/index.php\\\/2021\\\/07\\\/20\\\/heute-im-fruehstuecksradio-die-festivalsaison-ist-wieder-eroeffnet\\\/\"},\"author\":{\"name\":\"Leinewelle\",\"@id\":\"https:\\\/\\\/radioleinewelle.de\\\/#\\\/schema\\\/person\\\/45606f348637df637192dc1b68399a63\"},\"headline\":\"Heute im Fr\u00fchst\u00fccksradio &#8211; Berichte vom Festival &#8222;Rock am St\u00fcck&#8220; in Fritzlar\",\"datePublished\":\"2021-07-20T04:20:00+00:00\",\"mainEntityOfPage\":{\"@id\":\"https:\\\/\\\/radioleinewelle.de\\\/index.php\\\/2021\\\/07\\\/20\\\/heute-im-fruehstuecksradio-die-festivalsaison-ist-wieder-eroeffnet\\\/\"},\"wordCount\":90,\"publisher\":{\"@id\":\"https:\\\/\\\/radioleinewelle.de\\\/#organization\"},\"image\":{\"@id\":\"https:\\\/\\\/radioleinewelle.de\\\/index.php\\\/2021\\\/07\\\/20\\\/heute-im-fruehstuecksradio-die-festivalsaison-ist-wieder-eroeffnet\\\/#primaryimage\"},\"thumbnailUrl\":\"https:\\\/\\\/radioleinewelle.de\\\/wp-content\\\/uploads\\\/2021\\\/07\\\/Paddyhats.jpg\",\"keywords\":[\"Festival Rock am St\u00fcck\"],\"inLanguage\":\"de\"},{\"@type\":\"WebPage\",\"@id\":\"https:\\\/\\\/radioleinewelle.de\\\/index.php\\\/2021\\\/07\\\/20\\\/heute-im-fruehstuecksradio-die-festivalsaison-ist-wieder-eroeffnet\\\/\",\"url\":\"https:\\\/\\\/radioleinewelle.de\\\/index.php\\\/2021\\\/07\\\/20\\\/heute-im-fruehstuecksradio-die-festivalsaison-ist-wieder-eroeffnet\\\/\",\"name\":\"Heute im Fr\u00fchst\u00fccksradio - Berichte vom Festival \\\"Rock am St\u00fcck\\\" in Fritzlar - Radio Leinewelle\",\"isPartOf\":{\"@id\":\"https:\\\/\\\/radioleinewelle.de\\\/#website\"},\"primaryImageOfPage\":{\"@id\":\"https:\\\/\\\/radioleinewelle.de\\\/index.php\\\/2021\\\/07\\\/20\\\/heute-im-fruehstuecksradio-die-festivalsaison-ist-wieder-eroeffnet\\\/#primaryimage\"},\"image\":{\"@id\":\"https:\\\/\\\/radioleinewelle.de\\\/index.php\\\/2021\\\/07\\\/20\\\/heute-im-fruehstuecksradio-die-festivalsaison-ist-wieder-eroeffnet\\\/#primaryimage\"},\"thumbnailUrl\":\"https:\\\/\\\/radioleinewelle.de\\\/wp-content\\\/uploads\\\/2021\\\/07\\\/Paddyhats.jpg\",\"datePublished\":\"2021-07-20T04:20:00+00:00\",\"breadcrumb\":{\"@id\":\"https:\\\/\\\/radioleinewelle.de\\\/index.php\\\/2021\\\/07\\\/20\\\/heute-im-fruehstuecksradio-die-festivalsaison-ist-wieder-eroeffnet\\\/#breadcrumb\"},\"inLanguage\":\"de\",\"potentialAction\":[{\"@type\":\"ReadAction\",\"target\":[\"https:\\\/\\\/radioleinewelle.de\\\/index.php\\\/2021\\\/07\\\/20\\\/heute-im-fruehstuecksradio-die-festivalsaison-ist-wieder-eroeffnet\\\/\"]}]},{\"@type\":\"ImageObject\",\"inLanguage\":\"de\",\"@id\":\"https:\\\/\\\/radioleinewelle.de\\\/index.php\\\/2021\\\/07\\\/20\\\/heute-im-fruehstuecksradio-die-festivalsaison-ist-wieder-eroeffnet\\\/#primaryimage\",\"url\":\"https:\\\/\\\/radioleinewelle.de\\\/wp-content\\\/uploads\\\/2021\\\/07\\\/Paddyhats.jpg\",\"contentUrl\":\"https:\\\/\\\/radioleinewelle.de\\\/wp-content\\\/uploads\\\/2021\\\/07\\\/Paddyhats.jpg\",\"width\":960,\"height\":720},{\"@type\":\"BreadcrumbList\",\"@id\":\"https:\\\/\\\/radioleinewelle.de\\\/index.php\\\/2021\\\/07\\\/20\\\/heute-im-fruehstuecksradio-die-festivalsaison-ist-wieder-eroeffnet\\\/#breadcrumb\",\"itemListElement\":[{\"@type\":\"ListItem\",\"position\":1,\"name\":\"Startseite\",\"item\":\"https:\\\/\\\/radioleinewelle.de\\\/\"},{\"@type\":\"ListItem\",\"position\":2,\"name\":\"Heute im Fr\u00fchst\u00fccksradio &#8211; Berichte vom Festival &#8222;Rock am St\u00fcck&#8220; in Fritzlar\"}]},{\"@type\":\"WebSite\",\"@id\":\"https:\\\/\\\/radioleinewelle.de\\\/#website\",\"url\":\"https:\\\/\\\/radioleinewelle.de\\\/\",\"name\":\"Radio Leinewelle\",\"description\":\"\",\"publisher\":{\"@id\":\"https:\\\/\\\/radioleinewelle.de\\\/#organization\"},\"potentialAction\":[{\"@type\":\"SearchAction\",\"target\":{\"@type\":\"EntryPoint\",\"urlTemplate\":\"https:\\\/\\\/radioleinewelle.de\\\/?s={search_term_string}\"},\"query-input\":{\"@type\":\"PropertyValueSpecification\",\"valueRequired\":true,\"valueName\":\"search_term_string\"}}],\"inLanguage\":\"de\"},{\"@type\":\"Organization\",\"@id\":\"https:\\\/\\\/radioleinewelle.de\\\/#organization\",\"name\":\"Radio Leinewelle\",\"alternateName\":\"Mein Radio f\u00fcr S\u00fcdniedersachsen\",\"url\":\"https:\\\/\\\/radioleinewelle.de\\\/\",\"logo\":{\"@type\":\"ImageObject\",\"inLanguage\":\"de\",\"@id\":\"https:\\\/\\\/radioleinewelle.de\\\/#\\\/schema\\\/logo\\\/image\\\/\",\"url\":\"https:\\\/\\\/radioleinewelle.de\\\/wp-content\\\/uploads\\\/2023\\\/11\\\/cropped-Leinewelle_Logo_weiss.png\",\"contentUrl\":\"https:\\\/\\\/radioleinewelle.de\\\/wp-content\\\/uploads\\\/2023\\\/11\\\/cropped-Leinewelle_Logo_weiss.png\",\"width\":854,\"height\":260,\"caption\":\"Radio Leinewelle\"},\"image\":{\"@id\":\"https:\\\/\\\/radioleinewelle.de\\\/#\\\/schema\\\/logo\\\/image\\\/\"},\"sameAs\":[\"https:\\\/\\\/www.facebook.com\\\/radioleinewelle\",\"https:\\\/\\\/x.com\\\/RLeinewelle\",\"https:\\\/\\\/www.instagram.com\\\/radioleinewelle\\\/?hl=de\"]},{\"@type\":\"Person\",\"@id\":\"https:\\\/\\\/radioleinewelle.de\\\/#\\\/schema\\\/person\\\/45606f348637df637192dc1b68399a63\",\"name\":\"Leinewelle\",\"image\":{\"@type\":\"ImageObject\",\"inLanguage\":\"de\",\"@id\":\"https:\\\/\\\/secure.gravatar.com\\\/avatar\\\/05c9a17bc973052ee5d91549bd32fb4dd0dc85b7b85ae94b2e2b4943476bbea5?s=96&d=blank&r=g\",\"url\":\"https:\\\/\\\/secure.gravatar.com\\\/avatar\\\/05c9a17bc973052ee5d91549bd32fb4dd0dc85b7b85ae94b2e2b4943476bbea5?s=96&d=blank&r=g\",\"contentUrl\":\"https:\\\/\\\/secure.gravatar.com\\\/avatar\\\/05c9a17bc973052ee5d91549bd32fb4dd0dc85b7b85ae94b2e2b4943476bbea5?s=96&d=blank&r=g\",\"caption\":\"Leinewelle\"},\"sameAs\":[\"http:\\\/\\\/localhost\\\/radio%20leinewelle\\\/wordpress\",\"https:\\\/\\\/www.facebook.com\\\/radioleinewelle\",\"https:\\\/\\\/www.instagram.com\\\/radioleinewelle\",\"https:\\\/\\\/x.com\\\/https:\\\/\\\/twitter.com\\\/RLeinewelle?ref_src=twsrcgoogletwcampserptwgrauthor\",\"https:\\\/\\\/soundcloud.com\\\/foerderverein-lokalradio?utm_source=clipboard&utm_medium=text&utm_campaign=social_sharing\"],\"url\":\"https:\\\/\\\/radioleinewelle.de\\\/index.php\\\/author\\\/leinewelle\\\/\"}]}<\/script>\n<!-- \/ Yoast SEO plugin. -->","yoast_head_json":{"title":"Heute im Fr\u00fchst\u00fccksradio - Berichte vom Festival \"Rock am St\u00fcck\" in Fritzlar - Radio Leinewelle","robots":{"index":"index","follow":"follow","max-snippet":"max-snippet:-1","max-image-preview":"max-image-preview:large","max-video-preview":"max-video-preview:-1"},"canonical":"https:\/\/radioleinewelle.de\/index.php\/2021\/07\/20\/heute-im-fruehstuecksradio-die-festivalsaison-ist-wieder-eroeffnet\/","og_locale":"de_DE","og_type":"article","og_title":"Heute im Fr\u00fchst\u00fccksradio - Berichte vom Festival \"Rock am St\u00fcck\" in Fritzlar - Radio Leinewelle","og_description":"Das erste Festival in unserer Region ist \u00fcber die B\u00fchne gegangen. Rock am St\u00fcck in abgespeckter Coronaversion (Corasna) zeigte in Fritzlar wie es geht. U.a. mit den Rocklegenden Fury in the Slaughterhouse und Terry Hoax., sowie den Paddyhats. Unser Kollege Torsten Bussmann war vor Ort. Interviews und Eindr\u00fccke vom Festival gibt es im Fr\u00fchst\u00fccksradio. Rock [&hellip;]","og_url":"https:\/\/radioleinewelle.de\/index.php\/2021\/07\/20\/heute-im-fruehstuecksradio-die-festivalsaison-ist-wieder-eroeffnet\/","og_site_name":"Radio Leinewelle","article_publisher":"https:\/\/www.facebook.com\/radioleinewelle","article_author":"https:\/\/www.facebook.com\/radioleinewelle","article_published_time":"2021-07-20T04:20:00+00:00","og_image":[{"width":960,"height":720,"url":"https:\/\/radioleinewelle.de\/wp-content\/uploads\/2021\/07\/Paddyhats.jpg","type":"image\/jpeg"}],"author":"Leinewelle","twitter_card":"summary_large_image","twitter_creator":"@https:\/\/twitter.com\/RLeinewelle?ref_src=twsrcgoogletwcampserptwgrauthor","twitter_site":"@RLeinewelle","twitter_misc":{"Verfasst von":"Leinewelle","Gesch\u00e4tzte Lesezeit":"1\u00a0Minute"},"schema":{"@context":"https:\/\/schema.org","@graph":[{"@type":"Article","@id":"https:\/\/radioleinewelle.de\/index.php\/2021\/07\/20\/heute-im-fruehstuecksradio-die-festivalsaison-ist-wieder-eroeffnet\/#article","isPartOf":{"@id":"https:\/\/radioleinewelle.de\/index.php\/2021\/07\/20\/heute-im-fruehstuecksradio-die-festivalsaison-ist-wieder-eroeffnet\/"},"author":{"name":"Leinewelle","@id":"https:\/\/radioleinewelle.de\/#\/schema\/person\/45606f348637df637192dc1b68399a63"},"headline":"Heute im Fr\u00fchst\u00fccksradio &#8211; Berichte vom Festival &#8222;Rock am St\u00fcck&#8220; in Fritzlar","datePublished":"2021-07-20T04:20:00+00:00","mainEntityOfPage":{"@id":"https:\/\/radioleinewelle.de\/index.php\/2021\/07\/20\/heute-im-fruehstuecksradio-die-festivalsaison-ist-wieder-eroeffnet\/"},"wordCount":90,"publisher":{"@id":"https:\/\/radioleinewelle.de\/#organization"},"image":{"@id":"https:\/\/radioleinewelle.de\/index.php\/2021\/07\/20\/heute-im-fruehstuecksradio-die-festivalsaison-ist-wieder-eroeffnet\/#primaryimage"},"thumbnailUrl":"https:\/\/radioleinewelle.de\/wp-content\/uploads\/2021\/07\/Paddyhats.jpg","keywords":["Festival Rock am St\u00fcck"],"inLanguage":"de"},{"@type":"WebPage","@id":"https:\/\/radioleinewelle.de\/index.php\/2021\/07\/20\/heute-im-fruehstuecksradio-die-festivalsaison-ist-wieder-eroeffnet\/","url":"https:\/\/radioleinewelle.de\/index.php\/2021\/07\/20\/heute-im-fruehstuecksradio-die-festivalsaison-ist-wieder-eroeffnet\/","name":"Heute im Fr\u00fchst\u00fccksradio - Berichte vom Festival \"Rock am St\u00fcck\" in Fritzlar - Radio Leinewelle","isPartOf":{"@id":"https:\/\/radioleinewelle.de\/#website"},"primaryImageOfPage":{"@id":"https:\/\/radioleinewelle.de\/index.php\/2021\/07\/20\/heute-im-fruehstuecksradio-die-festivalsaison-ist-wieder-eroeffnet\/#primaryimage"},"image":{"@id":"https:\/\/radioleinewelle.de\/index.php\/2021\/07\/20\/heute-im-fruehstuecksradio-die-festivalsaison-ist-wieder-eroeffnet\/#primaryimage"},"thumbnailUrl":"https:\/\/radioleinewelle.de\/wp-content\/uploads\/2021\/07\/Paddyhats.jpg","datePublished":"2021-07-20T04:20:00+00:00","breadcrumb":{"@id":"https:\/\/radioleinewelle.de\/index.php\/2021\/07\/20\/heute-im-fruehstuecksradio-die-festivalsaison-ist-wieder-eroeffnet\/#breadcrumb"},"inLanguage":"de","potentialAction":[{"@type":"ReadAction","target":["https:\/\/radioleinewelle.de\/index.php\/2021\/07\/20\/heute-im-fruehstuecksradio-die-festivalsaison-ist-wieder-eroeffnet\/"]}]},{"@type":"ImageObject","inLanguage":"de","@id":"https:\/\/radioleinewelle.de\/index.php\/2021\/07\/20\/heute-im-fruehstuecksradio-die-festivalsaison-ist-wieder-eroeffnet\/#primaryimage","url":"https:\/\/radioleinewelle.de\/wp-content\/uploads\/2021\/07\/Paddyhats.jpg","contentUrl":"https:\/\/radioleinewelle.de\/wp-content\/uploads\/2021\/07\/Paddyhats.jpg","width":960,"height":720},{"@type":"BreadcrumbList","@id":"https:\/\/radioleinewelle.de\/index.php\/2021\/07\/20\/heute-im-fruehstuecksradio-die-festivalsaison-ist-wieder-eroeffnet\/#breadcrumb","itemListElement":[{"@type":"ListItem","position":1,"name":"Startseite","item":"https:\/\/radioleinewelle.de\/"},{"@type":"ListItem","position":2,"name":"Heute im Fr\u00fchst\u00fccksradio &#8211; Berichte vom Festival &#8222;Rock am St\u00fcck&#8220; in Fritzlar"}]},{"@type":"WebSite","@id":"https:\/\/radioleinewelle.de\/#website","url":"https:\/\/radioleinewelle.de\/","name":"Radio Leinewelle","description":"","publisher":{"@id":"https:\/\/radioleinewelle.de\/#organization"},"potentialAction":[{"@type":"SearchAction","target":{"@type":"EntryPoint","urlTemplate":"https:\/\/radioleinewelle.de\/?s={search_term_string}"},"query-input":{"@type":"PropertyValueSpecification","valueRequired":true,"valueName":"search_term_string"}}],"inLanguage":"de"},{"@type":"Organization","@id":"https:\/\/radioleinewelle.de\/#organization","name":"Radio Leinewelle","alternateName":"Mein Radio f\u00fcr S\u00fcdniedersachsen","url":"https:\/\/radioleinewelle.de\/","logo":{"@type":"ImageObject","inLanguage":"de","@id":"https:\/\/radioleinewelle.de\/#\/schema\/logo\/image\/","url":"https:\/\/radioleinewelle.de\/wp-content\/uploads\/2023\/11\/cropped-Leinewelle_Logo_weiss.png","contentUrl":"https:\/\/radioleinewelle.de\/wp-content\/uploads\/2023\/11\/cropped-Leinewelle_Logo_weiss.png","width":854,"height":260,"caption":"Radio Leinewelle"},"image":{"@id":"https:\/\/radioleinewelle.de\/#\/schema\/logo\/image\/"},"sameAs":["https:\/\/www.facebook.com\/radioleinewelle","https:\/\/x.com\/RLeinewelle","https:\/\/www.instagram.com\/radioleinewelle\/?hl=de"]},{"@type":"Person","@id":"https:\/\/radioleinewelle.de\/#\/schema\/person\/45606f348637df637192dc1b68399a63","name":"Leinewelle","image":{"@type":"ImageObject","inLanguage":"de","@id":"https:\/\/secure.gravatar.com\/avatar\/05c9a17bc973052ee5d91549bd32fb4dd0dc85b7b85ae94b2e2b4943476bbea5?s=96&d=blank&r=g","url":"https:\/\/secure.gravatar.com\/avatar\/05c9a17bc973052ee5d91549bd32fb4dd0dc85b7b85ae94b2e2b4943476bbea5?s=96&d=blank&r=g","contentUrl":"https:\/\/secure.gravatar.com\/avatar\/05c9a17bc973052ee5d91549bd32fb4dd0dc85b7b85ae94b2e2b4943476bbea5?s=96&d=blank&r=g","caption":"Leinewelle"},"sameAs":["http:\/\/localhost\/radio%20leinewelle\/wordpress","https:\/\/www.facebook.com\/radioleinewelle","https:\/\/www.instagram.com\/radioleinewelle","https:\/\/x.com\/https:\/\/twitter.com\/RLeinewelle?ref_src=twsrcgoogletwcampserptwgrauthor","https:\/\/soundcloud.com\/foerderverein-lokalradio?utm_source=clipboard&utm_medium=text&utm_campaign=social_sharing"],"url":"https:\/\/radioleinewelle.de\/index.php\/author\/leinewelle\/"}]}},"_links":{"self":[{"href":"https:\/\/radioleinewelle.de\/index.php\/wp-json\/wp\/v2\/posts\/9440","targetHints":{"allow":["GET"]}}],"collection":[{"href":"https:\/\/radioleinewelle.de\/index.php\/wp-json\/wp\/v2\/posts"}],"about":[{"href":"https:\/\/radioleinewelle.de\/index.php\/wp-json\/wp\/v2\/types\/post"}],"author":[{"embeddable":true,"href":"https:\/\/radioleinewelle.de\/index.php\/wp-json\/wp\/v2\/users\/1"}],"replies":[{"embeddable":true,"href":"https:\/\/radioleinewelle.de\/index.php\/wp-json\/wp\/v2\/comments?post=9440"}],"version-history":[{"count":0,"href":"https:\/\/radioleinewelle.de\/index.php\/wp-json\/wp\/v2\/posts\/9440\/revisions"}],"wp:featuredmedia":[{"embeddable":true,"href":"https:\/\/radioleinewelle.de\/index.php\/wp-json\/wp\/v2\/media\/9477"}],"wp:attachment":[{"href":"https:\/\/radioleinewelle.de\/index.php\/wp-json\/wp\/v2\/media?parent=9440"}],"wp:term":[{"taxonomy":"category","embeddable":true,"href":"https:\/\/radioleinewelle.de\/index.php\/wp-json\/wp\/v2\/categories?post=9440"},{"taxonomy":"post_tag","embeddable":true,"href":"https:\/\/radioleinewelle.de\/index.php\/wp-json\/wp\/v2\/tags?post=9440"}],"curies":[{"name":"wp","href":"https:\/\/api.w.org\/{rel}","templated":true}]}}