{"id":9450,"date":"2021-07-20T04:59:00","date_gmt":"2021-07-20T02:59:00","guid":{"rendered":"https:\/\/radioleinewelle.de\/?p=9450"},"modified":"2021-07-20T04:59:00","modified_gmt":"2021-07-20T02:59:00","slug":"kreisfeuerwehr-goettingen-im-einsatz-in-den-hochwassergebieten","status":"publish","type":"post","link":"https:\/\/radioleinewelle.de\/index.php\/2021\/07\/20\/kreisfeuerwehr-goettingen-im-einsatz-in-den-hochwassergebieten\/","title":{"rendered":"Kreisfeuerwehr G\u00f6ttingen im Einsatz in den Hochwassergebieten"},"content":{"rendered":"\n<p>Die Kreisfeuerwehr G\u00f6ttingen ist zur\u00fcck aus dem Einsatz in den Hochwassergebieten in Nordrhein-Westfalen. Seit Samstagmorgen hatten die Frauen und M\u00e4nner aus dem Landkreis dabei geholfen, in Leverkusen \u00fcberflutete Geb\u00e4ude leer zu pumpen, Geb\u00e4ude zu evakuieren und von der Energieversorgung angeschnittene H\u00e4user zu kontrollieren. Zus\u00e4tzlich wurde die Feuerwehr Leverkusen, die von Beginn der Katastrophe im Einsatz war, entlastet; die Kreisfeuerwehr G\u00f6ttingen hatte f\u00fcr 24 Stunden die Aufgaben der \u00f6rtlichen Feuerwehr \u00fcbernommen.<\/p>\n\n\n\n<p>Der Konvoi mit 37 Fahrzeugen traf in mehreren Marschgruppen am heutigen Montagnachmittag wieder an der Feuerwehrtechnischen Zentrale in Katzenstein ein. Er wurde dort von Kreisr\u00e4tin Marlies Dornieden, Dezernentin f\u00fcr Bev\u00f6lkerungsschutz beim Landkreis G\u00f6ttingen, und Verantwortlichen der Kreisverwaltung in Empfang genommen.<\/p>\n\n\n\n<p>\u201eEs war ein anstrengender, mit Blick auf das Ziel aber ein gelungener Einsatz\u201c, berichtete Kreisbrandmeister Volker Keilholz. 521 Einsatzstellen seien abgearbeitet und an die \u00f6rtlichen Beh\u00f6rden \u00fcbergeben worden. \u201eDas Ausma\u00df der Zerst\u00f6rung im Hochwassergebiet ist erschreckend und das belastet uns auch. Aber wir hatten eine Aufgabe zu erf\u00fcllen und mussten das ausblenden.\u201c<\/p>\n\n\n\n<p>Die Menschen vor Ort seien den Einsatzkr\u00e4ften mit gro\u00dfer Dankbarkeit begegnet und h\u00e4tten sie mit Essen und Getr\u00e4nken versorgt; deshalb sei die Stimmung trotz der Belastung konzentriert und gut gewesen, zog er Bilanz. Der Oberb\u00fcrgermeister der Stadt Leverkusen und der Leiter der st\u00e4dtischen Berufsfeuerwehr habe den G\u00f6ttinger Einsatzkr\u00e4ften ausdr\u00fccklich f\u00fcr die professionelle Unterst\u00fctzung gedankt, \u00fcberbrachte er deren Gr\u00fc\u00dfe.<\/p>\n\n\n\n<p>\u201eUnsere Kameradinnen und Kameraden sind wohlbehalten zur\u00fcck. Das ist zun\u00e4chst das Wichtigste\u201c, sagte Kreisr\u00e4tin Marlies Dornieden. \u201eAnhand der Lagemeldungen und Gespr\u00e4che konnte ich kontinuierlich verfolgen, dass der Einsatz konsequent gef\u00fchrt und die Aufgaben professionell abgearbeitet wurden. Ausbildungsstand, k\u00f6rperliche Verfassung und Ausstattung der eingesetzten Kr\u00e4fte sind gut. Das sage ich mit gro\u00dfem Respekt gegen\u00fcber allen eingesetzten Kr\u00e4ften und auch ein wenig Stolz\u201c, so Dornieden.<\/p>\n\n\n\n<p>Im Hochwassergebiet im Einsatz war die Kreisfeuerwehrbereitschaft III unter F\u00fchrung von Kreisbrandmeister Volker Keilholz, Abschnittsleiter Christian Wille und Bereitschaftsf\u00fchrer Thomas Domeyer. Sie wurde erg\u00e4nzt durch spezialisierte Kr\u00e4fte, Fahrzeuge und Ausstattung weiterer Feuerwehren und der Feuerwehrtechnischen Zentrale. Spezialpumpen und Schl\u00e4uche, aber auch Versorgungs- und Kommunikationskomponenten sowie Rettungskr\u00e4fte der Johanniter Unfallhilfe geh\u00f6ren zur erweiterten Kreisfeuerwehrbereitschaft des Landkreises. Drei Einsatzkr\u00e4fte wurden leicht verletzt, konnten aber durch eigene Sanit\u00e4ter versorgt werden. Im Einsatzraum wurden Ihnen weitere Kr\u00e4fte der Feuerwehr Braunschweig, des Technischen Hilfswerks und der Bundeswehr unterstellt.<\/p>\n\n\n\n<p>Foto: Kreisfeuerwehr G\u00f6ttingen<\/p>\n","protected":false},"excerpt":{"rendered":"<p>Die Kreisfeuerwehr G\u00f6ttingen ist zur\u00fcck aus dem Einsatz in den Hochwassergebieten in Nordrhein-Westfalen. Seit Samstagmorgen hatten die Frauen und M\u00e4nner aus dem Landkreis dabei geholfen, in Leverkusen \u00fcberflutete Geb\u00e4ude leer zu pumpen, Geb\u00e4ude zu evakuieren und von der Energieversorgung angeschnittene H\u00e4user zu kontrollieren. Zus\u00e4tzlich wurde die Feuerwehr Leverkusen, die von Beginn der Katastrophe im Einsatz [&hellip;]<\/p>\n","protected":false},"author":1,"featured_media":0,"comment_status":"closed","ping_status":"closed","sticky":false,"template":"","format":"standard","meta":{"saved_in_kubio":false,"footnotes":""},"categories":[1],"tags":[1803,1804,1805],"class_list":["post-9450","post","type-post","status-publish","format-standard","hentry","category-allgemein","tag-einsatz-in-den-hochwassergebieten","tag-kreisbrandmeister-volker-keilholz","tag-kreisfeuerwehr-goettingen"],"yoast_head":"<!-- This site is optimized with the Yoast SEO plugin v27.5 - https:\/\/yoast.com\/product\/yoast-seo-wordpress\/ -->\n<title>Kreisfeuerwehr G\u00f6ttingen im Einsatz in den Hochwassergebieten - Radio Leinewelle<\/title>\n<meta name=\"robots\" content=\"index, follow, max-snippet:-1, max-image-preview:large, max-video-preview:-1\" \/>\n<link rel=\"canonical\" href=\"https:\/\/radioleinewelle.de\/index.php\/2021\/07\/20\/kreisfeuerwehr-goettingen-im-einsatz-in-den-hochwassergebieten\/\" \/>\n<meta property=\"og:locale\" content=\"de_DE\" \/>\n<meta property=\"og:type\" content=\"article\" \/>\n<meta property=\"og:title\" content=\"Kreisfeuerwehr G\u00f6ttingen im Einsatz in den Hochwassergebieten - Radio Leinewelle\" \/>\n<meta property=\"og:description\" content=\"Die Kreisfeuerwehr G\u00f6ttingen ist zur\u00fcck aus dem Einsatz in den Hochwassergebieten in Nordrhein-Westfalen. Seit Samstagmorgen hatten die Frauen und M\u00e4nner aus dem Landkreis dabei geholfen, in Leverkusen \u00fcberflutete Geb\u00e4ude leer zu pumpen, Geb\u00e4ude zu evakuieren und von der Energieversorgung angeschnittene H\u00e4user zu kontrollieren. Zus\u00e4tzlich wurde die Feuerwehr Leverkusen, die von Beginn der Katastrophe im Einsatz [&hellip;]\" \/>\n<meta property=\"og:url\" content=\"https:\/\/radioleinewelle.de\/index.php\/2021\/07\/20\/kreisfeuerwehr-goettingen-im-einsatz-in-den-hochwassergebieten\/\" \/>\n<meta property=\"og:site_name\" content=\"Radio Leinewelle\" \/>\n<meta property=\"article:publisher\" content=\"https:\/\/www.facebook.com\/radioleinewelle\" \/>\n<meta property=\"article:author\" content=\"https:\/\/www.facebook.com\/radioleinewelle\" \/>\n<meta property=\"article:published_time\" content=\"2021-07-20T02:59:00+00:00\" \/>\n<meta name=\"author\" content=\"Leinewelle\" \/>\n<meta name=\"twitter:card\" content=\"summary_large_image\" \/>\n<meta name=\"twitter:creator\" content=\"@https:\/\/twitter.com\/RLeinewelle?ref_src=twsrcgoogletwcampserptwgrauthor\" \/>\n<meta name=\"twitter:site\" content=\"@RLeinewelle\" \/>\n<meta name=\"twitter:label1\" content=\"Verfasst von\" \/>\n\t<meta name=\"twitter:data1\" content=\"Leinewelle\" \/>\n\t<meta name=\"twitter:label2\" content=\"Gesch\u00e4tzte Lesezeit\" \/>\n\t<meta name=\"twitter:data2\" content=\"2\u00a0Minuten\" \/>\n<script type=\"application\/ld+json\" class=\"yoast-schema-graph\">{\"@context\":\"https:\\\/\\\/schema.org\",\"@graph\":[{\"@type\":\"Article\",\"@id\":\"https:\\\/\\\/radioleinewelle.de\\\/index.php\\\/2021\\\/07\\\/20\\\/kreisfeuerwehr-goettingen-im-einsatz-in-den-hochwassergebieten\\\/#article\",\"isPartOf\":{\"@id\":\"https:\\\/\\\/radioleinewelle.de\\\/index.php\\\/2021\\\/07\\\/20\\\/kreisfeuerwehr-goettingen-im-einsatz-in-den-hochwassergebieten\\\/\"},\"author\":{\"name\":\"Leinewelle\",\"@id\":\"https:\\\/\\\/radioleinewelle.de\\\/#\\\/schema\\\/person\\\/45606f348637df637192dc1b68399a63\"},\"headline\":\"Kreisfeuerwehr G\u00f6ttingen im Einsatz in den Hochwassergebieten\",\"datePublished\":\"2021-07-20T02:59:00+00:00\",\"mainEntityOfPage\":{\"@id\":\"https:\\\/\\\/radioleinewelle.de\\\/index.php\\\/2021\\\/07\\\/20\\\/kreisfeuerwehr-goettingen-im-einsatz-in-den-hochwassergebieten\\\/\"},\"wordCount\":423,\"publisher\":{\"@id\":\"https:\\\/\\\/radioleinewelle.de\\\/#organization\"},\"keywords\":[\"Einsatz in den Hochwassergebieten\",\"Kreisbrandmeister Volker Keilholz\",\"Kreisfeuerwehr G\u00f6ttingen\"],\"inLanguage\":\"de\"},{\"@type\":\"WebPage\",\"@id\":\"https:\\\/\\\/radioleinewelle.de\\\/index.php\\\/2021\\\/07\\\/20\\\/kreisfeuerwehr-goettingen-im-einsatz-in-den-hochwassergebieten\\\/\",\"url\":\"https:\\\/\\\/radioleinewelle.de\\\/index.php\\\/2021\\\/07\\\/20\\\/kreisfeuerwehr-goettingen-im-einsatz-in-den-hochwassergebieten\\\/\",\"name\":\"Kreisfeuerwehr G\u00f6ttingen im Einsatz in den Hochwassergebieten - Radio Leinewelle\",\"isPartOf\":{\"@id\":\"https:\\\/\\\/radioleinewelle.de\\\/#website\"},\"datePublished\":\"2021-07-20T02:59:00+00:00\",\"breadcrumb\":{\"@id\":\"https:\\\/\\\/radioleinewelle.de\\\/index.php\\\/2021\\\/07\\\/20\\\/kreisfeuerwehr-goettingen-im-einsatz-in-den-hochwassergebieten\\\/#breadcrumb\"},\"inLanguage\":\"de\",\"potentialAction\":[{\"@type\":\"ReadAction\",\"target\":[\"https:\\\/\\\/radioleinewelle.de\\\/index.php\\\/2021\\\/07\\\/20\\\/kreisfeuerwehr-goettingen-im-einsatz-in-den-hochwassergebieten\\\/\"]}]},{\"@type\":\"BreadcrumbList\",\"@id\":\"https:\\\/\\\/radioleinewelle.de\\\/index.php\\\/2021\\\/07\\\/20\\\/kreisfeuerwehr-goettingen-im-einsatz-in-den-hochwassergebieten\\\/#breadcrumb\",\"itemListElement\":[{\"@type\":\"ListItem\",\"position\":1,\"name\":\"Startseite\",\"item\":\"https:\\\/\\\/radioleinewelle.de\\\/\"},{\"@type\":\"ListItem\",\"position\":2,\"name\":\"Kreisfeuerwehr G\u00f6ttingen im Einsatz in den Hochwassergebieten\"}]},{\"@type\":\"WebSite\",\"@id\":\"https:\\\/\\\/radioleinewelle.de\\\/#website\",\"url\":\"https:\\\/\\\/radioleinewelle.de\\\/\",\"name\":\"Radio Leinewelle\",\"description\":\"\",\"publisher\":{\"@id\":\"https:\\\/\\\/radioleinewelle.de\\\/#organization\"},\"potentialAction\":[{\"@type\":\"SearchAction\",\"target\":{\"@type\":\"EntryPoint\",\"urlTemplate\":\"https:\\\/\\\/radioleinewelle.de\\\/?s={search_term_string}\"},\"query-input\":{\"@type\":\"PropertyValueSpecification\",\"valueRequired\":true,\"valueName\":\"search_term_string\"}}],\"inLanguage\":\"de\"},{\"@type\":\"Organization\",\"@id\":\"https:\\\/\\\/radioleinewelle.de\\\/#organization\",\"name\":\"Radio Leinewelle\",\"alternateName\":\"Mein Radio f\u00fcr S\u00fcdniedersachsen\",\"url\":\"https:\\\/\\\/radioleinewelle.de\\\/\",\"logo\":{\"@type\":\"ImageObject\",\"inLanguage\":\"de\",\"@id\":\"https:\\\/\\\/radioleinewelle.de\\\/#\\\/schema\\\/logo\\\/image\\\/\",\"url\":\"https:\\\/\\\/radioleinewelle.de\\\/wp-content\\\/uploads\\\/2023\\\/11\\\/cropped-Leinewelle_Logo_weiss.png\",\"contentUrl\":\"https:\\\/\\\/radioleinewelle.de\\\/wp-content\\\/uploads\\\/2023\\\/11\\\/cropped-Leinewelle_Logo_weiss.png\",\"width\":854,\"height\":260,\"caption\":\"Radio Leinewelle\"},\"image\":{\"@id\":\"https:\\\/\\\/radioleinewelle.de\\\/#\\\/schema\\\/logo\\\/image\\\/\"},\"sameAs\":[\"https:\\\/\\\/www.facebook.com\\\/radioleinewelle\",\"https:\\\/\\\/x.com\\\/RLeinewelle\",\"https:\\\/\\\/www.instagram.com\\\/radioleinewelle\\\/?hl=de\"]},{\"@type\":\"Person\",\"@id\":\"https:\\\/\\\/radioleinewelle.de\\\/#\\\/schema\\\/person\\\/45606f348637df637192dc1b68399a63\",\"name\":\"Leinewelle\",\"image\":{\"@type\":\"ImageObject\",\"inLanguage\":\"de\",\"@id\":\"https:\\\/\\\/secure.gravatar.com\\\/avatar\\\/05c9a17bc973052ee5d91549bd32fb4dd0dc85b7b85ae94b2e2b4943476bbea5?s=96&d=blank&r=g\",\"url\":\"https:\\\/\\\/secure.gravatar.com\\\/avatar\\\/05c9a17bc973052ee5d91549bd32fb4dd0dc85b7b85ae94b2e2b4943476bbea5?s=96&d=blank&r=g\",\"contentUrl\":\"https:\\\/\\\/secure.gravatar.com\\\/avatar\\\/05c9a17bc973052ee5d91549bd32fb4dd0dc85b7b85ae94b2e2b4943476bbea5?s=96&d=blank&r=g\",\"caption\":\"Leinewelle\"},\"sameAs\":[\"http:\\\/\\\/localhost\\\/radio%20leinewelle\\\/wordpress\",\"https:\\\/\\\/www.facebook.com\\\/radioleinewelle\",\"https:\\\/\\\/www.instagram.com\\\/radioleinewelle\",\"https:\\\/\\\/x.com\\\/https:\\\/\\\/twitter.com\\\/RLeinewelle?ref_src=twsrcgoogletwcampserptwgrauthor\",\"https:\\\/\\\/soundcloud.com\\\/foerderverein-lokalradio?utm_source=clipboard&utm_medium=text&utm_campaign=social_sharing\"],\"url\":\"https:\\\/\\\/radioleinewelle.de\\\/index.php\\\/author\\\/leinewelle\\\/\"}]}<\/script>\n<!-- \/ Yoast SEO plugin. -->","yoast_head_json":{"title":"Kreisfeuerwehr G\u00f6ttingen im Einsatz in den Hochwassergebieten - Radio Leinewelle","robots":{"index":"index","follow":"follow","max-snippet":"max-snippet:-1","max-image-preview":"max-image-preview:large","max-video-preview":"max-video-preview:-1"},"canonical":"https:\/\/radioleinewelle.de\/index.php\/2021\/07\/20\/kreisfeuerwehr-goettingen-im-einsatz-in-den-hochwassergebieten\/","og_locale":"de_DE","og_type":"article","og_title":"Kreisfeuerwehr G\u00f6ttingen im Einsatz in den Hochwassergebieten - Radio Leinewelle","og_description":"Die Kreisfeuerwehr G\u00f6ttingen ist zur\u00fcck aus dem Einsatz in den Hochwassergebieten in Nordrhein-Westfalen. Seit Samstagmorgen hatten die Frauen und M\u00e4nner aus dem Landkreis dabei geholfen, in Leverkusen \u00fcberflutete Geb\u00e4ude leer zu pumpen, Geb\u00e4ude zu evakuieren und von der Energieversorgung angeschnittene H\u00e4user zu kontrollieren. Zus\u00e4tzlich wurde die Feuerwehr Leverkusen, die von Beginn der Katastrophe im Einsatz [&hellip;]","og_url":"https:\/\/radioleinewelle.de\/index.php\/2021\/07\/20\/kreisfeuerwehr-goettingen-im-einsatz-in-den-hochwassergebieten\/","og_site_name":"Radio Leinewelle","article_publisher":"https:\/\/www.facebook.com\/radioleinewelle","article_author":"https:\/\/www.facebook.com\/radioleinewelle","article_published_time":"2021-07-20T02:59:00+00:00","author":"Leinewelle","twitter_card":"summary_large_image","twitter_creator":"@https:\/\/twitter.com\/RLeinewelle?ref_src=twsrcgoogletwcampserptwgrauthor","twitter_site":"@RLeinewelle","twitter_misc":{"Verfasst von":"Leinewelle","Gesch\u00e4tzte Lesezeit":"2\u00a0Minuten"},"schema":{"@context":"https:\/\/schema.org","@graph":[{"@type":"Article","@id":"https:\/\/radioleinewelle.de\/index.php\/2021\/07\/20\/kreisfeuerwehr-goettingen-im-einsatz-in-den-hochwassergebieten\/#article","isPartOf":{"@id":"https:\/\/radioleinewelle.de\/index.php\/2021\/07\/20\/kreisfeuerwehr-goettingen-im-einsatz-in-den-hochwassergebieten\/"},"author":{"name":"Leinewelle","@id":"https:\/\/radioleinewelle.de\/#\/schema\/person\/45606f348637df637192dc1b68399a63"},"headline":"Kreisfeuerwehr G\u00f6ttingen im Einsatz in den Hochwassergebieten","datePublished":"2021-07-20T02:59:00+00:00","mainEntityOfPage":{"@id":"https:\/\/radioleinewelle.de\/index.php\/2021\/07\/20\/kreisfeuerwehr-goettingen-im-einsatz-in-den-hochwassergebieten\/"},"wordCount":423,"publisher":{"@id":"https:\/\/radioleinewelle.de\/#organization"},"keywords":["Einsatz in den Hochwassergebieten","Kreisbrandmeister Volker Keilholz","Kreisfeuerwehr G\u00f6ttingen"],"inLanguage":"de"},{"@type":"WebPage","@id":"https:\/\/radioleinewelle.de\/index.php\/2021\/07\/20\/kreisfeuerwehr-goettingen-im-einsatz-in-den-hochwassergebieten\/","url":"https:\/\/radioleinewelle.de\/index.php\/2021\/07\/20\/kreisfeuerwehr-goettingen-im-einsatz-in-den-hochwassergebieten\/","name":"Kreisfeuerwehr G\u00f6ttingen im Einsatz in den Hochwassergebieten - Radio Leinewelle","isPartOf":{"@id":"https:\/\/radioleinewelle.de\/#website"},"datePublished":"2021-07-20T02:59:00+00:00","breadcrumb":{"@id":"https:\/\/radioleinewelle.de\/index.php\/2021\/07\/20\/kreisfeuerwehr-goettingen-im-einsatz-in-den-hochwassergebieten\/#breadcrumb"},"inLanguage":"de","potentialAction":[{"@type":"ReadAction","target":["https:\/\/radioleinewelle.de\/index.php\/2021\/07\/20\/kreisfeuerwehr-goettingen-im-einsatz-in-den-hochwassergebieten\/"]}]},{"@type":"BreadcrumbList","@id":"https:\/\/radioleinewelle.de\/index.php\/2021\/07\/20\/kreisfeuerwehr-goettingen-im-einsatz-in-den-hochwassergebieten\/#breadcrumb","itemListElement":[{"@type":"ListItem","position":1,"name":"Startseite","item":"https:\/\/radioleinewelle.de\/"},{"@type":"ListItem","position":2,"name":"Kreisfeuerwehr G\u00f6ttingen im Einsatz in den Hochwassergebieten"}]},{"@type":"WebSite","@id":"https:\/\/radioleinewelle.de\/#website","url":"https:\/\/radioleinewelle.de\/","name":"Radio Leinewelle","description":"","publisher":{"@id":"https:\/\/radioleinewelle.de\/#organization"},"potentialAction":[{"@type":"SearchAction","target":{"@type":"EntryPoint","urlTemplate":"https:\/\/radioleinewelle.de\/?s={search_term_string}"},"query-input":{"@type":"PropertyValueSpecification","valueRequired":true,"valueName":"search_term_string"}}],"inLanguage":"de"},{"@type":"Organization","@id":"https:\/\/radioleinewelle.de\/#organization","name":"Radio Leinewelle","alternateName":"Mein Radio f\u00fcr S\u00fcdniedersachsen","url":"https:\/\/radioleinewelle.de\/","logo":{"@type":"ImageObject","inLanguage":"de","@id":"https:\/\/radioleinewelle.de\/#\/schema\/logo\/image\/","url":"https:\/\/radioleinewelle.de\/wp-content\/uploads\/2023\/11\/cropped-Leinewelle_Logo_weiss.png","contentUrl":"https:\/\/radioleinewelle.de\/wp-content\/uploads\/2023\/11\/cropped-Leinewelle_Logo_weiss.png","width":854,"height":260,"caption":"Radio Leinewelle"},"image":{"@id":"https:\/\/radioleinewelle.de\/#\/schema\/logo\/image\/"},"sameAs":["https:\/\/www.facebook.com\/radioleinewelle","https:\/\/x.com\/RLeinewelle","https:\/\/www.instagram.com\/radioleinewelle\/?hl=de"]},{"@type":"Person","@id":"https:\/\/radioleinewelle.de\/#\/schema\/person\/45606f348637df637192dc1b68399a63","name":"Leinewelle","image":{"@type":"ImageObject","inLanguage":"de","@id":"https:\/\/secure.gravatar.com\/avatar\/05c9a17bc973052ee5d91549bd32fb4dd0dc85b7b85ae94b2e2b4943476bbea5?s=96&d=blank&r=g","url":"https:\/\/secure.gravatar.com\/avatar\/05c9a17bc973052ee5d91549bd32fb4dd0dc85b7b85ae94b2e2b4943476bbea5?s=96&d=blank&r=g","contentUrl":"https:\/\/secure.gravatar.com\/avatar\/05c9a17bc973052ee5d91549bd32fb4dd0dc85b7b85ae94b2e2b4943476bbea5?s=96&d=blank&r=g","caption":"Leinewelle"},"sameAs":["http:\/\/localhost\/radio%20leinewelle\/wordpress","https:\/\/www.facebook.com\/radioleinewelle","https:\/\/www.instagram.com\/radioleinewelle","https:\/\/x.com\/https:\/\/twitter.com\/RLeinewelle?ref_src=twsrcgoogletwcampserptwgrauthor","https:\/\/soundcloud.com\/foerderverein-lokalradio?utm_source=clipboard&utm_medium=text&utm_campaign=social_sharing"],"url":"https:\/\/radioleinewelle.de\/index.php\/author\/leinewelle\/"}]}},"_links":{"self":[{"href":"https:\/\/radioleinewelle.de\/index.php\/wp-json\/wp\/v2\/posts\/9450","targetHints":{"allow":["GET"]}}],"collection":[{"href":"https:\/\/radioleinewelle.de\/index.php\/wp-json\/wp\/v2\/posts"}],"about":[{"href":"https:\/\/radioleinewelle.de\/index.php\/wp-json\/wp\/v2\/types\/post"}],"author":[{"embeddable":true,"href":"https:\/\/radioleinewelle.de\/index.php\/wp-json\/wp\/v2\/users\/1"}],"replies":[{"embeddable":true,"href":"https:\/\/radioleinewelle.de\/index.php\/wp-json\/wp\/v2\/comments?post=9450"}],"version-history":[{"count":0,"href":"https:\/\/radioleinewelle.de\/index.php\/wp-json\/wp\/v2\/posts\/9450\/revisions"}],"wp:attachment":[{"href":"https:\/\/radioleinewelle.de\/index.php\/wp-json\/wp\/v2\/media?parent=9450"}],"wp:term":[{"taxonomy":"category","embeddable":true,"href":"https:\/\/radioleinewelle.de\/index.php\/wp-json\/wp\/v2\/categories?post=9450"},{"taxonomy":"post_tag","embeddable":true,"href":"https:\/\/radioleinewelle.de\/index.php\/wp-json\/wp\/v2\/tags?post=9450"}],"curies":[{"name":"wp","href":"https:\/\/api.w.org\/{rel}","templated":true}]}}