{"id":9455,"date":"2021-07-20T05:29:00","date_gmt":"2021-07-20T03:29:00","guid":{"rendered":"https:\/\/radioleinewelle.de\/?p=9455"},"modified":"2021-07-20T05:29:00","modified_gmt":"2021-07-20T03:29:00","slug":"ermittlungsverfahren-gegen-beamten-wegen-verdachts-der-koerperverletzung-im-amt","status":"publish","type":"post","link":"https:\/\/radioleinewelle.de\/index.php\/2021\/07\/20\/ermittlungsverfahren-gegen-beamten-wegen-verdachts-der-koerperverletzung-im-amt\/","title":{"rendered":"Ermittlungsverfahren gegen Beamten wegen Verdachts der K\u00f6rperverletzung im Amt"},"content":{"rendered":"\n<p>Nach dem <a href=\"https:\/\/radioleinewelle.de\/2021\/07\/19\/taetliche-auseinandersetzung-zwischen-28-jahre-altem-mann-und-polizeibeamten-in-der-goettinger-innenstadt\/\">Polizeieinsatz am letzten Sonntag in G\u00f6ttingen<\/a> ist gegen einen der Beamten ein Ermittlungsverfahren wegen K\u00f6rperverletzung im Amt eingeleitet worden. <strong><a href=\"https:\/\/twitter.com\/einssterni\/status\/1416707409528205315\">Ein in den sozialen Medien kursierendes Video<\/a> <\/strong>zeigt einen Beamten, der den am Boden fixierten Mann mehrfach mit der Faust ins Gesicht schl\u00e4gt. Dazu teilt die Polizeiinspektion G\u00f6ttingen folgendes mit:<br \/>Bei dem Einsatz im Zuge einer geplanten Identit\u00e4tsfeststellung waren am Sonntagmorgen (18.07.2021) gegen 06.40 Uhr ein 28 Jahre alter G\u00f6ttinger und ein 31 Jahre alter Polizeibeamter verletzt worden. Gegen den 28-J\u00e4hrigen wird deshalb unter anderem wegen Widerstands gegen Vollstreckungsbeamte, t\u00e4tlichen Angriffs auf Polizeibeamte und Beleidigung ermittelt. Weil er zur Vorfallszeit ein Einhandmesser bei sich f\u00fchrte, leitete die Polizei zus\u00e4tzlich ein Verfahren wegen Versto\u00dfes gegen das Waffengesetz gegen den bereits polizeilich bekannten Mann ein.&nbsp;<\/p>\n\n\n\n<p>Ein von einem unbekannten Zeugen aufgenommenes Video hatte am Sonntag in den Sozialen Medien f\u00fcr Entr\u00fcstung und Diskussionen gesorgt. Die ver\u00f6ffentlichte Aufnahme, die lediglich einen Ausschnitt des kompletten Geschehensablaufes wiedergibt, zeigt, wie der Beamte am Kornmarkt auf den am Boden liegenden G\u00f6ttinger einschl\u00e4gt. Wegen dieser Handlung hat die Polizeiinspektion G\u00f6ttingen ein Ermittlungsverfahren gegen den Polizeikommissar wegen des Verdachts der K\u00f6rperverletzung im Amt eingeleitet. Das Verfahren wird f\u00fcr die weiteren Ermittlungen an die Polizei in Hildesheim abgegeben. Ein Disziplinarverfahren wurde eingeleitet und bis zum Abschluss des Strafverfahrens ausgesetzt.&nbsp;<\/p>\n\n\n\n<p>Eine Aufnahme der Bodycam dokumentiert vorausgegangenen Angriff des 28-J\u00e4hrigen&nbsp;<\/p>\n\n\n\n<p>Eine erste Sichtung der Aufnahme der von dem Beamten am K\u00f6rper getragenen Bodycam hat indes ergeben, dass dem Handeln des Beamten ein k\u00f6rperlicher Angriff des 28-J\u00e4hrigen vorausging. Das Video dokumentiert, wie der aggressive Mann, unmittelbar nachdem er den Beamten umklammert hatte und gemeinsam mit ihm auf den Boden gest\u00fcrzt war, auf den Polizeikommissar einschlug. Dabei verletzte er den 31-J\u00e4hrigen mutma\u00dflich mit Faustschl\u00e4gen erheblich im Gesicht.&nbsp;<\/p>\n\n\n\n<p>Der G\u00f6ttinger hatte sich nach vorliegenden Erkenntnissen gegen alle Bem\u00fchungen der Beamten, ihn f\u00fcr die Durchf\u00fchrung der Folgema\u00dfnahmen zu \u00fcberw\u00e4ltigen, heftig und ohne Unterlass mit Schl\u00e4gen und Tritten zu Wehr gesetzt. Zu den Faustschl\u00e4gen kam es schlie\u00dflich, um den massiven Widerstand des Mannes zu \u00fcberwinden. Mutma\u00dflich hierbei erlitt der 28-j\u00e4hrige G\u00f6ttinger Gesichtsverletzungen. In der Folge gelang es den vier eingesetzten Beamten, den Mann in Bauchlage zu drehen und zu \u00fcberw\u00e4ltigen. Er wurde zur Dienststelle transportiert und anschlie\u00dfend mit dem Rettungswagen in ein Krankenhaus gebracht. Der Polizeibeamte ist aufgrund der erlittenen Verletzungen an Kopf und K\u00f6rper bis auf Weiteres nicht dienstf\u00e4hig. Die weiteren Ermittlungen dauern an.&nbsp;<\/p>\n\n\n\n<p>Zu den Geschehnissen \u00e4u\u00dfert sich Gwendolin von der Osten, Pr\u00e4sidentin der Polizeidirektion G\u00f6ttingen wie folgt:&nbsp;<\/p>\n\n\n\n<p>&#8222;Das Video, welches seit gestern (18.07.2021) in den Sozialen Medien kursiert und nur einen Ausschnitt des Gesamtgeschehens abbildet, erregte gro\u00dfe Aufmerksamkeit in der \u00d6ffentlichkeit. Solche Teilinformationen d\u00fcrfen jedoch nicht zu einer Vorverurteilung f\u00fchren. Das Verfahren wurde an die Polizeiinspektion Hildesheim abgegeben. Das dortige Fachkommissariat ermittelt umfangreich und tut alles daf\u00fcr, um den Sachverhalt weiter aufzuhellen. Schlussendlich wird das Verfahren an die Staatsanwaltschaft abgegeben, die die strafrechtliche Bewertung vornehmen wird. Ich m\u00f6chte betonen, dass ich weiterhin gro\u00dfes Vertrauen in die Arbeit einer jeden Kollegin und eines jeden Kollegen in der Polizeidirektion G\u00f6ttingen habe.&#8220;<\/p>\n\n\n\n<p><\/p>\n\n\n\n<p>Bild von&nbsp;<a href=\"https:\/\/pixabay.com\/de\/users\/fshh-1451325\/?utm_source=link-attribution&amp;utm_medium=referral&amp;utm_campaign=image&amp;utm_content=2460204\">fsHH<\/a>&nbsp;auf&nbsp;<a href=\"https:\/\/pixabay.com\/de\/?utm_source=link-attribution&amp;utm_medium=referral&amp;utm_campaign=image&amp;utm_content=2460204\">Pixabay<\/a><\/p>\n","protected":false},"excerpt":{"rendered":"<p>Nach dem Polizeieinsatz am letzten Sonntag in G\u00f6ttingen ist gegen einen der Beamten ein Ermittlungsverfahren wegen K\u00f6rperverletzung im Amt eingeleitet worden. Ein in den sozialen Medien kursierendes Video zeigt einen Beamten, der den am Boden fixierten Mann mehrfach mit der Faust ins Gesicht schl\u00e4gt. Dazu teilt die Polizeiinspektion G\u00f6ttingen folgendes mit:Bei dem Einsatz im Zuge [&hellip;]<\/p>\n","protected":false},"author":1,"featured_media":9465,"comment_status":"closed","ping_status":"closed","sticky":false,"template":"","format":"standard","meta":{"saved_in_kubio":false,"footnotes":""},"categories":[24],"tags":[1806,1807,1808,349,1797],"class_list":["post-9455","post","type-post","status-publish","format-standard","has-post-thumbnail","hentry","category-news","tag-ermittlungsverfahren-gegen-polizeibeamten","tag-festnahme-am-kornmarkt-goettingen","tag-polizeigewalt-goettingen","tag-polizeiinspektion-goettingen","tag-widerstand-gegen-polizeibeamte"],"yoast_head":"<!-- This site is optimized with the Yoast SEO plugin v27.4 - https:\/\/yoast.com\/product\/yoast-seo-wordpress\/ -->\n<title>Ermittlungsverfahren gegen Beamten wegen Verdachts der K\u00f6rperverletzung im Amt - Radio Leinewelle<\/title>\n<meta name=\"robots\" content=\"index, follow, max-snippet:-1, max-image-preview:large, max-video-preview:-1\" \/>\n<link rel=\"canonical\" href=\"https:\/\/radioleinewelle.de\/index.php\/2021\/07\/20\/ermittlungsverfahren-gegen-beamten-wegen-verdachts-der-koerperverletzung-im-amt\/\" \/>\n<meta property=\"og:locale\" content=\"de_DE\" \/>\n<meta property=\"og:type\" content=\"article\" \/>\n<meta property=\"og:title\" content=\"Ermittlungsverfahren gegen Beamten wegen Verdachts der K\u00f6rperverletzung im Amt - Radio Leinewelle\" \/>\n<meta property=\"og:description\" content=\"Nach dem Polizeieinsatz am letzten Sonntag in G\u00f6ttingen ist gegen einen der Beamten ein Ermittlungsverfahren wegen K\u00f6rperverletzung im Amt eingeleitet worden. Ein in den sozialen Medien kursierendes Video zeigt einen Beamten, der den am Boden fixierten Mann mehrfach mit der Faust ins Gesicht schl\u00e4gt. Dazu teilt die Polizeiinspektion G\u00f6ttingen folgendes mit:Bei dem Einsatz im Zuge [&hellip;]\" \/>\n<meta property=\"og:url\" content=\"https:\/\/radioleinewelle.de\/index.php\/2021\/07\/20\/ermittlungsverfahren-gegen-beamten-wegen-verdachts-der-koerperverletzung-im-amt\/\" \/>\n<meta property=\"og:site_name\" content=\"Radio Leinewelle\" \/>\n<meta property=\"article:publisher\" content=\"https:\/\/www.facebook.com\/radioleinewelle\" \/>\n<meta property=\"article:author\" content=\"https:\/\/www.facebook.com\/radioleinewelle\" \/>\n<meta property=\"article:published_time\" content=\"2021-07-20T03:29:00+00:00\" \/>\n<meta property=\"og:image\" content=\"https:\/\/radioleinewelle.de\/wp-content\/uploads\/2021\/07\/human-2460204_640.jpg\" \/>\n\t<meta property=\"og:image:width\" content=\"640\" \/>\n\t<meta property=\"og:image:height\" content=\"426\" \/>\n\t<meta property=\"og:image:type\" content=\"image\/jpeg\" \/>\n<meta name=\"author\" content=\"Leinewelle\" \/>\n<meta name=\"twitter:card\" content=\"summary_large_image\" \/>\n<meta name=\"twitter:creator\" content=\"@https:\/\/twitter.com\/RLeinewelle?ref_src=twsrcgoogletwcampserptwgrauthor\" \/>\n<meta name=\"twitter:site\" content=\"@RLeinewelle\" \/>\n<meta name=\"twitter:label1\" content=\"Verfasst von\" \/>\n\t<meta name=\"twitter:data1\" content=\"Leinewelle\" \/>\n\t<meta name=\"twitter:label2\" content=\"Gesch\u00e4tzte Lesezeit\" \/>\n\t<meta name=\"twitter:data2\" content=\"3\u00a0Minuten\" \/>\n<script type=\"application\/ld+json\" class=\"yoast-schema-graph\">{\"@context\":\"https:\\\/\\\/schema.org\",\"@graph\":[{\"@type\":\"Article\",\"@id\":\"https:\\\/\\\/radioleinewelle.de\\\/index.php\\\/2021\\\/07\\\/20\\\/ermittlungsverfahren-gegen-beamten-wegen-verdachts-der-koerperverletzung-im-amt\\\/#article\",\"isPartOf\":{\"@id\":\"https:\\\/\\\/radioleinewelle.de\\\/index.php\\\/2021\\\/07\\\/20\\\/ermittlungsverfahren-gegen-beamten-wegen-verdachts-der-koerperverletzung-im-amt\\\/\"},\"author\":{\"name\":\"Leinewelle\",\"@id\":\"https:\\\/\\\/radioleinewelle.de\\\/#\\\/schema\\\/person\\\/45606f348637df637192dc1b68399a63\"},\"headline\":\"Ermittlungsverfahren gegen Beamten wegen Verdachts der K\u00f6rperverletzung im Amt\",\"datePublished\":\"2021-07-20T03:29:00+00:00\",\"mainEntityOfPage\":{\"@id\":\"https:\\\/\\\/radioleinewelle.de\\\/index.php\\\/2021\\\/07\\\/20\\\/ermittlungsverfahren-gegen-beamten-wegen-verdachts-der-koerperverletzung-im-amt\\\/\"},\"wordCount\":569,\"publisher\":{\"@id\":\"https:\\\/\\\/radioleinewelle.de\\\/#organization\"},\"image\":{\"@id\":\"https:\\\/\\\/radioleinewelle.de\\\/index.php\\\/2021\\\/07\\\/20\\\/ermittlungsverfahren-gegen-beamten-wegen-verdachts-der-koerperverletzung-im-amt\\\/#primaryimage\"},\"thumbnailUrl\":\"https:\\\/\\\/radioleinewelle.de\\\/wp-content\\\/uploads\\\/2021\\\/07\\\/human-2460204_640.jpg\",\"keywords\":[\"Ermittlungsverfahren gegen Polizeibeamten\",\"Festnahme am Kornmarkt G\u00f6ttingen\",\"Polizeigewalt G\u00f6ttingen\",\"Polizeiinspektion G\u00f6ttingen\",\"Widerstand gegen Polizeibeamte\"],\"articleSection\":[\"Aktuelle Nachrichten\"],\"inLanguage\":\"de\"},{\"@type\":\"WebPage\",\"@id\":\"https:\\\/\\\/radioleinewelle.de\\\/index.php\\\/2021\\\/07\\\/20\\\/ermittlungsverfahren-gegen-beamten-wegen-verdachts-der-koerperverletzung-im-amt\\\/\",\"url\":\"https:\\\/\\\/radioleinewelle.de\\\/index.php\\\/2021\\\/07\\\/20\\\/ermittlungsverfahren-gegen-beamten-wegen-verdachts-der-koerperverletzung-im-amt\\\/\",\"name\":\"Ermittlungsverfahren gegen Beamten wegen Verdachts der K\u00f6rperverletzung im Amt - Radio Leinewelle\",\"isPartOf\":{\"@id\":\"https:\\\/\\\/radioleinewelle.de\\\/#website\"},\"primaryImageOfPage\":{\"@id\":\"https:\\\/\\\/radioleinewelle.de\\\/index.php\\\/2021\\\/07\\\/20\\\/ermittlungsverfahren-gegen-beamten-wegen-verdachts-der-koerperverletzung-im-amt\\\/#primaryimage\"},\"image\":{\"@id\":\"https:\\\/\\\/radioleinewelle.de\\\/index.php\\\/2021\\\/07\\\/20\\\/ermittlungsverfahren-gegen-beamten-wegen-verdachts-der-koerperverletzung-im-amt\\\/#primaryimage\"},\"thumbnailUrl\":\"https:\\\/\\\/radioleinewelle.de\\\/wp-content\\\/uploads\\\/2021\\\/07\\\/human-2460204_640.jpg\",\"datePublished\":\"2021-07-20T03:29:00+00:00\",\"breadcrumb\":{\"@id\":\"https:\\\/\\\/radioleinewelle.de\\\/index.php\\\/2021\\\/07\\\/20\\\/ermittlungsverfahren-gegen-beamten-wegen-verdachts-der-koerperverletzung-im-amt\\\/#breadcrumb\"},\"inLanguage\":\"de\",\"potentialAction\":[{\"@type\":\"ReadAction\",\"target\":[\"https:\\\/\\\/radioleinewelle.de\\\/index.php\\\/2021\\\/07\\\/20\\\/ermittlungsverfahren-gegen-beamten-wegen-verdachts-der-koerperverletzung-im-amt\\\/\"]}]},{\"@type\":\"ImageObject\",\"inLanguage\":\"de\",\"@id\":\"https:\\\/\\\/radioleinewelle.de\\\/index.php\\\/2021\\\/07\\\/20\\\/ermittlungsverfahren-gegen-beamten-wegen-verdachts-der-koerperverletzung-im-amt\\\/#primaryimage\",\"url\":\"https:\\\/\\\/radioleinewelle.de\\\/wp-content\\\/uploads\\\/2021\\\/07\\\/human-2460204_640.jpg\",\"contentUrl\":\"https:\\\/\\\/radioleinewelle.de\\\/wp-content\\\/uploads\\\/2021\\\/07\\\/human-2460204_640.jpg\",\"width\":640,\"height\":426},{\"@type\":\"BreadcrumbList\",\"@id\":\"https:\\\/\\\/radioleinewelle.de\\\/index.php\\\/2021\\\/07\\\/20\\\/ermittlungsverfahren-gegen-beamten-wegen-verdachts-der-koerperverletzung-im-amt\\\/#breadcrumb\",\"itemListElement\":[{\"@type\":\"ListItem\",\"position\":1,\"name\":\"Startseite\",\"item\":\"https:\\\/\\\/radioleinewelle.de\\\/\"},{\"@type\":\"ListItem\",\"position\":2,\"name\":\"Ermittlungsverfahren gegen Beamten wegen Verdachts der K\u00f6rperverletzung im Amt\"}]},{\"@type\":\"WebSite\",\"@id\":\"https:\\\/\\\/radioleinewelle.de\\\/#website\",\"url\":\"https:\\\/\\\/radioleinewelle.de\\\/\",\"name\":\"Radio Leinewelle\",\"description\":\"\",\"publisher\":{\"@id\":\"https:\\\/\\\/radioleinewelle.de\\\/#organization\"},\"potentialAction\":[{\"@type\":\"SearchAction\",\"target\":{\"@type\":\"EntryPoint\",\"urlTemplate\":\"https:\\\/\\\/radioleinewelle.de\\\/?s={search_term_string}\"},\"query-input\":{\"@type\":\"PropertyValueSpecification\",\"valueRequired\":true,\"valueName\":\"search_term_string\"}}],\"inLanguage\":\"de\"},{\"@type\":\"Organization\",\"@id\":\"https:\\\/\\\/radioleinewelle.de\\\/#organization\",\"name\":\"Radio Leinewelle\",\"alternateName\":\"Mein Radio f\u00fcr S\u00fcdniedersachsen\",\"url\":\"https:\\\/\\\/radioleinewelle.de\\\/\",\"logo\":{\"@type\":\"ImageObject\",\"inLanguage\":\"de\",\"@id\":\"https:\\\/\\\/radioleinewelle.de\\\/#\\\/schema\\\/logo\\\/image\\\/\",\"url\":\"https:\\\/\\\/radioleinewelle.de\\\/wp-content\\\/uploads\\\/2023\\\/11\\\/cropped-Leinewelle_Logo_weiss.png\",\"contentUrl\":\"https:\\\/\\\/radioleinewelle.de\\\/wp-content\\\/uploads\\\/2023\\\/11\\\/cropped-Leinewelle_Logo_weiss.png\",\"width\":854,\"height\":260,\"caption\":\"Radio Leinewelle\"},\"image\":{\"@id\":\"https:\\\/\\\/radioleinewelle.de\\\/#\\\/schema\\\/logo\\\/image\\\/\"},\"sameAs\":[\"https:\\\/\\\/www.facebook.com\\\/radioleinewelle\",\"https:\\\/\\\/x.com\\\/RLeinewelle\",\"https:\\\/\\\/www.instagram.com\\\/radioleinewelle\\\/?hl=de\"]},{\"@type\":\"Person\",\"@id\":\"https:\\\/\\\/radioleinewelle.de\\\/#\\\/schema\\\/person\\\/45606f348637df637192dc1b68399a63\",\"name\":\"Leinewelle\",\"image\":{\"@type\":\"ImageObject\",\"inLanguage\":\"de\",\"@id\":\"https:\\\/\\\/secure.gravatar.com\\\/avatar\\\/05c9a17bc973052ee5d91549bd32fb4dd0dc85b7b85ae94b2e2b4943476bbea5?s=96&d=blank&r=g\",\"url\":\"https:\\\/\\\/secure.gravatar.com\\\/avatar\\\/05c9a17bc973052ee5d91549bd32fb4dd0dc85b7b85ae94b2e2b4943476bbea5?s=96&d=blank&r=g\",\"contentUrl\":\"https:\\\/\\\/secure.gravatar.com\\\/avatar\\\/05c9a17bc973052ee5d91549bd32fb4dd0dc85b7b85ae94b2e2b4943476bbea5?s=96&d=blank&r=g\",\"caption\":\"Leinewelle\"},\"sameAs\":[\"http:\\\/\\\/localhost\\\/radio%20leinewelle\\\/wordpress\",\"https:\\\/\\\/www.facebook.com\\\/radioleinewelle\",\"https:\\\/\\\/www.instagram.com\\\/radioleinewelle\",\"https:\\\/\\\/x.com\\\/https:\\\/\\\/twitter.com\\\/RLeinewelle?ref_src=twsrcgoogletwcampserptwgrauthor\",\"https:\\\/\\\/soundcloud.com\\\/foerderverein-lokalradio?utm_source=clipboard&utm_medium=text&utm_campaign=social_sharing\"],\"url\":\"https:\\\/\\\/radioleinewelle.de\\\/index.php\\\/author\\\/leinewelle\\\/\"}]}<\/script>\n<!-- \/ Yoast SEO plugin. -->","yoast_head_json":{"title":"Ermittlungsverfahren gegen Beamten wegen Verdachts der K\u00f6rperverletzung im Amt - Radio Leinewelle","robots":{"index":"index","follow":"follow","max-snippet":"max-snippet:-1","max-image-preview":"max-image-preview:large","max-video-preview":"max-video-preview:-1"},"canonical":"https:\/\/radioleinewelle.de\/index.php\/2021\/07\/20\/ermittlungsverfahren-gegen-beamten-wegen-verdachts-der-koerperverletzung-im-amt\/","og_locale":"de_DE","og_type":"article","og_title":"Ermittlungsverfahren gegen Beamten wegen Verdachts der K\u00f6rperverletzung im Amt - Radio Leinewelle","og_description":"Nach dem Polizeieinsatz am letzten Sonntag in G\u00f6ttingen ist gegen einen der Beamten ein Ermittlungsverfahren wegen K\u00f6rperverletzung im Amt eingeleitet worden. Ein in den sozialen Medien kursierendes Video zeigt einen Beamten, der den am Boden fixierten Mann mehrfach mit der Faust ins Gesicht schl\u00e4gt. Dazu teilt die Polizeiinspektion G\u00f6ttingen folgendes mit:Bei dem Einsatz im Zuge [&hellip;]","og_url":"https:\/\/radioleinewelle.de\/index.php\/2021\/07\/20\/ermittlungsverfahren-gegen-beamten-wegen-verdachts-der-koerperverletzung-im-amt\/","og_site_name":"Radio Leinewelle","article_publisher":"https:\/\/www.facebook.com\/radioleinewelle","article_author":"https:\/\/www.facebook.com\/radioleinewelle","article_published_time":"2021-07-20T03:29:00+00:00","og_image":[{"width":640,"height":426,"url":"https:\/\/radioleinewelle.de\/wp-content\/uploads\/2021\/07\/human-2460204_640.jpg","type":"image\/jpeg"}],"author":"Leinewelle","twitter_card":"summary_large_image","twitter_creator":"@https:\/\/twitter.com\/RLeinewelle?ref_src=twsrcgoogletwcampserptwgrauthor","twitter_site":"@RLeinewelle","twitter_misc":{"Verfasst von":"Leinewelle","Gesch\u00e4tzte Lesezeit":"3\u00a0Minuten"},"schema":{"@context":"https:\/\/schema.org","@graph":[{"@type":"Article","@id":"https:\/\/radioleinewelle.de\/index.php\/2021\/07\/20\/ermittlungsverfahren-gegen-beamten-wegen-verdachts-der-koerperverletzung-im-amt\/#article","isPartOf":{"@id":"https:\/\/radioleinewelle.de\/index.php\/2021\/07\/20\/ermittlungsverfahren-gegen-beamten-wegen-verdachts-der-koerperverletzung-im-amt\/"},"author":{"name":"Leinewelle","@id":"https:\/\/radioleinewelle.de\/#\/schema\/person\/45606f348637df637192dc1b68399a63"},"headline":"Ermittlungsverfahren gegen Beamten wegen Verdachts der K\u00f6rperverletzung im Amt","datePublished":"2021-07-20T03:29:00+00:00","mainEntityOfPage":{"@id":"https:\/\/radioleinewelle.de\/index.php\/2021\/07\/20\/ermittlungsverfahren-gegen-beamten-wegen-verdachts-der-koerperverletzung-im-amt\/"},"wordCount":569,"publisher":{"@id":"https:\/\/radioleinewelle.de\/#organization"},"image":{"@id":"https:\/\/radioleinewelle.de\/index.php\/2021\/07\/20\/ermittlungsverfahren-gegen-beamten-wegen-verdachts-der-koerperverletzung-im-amt\/#primaryimage"},"thumbnailUrl":"https:\/\/radioleinewelle.de\/wp-content\/uploads\/2021\/07\/human-2460204_640.jpg","keywords":["Ermittlungsverfahren gegen Polizeibeamten","Festnahme am Kornmarkt G\u00f6ttingen","Polizeigewalt G\u00f6ttingen","Polizeiinspektion G\u00f6ttingen","Widerstand gegen Polizeibeamte"],"articleSection":["Aktuelle Nachrichten"],"inLanguage":"de"},{"@type":"WebPage","@id":"https:\/\/radioleinewelle.de\/index.php\/2021\/07\/20\/ermittlungsverfahren-gegen-beamten-wegen-verdachts-der-koerperverletzung-im-amt\/","url":"https:\/\/radioleinewelle.de\/index.php\/2021\/07\/20\/ermittlungsverfahren-gegen-beamten-wegen-verdachts-der-koerperverletzung-im-amt\/","name":"Ermittlungsverfahren gegen Beamten wegen Verdachts der K\u00f6rperverletzung im Amt - Radio Leinewelle","isPartOf":{"@id":"https:\/\/radioleinewelle.de\/#website"},"primaryImageOfPage":{"@id":"https:\/\/radioleinewelle.de\/index.php\/2021\/07\/20\/ermittlungsverfahren-gegen-beamten-wegen-verdachts-der-koerperverletzung-im-amt\/#primaryimage"},"image":{"@id":"https:\/\/radioleinewelle.de\/index.php\/2021\/07\/20\/ermittlungsverfahren-gegen-beamten-wegen-verdachts-der-koerperverletzung-im-amt\/#primaryimage"},"thumbnailUrl":"https:\/\/radioleinewelle.de\/wp-content\/uploads\/2021\/07\/human-2460204_640.jpg","datePublished":"2021-07-20T03:29:00+00:00","breadcrumb":{"@id":"https:\/\/radioleinewelle.de\/index.php\/2021\/07\/20\/ermittlungsverfahren-gegen-beamten-wegen-verdachts-der-koerperverletzung-im-amt\/#breadcrumb"},"inLanguage":"de","potentialAction":[{"@type":"ReadAction","target":["https:\/\/radioleinewelle.de\/index.php\/2021\/07\/20\/ermittlungsverfahren-gegen-beamten-wegen-verdachts-der-koerperverletzung-im-amt\/"]}]},{"@type":"ImageObject","inLanguage":"de","@id":"https:\/\/radioleinewelle.de\/index.php\/2021\/07\/20\/ermittlungsverfahren-gegen-beamten-wegen-verdachts-der-koerperverletzung-im-amt\/#primaryimage","url":"https:\/\/radioleinewelle.de\/wp-content\/uploads\/2021\/07\/human-2460204_640.jpg","contentUrl":"https:\/\/radioleinewelle.de\/wp-content\/uploads\/2021\/07\/human-2460204_640.jpg","width":640,"height":426},{"@type":"BreadcrumbList","@id":"https:\/\/radioleinewelle.de\/index.php\/2021\/07\/20\/ermittlungsverfahren-gegen-beamten-wegen-verdachts-der-koerperverletzung-im-amt\/#breadcrumb","itemListElement":[{"@type":"ListItem","position":1,"name":"Startseite","item":"https:\/\/radioleinewelle.de\/"},{"@type":"ListItem","position":2,"name":"Ermittlungsverfahren gegen Beamten wegen Verdachts der K\u00f6rperverletzung im Amt"}]},{"@type":"WebSite","@id":"https:\/\/radioleinewelle.de\/#website","url":"https:\/\/radioleinewelle.de\/","name":"Radio Leinewelle","description":"","publisher":{"@id":"https:\/\/radioleinewelle.de\/#organization"},"potentialAction":[{"@type":"SearchAction","target":{"@type":"EntryPoint","urlTemplate":"https:\/\/radioleinewelle.de\/?s={search_term_string}"},"query-input":{"@type":"PropertyValueSpecification","valueRequired":true,"valueName":"search_term_string"}}],"inLanguage":"de"},{"@type":"Organization","@id":"https:\/\/radioleinewelle.de\/#organization","name":"Radio Leinewelle","alternateName":"Mein Radio f\u00fcr S\u00fcdniedersachsen","url":"https:\/\/radioleinewelle.de\/","logo":{"@type":"ImageObject","inLanguage":"de","@id":"https:\/\/radioleinewelle.de\/#\/schema\/logo\/image\/","url":"https:\/\/radioleinewelle.de\/wp-content\/uploads\/2023\/11\/cropped-Leinewelle_Logo_weiss.png","contentUrl":"https:\/\/radioleinewelle.de\/wp-content\/uploads\/2023\/11\/cropped-Leinewelle_Logo_weiss.png","width":854,"height":260,"caption":"Radio Leinewelle"},"image":{"@id":"https:\/\/radioleinewelle.de\/#\/schema\/logo\/image\/"},"sameAs":["https:\/\/www.facebook.com\/radioleinewelle","https:\/\/x.com\/RLeinewelle","https:\/\/www.instagram.com\/radioleinewelle\/?hl=de"]},{"@type":"Person","@id":"https:\/\/radioleinewelle.de\/#\/schema\/person\/45606f348637df637192dc1b68399a63","name":"Leinewelle","image":{"@type":"ImageObject","inLanguage":"de","@id":"https:\/\/secure.gravatar.com\/avatar\/05c9a17bc973052ee5d91549bd32fb4dd0dc85b7b85ae94b2e2b4943476bbea5?s=96&d=blank&r=g","url":"https:\/\/secure.gravatar.com\/avatar\/05c9a17bc973052ee5d91549bd32fb4dd0dc85b7b85ae94b2e2b4943476bbea5?s=96&d=blank&r=g","contentUrl":"https:\/\/secure.gravatar.com\/avatar\/05c9a17bc973052ee5d91549bd32fb4dd0dc85b7b85ae94b2e2b4943476bbea5?s=96&d=blank&r=g","caption":"Leinewelle"},"sameAs":["http:\/\/localhost\/radio%20leinewelle\/wordpress","https:\/\/www.facebook.com\/radioleinewelle","https:\/\/www.instagram.com\/radioleinewelle","https:\/\/x.com\/https:\/\/twitter.com\/RLeinewelle?ref_src=twsrcgoogletwcampserptwgrauthor","https:\/\/soundcloud.com\/foerderverein-lokalradio?utm_source=clipboard&utm_medium=text&utm_campaign=social_sharing"],"url":"https:\/\/radioleinewelle.de\/index.php\/author\/leinewelle\/"}]}},"_links":{"self":[{"href":"https:\/\/radioleinewelle.de\/index.php\/wp-json\/wp\/v2\/posts\/9455","targetHints":{"allow":["GET"]}}],"collection":[{"href":"https:\/\/radioleinewelle.de\/index.php\/wp-json\/wp\/v2\/posts"}],"about":[{"href":"https:\/\/radioleinewelle.de\/index.php\/wp-json\/wp\/v2\/types\/post"}],"author":[{"embeddable":true,"href":"https:\/\/radioleinewelle.de\/index.php\/wp-json\/wp\/v2\/users\/1"}],"replies":[{"embeddable":true,"href":"https:\/\/radioleinewelle.de\/index.php\/wp-json\/wp\/v2\/comments?post=9455"}],"version-history":[{"count":0,"href":"https:\/\/radioleinewelle.de\/index.php\/wp-json\/wp\/v2\/posts\/9455\/revisions"}],"wp:featuredmedia":[{"embeddable":true,"href":"https:\/\/radioleinewelle.de\/index.php\/wp-json\/wp\/v2\/media\/9465"}],"wp:attachment":[{"href":"https:\/\/radioleinewelle.de\/index.php\/wp-json\/wp\/v2\/media?parent=9455"}],"wp:term":[{"taxonomy":"category","embeddable":true,"href":"https:\/\/radioleinewelle.de\/index.php\/wp-json\/wp\/v2\/categories?post=9455"},{"taxonomy":"post_tag","embeddable":true,"href":"https:\/\/radioleinewelle.de\/index.php\/wp-json\/wp\/v2\/tags?post=9455"}],"curies":[{"name":"wp","href":"https:\/\/api.w.org\/{rel}","templated":true}]}}