{"id":9467,"date":"2021-07-20T04:51:00","date_gmt":"2021-07-20T02:51:00","guid":{"rendered":"https:\/\/radioleinewelle.de\/?p=9467"},"modified":"2021-07-20T04:51:00","modified_gmt":"2021-07-20T02:51:00","slug":"ideenexpo-organisatoren-loben-clausthaler-auftritt","status":"publish","type":"post","link":"https:\/\/radioleinewelle.de\/index.php\/2021\/07\/20\/ideenexpo-organisatoren-loben-clausthaler-auftritt\/","title":{"rendered":"IdeenExpo: Organisatoren loben Clausthaler Auftritt"},"content":{"rendered":"\n<p>Rund 70.000 Sch\u00fclerinnen, Sch\u00fcler und weitere Interessierte haben das Programm der Digitalen IdeenExpo verfolgt. Die TU pr\u00e4sentierte sich mit virtuellem Stand, Video und Liveschaltung in den Harz.<\/p>\n\n\n\n<p>Beim B\u00fchnenprogramm der Digitalen IdeenExpo auf dem Messegel\u00e4nde in Hannover nutzte die TU Clausthal ein Zeitfenster f\u00fcr ihren virtuellen Auftritt. Nach einem kurzen Video zum Studiengang Sportingenieurwesen schaltete das Expo-Team live zum Sportgel\u00e4nde der Harzer Universit\u00e4t. Professorin Regina Semmler-Ludwig und Studierende stellten die beeindruckenden Studienbedingungen an der TU Clausthal und den Bachelorstudiengang Sportingenieurwesen vor. Im Fokus stand die Anwendung von Sportger\u00e4ten und Materialien, zum Beispiel beim Sommerskilaufen.<\/p>\n\n\n\n<p>Analysen der Zugriffszahlen ergaben, dass die Digitale IdeenExpo am 15. und 16. Juli \u00fcber 70.000 Zuschauende erreicht hat. Die Zugriffe erfolgten in ganz Deutschland, und sogar aus dem europ\u00e4ischen Ausland. \u201e85 Prozent davon sind unsere Kernzielgruppe, die Jugendlichen in der Berufsorientierung\u201c, so IdeenExpo GmbH-Aufsichtsratschef Dr. Volker Schmidt. \u201eDas ist spitze f\u00fcr die Premiere.\u201c F\u00fcr ihn steht daher fest, dass das digitale Format eine Fortsetzung bekommen soll. Geplant ist, die digitale Variante als festen Programmpunkt in den Jahren zwischen den Live-Veranstaltungen der IdeenExpo zu etablieren.<\/p>\n\n\n\n<p>Neben dem Publikum im Stream verfolgen an beiden Tagen rund 600 Jugendliche verschiedener Schulen die B\u00fchnenshow live im Studio des Eventzentrums. Herzst\u00fcck des Programms bildete die Vorstellung einzelner Hochschulen und Unternehmen sowie ihrer zahlreichen Studien- und Ausbildungsm\u00f6glichkeiten. Dazu hatten die Studierenden und Azubis Kurzfilme gedreht und warben darin auf unterhaltsame und kreative Weise f\u00fcr ihre F\u00e4cher und Berufe. Diese Filme \u2013 und dazu viele weitere Informationen \u2013 werden noch bis Oktober auf der virtuellen Messe unter&nbsp;<a href=\"http:\/\/www.ideenexpo.de\/\" target=\"_blank\" rel=\"noreferrer noopener\">www.ideenexpo.de<\/a>&nbsp;abrufbar sein. Am Programm beteiligten sich auch die Youtube-Stars Jacob Beautemps und Doktor Whatson sowie aus der Politik Niedersachsens Ministerpr\u00e4sident Stephan Weil, Wirtschaftsminister Bernd Althusmann und Umweltminister Olaf Lies. Den Abschluss der Veranstaltung bildete ein Konzert mit Auftritten von Passepartout und Clueso vor 1000 Liveg\u00e4sten, das auch gestreamt wurde.<br \/>Foto: Jahns, IdeenExpo, Semmler-Ludwig<\/p>\n","protected":false},"excerpt":{"rendered":"<p>Rund 70.000 Sch\u00fclerinnen, Sch\u00fcler und weitere Interessierte haben das Programm der Digitalen IdeenExpo verfolgt. Die TU pr\u00e4sentierte sich mit virtuellem Stand, Video und Liveschaltung in den Harz. Beim B\u00fchnenprogramm der Digitalen IdeenExpo auf dem Messegel\u00e4nde in Hannover nutzte die TU Clausthal ein Zeitfenster f\u00fcr ihren virtuellen Auftritt. Nach einem kurzen Video zum Studiengang Sportingenieurwesen schaltete [&hellip;]<\/p>\n","protected":false},"author":1,"featured_media":9471,"comment_status":"closed","ping_status":"closed","sticky":false,"template":"","format":"standard","meta":{"saved_in_kubio":false,"footnotes":""},"categories":[35],"tags":[1809,504],"class_list":["post-9467","post","type-post","status-publish","format-standard","has-post-thumbnail","hentry","category-universitaet","tag-ideenexpo","tag-tu-clausthal"],"yoast_head":"<!-- This site is optimized with the Yoast SEO plugin v27.4 - https:\/\/yoast.com\/product\/yoast-seo-wordpress\/ -->\n<title>IdeenExpo: Organisatoren loben Clausthaler Auftritt - Radio Leinewelle<\/title>\n<meta name=\"robots\" content=\"index, follow, max-snippet:-1, max-image-preview:large, max-video-preview:-1\" \/>\n<link rel=\"canonical\" href=\"https:\/\/radioleinewelle.de\/index.php\/2021\/07\/20\/ideenexpo-organisatoren-loben-clausthaler-auftritt\/\" \/>\n<meta property=\"og:locale\" content=\"de_DE\" \/>\n<meta property=\"og:type\" content=\"article\" \/>\n<meta property=\"og:title\" content=\"IdeenExpo: Organisatoren loben Clausthaler Auftritt - Radio Leinewelle\" \/>\n<meta property=\"og:description\" content=\"Rund 70.000 Sch\u00fclerinnen, Sch\u00fcler und weitere Interessierte haben das Programm der Digitalen IdeenExpo verfolgt. Die TU pr\u00e4sentierte sich mit virtuellem Stand, Video und Liveschaltung in den Harz. Beim B\u00fchnenprogramm der Digitalen IdeenExpo auf dem Messegel\u00e4nde in Hannover nutzte die TU Clausthal ein Zeitfenster f\u00fcr ihren virtuellen Auftritt. Nach einem kurzen Video zum Studiengang Sportingenieurwesen schaltete [&hellip;]\" \/>\n<meta property=\"og:url\" content=\"https:\/\/radioleinewelle.de\/index.php\/2021\/07\/20\/ideenexpo-organisatoren-loben-clausthaler-auftritt\/\" \/>\n<meta property=\"og:site_name\" content=\"Radio Leinewelle\" \/>\n<meta property=\"article:publisher\" content=\"https:\/\/www.facebook.com\/radioleinewelle\" \/>\n<meta property=\"article:author\" content=\"https:\/\/www.facebook.com\/radioleinewelle\" \/>\n<meta property=\"article:published_time\" content=\"2021-07-20T02:51:00+00:00\" \/>\n<meta property=\"og:image\" content=\"https:\/\/radioleinewelle.de\/wp-content\/uploads\/2021\/07\/csm_Sommerloipe1_76011fdda6-e1626728060482.jpg\" \/>\n\t<meta property=\"og:image:width\" content=\"936\" \/>\n\t<meta property=\"og:image:height\" content=\"480\" \/>\n\t<meta property=\"og:image:type\" content=\"image\/jpeg\" \/>\n<meta name=\"author\" content=\"Leinewelle\" \/>\n<meta name=\"twitter:card\" content=\"summary_large_image\" \/>\n<meta name=\"twitter:creator\" content=\"@https:\/\/twitter.com\/RLeinewelle?ref_src=twsrcgoogletwcampserptwgrauthor\" \/>\n<meta name=\"twitter:site\" content=\"@RLeinewelle\" \/>\n<meta name=\"twitter:label1\" content=\"Verfasst von\" \/>\n\t<meta name=\"twitter:data1\" content=\"Leinewelle\" \/>\n\t<meta name=\"twitter:label2\" content=\"Gesch\u00e4tzte Lesezeit\" \/>\n\t<meta name=\"twitter:data2\" content=\"2\u00a0Minuten\" \/>\n<script type=\"application\/ld+json\" class=\"yoast-schema-graph\">{\"@context\":\"https:\\\/\\\/schema.org\",\"@graph\":[{\"@type\":\"Article\",\"@id\":\"https:\\\/\\\/radioleinewelle.de\\\/index.php\\\/2021\\\/07\\\/20\\\/ideenexpo-organisatoren-loben-clausthaler-auftritt\\\/#article\",\"isPartOf\":{\"@id\":\"https:\\\/\\\/radioleinewelle.de\\\/index.php\\\/2021\\\/07\\\/20\\\/ideenexpo-organisatoren-loben-clausthaler-auftritt\\\/\"},\"author\":{\"name\":\"Leinewelle\",\"@id\":\"https:\\\/\\\/radioleinewelle.de\\\/#\\\/schema\\\/person\\\/45606f348637df637192dc1b68399a63\"},\"headline\":\"IdeenExpo: Organisatoren loben Clausthaler Auftritt\",\"datePublished\":\"2021-07-20T02:51:00+00:00\",\"mainEntityOfPage\":{\"@id\":\"https:\\\/\\\/radioleinewelle.de\\\/index.php\\\/2021\\\/07\\\/20\\\/ideenexpo-organisatoren-loben-clausthaler-auftritt\\\/\"},\"wordCount\":327,\"publisher\":{\"@id\":\"https:\\\/\\\/radioleinewelle.de\\\/#organization\"},\"image\":{\"@id\":\"https:\\\/\\\/radioleinewelle.de\\\/index.php\\\/2021\\\/07\\\/20\\\/ideenexpo-organisatoren-loben-clausthaler-auftritt\\\/#primaryimage\"},\"thumbnailUrl\":\"https:\\\/\\\/radioleinewelle.de\\\/wp-content\\\/uploads\\\/2021\\\/07\\\/csm_Sommerloipe1_76011fdda6-e1626728060482.jpg\",\"keywords\":[\"IdeenExpo\",\"TU Clausthal\"],\"articleSection\":[\"Universit\u00e4t\"],\"inLanguage\":\"de\"},{\"@type\":\"WebPage\",\"@id\":\"https:\\\/\\\/radioleinewelle.de\\\/index.php\\\/2021\\\/07\\\/20\\\/ideenexpo-organisatoren-loben-clausthaler-auftritt\\\/\",\"url\":\"https:\\\/\\\/radioleinewelle.de\\\/index.php\\\/2021\\\/07\\\/20\\\/ideenexpo-organisatoren-loben-clausthaler-auftritt\\\/\",\"name\":\"IdeenExpo: Organisatoren loben Clausthaler Auftritt - Radio Leinewelle\",\"isPartOf\":{\"@id\":\"https:\\\/\\\/radioleinewelle.de\\\/#website\"},\"primaryImageOfPage\":{\"@id\":\"https:\\\/\\\/radioleinewelle.de\\\/index.php\\\/2021\\\/07\\\/20\\\/ideenexpo-organisatoren-loben-clausthaler-auftritt\\\/#primaryimage\"},\"image\":{\"@id\":\"https:\\\/\\\/radioleinewelle.de\\\/index.php\\\/2021\\\/07\\\/20\\\/ideenexpo-organisatoren-loben-clausthaler-auftritt\\\/#primaryimage\"},\"thumbnailUrl\":\"https:\\\/\\\/radioleinewelle.de\\\/wp-content\\\/uploads\\\/2021\\\/07\\\/csm_Sommerloipe1_76011fdda6-e1626728060482.jpg\",\"datePublished\":\"2021-07-20T02:51:00+00:00\",\"breadcrumb\":{\"@id\":\"https:\\\/\\\/radioleinewelle.de\\\/index.php\\\/2021\\\/07\\\/20\\\/ideenexpo-organisatoren-loben-clausthaler-auftritt\\\/#breadcrumb\"},\"inLanguage\":\"de\",\"potentialAction\":[{\"@type\":\"ReadAction\",\"target\":[\"https:\\\/\\\/radioleinewelle.de\\\/index.php\\\/2021\\\/07\\\/20\\\/ideenexpo-organisatoren-loben-clausthaler-auftritt\\\/\"]}]},{\"@type\":\"ImageObject\",\"inLanguage\":\"de\",\"@id\":\"https:\\\/\\\/radioleinewelle.de\\\/index.php\\\/2021\\\/07\\\/20\\\/ideenexpo-organisatoren-loben-clausthaler-auftritt\\\/#primaryimage\",\"url\":\"https:\\\/\\\/radioleinewelle.de\\\/wp-content\\\/uploads\\\/2021\\\/07\\\/csm_Sommerloipe1_76011fdda6-e1626728060482.jpg\",\"contentUrl\":\"https:\\\/\\\/radioleinewelle.de\\\/wp-content\\\/uploads\\\/2021\\\/07\\\/csm_Sommerloipe1_76011fdda6-e1626728060482.jpg\",\"width\":936,\"height\":480},{\"@type\":\"BreadcrumbList\",\"@id\":\"https:\\\/\\\/radioleinewelle.de\\\/index.php\\\/2021\\\/07\\\/20\\\/ideenexpo-organisatoren-loben-clausthaler-auftritt\\\/#breadcrumb\",\"itemListElement\":[{\"@type\":\"ListItem\",\"position\":1,\"name\":\"Startseite\",\"item\":\"https:\\\/\\\/radioleinewelle.de\\\/\"},{\"@type\":\"ListItem\",\"position\":2,\"name\":\"IdeenExpo: Organisatoren loben Clausthaler Auftritt\"}]},{\"@type\":\"WebSite\",\"@id\":\"https:\\\/\\\/radioleinewelle.de\\\/#website\",\"url\":\"https:\\\/\\\/radioleinewelle.de\\\/\",\"name\":\"Radio Leinewelle\",\"description\":\"\",\"publisher\":{\"@id\":\"https:\\\/\\\/radioleinewelle.de\\\/#organization\"},\"potentialAction\":[{\"@type\":\"SearchAction\",\"target\":{\"@type\":\"EntryPoint\",\"urlTemplate\":\"https:\\\/\\\/radioleinewelle.de\\\/?s={search_term_string}\"},\"query-input\":{\"@type\":\"PropertyValueSpecification\",\"valueRequired\":true,\"valueName\":\"search_term_string\"}}],\"inLanguage\":\"de\"},{\"@type\":\"Organization\",\"@id\":\"https:\\\/\\\/radioleinewelle.de\\\/#organization\",\"name\":\"Radio Leinewelle\",\"alternateName\":\"Mein Radio f\u00fcr S\u00fcdniedersachsen\",\"url\":\"https:\\\/\\\/radioleinewelle.de\\\/\",\"logo\":{\"@type\":\"ImageObject\",\"inLanguage\":\"de\",\"@id\":\"https:\\\/\\\/radioleinewelle.de\\\/#\\\/schema\\\/logo\\\/image\\\/\",\"url\":\"https:\\\/\\\/radioleinewelle.de\\\/wp-content\\\/uploads\\\/2023\\\/11\\\/cropped-Leinewelle_Logo_weiss.png\",\"contentUrl\":\"https:\\\/\\\/radioleinewelle.de\\\/wp-content\\\/uploads\\\/2023\\\/11\\\/cropped-Leinewelle_Logo_weiss.png\",\"width\":854,\"height\":260,\"caption\":\"Radio Leinewelle\"},\"image\":{\"@id\":\"https:\\\/\\\/radioleinewelle.de\\\/#\\\/schema\\\/logo\\\/image\\\/\"},\"sameAs\":[\"https:\\\/\\\/www.facebook.com\\\/radioleinewelle\",\"https:\\\/\\\/x.com\\\/RLeinewelle\",\"https:\\\/\\\/www.instagram.com\\\/radioleinewelle\\\/?hl=de\"]},{\"@type\":\"Person\",\"@id\":\"https:\\\/\\\/radioleinewelle.de\\\/#\\\/schema\\\/person\\\/45606f348637df637192dc1b68399a63\",\"name\":\"Leinewelle\",\"image\":{\"@type\":\"ImageObject\",\"inLanguage\":\"de\",\"@id\":\"https:\\\/\\\/secure.gravatar.com\\\/avatar\\\/05c9a17bc973052ee5d91549bd32fb4dd0dc85b7b85ae94b2e2b4943476bbea5?s=96&d=blank&r=g\",\"url\":\"https:\\\/\\\/secure.gravatar.com\\\/avatar\\\/05c9a17bc973052ee5d91549bd32fb4dd0dc85b7b85ae94b2e2b4943476bbea5?s=96&d=blank&r=g\",\"contentUrl\":\"https:\\\/\\\/secure.gravatar.com\\\/avatar\\\/05c9a17bc973052ee5d91549bd32fb4dd0dc85b7b85ae94b2e2b4943476bbea5?s=96&d=blank&r=g\",\"caption\":\"Leinewelle\"},\"sameAs\":[\"http:\\\/\\\/localhost\\\/radio%20leinewelle\\\/wordpress\",\"https:\\\/\\\/www.facebook.com\\\/radioleinewelle\",\"https:\\\/\\\/www.instagram.com\\\/radioleinewelle\",\"https:\\\/\\\/x.com\\\/https:\\\/\\\/twitter.com\\\/RLeinewelle?ref_src=twsrcgoogletwcampserptwgrauthor\",\"https:\\\/\\\/soundcloud.com\\\/foerderverein-lokalradio?utm_source=clipboard&utm_medium=text&utm_campaign=social_sharing\"],\"url\":\"https:\\\/\\\/radioleinewelle.de\\\/index.php\\\/author\\\/leinewelle\\\/\"}]}<\/script>\n<!-- \/ Yoast SEO plugin. -->","yoast_head_json":{"title":"IdeenExpo: Organisatoren loben Clausthaler Auftritt - Radio Leinewelle","robots":{"index":"index","follow":"follow","max-snippet":"max-snippet:-1","max-image-preview":"max-image-preview:large","max-video-preview":"max-video-preview:-1"},"canonical":"https:\/\/radioleinewelle.de\/index.php\/2021\/07\/20\/ideenexpo-organisatoren-loben-clausthaler-auftritt\/","og_locale":"de_DE","og_type":"article","og_title":"IdeenExpo: Organisatoren loben Clausthaler Auftritt - Radio Leinewelle","og_description":"Rund 70.000 Sch\u00fclerinnen, Sch\u00fcler und weitere Interessierte haben das Programm der Digitalen IdeenExpo verfolgt. Die TU pr\u00e4sentierte sich mit virtuellem Stand, Video und Liveschaltung in den Harz. Beim B\u00fchnenprogramm der Digitalen IdeenExpo auf dem Messegel\u00e4nde in Hannover nutzte die TU Clausthal ein Zeitfenster f\u00fcr ihren virtuellen Auftritt. Nach einem kurzen Video zum Studiengang Sportingenieurwesen schaltete [&hellip;]","og_url":"https:\/\/radioleinewelle.de\/index.php\/2021\/07\/20\/ideenexpo-organisatoren-loben-clausthaler-auftritt\/","og_site_name":"Radio Leinewelle","article_publisher":"https:\/\/www.facebook.com\/radioleinewelle","article_author":"https:\/\/www.facebook.com\/radioleinewelle","article_published_time":"2021-07-20T02:51:00+00:00","og_image":[{"width":936,"height":480,"url":"https:\/\/radioleinewelle.de\/wp-content\/uploads\/2021\/07\/csm_Sommerloipe1_76011fdda6-e1626728060482.jpg","type":"image\/jpeg"}],"author":"Leinewelle","twitter_card":"summary_large_image","twitter_creator":"@https:\/\/twitter.com\/RLeinewelle?ref_src=twsrcgoogletwcampserptwgrauthor","twitter_site":"@RLeinewelle","twitter_misc":{"Verfasst von":"Leinewelle","Gesch\u00e4tzte Lesezeit":"2\u00a0Minuten"},"schema":{"@context":"https:\/\/schema.org","@graph":[{"@type":"Article","@id":"https:\/\/radioleinewelle.de\/index.php\/2021\/07\/20\/ideenexpo-organisatoren-loben-clausthaler-auftritt\/#article","isPartOf":{"@id":"https:\/\/radioleinewelle.de\/index.php\/2021\/07\/20\/ideenexpo-organisatoren-loben-clausthaler-auftritt\/"},"author":{"name":"Leinewelle","@id":"https:\/\/radioleinewelle.de\/#\/schema\/person\/45606f348637df637192dc1b68399a63"},"headline":"IdeenExpo: Organisatoren loben Clausthaler Auftritt","datePublished":"2021-07-20T02:51:00+00:00","mainEntityOfPage":{"@id":"https:\/\/radioleinewelle.de\/index.php\/2021\/07\/20\/ideenexpo-organisatoren-loben-clausthaler-auftritt\/"},"wordCount":327,"publisher":{"@id":"https:\/\/radioleinewelle.de\/#organization"},"image":{"@id":"https:\/\/radioleinewelle.de\/index.php\/2021\/07\/20\/ideenexpo-organisatoren-loben-clausthaler-auftritt\/#primaryimage"},"thumbnailUrl":"https:\/\/radioleinewelle.de\/wp-content\/uploads\/2021\/07\/csm_Sommerloipe1_76011fdda6-e1626728060482.jpg","keywords":["IdeenExpo","TU Clausthal"],"articleSection":["Universit\u00e4t"],"inLanguage":"de"},{"@type":"WebPage","@id":"https:\/\/radioleinewelle.de\/index.php\/2021\/07\/20\/ideenexpo-organisatoren-loben-clausthaler-auftritt\/","url":"https:\/\/radioleinewelle.de\/index.php\/2021\/07\/20\/ideenexpo-organisatoren-loben-clausthaler-auftritt\/","name":"IdeenExpo: Organisatoren loben Clausthaler Auftritt - Radio Leinewelle","isPartOf":{"@id":"https:\/\/radioleinewelle.de\/#website"},"primaryImageOfPage":{"@id":"https:\/\/radioleinewelle.de\/index.php\/2021\/07\/20\/ideenexpo-organisatoren-loben-clausthaler-auftritt\/#primaryimage"},"image":{"@id":"https:\/\/radioleinewelle.de\/index.php\/2021\/07\/20\/ideenexpo-organisatoren-loben-clausthaler-auftritt\/#primaryimage"},"thumbnailUrl":"https:\/\/radioleinewelle.de\/wp-content\/uploads\/2021\/07\/csm_Sommerloipe1_76011fdda6-e1626728060482.jpg","datePublished":"2021-07-20T02:51:00+00:00","breadcrumb":{"@id":"https:\/\/radioleinewelle.de\/index.php\/2021\/07\/20\/ideenexpo-organisatoren-loben-clausthaler-auftritt\/#breadcrumb"},"inLanguage":"de","potentialAction":[{"@type":"ReadAction","target":["https:\/\/radioleinewelle.de\/index.php\/2021\/07\/20\/ideenexpo-organisatoren-loben-clausthaler-auftritt\/"]}]},{"@type":"ImageObject","inLanguage":"de","@id":"https:\/\/radioleinewelle.de\/index.php\/2021\/07\/20\/ideenexpo-organisatoren-loben-clausthaler-auftritt\/#primaryimage","url":"https:\/\/radioleinewelle.de\/wp-content\/uploads\/2021\/07\/csm_Sommerloipe1_76011fdda6-e1626728060482.jpg","contentUrl":"https:\/\/radioleinewelle.de\/wp-content\/uploads\/2021\/07\/csm_Sommerloipe1_76011fdda6-e1626728060482.jpg","width":936,"height":480},{"@type":"BreadcrumbList","@id":"https:\/\/radioleinewelle.de\/index.php\/2021\/07\/20\/ideenexpo-organisatoren-loben-clausthaler-auftritt\/#breadcrumb","itemListElement":[{"@type":"ListItem","position":1,"name":"Startseite","item":"https:\/\/radioleinewelle.de\/"},{"@type":"ListItem","position":2,"name":"IdeenExpo: Organisatoren loben Clausthaler Auftritt"}]},{"@type":"WebSite","@id":"https:\/\/radioleinewelle.de\/#website","url":"https:\/\/radioleinewelle.de\/","name":"Radio Leinewelle","description":"","publisher":{"@id":"https:\/\/radioleinewelle.de\/#organization"},"potentialAction":[{"@type":"SearchAction","target":{"@type":"EntryPoint","urlTemplate":"https:\/\/radioleinewelle.de\/?s={search_term_string}"},"query-input":{"@type":"PropertyValueSpecification","valueRequired":true,"valueName":"search_term_string"}}],"inLanguage":"de"},{"@type":"Organization","@id":"https:\/\/radioleinewelle.de\/#organization","name":"Radio Leinewelle","alternateName":"Mein Radio f\u00fcr S\u00fcdniedersachsen","url":"https:\/\/radioleinewelle.de\/","logo":{"@type":"ImageObject","inLanguage":"de","@id":"https:\/\/radioleinewelle.de\/#\/schema\/logo\/image\/","url":"https:\/\/radioleinewelle.de\/wp-content\/uploads\/2023\/11\/cropped-Leinewelle_Logo_weiss.png","contentUrl":"https:\/\/radioleinewelle.de\/wp-content\/uploads\/2023\/11\/cropped-Leinewelle_Logo_weiss.png","width":854,"height":260,"caption":"Radio Leinewelle"},"image":{"@id":"https:\/\/radioleinewelle.de\/#\/schema\/logo\/image\/"},"sameAs":["https:\/\/www.facebook.com\/radioleinewelle","https:\/\/x.com\/RLeinewelle","https:\/\/www.instagram.com\/radioleinewelle\/?hl=de"]},{"@type":"Person","@id":"https:\/\/radioleinewelle.de\/#\/schema\/person\/45606f348637df637192dc1b68399a63","name":"Leinewelle","image":{"@type":"ImageObject","inLanguage":"de","@id":"https:\/\/secure.gravatar.com\/avatar\/05c9a17bc973052ee5d91549bd32fb4dd0dc85b7b85ae94b2e2b4943476bbea5?s=96&d=blank&r=g","url":"https:\/\/secure.gravatar.com\/avatar\/05c9a17bc973052ee5d91549bd32fb4dd0dc85b7b85ae94b2e2b4943476bbea5?s=96&d=blank&r=g","contentUrl":"https:\/\/secure.gravatar.com\/avatar\/05c9a17bc973052ee5d91549bd32fb4dd0dc85b7b85ae94b2e2b4943476bbea5?s=96&d=blank&r=g","caption":"Leinewelle"},"sameAs":["http:\/\/localhost\/radio%20leinewelle\/wordpress","https:\/\/www.facebook.com\/radioleinewelle","https:\/\/www.instagram.com\/radioleinewelle","https:\/\/x.com\/https:\/\/twitter.com\/RLeinewelle?ref_src=twsrcgoogletwcampserptwgrauthor","https:\/\/soundcloud.com\/foerderverein-lokalradio?utm_source=clipboard&utm_medium=text&utm_campaign=social_sharing"],"url":"https:\/\/radioleinewelle.de\/index.php\/author\/leinewelle\/"}]}},"_links":{"self":[{"href":"https:\/\/radioleinewelle.de\/index.php\/wp-json\/wp\/v2\/posts\/9467","targetHints":{"allow":["GET"]}}],"collection":[{"href":"https:\/\/radioleinewelle.de\/index.php\/wp-json\/wp\/v2\/posts"}],"about":[{"href":"https:\/\/radioleinewelle.de\/index.php\/wp-json\/wp\/v2\/types\/post"}],"author":[{"embeddable":true,"href":"https:\/\/radioleinewelle.de\/index.php\/wp-json\/wp\/v2\/users\/1"}],"replies":[{"embeddable":true,"href":"https:\/\/radioleinewelle.de\/index.php\/wp-json\/wp\/v2\/comments?post=9467"}],"version-history":[{"count":0,"href":"https:\/\/radioleinewelle.de\/index.php\/wp-json\/wp\/v2\/posts\/9467\/revisions"}],"wp:featuredmedia":[{"embeddable":true,"href":"https:\/\/radioleinewelle.de\/index.php\/wp-json\/wp\/v2\/media\/9471"}],"wp:attachment":[{"href":"https:\/\/radioleinewelle.de\/index.php\/wp-json\/wp\/v2\/media?parent=9467"}],"wp:term":[{"taxonomy":"category","embeddable":true,"href":"https:\/\/radioleinewelle.de\/index.php\/wp-json\/wp\/v2\/categories?post=9467"},{"taxonomy":"post_tag","embeddable":true,"href":"https:\/\/radioleinewelle.de\/index.php\/wp-json\/wp\/v2\/tags?post=9467"}],"curies":[{"name":"wp","href":"https:\/\/api.w.org\/{rel}","templated":true}]}}