{"id":9486,"date":"2021-07-20T08:34:52","date_gmt":"2021-07-20T06:34:52","guid":{"rendered":"https:\/\/radioleinewelle.de\/?p=9486"},"modified":"2021-07-20T08:34:52","modified_gmt":"2021-07-20T06:34:52","slug":"kreuzberg-on-kultour-e-v-fuer-den-deutschen-engagementpreis-2021-nominiert","status":"publish","type":"post","link":"https:\/\/radioleinewelle.de\/index.php\/2021\/07\/20\/kreuzberg-on-kultour-e-v-fuer-den-deutschen-engagementpreis-2021-nominiert\/","title":{"rendered":"Kreuzberg on KulTour e.V. f\u00fcr den Deutschen Engagementpreis 2021 nominiert"},"content":{"rendered":"\n<p>Der&nbsp;G\u00f6ttinger&nbsp;Kreuzberg on&nbsp;KulTour&nbsp;e.V.&nbsp;wurde aktuell&nbsp;von der Nieders\u00e4chsischen Staatskanzlei f\u00fcr den&nbsp;Deutschen&nbsp;Engagementpreis&nbsp;2021&nbsp;nominiert.&nbsp;Zuvor&nbsp;wurde der Verein&nbsp;bereits mit dem&nbsp;Niedersachsenpreis f\u00fcr B\u00fcrgerengagement \u201cunbezahlbar &amp; freiwillig\u201d 2020&nbsp;ausgezeichnet&nbsp;und&nbsp;ist dabei&nbsp;aus rund 360 Bewerbungen als Preistr\u00e4ger hervor gegangen. Nun geht der&nbsp;Kreuzberg on&nbsp;KulTour&nbsp;e.V.&nbsp;ins Rennen um den&nbsp;\u201ePreis der Preise f\u00fcr freiwilliges Engagement\u201c. Ausgezeichnet wurde der&nbsp;Verein&nbsp;f\u00fcr&nbsp;sein&nbsp;herausragendes&nbsp;Engagement im Bereich&nbsp;Kultur.&nbsp;Der besondere Einsatz f\u00fcr&nbsp;die Kulturszene in S\u00fcdniedersachsen&nbsp;erf\u00e4hrt durch die Nominierung&nbsp;der Landesregierung&nbsp;eine weitere hochrangige Anerkennung.&nbsp;&nbsp;<\/p>\n\n\n\n<p><em>\u201cSeit fast zw\u00f6lf Jahren engagieren wir uns rein ehrenamtlich in der regionalen Kulturszene. Inzwischen&nbsp;sind wir mit unseren Aktivit\u00e4ten&nbsp;nicht mehr nur auf das Stadtgebiet G\u00f6ttingen beschr\u00e4nkt,&nbsp;sondern sind in ganz S\u00fcdniedersachsen aktiv, um&nbsp;dadurch&nbsp;regionale Musiker, Veranstalter und Lokalit\u00e4ten zu unterst\u00fctzen. Bereits die Auszeichnung mit dem Niedersachsenpreis f\u00fcr B\u00fcrgerengagement war eine wundervolle Ehrung unseres jahrelangen und unerm\u00fcdlichen Engagements und die Nominierung f\u00fcr den&nbsp;<\/em><em>Deutschen&nbsp;Engagementpreis&nbsp;2021&nbsp;ist eine Steigerung, mit der wir nicht gerechnet haben\u201d<\/em>, freut sich Klaus&nbsp;Wi\u00dfmann, 1. Vorsitzender des Kreuzberg on&nbsp;KulTour&nbsp;e.V.&nbsp;<\/p>\n\n\n\n<p>Dana Rotter, 2. Vorsitzende, erg\u00e4nzt:&nbsp;<em>\u201cSeit der Vereinsgr\u00fcndung 2009 haben wir&nbsp;uns&nbsp;mit viel Herzblut&nbsp;f\u00fcr die Kulturszene in S\u00fcdniedersachsen eingesetzt. Dabei ist eine wunderbare Community entstanden, die besonders w\u00e4hrend der Pandemie noch st\u00e4rker zusammengewachsen ist, sich gegenseitig&nbsp;unterst\u00fctzt und&nbsp;uns zuversichtlich in die Zukunft blicken l\u00e4sst.\u201d<\/em>&nbsp;<\/p>\n\n\n\n<p>Der Kreuzberg on&nbsp;KulTour&nbsp;e.V. hat die Chance bei der feierlichen Preisverleihung des Deutschen&nbsp;Engagementpreises&nbsp;am 2. Dezember 2021 in Berlin geehrt zu werden. Auf die Gewinnerinnen und Gewinner der f\u00fcnf Kategorien&nbsp;\u201eChancen schaffen\u201c,&nbsp;\u201eLeben bewahren\u201c,&nbsp;\u201eGenerationen verbinden\u201c,&nbsp;\u201eGrenzen \u00fcberwinden\u201c&nbsp;und&nbsp;\u201eDemokratie st\u00e4rken\u201c&nbsp;warten Preisgelder in H\u00f6he von je 5.000 Euro. Eine Experten-Jury bestimmt die Preistr\u00e4gerinnen und Preistr\u00e4ger dieser Kategorien. \u00dcber den mit 10.000 Euro dotierten Publikumspreis stimmen die B\u00fcrgerinnen und B\u00fcrger im Herbst 2020&nbsp;bundesweit&nbsp;online unter&nbsp;<a href=\"http:\/\/www.deutscher-engagementpreis.de\/\" target=\"_blank\" rel=\"noreferrer noopener\">www.deutscher-engagementpreis.de<\/a>&nbsp;ab.&nbsp;&nbsp;<\/p>\n\n\n\n<p>Seit \u00fcber einem Jahrzehnt setzt der Kreuzberg on&nbsp;KulTour&nbsp;e.V. die Schwerpunkte seiner Arbeit auf Planung und Durchf\u00fchrung von Konzerten (einzeln und als S\u00fcdniedersachsentouren), die F\u00f6rderung von Nachwuchsmusikern unabh\u00e4ngig von deren Alter, das Generieren und Unterst\u00fctzen von Spielst\u00e4tten sowie Netzwerkarbeit in ganz S\u00fcdniedersachsen f\u00fcr vor allem K\u00fcnstler und Veranstaltungslokalit\u00e4ten.&nbsp;<\/p>\n\n\n\n<p>Das neueste Projekt des Vereins ist die&nbsp;Internetseite&nbsp;<a href=\"http:\/\/www.kulturmarkt-s\u00fcdniedersachsen.de\">www.kulturmarkt-s\u00fcdniedersachsen.de<\/a>, welche gerade programmiert wird,&nbsp;um so Kulturschaffenden (von Musiker*innen, \u00fcber&nbsp;Autor*innen, bis hin zu Fotograf*innen) eine M\u00f6glichkeit zu bieten,&nbsp;ihre Werke geb\u00fcndelt an einem Ort regional&nbsp;bis weltweit&nbsp;zum Verkauf anzubieten. So soll die Kulturwirtschaft der Region S\u00fcdniedersachsen&nbsp;eine weitere St\u00e4rkung erfahren.&nbsp;<\/p>\n\n\n\n<p><strong>\u00dcber&nbsp;den&nbsp;Deutschen&nbsp;Engagementpreis&nbsp;<\/strong>&nbsp;<\/p>\n\n\n\n<p>Der Deutsche&nbsp;Engagementpreis&nbsp;ist der Dachpreis f\u00fcr b\u00fcrgerschaftliches Engagement in Deutschland. Er w\u00fcrdigt das freiwillige Engagement von Menschen in unserem Land und all jene, die dieses Engagement durch die Verleihung von Preisen unterst\u00fctzen. Rund 700 Wettbewerbe und Preise gibt es in Deutschland f\u00fcr freiwilliges Engagement. Sie k\u00f6nnen ihre Preistr\u00e4gerinnen und Preistr\u00e4ger f\u00fcr den Deutschen&nbsp;Engagementpreis&nbsp;nominieren. Ziel ist es, die Anerkennungskultur in Deutschland zu st\u00e4rken und mehr Menschen f\u00fcr freiwilliges Engagement zu begeistern.&nbsp;<\/p>\n\n\n\n<p>Initiator und Tr\u00e4ger des seit 2009 vergebenen Deutschen&nbsp;Engagementpreises&nbsp;ist das B\u00fcndnis f\u00fcr Gemeinn\u00fctzigkeit, ein Zusammenschluss von gro\u00dfen Dachverb\u00e4nden und unabh\u00e4ngigen Organisationen des Dritten Sektors sowie von Experten und Wissenschaftlern in Deutschland. F\u00f6rderer sind das Bundesministerium f\u00fcr Familie, Senioren, Frauen und Jugend, die Deutsche Fernsehlotterie und die Deutsche Bahn Stiftung.&nbsp;<\/p>\n\n\n\n<p>Mehr Informationen:&nbsp;<a href=\"http:\/\/www.deutscher-engagementpreis.de\/\" target=\"_blank\" rel=\"noreferrer noopener\">www.deutscher-engagementpreis.de<\/a>&nbsp;<\/p>\n","protected":false},"excerpt":{"rendered":"<p>Der&nbsp;G\u00f6ttinger&nbsp;Kreuzberg on&nbsp;KulTour&nbsp;e.V.&nbsp;wurde aktuell&nbsp;von der Nieders\u00e4chsischen Staatskanzlei f\u00fcr den&nbsp;Deutschen&nbsp;Engagementpreis&nbsp;2021&nbsp;nominiert.&nbsp;Zuvor&nbsp;wurde der Verein&nbsp;bereits mit dem&nbsp;Niedersachsenpreis f\u00fcr B\u00fcrgerengagement \u201cunbezahlbar &amp; freiwillig\u201d 2020&nbsp;ausgezeichnet&nbsp;und&nbsp;ist dabei&nbsp;aus rund 360 Bewerbungen als Preistr\u00e4ger hervor gegangen. Nun geht der&nbsp;Kreuzberg on&nbsp;KulTour&nbsp;e.V.&nbsp;ins Rennen um den&nbsp;\u201ePreis der Preise f\u00fcr freiwilliges Engagement\u201c. Ausgezeichnet wurde der&nbsp;Verein&nbsp;f\u00fcr&nbsp;sein&nbsp;herausragendes&nbsp;Engagement im Bereich&nbsp;Kultur.&nbsp;Der besondere Einsatz f\u00fcr&nbsp;die Kulturszene in S\u00fcdniedersachsen&nbsp;erf\u00e4hrt durch die Nominierung&nbsp;der Landesregierung&nbsp;eine weitere hochrangige [&hellip;]<\/p>\n","protected":false},"author":1,"featured_media":0,"comment_status":"closed","ping_status":"closed","sticky":false,"template":"","format":"standard","meta":{"saved_in_kubio":false,"footnotes":""},"categories":[45],"tags":[],"class_list":["post-9486","post","type-post","status-publish","format-standard","hentry","category-kultur"],"yoast_head":"<!-- This site is optimized with the Yoast SEO plugin v27.5 - https:\/\/yoast.com\/product\/yoast-seo-wordpress\/ -->\n<title>Kreuzberg on KulTour e.V. f\u00fcr den Deutschen Engagementpreis 2021 nominiert - Radio Leinewelle<\/title>\n<meta name=\"robots\" content=\"index, follow, max-snippet:-1, max-image-preview:large, max-video-preview:-1\" \/>\n<link rel=\"canonical\" href=\"https:\/\/radioleinewelle.de\/index.php\/2021\/07\/20\/kreuzberg-on-kultour-e-v-fuer-den-deutschen-engagementpreis-2021-nominiert\/\" \/>\n<meta property=\"og:locale\" content=\"de_DE\" \/>\n<meta property=\"og:type\" content=\"article\" \/>\n<meta property=\"og:title\" content=\"Kreuzberg on KulTour e.V. f\u00fcr den Deutschen Engagementpreis 2021 nominiert - Radio Leinewelle\" \/>\n<meta property=\"og:description\" content=\"Der&nbsp;G\u00f6ttinger&nbsp;Kreuzberg on&nbsp;KulTour&nbsp;e.V.&nbsp;wurde aktuell&nbsp;von der Nieders\u00e4chsischen Staatskanzlei f\u00fcr den&nbsp;Deutschen&nbsp;Engagementpreis&nbsp;2021&nbsp;nominiert.&nbsp;Zuvor&nbsp;wurde der Verein&nbsp;bereits mit dem&nbsp;Niedersachsenpreis f\u00fcr B\u00fcrgerengagement \u201cunbezahlbar &amp; freiwillig\u201d 2020&nbsp;ausgezeichnet&nbsp;und&nbsp;ist dabei&nbsp;aus rund 360 Bewerbungen als Preistr\u00e4ger hervor gegangen. Nun geht der&nbsp;Kreuzberg on&nbsp;KulTour&nbsp;e.V.&nbsp;ins Rennen um den&nbsp;\u201ePreis der Preise f\u00fcr freiwilliges Engagement\u201c. Ausgezeichnet wurde der&nbsp;Verein&nbsp;f\u00fcr&nbsp;sein&nbsp;herausragendes&nbsp;Engagement im Bereich&nbsp;Kultur.&nbsp;Der besondere Einsatz f\u00fcr&nbsp;die Kulturszene in S\u00fcdniedersachsen&nbsp;erf\u00e4hrt durch die Nominierung&nbsp;der Landesregierung&nbsp;eine weitere hochrangige [&hellip;]\" \/>\n<meta property=\"og:url\" content=\"https:\/\/radioleinewelle.de\/index.php\/2021\/07\/20\/kreuzberg-on-kultour-e-v-fuer-den-deutschen-engagementpreis-2021-nominiert\/\" \/>\n<meta property=\"og:site_name\" content=\"Radio Leinewelle\" \/>\n<meta property=\"article:publisher\" content=\"https:\/\/www.facebook.com\/radioleinewelle\" \/>\n<meta property=\"article:author\" content=\"https:\/\/www.facebook.com\/radioleinewelle\" \/>\n<meta property=\"article:published_time\" content=\"2021-07-20T06:34:52+00:00\" \/>\n<meta name=\"author\" content=\"Leinewelle\" \/>\n<meta name=\"twitter:card\" content=\"summary_large_image\" \/>\n<meta name=\"twitter:creator\" content=\"@https:\/\/twitter.com\/RLeinewelle?ref_src=twsrcgoogletwcampserptwgrauthor\" \/>\n<meta name=\"twitter:site\" content=\"@RLeinewelle\" \/>\n<meta name=\"twitter:label1\" content=\"Verfasst von\" \/>\n\t<meta name=\"twitter:data1\" content=\"Leinewelle\" \/>\n\t<meta name=\"twitter:label2\" content=\"Gesch\u00e4tzte Lesezeit\" \/>\n\t<meta name=\"twitter:data2\" content=\"2\u00a0Minuten\" \/>\n<script type=\"application\/ld+json\" class=\"yoast-schema-graph\">{\"@context\":\"https:\\\/\\\/schema.org\",\"@graph\":[{\"@type\":\"Article\",\"@id\":\"https:\\\/\\\/radioleinewelle.de\\\/index.php\\\/2021\\\/07\\\/20\\\/kreuzberg-on-kultour-e-v-fuer-den-deutschen-engagementpreis-2021-nominiert\\\/#article\",\"isPartOf\":{\"@id\":\"https:\\\/\\\/radioleinewelle.de\\\/index.php\\\/2021\\\/07\\\/20\\\/kreuzberg-on-kultour-e-v-fuer-den-deutschen-engagementpreis-2021-nominiert\\\/\"},\"author\":{\"name\":\"Leinewelle\",\"@id\":\"https:\\\/\\\/radioleinewelle.de\\\/#\\\/schema\\\/person\\\/45606f348637df637192dc1b68399a63\"},\"headline\":\"Kreuzberg on KulTour e.V. f\u00fcr den Deutschen Engagementpreis 2021 nominiert\",\"datePublished\":\"2021-07-20T06:34:52+00:00\",\"mainEntityOfPage\":{\"@id\":\"https:\\\/\\\/radioleinewelle.de\\\/index.php\\\/2021\\\/07\\\/20\\\/kreuzberg-on-kultour-e-v-fuer-den-deutschen-engagementpreis-2021-nominiert\\\/\"},\"wordCount\":718,\"publisher\":{\"@id\":\"https:\\\/\\\/radioleinewelle.de\\\/#organization\"},\"articleSection\":[\"Kultur\"],\"inLanguage\":\"de\"},{\"@type\":\"WebPage\",\"@id\":\"https:\\\/\\\/radioleinewelle.de\\\/index.php\\\/2021\\\/07\\\/20\\\/kreuzberg-on-kultour-e-v-fuer-den-deutschen-engagementpreis-2021-nominiert\\\/\",\"url\":\"https:\\\/\\\/radioleinewelle.de\\\/index.php\\\/2021\\\/07\\\/20\\\/kreuzberg-on-kultour-e-v-fuer-den-deutschen-engagementpreis-2021-nominiert\\\/\",\"name\":\"Kreuzberg on KulTour e.V. f\u00fcr den Deutschen Engagementpreis 2021 nominiert - Radio Leinewelle\",\"isPartOf\":{\"@id\":\"https:\\\/\\\/radioleinewelle.de\\\/#website\"},\"datePublished\":\"2021-07-20T06:34:52+00:00\",\"breadcrumb\":{\"@id\":\"https:\\\/\\\/radioleinewelle.de\\\/index.php\\\/2021\\\/07\\\/20\\\/kreuzberg-on-kultour-e-v-fuer-den-deutschen-engagementpreis-2021-nominiert\\\/#breadcrumb\"},\"inLanguage\":\"de\",\"potentialAction\":[{\"@type\":\"ReadAction\",\"target\":[\"https:\\\/\\\/radioleinewelle.de\\\/index.php\\\/2021\\\/07\\\/20\\\/kreuzberg-on-kultour-e-v-fuer-den-deutschen-engagementpreis-2021-nominiert\\\/\"]}]},{\"@type\":\"BreadcrumbList\",\"@id\":\"https:\\\/\\\/radioleinewelle.de\\\/index.php\\\/2021\\\/07\\\/20\\\/kreuzberg-on-kultour-e-v-fuer-den-deutschen-engagementpreis-2021-nominiert\\\/#breadcrumb\",\"itemListElement\":[{\"@type\":\"ListItem\",\"position\":1,\"name\":\"Startseite\",\"item\":\"https:\\\/\\\/radioleinewelle.de\\\/\"},{\"@type\":\"ListItem\",\"position\":2,\"name\":\"Kreuzberg on KulTour e.V. f\u00fcr den Deutschen Engagementpreis 2021 nominiert\"}]},{\"@type\":\"WebSite\",\"@id\":\"https:\\\/\\\/radioleinewelle.de\\\/#website\",\"url\":\"https:\\\/\\\/radioleinewelle.de\\\/\",\"name\":\"Radio Leinewelle\",\"description\":\"\",\"publisher\":{\"@id\":\"https:\\\/\\\/radioleinewelle.de\\\/#organization\"},\"potentialAction\":[{\"@type\":\"SearchAction\",\"target\":{\"@type\":\"EntryPoint\",\"urlTemplate\":\"https:\\\/\\\/radioleinewelle.de\\\/?s={search_term_string}\"},\"query-input\":{\"@type\":\"PropertyValueSpecification\",\"valueRequired\":true,\"valueName\":\"search_term_string\"}}],\"inLanguage\":\"de\"},{\"@type\":\"Organization\",\"@id\":\"https:\\\/\\\/radioleinewelle.de\\\/#organization\",\"name\":\"Radio Leinewelle\",\"alternateName\":\"Mein Radio f\u00fcr S\u00fcdniedersachsen\",\"url\":\"https:\\\/\\\/radioleinewelle.de\\\/\",\"logo\":{\"@type\":\"ImageObject\",\"inLanguage\":\"de\",\"@id\":\"https:\\\/\\\/radioleinewelle.de\\\/#\\\/schema\\\/logo\\\/image\\\/\",\"url\":\"https:\\\/\\\/radioleinewelle.de\\\/wp-content\\\/uploads\\\/2023\\\/11\\\/cropped-Leinewelle_Logo_weiss.png\",\"contentUrl\":\"https:\\\/\\\/radioleinewelle.de\\\/wp-content\\\/uploads\\\/2023\\\/11\\\/cropped-Leinewelle_Logo_weiss.png\",\"width\":854,\"height\":260,\"caption\":\"Radio Leinewelle\"},\"image\":{\"@id\":\"https:\\\/\\\/radioleinewelle.de\\\/#\\\/schema\\\/logo\\\/image\\\/\"},\"sameAs\":[\"https:\\\/\\\/www.facebook.com\\\/radioleinewelle\",\"https:\\\/\\\/x.com\\\/RLeinewelle\",\"https:\\\/\\\/www.instagram.com\\\/radioleinewelle\\\/?hl=de\"]},{\"@type\":\"Person\",\"@id\":\"https:\\\/\\\/radioleinewelle.de\\\/#\\\/schema\\\/person\\\/45606f348637df637192dc1b68399a63\",\"name\":\"Leinewelle\",\"image\":{\"@type\":\"ImageObject\",\"inLanguage\":\"de\",\"@id\":\"https:\\\/\\\/secure.gravatar.com\\\/avatar\\\/05c9a17bc973052ee5d91549bd32fb4dd0dc85b7b85ae94b2e2b4943476bbea5?s=96&d=blank&r=g\",\"url\":\"https:\\\/\\\/secure.gravatar.com\\\/avatar\\\/05c9a17bc973052ee5d91549bd32fb4dd0dc85b7b85ae94b2e2b4943476bbea5?s=96&d=blank&r=g\",\"contentUrl\":\"https:\\\/\\\/secure.gravatar.com\\\/avatar\\\/05c9a17bc973052ee5d91549bd32fb4dd0dc85b7b85ae94b2e2b4943476bbea5?s=96&d=blank&r=g\",\"caption\":\"Leinewelle\"},\"sameAs\":[\"http:\\\/\\\/localhost\\\/radio%20leinewelle\\\/wordpress\",\"https:\\\/\\\/www.facebook.com\\\/radioleinewelle\",\"https:\\\/\\\/www.instagram.com\\\/radioleinewelle\",\"https:\\\/\\\/x.com\\\/https:\\\/\\\/twitter.com\\\/RLeinewelle?ref_src=twsrcgoogletwcampserptwgrauthor\",\"https:\\\/\\\/soundcloud.com\\\/foerderverein-lokalradio?utm_source=clipboard&utm_medium=text&utm_campaign=social_sharing\"],\"url\":\"https:\\\/\\\/radioleinewelle.de\\\/index.php\\\/author\\\/leinewelle\\\/\"}]}<\/script>\n<!-- \/ Yoast SEO plugin. -->","yoast_head_json":{"title":"Kreuzberg on KulTour e.V. f\u00fcr den Deutschen Engagementpreis 2021 nominiert - Radio Leinewelle","robots":{"index":"index","follow":"follow","max-snippet":"max-snippet:-1","max-image-preview":"max-image-preview:large","max-video-preview":"max-video-preview:-1"},"canonical":"https:\/\/radioleinewelle.de\/index.php\/2021\/07\/20\/kreuzberg-on-kultour-e-v-fuer-den-deutschen-engagementpreis-2021-nominiert\/","og_locale":"de_DE","og_type":"article","og_title":"Kreuzberg on KulTour e.V. f\u00fcr den Deutschen Engagementpreis 2021 nominiert - Radio Leinewelle","og_description":"Der&nbsp;G\u00f6ttinger&nbsp;Kreuzberg on&nbsp;KulTour&nbsp;e.V.&nbsp;wurde aktuell&nbsp;von der Nieders\u00e4chsischen Staatskanzlei f\u00fcr den&nbsp;Deutschen&nbsp;Engagementpreis&nbsp;2021&nbsp;nominiert.&nbsp;Zuvor&nbsp;wurde der Verein&nbsp;bereits mit dem&nbsp;Niedersachsenpreis f\u00fcr B\u00fcrgerengagement \u201cunbezahlbar &amp; freiwillig\u201d 2020&nbsp;ausgezeichnet&nbsp;und&nbsp;ist dabei&nbsp;aus rund 360 Bewerbungen als Preistr\u00e4ger hervor gegangen. Nun geht der&nbsp;Kreuzberg on&nbsp;KulTour&nbsp;e.V.&nbsp;ins Rennen um den&nbsp;\u201ePreis der Preise f\u00fcr freiwilliges Engagement\u201c. Ausgezeichnet wurde der&nbsp;Verein&nbsp;f\u00fcr&nbsp;sein&nbsp;herausragendes&nbsp;Engagement im Bereich&nbsp;Kultur.&nbsp;Der besondere Einsatz f\u00fcr&nbsp;die Kulturszene in S\u00fcdniedersachsen&nbsp;erf\u00e4hrt durch die Nominierung&nbsp;der Landesregierung&nbsp;eine weitere hochrangige [&hellip;]","og_url":"https:\/\/radioleinewelle.de\/index.php\/2021\/07\/20\/kreuzberg-on-kultour-e-v-fuer-den-deutschen-engagementpreis-2021-nominiert\/","og_site_name":"Radio Leinewelle","article_publisher":"https:\/\/www.facebook.com\/radioleinewelle","article_author":"https:\/\/www.facebook.com\/radioleinewelle","article_published_time":"2021-07-20T06:34:52+00:00","author":"Leinewelle","twitter_card":"summary_large_image","twitter_creator":"@https:\/\/twitter.com\/RLeinewelle?ref_src=twsrcgoogletwcampserptwgrauthor","twitter_site":"@RLeinewelle","twitter_misc":{"Verfasst von":"Leinewelle","Gesch\u00e4tzte Lesezeit":"2\u00a0Minuten"},"schema":{"@context":"https:\/\/schema.org","@graph":[{"@type":"Article","@id":"https:\/\/radioleinewelle.de\/index.php\/2021\/07\/20\/kreuzberg-on-kultour-e-v-fuer-den-deutschen-engagementpreis-2021-nominiert\/#article","isPartOf":{"@id":"https:\/\/radioleinewelle.de\/index.php\/2021\/07\/20\/kreuzberg-on-kultour-e-v-fuer-den-deutschen-engagementpreis-2021-nominiert\/"},"author":{"name":"Leinewelle","@id":"https:\/\/radioleinewelle.de\/#\/schema\/person\/45606f348637df637192dc1b68399a63"},"headline":"Kreuzberg on KulTour e.V. f\u00fcr den Deutschen Engagementpreis 2021 nominiert","datePublished":"2021-07-20T06:34:52+00:00","mainEntityOfPage":{"@id":"https:\/\/radioleinewelle.de\/index.php\/2021\/07\/20\/kreuzberg-on-kultour-e-v-fuer-den-deutschen-engagementpreis-2021-nominiert\/"},"wordCount":718,"publisher":{"@id":"https:\/\/radioleinewelle.de\/#organization"},"articleSection":["Kultur"],"inLanguage":"de"},{"@type":"WebPage","@id":"https:\/\/radioleinewelle.de\/index.php\/2021\/07\/20\/kreuzberg-on-kultour-e-v-fuer-den-deutschen-engagementpreis-2021-nominiert\/","url":"https:\/\/radioleinewelle.de\/index.php\/2021\/07\/20\/kreuzberg-on-kultour-e-v-fuer-den-deutschen-engagementpreis-2021-nominiert\/","name":"Kreuzberg on KulTour e.V. f\u00fcr den Deutschen Engagementpreis 2021 nominiert - Radio Leinewelle","isPartOf":{"@id":"https:\/\/radioleinewelle.de\/#website"},"datePublished":"2021-07-20T06:34:52+00:00","breadcrumb":{"@id":"https:\/\/radioleinewelle.de\/index.php\/2021\/07\/20\/kreuzberg-on-kultour-e-v-fuer-den-deutschen-engagementpreis-2021-nominiert\/#breadcrumb"},"inLanguage":"de","potentialAction":[{"@type":"ReadAction","target":["https:\/\/radioleinewelle.de\/index.php\/2021\/07\/20\/kreuzberg-on-kultour-e-v-fuer-den-deutschen-engagementpreis-2021-nominiert\/"]}]},{"@type":"BreadcrumbList","@id":"https:\/\/radioleinewelle.de\/index.php\/2021\/07\/20\/kreuzberg-on-kultour-e-v-fuer-den-deutschen-engagementpreis-2021-nominiert\/#breadcrumb","itemListElement":[{"@type":"ListItem","position":1,"name":"Startseite","item":"https:\/\/radioleinewelle.de\/"},{"@type":"ListItem","position":2,"name":"Kreuzberg on KulTour e.V. f\u00fcr den Deutschen Engagementpreis 2021 nominiert"}]},{"@type":"WebSite","@id":"https:\/\/radioleinewelle.de\/#website","url":"https:\/\/radioleinewelle.de\/","name":"Radio Leinewelle","description":"","publisher":{"@id":"https:\/\/radioleinewelle.de\/#organization"},"potentialAction":[{"@type":"SearchAction","target":{"@type":"EntryPoint","urlTemplate":"https:\/\/radioleinewelle.de\/?s={search_term_string}"},"query-input":{"@type":"PropertyValueSpecification","valueRequired":true,"valueName":"search_term_string"}}],"inLanguage":"de"},{"@type":"Organization","@id":"https:\/\/radioleinewelle.de\/#organization","name":"Radio Leinewelle","alternateName":"Mein Radio f\u00fcr S\u00fcdniedersachsen","url":"https:\/\/radioleinewelle.de\/","logo":{"@type":"ImageObject","inLanguage":"de","@id":"https:\/\/radioleinewelle.de\/#\/schema\/logo\/image\/","url":"https:\/\/radioleinewelle.de\/wp-content\/uploads\/2023\/11\/cropped-Leinewelle_Logo_weiss.png","contentUrl":"https:\/\/radioleinewelle.de\/wp-content\/uploads\/2023\/11\/cropped-Leinewelle_Logo_weiss.png","width":854,"height":260,"caption":"Radio Leinewelle"},"image":{"@id":"https:\/\/radioleinewelle.de\/#\/schema\/logo\/image\/"},"sameAs":["https:\/\/www.facebook.com\/radioleinewelle","https:\/\/x.com\/RLeinewelle","https:\/\/www.instagram.com\/radioleinewelle\/?hl=de"]},{"@type":"Person","@id":"https:\/\/radioleinewelle.de\/#\/schema\/person\/45606f348637df637192dc1b68399a63","name":"Leinewelle","image":{"@type":"ImageObject","inLanguage":"de","@id":"https:\/\/secure.gravatar.com\/avatar\/05c9a17bc973052ee5d91549bd32fb4dd0dc85b7b85ae94b2e2b4943476bbea5?s=96&d=blank&r=g","url":"https:\/\/secure.gravatar.com\/avatar\/05c9a17bc973052ee5d91549bd32fb4dd0dc85b7b85ae94b2e2b4943476bbea5?s=96&d=blank&r=g","contentUrl":"https:\/\/secure.gravatar.com\/avatar\/05c9a17bc973052ee5d91549bd32fb4dd0dc85b7b85ae94b2e2b4943476bbea5?s=96&d=blank&r=g","caption":"Leinewelle"},"sameAs":["http:\/\/localhost\/radio%20leinewelle\/wordpress","https:\/\/www.facebook.com\/radioleinewelle","https:\/\/www.instagram.com\/radioleinewelle","https:\/\/x.com\/https:\/\/twitter.com\/RLeinewelle?ref_src=twsrcgoogletwcampserptwgrauthor","https:\/\/soundcloud.com\/foerderverein-lokalradio?utm_source=clipboard&utm_medium=text&utm_campaign=social_sharing"],"url":"https:\/\/radioleinewelle.de\/index.php\/author\/leinewelle\/"}]}},"_links":{"self":[{"href":"https:\/\/radioleinewelle.de\/index.php\/wp-json\/wp\/v2\/posts\/9486","targetHints":{"allow":["GET"]}}],"collection":[{"href":"https:\/\/radioleinewelle.de\/index.php\/wp-json\/wp\/v2\/posts"}],"about":[{"href":"https:\/\/radioleinewelle.de\/index.php\/wp-json\/wp\/v2\/types\/post"}],"author":[{"embeddable":true,"href":"https:\/\/radioleinewelle.de\/index.php\/wp-json\/wp\/v2\/users\/1"}],"replies":[{"embeddable":true,"href":"https:\/\/radioleinewelle.de\/index.php\/wp-json\/wp\/v2\/comments?post=9486"}],"version-history":[{"count":0,"href":"https:\/\/radioleinewelle.de\/index.php\/wp-json\/wp\/v2\/posts\/9486\/revisions"}],"wp:attachment":[{"href":"https:\/\/radioleinewelle.de\/index.php\/wp-json\/wp\/v2\/media?parent=9486"}],"wp:term":[{"taxonomy":"category","embeddable":true,"href":"https:\/\/radioleinewelle.de\/index.php\/wp-json\/wp\/v2\/categories?post=9486"},{"taxonomy":"post_tag","embeddable":true,"href":"https:\/\/radioleinewelle.de\/index.php\/wp-json\/wp\/v2\/tags?post=9486"}],"curies":[{"name":"wp","href":"https:\/\/api.w.org\/{rel}","templated":true}]}}