{"id":9498,"date":"2021-07-21T05:20:00","date_gmt":"2021-07-21T03:20:00","guid":{"rendered":"https:\/\/radioleinewelle.de\/?p=9498"},"modified":"2021-07-21T05:20:00","modified_gmt":"2021-07-21T03:20:00","slug":"die-partei-goettingen-kritisiert-brutalen-polizeieinsatz-am-kornmarkt-totaler-kontrollverlust","status":"publish","type":"post","link":"https:\/\/radioleinewelle.de\/index.php\/2021\/07\/21\/die-partei-goettingen-kritisiert-brutalen-polizeieinsatz-am-kornmarkt-totaler-kontrollverlust\/","title":{"rendered":"Die PARTEI G\u00f6ttingen kritisiert brutalen Polizeieinsatz am Kornmarkt: &#8222;Totaler Kontrollverlust&#8220;"},"content":{"rendered":"\n<p>Die PARTEI G\u00f6ttingen zeigt sich schockiert \u00fcber die Festnahme eines Mannes in der G\u00f6ttinger Innenstadt, bei der offensichtlich massive Gewalt eingesetzt wurde und kritisiert die Unverh\u00e4ltnism\u00e4\u00dfigkeit. Auf einem Video, das im Netz kursiert war der Einsatz von vier Polizeibeamten zu sehen, die einen einzelnen Passanten zu fixieren versuchen. Wie sp\u00e4ter dazu berichtet wurde, hatte der Mann die Beamten zuvor mit Beleidungen&nbsp;provoziert und zeigte sich ausgesprochen widerst\u00e4ndig bei der Festnahme.<\/p>\n\n\n\n<p>&#8222;Wenn man dieses Video anschaut, kann man die Schmerzen fast selber sp\u00fcren: Immer wieder schl\u00e4gt ein Beamter mit voller Wucht den Kopf des Mannes auf den Asphalt, auf dem dann auch Blutflecken erkennbar sind. W\u00e4hrend die andern drei Beamte mit der Fixierung des Mannes besch\u00e4ftigt sind und offenbar M\u00fche haben diesen zu b\u00e4ndigen, schl\u00e4gt besagter Beamte wieder und wieder zu und zeigt auch durch hasserf\u00fcllte Wort\u00e4u\u00dferungen, dass er offenbar nicht mehr emotional Herr der Lage ist. Die Schl\u00e4ge scheinen weniger der Ruhigstellung zu dienen, sondern vielmehr ein Ventil f\u00fcr angestaute Aggressivit\u00e4t zu sein.&#8220; so OB-Kandidat Mathias Rheinl\u00e4nder<\/p>\n\n\n\n<p>Ratsfrau Helena Arndt hierzu: &#8222;Bei allem Verst\u00e4ndnis f\u00fcr den oftmals harten Alltag als Polizist*in wurde hier ganz offensichtlich eine Grenze \u00fcberschritten. Polizist*innen genie\u00dfen und&nbsp;verdienen als Vertreter der Exekutive unseren Respekt und unser Vertrauen &#8211; so lange sie im Sinne des Staates handeln und kontrollierend eingreifen. In diesem Video sind drei Beamte zu sehen, die ihren Dienst in diesem Sinne versehen und versuchen den Passanten ruhigzustellen. In scharfem Kontrast dazu jedoch steht der vierte Polizist, der immer und immer wieder auf seinen Kopf einschl\u00e4gt und auf ihm kniet, mit einer&nbsp;Brutalit\u00e4t, die eher von Wut als von dienstlichem Sachverstand gespeist zu sein scheint. Zeitweise f\u00fcrchtet man um das Leben des Festgenommenen. Kontrollverluste und Machtmissbrauch wie diese sind es, die dem Misstrauen gegen\u00fcber des Polizeiapparates immer wieder neue Berechtigung geben.&#8220;<\/p>\n\n\n\n<p>So ist denn auch die Reaktion der Polizei G\u00f6ttingen f\u00fcr die PARTEI \u00fcberhaupt nicht nachvollziehbar. Zwar ist mittlerweile ein Verfahren gegen besagen Beamten eingeleitet, die Argumentation&nbsp; der Polizei in ihrer Pressemeldung ist jedoch nicht nur schwach sondern in Teilen sogar erschreckend, erkl\u00e4rt Landratskandidat Marcel Orth:<\/p>\n\n\n\n<p>&#8222;Da wird&nbsp; auf das Fehlverhalten und die Provokation durch den Festgenommen verwiesen, als sei dies eine Rechtfertigung f\u00fcr eine besonders gewaltsame Festnahme. Zwischen den Zeilen steht eigentlich: &#8222;Er hat es nicht besser verdient.&#8220; und &#8222;Wer sich der Polizei widersetzt muss damit rechnen, schwer verletzt zu werden.&#8220;&nbsp; Anstatt schwarzen Schafen in den eigenen Reihen mit entschiedener H\u00e4rte entgegenzutreten und damit auch wieder Vertrauen in die Polizei aufzubauen, l\u00e4uft die Kommunikation nach den aus andern Aff\u00e4ren dieser Art bekannten Mustern: Herunterspielen, verharmlosen und: eine Kr\u00e4he hackt der anderen kein Auge aus. Wir sind sehr entt\u00e4uscht dar\u00fcber, zumal wir uns von der neuen Polzeipr\u00e4sidentin Frau von der Osten einen besseren Umgang mit solchen Vorf\u00e4llen erhofft hatten.&#8220;<\/p>\n","protected":false},"excerpt":{"rendered":"<p>Die PARTEI G\u00f6ttingen zeigt sich schockiert \u00fcber die Festnahme eines Mannes in der G\u00f6ttinger Innenstadt, bei der offensichtlich massive Gewalt eingesetzt wurde und kritisiert die Unverh\u00e4ltnism\u00e4\u00dfigkeit. Auf einem Video, das im Netz kursiert war der Einsatz von vier Polizeibeamten zu sehen, die einen einzelnen Passanten zu fixieren versuchen. Wie sp\u00e4ter dazu berichtet wurde, hatte der [&hellip;]<\/p>\n","protected":false},"author":1,"featured_media":9500,"comment_status":"closed","ping_status":"closed","sticky":false,"template":"","format":"standard","meta":{"saved_in_kubio":false,"footnotes":""},"categories":[39],"tags":[1814,1815,1816],"class_list":["post-9498","post","type-post","status-publish","format-standard","has-post-thumbnail","hentry","category-lokalpolitik","tag-landratskandidat-marcel-orth","tag-ob-kandidat-mathias-rheinlaender","tag-polizeigewalt-kornmarkt-goettingen"],"yoast_head":"<!-- This site is optimized with the Yoast SEO plugin v27.5 - https:\/\/yoast.com\/product\/yoast-seo-wordpress\/ -->\n<title>Die PARTEI G\u00f6ttingen kritisiert brutalen Polizeieinsatz am Kornmarkt: &quot;Totaler Kontrollverlust&quot; - Radio Leinewelle<\/title>\n<meta name=\"robots\" content=\"index, follow, max-snippet:-1, max-image-preview:large, max-video-preview:-1\" \/>\n<link rel=\"canonical\" href=\"https:\/\/radioleinewelle.de\/index.php\/2021\/07\/21\/die-partei-goettingen-kritisiert-brutalen-polizeieinsatz-am-kornmarkt-totaler-kontrollverlust\/\" \/>\n<meta property=\"og:locale\" content=\"de_DE\" \/>\n<meta property=\"og:type\" content=\"article\" \/>\n<meta property=\"og:title\" content=\"Die PARTEI G\u00f6ttingen kritisiert brutalen Polizeieinsatz am Kornmarkt: &quot;Totaler Kontrollverlust&quot; - Radio Leinewelle\" \/>\n<meta property=\"og:description\" content=\"Die PARTEI G\u00f6ttingen zeigt sich schockiert \u00fcber die Festnahme eines Mannes in der G\u00f6ttinger Innenstadt, bei der offensichtlich massive Gewalt eingesetzt wurde und kritisiert die Unverh\u00e4ltnism\u00e4\u00dfigkeit. Auf einem Video, das im Netz kursiert war der Einsatz von vier Polizeibeamten zu sehen, die einen einzelnen Passanten zu fixieren versuchen. Wie sp\u00e4ter dazu berichtet wurde, hatte der [&hellip;]\" \/>\n<meta property=\"og:url\" content=\"https:\/\/radioleinewelle.de\/index.php\/2021\/07\/21\/die-partei-goettingen-kritisiert-brutalen-polizeieinsatz-am-kornmarkt-totaler-kontrollverlust\/\" \/>\n<meta property=\"og:site_name\" content=\"Radio Leinewelle\" \/>\n<meta property=\"article:publisher\" content=\"https:\/\/www.facebook.com\/radioleinewelle\" \/>\n<meta property=\"article:author\" content=\"https:\/\/www.facebook.com\/radioleinewelle\" \/>\n<meta property=\"article:published_time\" content=\"2021-07-21T03:20:00+00:00\" \/>\n<meta property=\"og:image\" content=\"https:\/\/radioleinewelle.de\/wp-content\/uploads\/2021\/07\/die-partei.jpg\" \/>\n\t<meta property=\"og:image:width\" content=\"900\" \/>\n\t<meta property=\"og:image:height\" content=\"600\" \/>\n\t<meta property=\"og:image:type\" content=\"image\/jpeg\" \/>\n<meta name=\"author\" content=\"Leinewelle\" \/>\n<meta name=\"twitter:card\" content=\"summary_large_image\" \/>\n<meta name=\"twitter:creator\" content=\"@https:\/\/twitter.com\/RLeinewelle?ref_src=twsrcgoogletwcampserptwgrauthor\" \/>\n<meta name=\"twitter:site\" content=\"@RLeinewelle\" \/>\n<meta name=\"twitter:label1\" content=\"Verfasst von\" \/>\n\t<meta name=\"twitter:data1\" content=\"Leinewelle\" \/>\n\t<meta name=\"twitter:label2\" content=\"Gesch\u00e4tzte Lesezeit\" \/>\n\t<meta name=\"twitter:data2\" content=\"2\u00a0Minuten\" \/>\n<script type=\"application\/ld+json\" class=\"yoast-schema-graph\">{\"@context\":\"https:\\\/\\\/schema.org\",\"@graph\":[{\"@type\":\"Article\",\"@id\":\"https:\\\/\\\/radioleinewelle.de\\\/index.php\\\/2021\\\/07\\\/21\\\/die-partei-goettingen-kritisiert-brutalen-polizeieinsatz-am-kornmarkt-totaler-kontrollverlust\\\/#article\",\"isPartOf\":{\"@id\":\"https:\\\/\\\/radioleinewelle.de\\\/index.php\\\/2021\\\/07\\\/21\\\/die-partei-goettingen-kritisiert-brutalen-polizeieinsatz-am-kornmarkt-totaler-kontrollverlust\\\/\"},\"author\":{\"name\":\"Leinewelle\",\"@id\":\"https:\\\/\\\/radioleinewelle.de\\\/#\\\/schema\\\/person\\\/45606f348637df637192dc1b68399a63\"},\"headline\":\"Die PARTEI G\u00f6ttingen kritisiert brutalen Polizeieinsatz am Kornmarkt: &#8222;Totaler Kontrollverlust&#8220;\",\"datePublished\":\"2021-07-21T03:20:00+00:00\",\"mainEntityOfPage\":{\"@id\":\"https:\\\/\\\/radioleinewelle.de\\\/index.php\\\/2021\\\/07\\\/21\\\/die-partei-goettingen-kritisiert-brutalen-polizeieinsatz-am-kornmarkt-totaler-kontrollverlust\\\/\"},\"wordCount\":512,\"publisher\":{\"@id\":\"https:\\\/\\\/radioleinewelle.de\\\/#organization\"},\"image\":{\"@id\":\"https:\\\/\\\/radioleinewelle.de\\\/index.php\\\/2021\\\/07\\\/21\\\/die-partei-goettingen-kritisiert-brutalen-polizeieinsatz-am-kornmarkt-totaler-kontrollverlust\\\/#primaryimage\"},\"thumbnailUrl\":\"https:\\\/\\\/radioleinewelle.de\\\/wp-content\\\/uploads\\\/2021\\\/07\\\/die-partei.jpg\",\"keywords\":[\"Landratskandidat Marcel Orth\",\"OB-Kandidat Mathias Rheinl\u00e4nder\",\"Polizeigewalt Kornmarkt G\u00f6ttingen\"],\"articleSection\":[\"Lokalpolitik\"],\"inLanguage\":\"de\"},{\"@type\":\"WebPage\",\"@id\":\"https:\\\/\\\/radioleinewelle.de\\\/index.php\\\/2021\\\/07\\\/21\\\/die-partei-goettingen-kritisiert-brutalen-polizeieinsatz-am-kornmarkt-totaler-kontrollverlust\\\/\",\"url\":\"https:\\\/\\\/radioleinewelle.de\\\/index.php\\\/2021\\\/07\\\/21\\\/die-partei-goettingen-kritisiert-brutalen-polizeieinsatz-am-kornmarkt-totaler-kontrollverlust\\\/\",\"name\":\"Die PARTEI G\u00f6ttingen kritisiert brutalen Polizeieinsatz am Kornmarkt: \\\"Totaler Kontrollverlust\\\" - Radio Leinewelle\",\"isPartOf\":{\"@id\":\"https:\\\/\\\/radioleinewelle.de\\\/#website\"},\"primaryImageOfPage\":{\"@id\":\"https:\\\/\\\/radioleinewelle.de\\\/index.php\\\/2021\\\/07\\\/21\\\/die-partei-goettingen-kritisiert-brutalen-polizeieinsatz-am-kornmarkt-totaler-kontrollverlust\\\/#primaryimage\"},\"image\":{\"@id\":\"https:\\\/\\\/radioleinewelle.de\\\/index.php\\\/2021\\\/07\\\/21\\\/die-partei-goettingen-kritisiert-brutalen-polizeieinsatz-am-kornmarkt-totaler-kontrollverlust\\\/#primaryimage\"},\"thumbnailUrl\":\"https:\\\/\\\/radioleinewelle.de\\\/wp-content\\\/uploads\\\/2021\\\/07\\\/die-partei.jpg\",\"datePublished\":\"2021-07-21T03:20:00+00:00\",\"breadcrumb\":{\"@id\":\"https:\\\/\\\/radioleinewelle.de\\\/index.php\\\/2021\\\/07\\\/21\\\/die-partei-goettingen-kritisiert-brutalen-polizeieinsatz-am-kornmarkt-totaler-kontrollverlust\\\/#breadcrumb\"},\"inLanguage\":\"de\",\"potentialAction\":[{\"@type\":\"ReadAction\",\"target\":[\"https:\\\/\\\/radioleinewelle.de\\\/index.php\\\/2021\\\/07\\\/21\\\/die-partei-goettingen-kritisiert-brutalen-polizeieinsatz-am-kornmarkt-totaler-kontrollverlust\\\/\"]}]},{\"@type\":\"ImageObject\",\"inLanguage\":\"de\",\"@id\":\"https:\\\/\\\/radioleinewelle.de\\\/index.php\\\/2021\\\/07\\\/21\\\/die-partei-goettingen-kritisiert-brutalen-polizeieinsatz-am-kornmarkt-totaler-kontrollverlust\\\/#primaryimage\",\"url\":\"https:\\\/\\\/radioleinewelle.de\\\/wp-content\\\/uploads\\\/2021\\\/07\\\/die-partei.jpg\",\"contentUrl\":\"https:\\\/\\\/radioleinewelle.de\\\/wp-content\\\/uploads\\\/2021\\\/07\\\/die-partei.jpg\",\"width\":900,\"height\":600},{\"@type\":\"BreadcrumbList\",\"@id\":\"https:\\\/\\\/radioleinewelle.de\\\/index.php\\\/2021\\\/07\\\/21\\\/die-partei-goettingen-kritisiert-brutalen-polizeieinsatz-am-kornmarkt-totaler-kontrollverlust\\\/#breadcrumb\",\"itemListElement\":[{\"@type\":\"ListItem\",\"position\":1,\"name\":\"Startseite\",\"item\":\"https:\\\/\\\/radioleinewelle.de\\\/\"},{\"@type\":\"ListItem\",\"position\":2,\"name\":\"Die PARTEI G\u00f6ttingen kritisiert brutalen Polizeieinsatz am Kornmarkt: &#8222;Totaler Kontrollverlust&#8220;\"}]},{\"@type\":\"WebSite\",\"@id\":\"https:\\\/\\\/radioleinewelle.de\\\/#website\",\"url\":\"https:\\\/\\\/radioleinewelle.de\\\/\",\"name\":\"Radio Leinewelle\",\"description\":\"\",\"publisher\":{\"@id\":\"https:\\\/\\\/radioleinewelle.de\\\/#organization\"},\"potentialAction\":[{\"@type\":\"SearchAction\",\"target\":{\"@type\":\"EntryPoint\",\"urlTemplate\":\"https:\\\/\\\/radioleinewelle.de\\\/?s={search_term_string}\"},\"query-input\":{\"@type\":\"PropertyValueSpecification\",\"valueRequired\":true,\"valueName\":\"search_term_string\"}}],\"inLanguage\":\"de\"},{\"@type\":\"Organization\",\"@id\":\"https:\\\/\\\/radioleinewelle.de\\\/#organization\",\"name\":\"Radio Leinewelle\",\"alternateName\":\"Mein Radio f\u00fcr S\u00fcdniedersachsen\",\"url\":\"https:\\\/\\\/radioleinewelle.de\\\/\",\"logo\":{\"@type\":\"ImageObject\",\"inLanguage\":\"de\",\"@id\":\"https:\\\/\\\/radioleinewelle.de\\\/#\\\/schema\\\/logo\\\/image\\\/\",\"url\":\"https:\\\/\\\/radioleinewelle.de\\\/wp-content\\\/uploads\\\/2023\\\/11\\\/cropped-Leinewelle_Logo_weiss.png\",\"contentUrl\":\"https:\\\/\\\/radioleinewelle.de\\\/wp-content\\\/uploads\\\/2023\\\/11\\\/cropped-Leinewelle_Logo_weiss.png\",\"width\":854,\"height\":260,\"caption\":\"Radio Leinewelle\"},\"image\":{\"@id\":\"https:\\\/\\\/radioleinewelle.de\\\/#\\\/schema\\\/logo\\\/image\\\/\"},\"sameAs\":[\"https:\\\/\\\/www.facebook.com\\\/radioleinewelle\",\"https:\\\/\\\/x.com\\\/RLeinewelle\",\"https:\\\/\\\/www.instagram.com\\\/radioleinewelle\\\/?hl=de\"]},{\"@type\":\"Person\",\"@id\":\"https:\\\/\\\/radioleinewelle.de\\\/#\\\/schema\\\/person\\\/45606f348637df637192dc1b68399a63\",\"name\":\"Leinewelle\",\"image\":{\"@type\":\"ImageObject\",\"inLanguage\":\"de\",\"@id\":\"https:\\\/\\\/secure.gravatar.com\\\/avatar\\\/05c9a17bc973052ee5d91549bd32fb4dd0dc85b7b85ae94b2e2b4943476bbea5?s=96&d=blank&r=g\",\"url\":\"https:\\\/\\\/secure.gravatar.com\\\/avatar\\\/05c9a17bc973052ee5d91549bd32fb4dd0dc85b7b85ae94b2e2b4943476bbea5?s=96&d=blank&r=g\",\"contentUrl\":\"https:\\\/\\\/secure.gravatar.com\\\/avatar\\\/05c9a17bc973052ee5d91549bd32fb4dd0dc85b7b85ae94b2e2b4943476bbea5?s=96&d=blank&r=g\",\"caption\":\"Leinewelle\"},\"sameAs\":[\"http:\\\/\\\/localhost\\\/radio%20leinewelle\\\/wordpress\",\"https:\\\/\\\/www.facebook.com\\\/radioleinewelle\",\"https:\\\/\\\/www.instagram.com\\\/radioleinewelle\",\"https:\\\/\\\/x.com\\\/https:\\\/\\\/twitter.com\\\/RLeinewelle?ref_src=twsrcgoogletwcampserptwgrauthor\",\"https:\\\/\\\/soundcloud.com\\\/foerderverein-lokalradio?utm_source=clipboard&utm_medium=text&utm_campaign=social_sharing\"],\"url\":\"https:\\\/\\\/radioleinewelle.de\\\/index.php\\\/author\\\/leinewelle\\\/\"}]}<\/script>\n<!-- \/ Yoast SEO plugin. -->","yoast_head_json":{"title":"Die PARTEI G\u00f6ttingen kritisiert brutalen Polizeieinsatz am Kornmarkt: \"Totaler Kontrollverlust\" - Radio Leinewelle","robots":{"index":"index","follow":"follow","max-snippet":"max-snippet:-1","max-image-preview":"max-image-preview:large","max-video-preview":"max-video-preview:-1"},"canonical":"https:\/\/radioleinewelle.de\/index.php\/2021\/07\/21\/die-partei-goettingen-kritisiert-brutalen-polizeieinsatz-am-kornmarkt-totaler-kontrollverlust\/","og_locale":"de_DE","og_type":"article","og_title":"Die PARTEI G\u00f6ttingen kritisiert brutalen Polizeieinsatz am Kornmarkt: \"Totaler Kontrollverlust\" - Radio Leinewelle","og_description":"Die PARTEI G\u00f6ttingen zeigt sich schockiert \u00fcber die Festnahme eines Mannes in der G\u00f6ttinger Innenstadt, bei der offensichtlich massive Gewalt eingesetzt wurde und kritisiert die Unverh\u00e4ltnism\u00e4\u00dfigkeit. Auf einem Video, das im Netz kursiert war der Einsatz von vier Polizeibeamten zu sehen, die einen einzelnen Passanten zu fixieren versuchen. Wie sp\u00e4ter dazu berichtet wurde, hatte der [&hellip;]","og_url":"https:\/\/radioleinewelle.de\/index.php\/2021\/07\/21\/die-partei-goettingen-kritisiert-brutalen-polizeieinsatz-am-kornmarkt-totaler-kontrollverlust\/","og_site_name":"Radio Leinewelle","article_publisher":"https:\/\/www.facebook.com\/radioleinewelle","article_author":"https:\/\/www.facebook.com\/radioleinewelle","article_published_time":"2021-07-21T03:20:00+00:00","og_image":[{"width":900,"height":600,"url":"https:\/\/radioleinewelle.de\/wp-content\/uploads\/2021\/07\/die-partei.jpg","type":"image\/jpeg"}],"author":"Leinewelle","twitter_card":"summary_large_image","twitter_creator":"@https:\/\/twitter.com\/RLeinewelle?ref_src=twsrcgoogletwcampserptwgrauthor","twitter_site":"@RLeinewelle","twitter_misc":{"Verfasst von":"Leinewelle","Gesch\u00e4tzte Lesezeit":"2\u00a0Minuten"},"schema":{"@context":"https:\/\/schema.org","@graph":[{"@type":"Article","@id":"https:\/\/radioleinewelle.de\/index.php\/2021\/07\/21\/die-partei-goettingen-kritisiert-brutalen-polizeieinsatz-am-kornmarkt-totaler-kontrollverlust\/#article","isPartOf":{"@id":"https:\/\/radioleinewelle.de\/index.php\/2021\/07\/21\/die-partei-goettingen-kritisiert-brutalen-polizeieinsatz-am-kornmarkt-totaler-kontrollverlust\/"},"author":{"name":"Leinewelle","@id":"https:\/\/radioleinewelle.de\/#\/schema\/person\/45606f348637df637192dc1b68399a63"},"headline":"Die PARTEI G\u00f6ttingen kritisiert brutalen Polizeieinsatz am Kornmarkt: &#8222;Totaler Kontrollverlust&#8220;","datePublished":"2021-07-21T03:20:00+00:00","mainEntityOfPage":{"@id":"https:\/\/radioleinewelle.de\/index.php\/2021\/07\/21\/die-partei-goettingen-kritisiert-brutalen-polizeieinsatz-am-kornmarkt-totaler-kontrollverlust\/"},"wordCount":512,"publisher":{"@id":"https:\/\/radioleinewelle.de\/#organization"},"image":{"@id":"https:\/\/radioleinewelle.de\/index.php\/2021\/07\/21\/die-partei-goettingen-kritisiert-brutalen-polizeieinsatz-am-kornmarkt-totaler-kontrollverlust\/#primaryimage"},"thumbnailUrl":"https:\/\/radioleinewelle.de\/wp-content\/uploads\/2021\/07\/die-partei.jpg","keywords":["Landratskandidat Marcel Orth","OB-Kandidat Mathias Rheinl\u00e4nder","Polizeigewalt Kornmarkt G\u00f6ttingen"],"articleSection":["Lokalpolitik"],"inLanguage":"de"},{"@type":"WebPage","@id":"https:\/\/radioleinewelle.de\/index.php\/2021\/07\/21\/die-partei-goettingen-kritisiert-brutalen-polizeieinsatz-am-kornmarkt-totaler-kontrollverlust\/","url":"https:\/\/radioleinewelle.de\/index.php\/2021\/07\/21\/die-partei-goettingen-kritisiert-brutalen-polizeieinsatz-am-kornmarkt-totaler-kontrollverlust\/","name":"Die PARTEI G\u00f6ttingen kritisiert brutalen Polizeieinsatz am Kornmarkt: \"Totaler Kontrollverlust\" - Radio Leinewelle","isPartOf":{"@id":"https:\/\/radioleinewelle.de\/#website"},"primaryImageOfPage":{"@id":"https:\/\/radioleinewelle.de\/index.php\/2021\/07\/21\/die-partei-goettingen-kritisiert-brutalen-polizeieinsatz-am-kornmarkt-totaler-kontrollverlust\/#primaryimage"},"image":{"@id":"https:\/\/radioleinewelle.de\/index.php\/2021\/07\/21\/die-partei-goettingen-kritisiert-brutalen-polizeieinsatz-am-kornmarkt-totaler-kontrollverlust\/#primaryimage"},"thumbnailUrl":"https:\/\/radioleinewelle.de\/wp-content\/uploads\/2021\/07\/die-partei.jpg","datePublished":"2021-07-21T03:20:00+00:00","breadcrumb":{"@id":"https:\/\/radioleinewelle.de\/index.php\/2021\/07\/21\/die-partei-goettingen-kritisiert-brutalen-polizeieinsatz-am-kornmarkt-totaler-kontrollverlust\/#breadcrumb"},"inLanguage":"de","potentialAction":[{"@type":"ReadAction","target":["https:\/\/radioleinewelle.de\/index.php\/2021\/07\/21\/die-partei-goettingen-kritisiert-brutalen-polizeieinsatz-am-kornmarkt-totaler-kontrollverlust\/"]}]},{"@type":"ImageObject","inLanguage":"de","@id":"https:\/\/radioleinewelle.de\/index.php\/2021\/07\/21\/die-partei-goettingen-kritisiert-brutalen-polizeieinsatz-am-kornmarkt-totaler-kontrollverlust\/#primaryimage","url":"https:\/\/radioleinewelle.de\/wp-content\/uploads\/2021\/07\/die-partei.jpg","contentUrl":"https:\/\/radioleinewelle.de\/wp-content\/uploads\/2021\/07\/die-partei.jpg","width":900,"height":600},{"@type":"BreadcrumbList","@id":"https:\/\/radioleinewelle.de\/index.php\/2021\/07\/21\/die-partei-goettingen-kritisiert-brutalen-polizeieinsatz-am-kornmarkt-totaler-kontrollverlust\/#breadcrumb","itemListElement":[{"@type":"ListItem","position":1,"name":"Startseite","item":"https:\/\/radioleinewelle.de\/"},{"@type":"ListItem","position":2,"name":"Die PARTEI G\u00f6ttingen kritisiert brutalen Polizeieinsatz am Kornmarkt: &#8222;Totaler Kontrollverlust&#8220;"}]},{"@type":"WebSite","@id":"https:\/\/radioleinewelle.de\/#website","url":"https:\/\/radioleinewelle.de\/","name":"Radio Leinewelle","description":"","publisher":{"@id":"https:\/\/radioleinewelle.de\/#organization"},"potentialAction":[{"@type":"SearchAction","target":{"@type":"EntryPoint","urlTemplate":"https:\/\/radioleinewelle.de\/?s={search_term_string}"},"query-input":{"@type":"PropertyValueSpecification","valueRequired":true,"valueName":"search_term_string"}}],"inLanguage":"de"},{"@type":"Organization","@id":"https:\/\/radioleinewelle.de\/#organization","name":"Radio Leinewelle","alternateName":"Mein Radio f\u00fcr S\u00fcdniedersachsen","url":"https:\/\/radioleinewelle.de\/","logo":{"@type":"ImageObject","inLanguage":"de","@id":"https:\/\/radioleinewelle.de\/#\/schema\/logo\/image\/","url":"https:\/\/radioleinewelle.de\/wp-content\/uploads\/2023\/11\/cropped-Leinewelle_Logo_weiss.png","contentUrl":"https:\/\/radioleinewelle.de\/wp-content\/uploads\/2023\/11\/cropped-Leinewelle_Logo_weiss.png","width":854,"height":260,"caption":"Radio Leinewelle"},"image":{"@id":"https:\/\/radioleinewelle.de\/#\/schema\/logo\/image\/"},"sameAs":["https:\/\/www.facebook.com\/radioleinewelle","https:\/\/x.com\/RLeinewelle","https:\/\/www.instagram.com\/radioleinewelle\/?hl=de"]},{"@type":"Person","@id":"https:\/\/radioleinewelle.de\/#\/schema\/person\/45606f348637df637192dc1b68399a63","name":"Leinewelle","image":{"@type":"ImageObject","inLanguage":"de","@id":"https:\/\/secure.gravatar.com\/avatar\/05c9a17bc973052ee5d91549bd32fb4dd0dc85b7b85ae94b2e2b4943476bbea5?s=96&d=blank&r=g","url":"https:\/\/secure.gravatar.com\/avatar\/05c9a17bc973052ee5d91549bd32fb4dd0dc85b7b85ae94b2e2b4943476bbea5?s=96&d=blank&r=g","contentUrl":"https:\/\/secure.gravatar.com\/avatar\/05c9a17bc973052ee5d91549bd32fb4dd0dc85b7b85ae94b2e2b4943476bbea5?s=96&d=blank&r=g","caption":"Leinewelle"},"sameAs":["http:\/\/localhost\/radio%20leinewelle\/wordpress","https:\/\/www.facebook.com\/radioleinewelle","https:\/\/www.instagram.com\/radioleinewelle","https:\/\/x.com\/https:\/\/twitter.com\/RLeinewelle?ref_src=twsrcgoogletwcampserptwgrauthor","https:\/\/soundcloud.com\/foerderverein-lokalradio?utm_source=clipboard&utm_medium=text&utm_campaign=social_sharing"],"url":"https:\/\/radioleinewelle.de\/index.php\/author\/leinewelle\/"}]}},"_links":{"self":[{"href":"https:\/\/radioleinewelle.de\/index.php\/wp-json\/wp\/v2\/posts\/9498","targetHints":{"allow":["GET"]}}],"collection":[{"href":"https:\/\/radioleinewelle.de\/index.php\/wp-json\/wp\/v2\/posts"}],"about":[{"href":"https:\/\/radioleinewelle.de\/index.php\/wp-json\/wp\/v2\/types\/post"}],"author":[{"embeddable":true,"href":"https:\/\/radioleinewelle.de\/index.php\/wp-json\/wp\/v2\/users\/1"}],"replies":[{"embeddable":true,"href":"https:\/\/radioleinewelle.de\/index.php\/wp-json\/wp\/v2\/comments?post=9498"}],"version-history":[{"count":0,"href":"https:\/\/radioleinewelle.de\/index.php\/wp-json\/wp\/v2\/posts\/9498\/revisions"}],"wp:featuredmedia":[{"embeddable":true,"href":"https:\/\/radioleinewelle.de\/index.php\/wp-json\/wp\/v2\/media\/9500"}],"wp:attachment":[{"href":"https:\/\/radioleinewelle.de\/index.php\/wp-json\/wp\/v2\/media?parent=9498"}],"wp:term":[{"taxonomy":"category","embeddable":true,"href":"https:\/\/radioleinewelle.de\/index.php\/wp-json\/wp\/v2\/categories?post=9498"},{"taxonomy":"post_tag","embeddable":true,"href":"https:\/\/radioleinewelle.de\/index.php\/wp-json\/wp\/v2\/tags?post=9498"}],"curies":[{"name":"wp","href":"https:\/\/api.w.org\/{rel}","templated":true}]}}