{"id":9518,"date":"2021-07-22T05:26:45","date_gmt":"2021-07-22T03:26:45","guid":{"rendered":"https:\/\/radioleinewelle.de\/?p=9518"},"modified":"2021-07-22T05:26:45","modified_gmt":"2021-07-22T03:26:45","slug":"stadtradeln-398-710-kilometer-fuer-den-klimaschutz-abschluss-der-kampagne-in-landkreis-und-stadt-goettingen","status":"publish","type":"post","link":"https:\/\/radioleinewelle.de\/index.php\/2021\/07\/22\/stadtradeln-398-710-kilometer-fuer-den-klimaschutz-abschluss-der-kampagne-in-landkreis-und-stadt-goettingen\/","title":{"rendered":"STADTRADELN: 398.710 Kilometer f\u00fcr den Klimaschutz Abschluss der Kampagne in Landkreis und Stadt G\u00f6ttingen"},"content":{"rendered":"\n<p>Am 03.07.2021 endete die dreiw\u00f6chige Kampagne STADTRADELN in Landkreis und Stadt G\u00f6ttingen. Die Ergebnisse des diesj\u00e4hrigen Aktionszeitraums stehen nun fest und \u00fcbertreffen die Ergebnisse des Vorjahres bei Weitem: 398.710 Kilometer, 160.000 km mehr als im Vorjahr, legten alle Radler*innen gemeinsam zur\u00fcck. Mit 1.919 Radelnden wurde die Anzahl der Teilnehmenden mehr als verdoppelt. Durch den Verzicht auf das Auto und die Nutzung des Fahrrads wurden 59 t CO2 vermieden.<\/p>\n\n\n\n<p>Landrat Bernhard Reuter und Oberb\u00fcrgermeister Rolf-Georg K\u00f6hler werteten das STADTRADELN als vollen Erfolg: \u201eDie gro\u00dfe Teilnahmebereitschaft hat unsere Erwartungen wieder weit \u00fcbertroffen. Ganz besonders bin ich \u00fcber das gro\u00dfe Engagement der Schulen erfreut. Sch\u00fclerinnen und Sch\u00fcler aus 10 Schulen haben insgesamt mit 110.000 Kilometern zu diesem hervorragenden Ergebnis beigetragen\u201c, so Oberb\u00fcrgermeister Rolf-Georg-K\u00f6hler. <\/p>\n\n\n\n<p>Das STADTRADELN-Organisationsteam vergibt Urkunden in zwei Kategorien. Neben den aktivsten Teams (Kilometer pro Teammitglied) werden die aktivsten Einzelfahrer*innen ausgezeichnet. Ergebnisse sind abrufbar unter:&nbsp;<a href=\"https:\/\/www.stadtradeln.de\/landkreis-goettingen\">www.stadtradeln.de\/landkreis-goettingen<\/a>.<\/p>\n\n\n\n<p>In diesem Jahr ver\u00f6ffentlichte der Landkreis G\u00f6ttingen parallel zum STADTRADELN zahlreiche Fahrradrouten, die von Partnern sowie von den Besch\u00e4ftigten der Kreisverwaltung eingereicht wurden. Landrat Bernhard Reuter (\u201eS\u00fcdnieders\u00e4chsische 5-Burgen-Tour\u201c) sowie Erste Kreisr\u00e4tin Christel Wemheuer (\u201eGro\u00df-Lengden-Sonnenstein-Tour\u201c) haben ebenfalls an der Aktion teilgenommen und eine Radtour entworfen. Alle Routen sind auf dem G\u00f6ttinger Freizeitportal&nbsp;<a href=\"http:\/\/www.goettingerland.de\/\">www.goettingerland.de<\/a>&nbsp;abrufbar und k\u00f6nnen jederzeit nachgeradelt werden.<\/p>\n\n\n\n<p>Im deutschlandweiten Vergleich liegen Stadt und Landkreis G\u00f6ttingen derzeit auf dem 78. Platz. Insgesamt haben sich 2.131 Kreise und St\u00e4dte mit 542.000 Radelnden beim diesj\u00e4hrigen STADTRADELN angemeldet. Der bundesweite Aktionszeitraum l\u00e4uft noch bis zum 31.10.2020.<\/p>\n\n\n\n<p><\/p>\n","protected":false},"excerpt":{"rendered":"<p>Am 03.07.2021 endete die dreiw\u00f6chige Kampagne STADTRADELN in Landkreis und Stadt G\u00f6ttingen. Die Ergebnisse des diesj\u00e4hrigen Aktionszeitraums stehen nun fest und \u00fcbertreffen die Ergebnisse des Vorjahres bei Weitem: 398.710 Kilometer, 160.000 km mehr als im Vorjahr, legten alle Radler*innen gemeinsam zur\u00fcck. Mit 1.919 Radelnden wurde die Anzahl der Teilnehmenden mehr als verdoppelt. Durch den Verzicht [&hellip;]<\/p>\n","protected":false},"author":1,"featured_media":0,"comment_status":"closed","ping_status":"closed","sticky":false,"template":"","format":"standard","meta":{"saved_in_kubio":false,"footnotes":""},"categories":[31,520],"tags":[1817,1818,327,1819],"class_list":["post-9518","post","type-post","status-publish","format-standard","hentry","category-bauen-verkehr","category-klimawandel","tag-co2-vermeidung-goettingen","tag-goettinger-freizeitportal","tag-landkreis-goettingen","tag-stadtradeln-goettingen"],"yoast_head":"<!-- This site is optimized with the Yoast SEO plugin v27.5 - https:\/\/yoast.com\/product\/yoast-seo-wordpress\/ -->\n<title>STADTRADELN: 398.710 Kilometer f\u00fcr den Klimaschutz Abschluss der Kampagne in Landkreis und Stadt G\u00f6ttingen - Radio Leinewelle<\/title>\n<meta name=\"robots\" content=\"index, follow, max-snippet:-1, max-image-preview:large, max-video-preview:-1\" \/>\n<link rel=\"canonical\" href=\"https:\/\/radioleinewelle.de\/index.php\/2021\/07\/22\/stadtradeln-398-710-kilometer-fuer-den-klimaschutz-abschluss-der-kampagne-in-landkreis-und-stadt-goettingen\/\" \/>\n<meta property=\"og:locale\" content=\"de_DE\" \/>\n<meta property=\"og:type\" content=\"article\" \/>\n<meta property=\"og:title\" content=\"STADTRADELN: 398.710 Kilometer f\u00fcr den Klimaschutz Abschluss der Kampagne in Landkreis und Stadt G\u00f6ttingen - Radio Leinewelle\" \/>\n<meta property=\"og:description\" content=\"Am 03.07.2021 endete die dreiw\u00f6chige Kampagne STADTRADELN in Landkreis und Stadt G\u00f6ttingen. Die Ergebnisse des diesj\u00e4hrigen Aktionszeitraums stehen nun fest und \u00fcbertreffen die Ergebnisse des Vorjahres bei Weitem: 398.710 Kilometer, 160.000 km mehr als im Vorjahr, legten alle Radler*innen gemeinsam zur\u00fcck. Mit 1.919 Radelnden wurde die Anzahl der Teilnehmenden mehr als verdoppelt. Durch den Verzicht [&hellip;]\" \/>\n<meta property=\"og:url\" content=\"https:\/\/radioleinewelle.de\/index.php\/2021\/07\/22\/stadtradeln-398-710-kilometer-fuer-den-klimaschutz-abschluss-der-kampagne-in-landkreis-und-stadt-goettingen\/\" \/>\n<meta property=\"og:site_name\" content=\"Radio Leinewelle\" \/>\n<meta property=\"article:publisher\" content=\"https:\/\/www.facebook.com\/radioleinewelle\" \/>\n<meta property=\"article:author\" content=\"https:\/\/www.facebook.com\/radioleinewelle\" \/>\n<meta property=\"article:published_time\" content=\"2021-07-22T03:26:45+00:00\" \/>\n<meta name=\"author\" content=\"Leinewelle\" \/>\n<meta name=\"twitter:card\" content=\"summary_large_image\" \/>\n<meta name=\"twitter:creator\" content=\"@https:\/\/twitter.com\/RLeinewelle?ref_src=twsrcgoogletwcampserptwgrauthor\" \/>\n<meta name=\"twitter:site\" content=\"@RLeinewelle\" \/>\n<meta name=\"twitter:label1\" content=\"Verfasst von\" \/>\n\t<meta name=\"twitter:data1\" content=\"Leinewelle\" \/>\n\t<meta name=\"twitter:label2\" content=\"Gesch\u00e4tzte Lesezeit\" \/>\n\t<meta name=\"twitter:data2\" content=\"2\u00a0Minuten\" \/>\n<script type=\"application\/ld+json\" class=\"yoast-schema-graph\">{\"@context\":\"https:\\\/\\\/schema.org\",\"@graph\":[{\"@type\":\"Article\",\"@id\":\"https:\\\/\\\/radioleinewelle.de\\\/index.php\\\/2021\\\/07\\\/22\\\/stadtradeln-398-710-kilometer-fuer-den-klimaschutz-abschluss-der-kampagne-in-landkreis-und-stadt-goettingen\\\/#article\",\"isPartOf\":{\"@id\":\"https:\\\/\\\/radioleinewelle.de\\\/index.php\\\/2021\\\/07\\\/22\\\/stadtradeln-398-710-kilometer-fuer-den-klimaschutz-abschluss-der-kampagne-in-landkreis-und-stadt-goettingen\\\/\"},\"author\":{\"name\":\"Leinewelle\",\"@id\":\"https:\\\/\\\/radioleinewelle.de\\\/#\\\/schema\\\/person\\\/45606f348637df637192dc1b68399a63\"},\"headline\":\"STADTRADELN: 398.710 Kilometer f\u00fcr den Klimaschutz Abschluss der Kampagne in Landkreis und Stadt G\u00f6ttingen\",\"datePublished\":\"2021-07-22T03:26:45+00:00\",\"mainEntityOfPage\":{\"@id\":\"https:\\\/\\\/radioleinewelle.de\\\/index.php\\\/2021\\\/07\\\/22\\\/stadtradeln-398-710-kilometer-fuer-den-klimaschutz-abschluss-der-kampagne-in-landkreis-und-stadt-goettingen\\\/\"},\"wordCount\":276,\"publisher\":{\"@id\":\"https:\\\/\\\/radioleinewelle.de\\\/#organization\"},\"keywords\":[\"CO2 Vermeidung G\u00f6ttingen\",\"G\u00f6ttinger Freizeitportal\",\"Landkreis G\u00f6ttingen\",\"Stadtradeln G\u00f6ttingen\"],\"articleSection\":[\"Bauen &amp; Verkehr\",\"Klimawandel\"],\"inLanguage\":\"de\"},{\"@type\":\"WebPage\",\"@id\":\"https:\\\/\\\/radioleinewelle.de\\\/index.php\\\/2021\\\/07\\\/22\\\/stadtradeln-398-710-kilometer-fuer-den-klimaschutz-abschluss-der-kampagne-in-landkreis-und-stadt-goettingen\\\/\",\"url\":\"https:\\\/\\\/radioleinewelle.de\\\/index.php\\\/2021\\\/07\\\/22\\\/stadtradeln-398-710-kilometer-fuer-den-klimaschutz-abschluss-der-kampagne-in-landkreis-und-stadt-goettingen\\\/\",\"name\":\"STADTRADELN: 398.710 Kilometer f\u00fcr den Klimaschutz Abschluss der Kampagne in Landkreis und Stadt G\u00f6ttingen - Radio Leinewelle\",\"isPartOf\":{\"@id\":\"https:\\\/\\\/radioleinewelle.de\\\/#website\"},\"datePublished\":\"2021-07-22T03:26:45+00:00\",\"breadcrumb\":{\"@id\":\"https:\\\/\\\/radioleinewelle.de\\\/index.php\\\/2021\\\/07\\\/22\\\/stadtradeln-398-710-kilometer-fuer-den-klimaschutz-abschluss-der-kampagne-in-landkreis-und-stadt-goettingen\\\/#breadcrumb\"},\"inLanguage\":\"de\",\"potentialAction\":[{\"@type\":\"ReadAction\",\"target\":[\"https:\\\/\\\/radioleinewelle.de\\\/index.php\\\/2021\\\/07\\\/22\\\/stadtradeln-398-710-kilometer-fuer-den-klimaschutz-abschluss-der-kampagne-in-landkreis-und-stadt-goettingen\\\/\"]}]},{\"@type\":\"BreadcrumbList\",\"@id\":\"https:\\\/\\\/radioleinewelle.de\\\/index.php\\\/2021\\\/07\\\/22\\\/stadtradeln-398-710-kilometer-fuer-den-klimaschutz-abschluss-der-kampagne-in-landkreis-und-stadt-goettingen\\\/#breadcrumb\",\"itemListElement\":[{\"@type\":\"ListItem\",\"position\":1,\"name\":\"Startseite\",\"item\":\"https:\\\/\\\/radioleinewelle.de\\\/\"},{\"@type\":\"ListItem\",\"position\":2,\"name\":\"STADTRADELN: 398.710 Kilometer f\u00fcr den Klimaschutz Abschluss der Kampagne in Landkreis und Stadt G\u00f6ttingen\"}]},{\"@type\":\"WebSite\",\"@id\":\"https:\\\/\\\/radioleinewelle.de\\\/#website\",\"url\":\"https:\\\/\\\/radioleinewelle.de\\\/\",\"name\":\"Radio Leinewelle\",\"description\":\"\",\"publisher\":{\"@id\":\"https:\\\/\\\/radioleinewelle.de\\\/#organization\"},\"potentialAction\":[{\"@type\":\"SearchAction\",\"target\":{\"@type\":\"EntryPoint\",\"urlTemplate\":\"https:\\\/\\\/radioleinewelle.de\\\/?s={search_term_string}\"},\"query-input\":{\"@type\":\"PropertyValueSpecification\",\"valueRequired\":true,\"valueName\":\"search_term_string\"}}],\"inLanguage\":\"de\"},{\"@type\":\"Organization\",\"@id\":\"https:\\\/\\\/radioleinewelle.de\\\/#organization\",\"name\":\"Radio Leinewelle\",\"alternateName\":\"Mein Radio f\u00fcr S\u00fcdniedersachsen\",\"url\":\"https:\\\/\\\/radioleinewelle.de\\\/\",\"logo\":{\"@type\":\"ImageObject\",\"inLanguage\":\"de\",\"@id\":\"https:\\\/\\\/radioleinewelle.de\\\/#\\\/schema\\\/logo\\\/image\\\/\",\"url\":\"https:\\\/\\\/radioleinewelle.de\\\/wp-content\\\/uploads\\\/2023\\\/11\\\/cropped-Leinewelle_Logo_weiss.png\",\"contentUrl\":\"https:\\\/\\\/radioleinewelle.de\\\/wp-content\\\/uploads\\\/2023\\\/11\\\/cropped-Leinewelle_Logo_weiss.png\",\"width\":854,\"height\":260,\"caption\":\"Radio Leinewelle\"},\"image\":{\"@id\":\"https:\\\/\\\/radioleinewelle.de\\\/#\\\/schema\\\/logo\\\/image\\\/\"},\"sameAs\":[\"https:\\\/\\\/www.facebook.com\\\/radioleinewelle\",\"https:\\\/\\\/x.com\\\/RLeinewelle\",\"https:\\\/\\\/www.instagram.com\\\/radioleinewelle\\\/?hl=de\"]},{\"@type\":\"Person\",\"@id\":\"https:\\\/\\\/radioleinewelle.de\\\/#\\\/schema\\\/person\\\/45606f348637df637192dc1b68399a63\",\"name\":\"Leinewelle\",\"image\":{\"@type\":\"ImageObject\",\"inLanguage\":\"de\",\"@id\":\"https:\\\/\\\/secure.gravatar.com\\\/avatar\\\/05c9a17bc973052ee5d91549bd32fb4dd0dc85b7b85ae94b2e2b4943476bbea5?s=96&d=blank&r=g\",\"url\":\"https:\\\/\\\/secure.gravatar.com\\\/avatar\\\/05c9a17bc973052ee5d91549bd32fb4dd0dc85b7b85ae94b2e2b4943476bbea5?s=96&d=blank&r=g\",\"contentUrl\":\"https:\\\/\\\/secure.gravatar.com\\\/avatar\\\/05c9a17bc973052ee5d91549bd32fb4dd0dc85b7b85ae94b2e2b4943476bbea5?s=96&d=blank&r=g\",\"caption\":\"Leinewelle\"},\"sameAs\":[\"http:\\\/\\\/localhost\\\/radio%20leinewelle\\\/wordpress\",\"https:\\\/\\\/www.facebook.com\\\/radioleinewelle\",\"https:\\\/\\\/www.instagram.com\\\/radioleinewelle\",\"https:\\\/\\\/x.com\\\/https:\\\/\\\/twitter.com\\\/RLeinewelle?ref_src=twsrcgoogletwcampserptwgrauthor\",\"https:\\\/\\\/soundcloud.com\\\/foerderverein-lokalradio?utm_source=clipboard&utm_medium=text&utm_campaign=social_sharing\"],\"url\":\"https:\\\/\\\/radioleinewelle.de\\\/index.php\\\/author\\\/leinewelle\\\/\"}]}<\/script>\n<!-- \/ Yoast SEO plugin. -->","yoast_head_json":{"title":"STADTRADELN: 398.710 Kilometer f\u00fcr den Klimaschutz Abschluss der Kampagne in Landkreis und Stadt G\u00f6ttingen - Radio Leinewelle","robots":{"index":"index","follow":"follow","max-snippet":"max-snippet:-1","max-image-preview":"max-image-preview:large","max-video-preview":"max-video-preview:-1"},"canonical":"https:\/\/radioleinewelle.de\/index.php\/2021\/07\/22\/stadtradeln-398-710-kilometer-fuer-den-klimaschutz-abschluss-der-kampagne-in-landkreis-und-stadt-goettingen\/","og_locale":"de_DE","og_type":"article","og_title":"STADTRADELN: 398.710 Kilometer f\u00fcr den Klimaschutz Abschluss der Kampagne in Landkreis und Stadt G\u00f6ttingen - Radio Leinewelle","og_description":"Am 03.07.2021 endete die dreiw\u00f6chige Kampagne STADTRADELN in Landkreis und Stadt G\u00f6ttingen. Die Ergebnisse des diesj\u00e4hrigen Aktionszeitraums stehen nun fest und \u00fcbertreffen die Ergebnisse des Vorjahres bei Weitem: 398.710 Kilometer, 160.000 km mehr als im Vorjahr, legten alle Radler*innen gemeinsam zur\u00fcck. Mit 1.919 Radelnden wurde die Anzahl der Teilnehmenden mehr als verdoppelt. Durch den Verzicht [&hellip;]","og_url":"https:\/\/radioleinewelle.de\/index.php\/2021\/07\/22\/stadtradeln-398-710-kilometer-fuer-den-klimaschutz-abschluss-der-kampagne-in-landkreis-und-stadt-goettingen\/","og_site_name":"Radio Leinewelle","article_publisher":"https:\/\/www.facebook.com\/radioleinewelle","article_author":"https:\/\/www.facebook.com\/radioleinewelle","article_published_time":"2021-07-22T03:26:45+00:00","author":"Leinewelle","twitter_card":"summary_large_image","twitter_creator":"@https:\/\/twitter.com\/RLeinewelle?ref_src=twsrcgoogletwcampserptwgrauthor","twitter_site":"@RLeinewelle","twitter_misc":{"Verfasst von":"Leinewelle","Gesch\u00e4tzte Lesezeit":"2\u00a0Minuten"},"schema":{"@context":"https:\/\/schema.org","@graph":[{"@type":"Article","@id":"https:\/\/radioleinewelle.de\/index.php\/2021\/07\/22\/stadtradeln-398-710-kilometer-fuer-den-klimaschutz-abschluss-der-kampagne-in-landkreis-und-stadt-goettingen\/#article","isPartOf":{"@id":"https:\/\/radioleinewelle.de\/index.php\/2021\/07\/22\/stadtradeln-398-710-kilometer-fuer-den-klimaschutz-abschluss-der-kampagne-in-landkreis-und-stadt-goettingen\/"},"author":{"name":"Leinewelle","@id":"https:\/\/radioleinewelle.de\/#\/schema\/person\/45606f348637df637192dc1b68399a63"},"headline":"STADTRADELN: 398.710 Kilometer f\u00fcr den Klimaschutz Abschluss der Kampagne in Landkreis und Stadt G\u00f6ttingen","datePublished":"2021-07-22T03:26:45+00:00","mainEntityOfPage":{"@id":"https:\/\/radioleinewelle.de\/index.php\/2021\/07\/22\/stadtradeln-398-710-kilometer-fuer-den-klimaschutz-abschluss-der-kampagne-in-landkreis-und-stadt-goettingen\/"},"wordCount":276,"publisher":{"@id":"https:\/\/radioleinewelle.de\/#organization"},"keywords":["CO2 Vermeidung G\u00f6ttingen","G\u00f6ttinger Freizeitportal","Landkreis G\u00f6ttingen","Stadtradeln G\u00f6ttingen"],"articleSection":["Bauen &amp; Verkehr","Klimawandel"],"inLanguage":"de"},{"@type":"WebPage","@id":"https:\/\/radioleinewelle.de\/index.php\/2021\/07\/22\/stadtradeln-398-710-kilometer-fuer-den-klimaschutz-abschluss-der-kampagne-in-landkreis-und-stadt-goettingen\/","url":"https:\/\/radioleinewelle.de\/index.php\/2021\/07\/22\/stadtradeln-398-710-kilometer-fuer-den-klimaschutz-abschluss-der-kampagne-in-landkreis-und-stadt-goettingen\/","name":"STADTRADELN: 398.710 Kilometer f\u00fcr den Klimaschutz Abschluss der Kampagne in Landkreis und Stadt G\u00f6ttingen - Radio Leinewelle","isPartOf":{"@id":"https:\/\/radioleinewelle.de\/#website"},"datePublished":"2021-07-22T03:26:45+00:00","breadcrumb":{"@id":"https:\/\/radioleinewelle.de\/index.php\/2021\/07\/22\/stadtradeln-398-710-kilometer-fuer-den-klimaschutz-abschluss-der-kampagne-in-landkreis-und-stadt-goettingen\/#breadcrumb"},"inLanguage":"de","potentialAction":[{"@type":"ReadAction","target":["https:\/\/radioleinewelle.de\/index.php\/2021\/07\/22\/stadtradeln-398-710-kilometer-fuer-den-klimaschutz-abschluss-der-kampagne-in-landkreis-und-stadt-goettingen\/"]}]},{"@type":"BreadcrumbList","@id":"https:\/\/radioleinewelle.de\/index.php\/2021\/07\/22\/stadtradeln-398-710-kilometer-fuer-den-klimaschutz-abschluss-der-kampagne-in-landkreis-und-stadt-goettingen\/#breadcrumb","itemListElement":[{"@type":"ListItem","position":1,"name":"Startseite","item":"https:\/\/radioleinewelle.de\/"},{"@type":"ListItem","position":2,"name":"STADTRADELN: 398.710 Kilometer f\u00fcr den Klimaschutz Abschluss der Kampagne in Landkreis und Stadt G\u00f6ttingen"}]},{"@type":"WebSite","@id":"https:\/\/radioleinewelle.de\/#website","url":"https:\/\/radioleinewelle.de\/","name":"Radio Leinewelle","description":"","publisher":{"@id":"https:\/\/radioleinewelle.de\/#organization"},"potentialAction":[{"@type":"SearchAction","target":{"@type":"EntryPoint","urlTemplate":"https:\/\/radioleinewelle.de\/?s={search_term_string}"},"query-input":{"@type":"PropertyValueSpecification","valueRequired":true,"valueName":"search_term_string"}}],"inLanguage":"de"},{"@type":"Organization","@id":"https:\/\/radioleinewelle.de\/#organization","name":"Radio Leinewelle","alternateName":"Mein Radio f\u00fcr S\u00fcdniedersachsen","url":"https:\/\/radioleinewelle.de\/","logo":{"@type":"ImageObject","inLanguage":"de","@id":"https:\/\/radioleinewelle.de\/#\/schema\/logo\/image\/","url":"https:\/\/radioleinewelle.de\/wp-content\/uploads\/2023\/11\/cropped-Leinewelle_Logo_weiss.png","contentUrl":"https:\/\/radioleinewelle.de\/wp-content\/uploads\/2023\/11\/cropped-Leinewelle_Logo_weiss.png","width":854,"height":260,"caption":"Radio Leinewelle"},"image":{"@id":"https:\/\/radioleinewelle.de\/#\/schema\/logo\/image\/"},"sameAs":["https:\/\/www.facebook.com\/radioleinewelle","https:\/\/x.com\/RLeinewelle","https:\/\/www.instagram.com\/radioleinewelle\/?hl=de"]},{"@type":"Person","@id":"https:\/\/radioleinewelle.de\/#\/schema\/person\/45606f348637df637192dc1b68399a63","name":"Leinewelle","image":{"@type":"ImageObject","inLanguage":"de","@id":"https:\/\/secure.gravatar.com\/avatar\/05c9a17bc973052ee5d91549bd32fb4dd0dc85b7b85ae94b2e2b4943476bbea5?s=96&d=blank&r=g","url":"https:\/\/secure.gravatar.com\/avatar\/05c9a17bc973052ee5d91549bd32fb4dd0dc85b7b85ae94b2e2b4943476bbea5?s=96&d=blank&r=g","contentUrl":"https:\/\/secure.gravatar.com\/avatar\/05c9a17bc973052ee5d91549bd32fb4dd0dc85b7b85ae94b2e2b4943476bbea5?s=96&d=blank&r=g","caption":"Leinewelle"},"sameAs":["http:\/\/localhost\/radio%20leinewelle\/wordpress","https:\/\/www.facebook.com\/radioleinewelle","https:\/\/www.instagram.com\/radioleinewelle","https:\/\/x.com\/https:\/\/twitter.com\/RLeinewelle?ref_src=twsrcgoogletwcampserptwgrauthor","https:\/\/soundcloud.com\/foerderverein-lokalradio?utm_source=clipboard&utm_medium=text&utm_campaign=social_sharing"],"url":"https:\/\/radioleinewelle.de\/index.php\/author\/leinewelle\/"}]}},"_links":{"self":[{"href":"https:\/\/radioleinewelle.de\/index.php\/wp-json\/wp\/v2\/posts\/9518","targetHints":{"allow":["GET"]}}],"collection":[{"href":"https:\/\/radioleinewelle.de\/index.php\/wp-json\/wp\/v2\/posts"}],"about":[{"href":"https:\/\/radioleinewelle.de\/index.php\/wp-json\/wp\/v2\/types\/post"}],"author":[{"embeddable":true,"href":"https:\/\/radioleinewelle.de\/index.php\/wp-json\/wp\/v2\/users\/1"}],"replies":[{"embeddable":true,"href":"https:\/\/radioleinewelle.de\/index.php\/wp-json\/wp\/v2\/comments?post=9518"}],"version-history":[{"count":0,"href":"https:\/\/radioleinewelle.de\/index.php\/wp-json\/wp\/v2\/posts\/9518\/revisions"}],"wp:attachment":[{"href":"https:\/\/radioleinewelle.de\/index.php\/wp-json\/wp\/v2\/media?parent=9518"}],"wp:term":[{"taxonomy":"category","embeddable":true,"href":"https:\/\/radioleinewelle.de\/index.php\/wp-json\/wp\/v2\/categories?post=9518"},{"taxonomy":"post_tag","embeddable":true,"href":"https:\/\/radioleinewelle.de\/index.php\/wp-json\/wp\/v2\/tags?post=9518"}],"curies":[{"name":"wp","href":"https:\/\/api.w.org\/{rel}","templated":true}]}}