{"id":9532,"date":"2021-07-22T05:52:46","date_gmt":"2021-07-22T03:52:46","guid":{"rendered":"https:\/\/radioleinewelle.de\/?p=9532"},"modified":"2021-07-22T05:52:46","modified_gmt":"2021-07-22T03:52:46","slug":"corona-in-goettingen-tausende-minijobber-arbeitslos","status":"publish","type":"post","link":"https:\/\/radioleinewelle.de\/index.php\/2021\/07\/22\/corona-in-goettingen-tausende-minijobber-arbeitslos\/","title":{"rendered":"Corona in G\u00f6ttingen \u2013 Tausende Minijobber arbeitslos"},"content":{"rendered":"\n<p>Laut der Bundesagentur f\u00fcr Arbeit gab es Ende 2020 in G\u00f6ttingen 27.572 Minijobberinnen und Minijobber. Das sind rund &nbsp;2.400 &nbsp;weniger als im Jahr davor. Vor allem im Dienstleistungssektor, insbesondere im Gastgewerbe, war ein hoher R\u00fcckgang der Minijobs zu verzeichnen. Das bedeutet: Mehrere Tausend G\u00f6ttingerinnen und G\u00f6ttinger haben in der Corona-Pandemie ihre geringf\u00fcgigen Jobs verloren und landeten ausschlie\u00dflich im Hartz IV-Bezug. Der DGB fordert angesichts dieser Zahlen eine Minijob-Reform.<\/p>\n\n\n\n<p>\u201eDie aktuelle Krise ist ein Alarmsignal. Minijobberinnen und Minijobber wurden in der Pandemie als erste vor die T\u00fcr gesetzt, als die Restaurants, die L\u00e4den und die Schulen dicht machen mussten\u201c, sagte Agnieszka Zimowska, DGB-Kreisverbandsvorsitzende in G\u00f6ttingen. Laut den Zahlen betraf es doppelt so viele Frauen wie M\u00e4nner. Ein langfristig sch\u00e4dlicher Effekt f\u00fcr Rentenanspr\u00fcche und eigenst\u00e4ndige Einkommensverh\u00e4ltnisse, wie die Gewerkschafterin beurteilt.<\/p>\n\n\n\n<p>Da geringf\u00fcgig Besch\u00e4ftigte von der Arbeitslosenversicherung ausgeschlossen sind, erhalten sie weder&nbsp; Kurzarbeiter-, noch&nbsp; Arbeitslosengeld. Vielen bleiben nur die viel zu niedrigen Leistungen der Grundsicherung. Viele sind ohnehin Aufstocker*innen, die ohne Grundsicherung nicht auskommen.<\/p>\n\n\n\n<p>\u201eMinijobberinnen und Minijobber mussten bittere Einkommensverluste einstecken und haben Probleme, \u00fcberhaupt ihren Lebensunterhalt zu sichern. Gerade in Krisenzeiten m\u00fcssen sich Besch\u00e4ftigte aber auf ein soziales Sicherungsnetz verlassen k\u00f6nnen. Minijobs l\u00f6sen dieses Versprechen nicht ein\u201c,&nbsp; beklagt Zimowska.<\/p>\n\n\n\n<p>\u201eDem vermeintlichen Vorteil eines Brutto-f\u00fcr-Netto-Verdienstes stehen Niedrigl\u00f6hne und Altersarmut gegen\u00fcber. Vor allem Frauen wird durch diese Fehlanreize die M\u00f6glichkeit einer eigenst\u00e4ndigen Existenzsicherung verwehrt. Minijobs sind ein Relikt anderer Zeiten und m\u00fcssen dringend reformiert werden\u201c, fordern G\u00f6ttinger DGB-Frauen.<\/p>\n\n\n\n<p>Der DGB kritisiert wegen seiner gravierenden Nachteile f\u00fcr Besch\u00e4ftigte schon lange&nbsp; das \u201eSystem Minijob\u201c und setzt sich f\u00fcr eine Umwandlung aller Minijobs in sozial abgesicherte Besch\u00e4ftigung ab dem&nbsp; ersten Euro ein.<\/p>\n\n\n\n<p>Symbolbild von&nbsp;<a href=\"https:\/\/pixabay.com\/photos\/?utm_source=link-attribution&amp;utm_medium=referral&amp;utm_campaign=image&amp;utm_content=1149452\">Free-Photos<\/a>&nbsp;auf&nbsp;<a href=\"https:\/\/pixabay.com\/de\/?utm_source=link-attribution&amp;utm_medium=referral&amp;utm_campaign=image&amp;utm_content=1149452\">Pixabay<\/a><\/p>\n","protected":false},"excerpt":{"rendered":"<p>Laut der Bundesagentur f\u00fcr Arbeit gab es Ende 2020 in G\u00f6ttingen 27.572 Minijobberinnen und Minijobber. Das sind rund &nbsp;2.400 &nbsp;weniger als im Jahr davor. Vor allem im Dienstleistungssektor, insbesondere im Gastgewerbe, war ein hoher R\u00fcckgang der Minijobs zu verzeichnen. Das bedeutet: Mehrere Tausend G\u00f6ttingerinnen und G\u00f6ttinger haben in der Corona-Pandemie ihre geringf\u00fcgigen Jobs verloren und [&hellip;]<\/p>\n","protected":false},"author":1,"featured_media":0,"comment_status":"closed","ping_status":"closed","sticky":false,"template":"","format":"standard","meta":{"saved_in_kubio":false,"footnotes":""},"categories":[50],"tags":[1824,925,1825],"class_list":["post-9532","post","type-post","status-publish","format-standard","hentry","category-arbeitswelt","tag-auswirkungen-corona-auf-die-arbeitswelt-in-goettingen","tag-dgb-suedniedersachsen","tag-minijobs-in-goettingen"],"yoast_head":"<!-- This site is optimized with the Yoast SEO plugin v27.5 - https:\/\/yoast.com\/product\/yoast-seo-wordpress\/ -->\n<title>Corona in G\u00f6ttingen \u2013 Tausende Minijobber arbeitslos - Radio Leinewelle<\/title>\n<meta name=\"robots\" content=\"index, follow, max-snippet:-1, max-image-preview:large, max-video-preview:-1\" \/>\n<link rel=\"canonical\" href=\"https:\/\/radioleinewelle.de\/index.php\/2021\/07\/22\/corona-in-goettingen-tausende-minijobber-arbeitslos\/\" \/>\n<meta property=\"og:locale\" content=\"de_DE\" \/>\n<meta property=\"og:type\" content=\"article\" \/>\n<meta property=\"og:title\" content=\"Corona in G\u00f6ttingen \u2013 Tausende Minijobber arbeitslos - Radio Leinewelle\" \/>\n<meta property=\"og:description\" content=\"Laut der Bundesagentur f\u00fcr Arbeit gab es Ende 2020 in G\u00f6ttingen 27.572 Minijobberinnen und Minijobber. Das sind rund &nbsp;2.400 &nbsp;weniger als im Jahr davor. Vor allem im Dienstleistungssektor, insbesondere im Gastgewerbe, war ein hoher R\u00fcckgang der Minijobs zu verzeichnen. Das bedeutet: Mehrere Tausend G\u00f6ttingerinnen und G\u00f6ttinger haben in der Corona-Pandemie ihre geringf\u00fcgigen Jobs verloren und [&hellip;]\" \/>\n<meta property=\"og:url\" content=\"https:\/\/radioleinewelle.de\/index.php\/2021\/07\/22\/corona-in-goettingen-tausende-minijobber-arbeitslos\/\" \/>\n<meta property=\"og:site_name\" content=\"Radio Leinewelle\" \/>\n<meta property=\"article:publisher\" content=\"https:\/\/www.facebook.com\/radioleinewelle\" \/>\n<meta property=\"article:author\" content=\"https:\/\/www.facebook.com\/radioleinewelle\" \/>\n<meta property=\"article:published_time\" content=\"2021-07-22T03:52:46+00:00\" \/>\n<meta name=\"author\" content=\"Leinewelle\" \/>\n<meta name=\"twitter:card\" content=\"summary_large_image\" \/>\n<meta name=\"twitter:creator\" content=\"@https:\/\/twitter.com\/RLeinewelle?ref_src=twsrcgoogletwcampserptwgrauthor\" \/>\n<meta name=\"twitter:site\" content=\"@RLeinewelle\" \/>\n<meta name=\"twitter:label1\" content=\"Verfasst von\" \/>\n\t<meta name=\"twitter:data1\" content=\"Leinewelle\" \/>\n\t<meta name=\"twitter:label2\" content=\"Gesch\u00e4tzte Lesezeit\" \/>\n\t<meta name=\"twitter:data2\" content=\"2\u00a0Minuten\" \/>\n<script type=\"application\/ld+json\" class=\"yoast-schema-graph\">{\"@context\":\"https:\\\/\\\/schema.org\",\"@graph\":[{\"@type\":\"Article\",\"@id\":\"https:\\\/\\\/radioleinewelle.de\\\/index.php\\\/2021\\\/07\\\/22\\\/corona-in-goettingen-tausende-minijobber-arbeitslos\\\/#article\",\"isPartOf\":{\"@id\":\"https:\\\/\\\/radioleinewelle.de\\\/index.php\\\/2021\\\/07\\\/22\\\/corona-in-goettingen-tausende-minijobber-arbeitslos\\\/\"},\"author\":{\"name\":\"Leinewelle\",\"@id\":\"https:\\\/\\\/radioleinewelle.de\\\/#\\\/schema\\\/person\\\/45606f348637df637192dc1b68399a63\"},\"headline\":\"Corona in G\u00f6ttingen \u2013 Tausende Minijobber arbeitslos\",\"datePublished\":\"2021-07-22T03:52:46+00:00\",\"mainEntityOfPage\":{\"@id\":\"https:\\\/\\\/radioleinewelle.de\\\/index.php\\\/2021\\\/07\\\/22\\\/corona-in-goettingen-tausende-minijobber-arbeitslos\\\/\"},\"wordCount\":318,\"publisher\":{\"@id\":\"https:\\\/\\\/radioleinewelle.de\\\/#organization\"},\"keywords\":[\"Auswirkungen Corona auf die Arbeitswelt in G\u00f6ttingen\",\"DGB S\u00fcdniedersachsen\",\"Minijobs in G\u00f6ttingen\"],\"articleSection\":[\"Arbeitswelt\"],\"inLanguage\":\"de\"},{\"@type\":\"WebPage\",\"@id\":\"https:\\\/\\\/radioleinewelle.de\\\/index.php\\\/2021\\\/07\\\/22\\\/corona-in-goettingen-tausende-minijobber-arbeitslos\\\/\",\"url\":\"https:\\\/\\\/radioleinewelle.de\\\/index.php\\\/2021\\\/07\\\/22\\\/corona-in-goettingen-tausende-minijobber-arbeitslos\\\/\",\"name\":\"Corona in G\u00f6ttingen \u2013 Tausende Minijobber arbeitslos - Radio Leinewelle\",\"isPartOf\":{\"@id\":\"https:\\\/\\\/radioleinewelle.de\\\/#website\"},\"datePublished\":\"2021-07-22T03:52:46+00:00\",\"breadcrumb\":{\"@id\":\"https:\\\/\\\/radioleinewelle.de\\\/index.php\\\/2021\\\/07\\\/22\\\/corona-in-goettingen-tausende-minijobber-arbeitslos\\\/#breadcrumb\"},\"inLanguage\":\"de\",\"potentialAction\":[{\"@type\":\"ReadAction\",\"target\":[\"https:\\\/\\\/radioleinewelle.de\\\/index.php\\\/2021\\\/07\\\/22\\\/corona-in-goettingen-tausende-minijobber-arbeitslos\\\/\"]}]},{\"@type\":\"BreadcrumbList\",\"@id\":\"https:\\\/\\\/radioleinewelle.de\\\/index.php\\\/2021\\\/07\\\/22\\\/corona-in-goettingen-tausende-minijobber-arbeitslos\\\/#breadcrumb\",\"itemListElement\":[{\"@type\":\"ListItem\",\"position\":1,\"name\":\"Startseite\",\"item\":\"https:\\\/\\\/radioleinewelle.de\\\/\"},{\"@type\":\"ListItem\",\"position\":2,\"name\":\"Corona in G\u00f6ttingen \u2013 Tausende Minijobber arbeitslos\"}]},{\"@type\":\"WebSite\",\"@id\":\"https:\\\/\\\/radioleinewelle.de\\\/#website\",\"url\":\"https:\\\/\\\/radioleinewelle.de\\\/\",\"name\":\"Radio Leinewelle\",\"description\":\"\",\"publisher\":{\"@id\":\"https:\\\/\\\/radioleinewelle.de\\\/#organization\"},\"potentialAction\":[{\"@type\":\"SearchAction\",\"target\":{\"@type\":\"EntryPoint\",\"urlTemplate\":\"https:\\\/\\\/radioleinewelle.de\\\/?s={search_term_string}\"},\"query-input\":{\"@type\":\"PropertyValueSpecification\",\"valueRequired\":true,\"valueName\":\"search_term_string\"}}],\"inLanguage\":\"de\"},{\"@type\":\"Organization\",\"@id\":\"https:\\\/\\\/radioleinewelle.de\\\/#organization\",\"name\":\"Radio Leinewelle\",\"alternateName\":\"Mein Radio f\u00fcr S\u00fcdniedersachsen\",\"url\":\"https:\\\/\\\/radioleinewelle.de\\\/\",\"logo\":{\"@type\":\"ImageObject\",\"inLanguage\":\"de\",\"@id\":\"https:\\\/\\\/radioleinewelle.de\\\/#\\\/schema\\\/logo\\\/image\\\/\",\"url\":\"https:\\\/\\\/radioleinewelle.de\\\/wp-content\\\/uploads\\\/2023\\\/11\\\/cropped-Leinewelle_Logo_weiss.png\",\"contentUrl\":\"https:\\\/\\\/radioleinewelle.de\\\/wp-content\\\/uploads\\\/2023\\\/11\\\/cropped-Leinewelle_Logo_weiss.png\",\"width\":854,\"height\":260,\"caption\":\"Radio Leinewelle\"},\"image\":{\"@id\":\"https:\\\/\\\/radioleinewelle.de\\\/#\\\/schema\\\/logo\\\/image\\\/\"},\"sameAs\":[\"https:\\\/\\\/www.facebook.com\\\/radioleinewelle\",\"https:\\\/\\\/x.com\\\/RLeinewelle\",\"https:\\\/\\\/www.instagram.com\\\/radioleinewelle\\\/?hl=de\"]},{\"@type\":\"Person\",\"@id\":\"https:\\\/\\\/radioleinewelle.de\\\/#\\\/schema\\\/person\\\/45606f348637df637192dc1b68399a63\",\"name\":\"Leinewelle\",\"image\":{\"@type\":\"ImageObject\",\"inLanguage\":\"de\",\"@id\":\"https:\\\/\\\/secure.gravatar.com\\\/avatar\\\/05c9a17bc973052ee5d91549bd32fb4dd0dc85b7b85ae94b2e2b4943476bbea5?s=96&d=blank&r=g\",\"url\":\"https:\\\/\\\/secure.gravatar.com\\\/avatar\\\/05c9a17bc973052ee5d91549bd32fb4dd0dc85b7b85ae94b2e2b4943476bbea5?s=96&d=blank&r=g\",\"contentUrl\":\"https:\\\/\\\/secure.gravatar.com\\\/avatar\\\/05c9a17bc973052ee5d91549bd32fb4dd0dc85b7b85ae94b2e2b4943476bbea5?s=96&d=blank&r=g\",\"caption\":\"Leinewelle\"},\"sameAs\":[\"http:\\\/\\\/localhost\\\/radio%20leinewelle\\\/wordpress\",\"https:\\\/\\\/www.facebook.com\\\/radioleinewelle\",\"https:\\\/\\\/www.instagram.com\\\/radioleinewelle\",\"https:\\\/\\\/x.com\\\/https:\\\/\\\/twitter.com\\\/RLeinewelle?ref_src=twsrcgoogletwcampserptwgrauthor\",\"https:\\\/\\\/soundcloud.com\\\/foerderverein-lokalradio?utm_source=clipboard&utm_medium=text&utm_campaign=social_sharing\"],\"url\":\"https:\\\/\\\/radioleinewelle.de\\\/index.php\\\/author\\\/leinewelle\\\/\"}]}<\/script>\n<!-- \/ Yoast SEO plugin. -->","yoast_head_json":{"title":"Corona in G\u00f6ttingen \u2013 Tausende Minijobber arbeitslos - Radio Leinewelle","robots":{"index":"index","follow":"follow","max-snippet":"max-snippet:-1","max-image-preview":"max-image-preview:large","max-video-preview":"max-video-preview:-1"},"canonical":"https:\/\/radioleinewelle.de\/index.php\/2021\/07\/22\/corona-in-goettingen-tausende-minijobber-arbeitslos\/","og_locale":"de_DE","og_type":"article","og_title":"Corona in G\u00f6ttingen \u2013 Tausende Minijobber arbeitslos - Radio Leinewelle","og_description":"Laut der Bundesagentur f\u00fcr Arbeit gab es Ende 2020 in G\u00f6ttingen 27.572 Minijobberinnen und Minijobber. Das sind rund &nbsp;2.400 &nbsp;weniger als im Jahr davor. Vor allem im Dienstleistungssektor, insbesondere im Gastgewerbe, war ein hoher R\u00fcckgang der Minijobs zu verzeichnen. Das bedeutet: Mehrere Tausend G\u00f6ttingerinnen und G\u00f6ttinger haben in der Corona-Pandemie ihre geringf\u00fcgigen Jobs verloren und [&hellip;]","og_url":"https:\/\/radioleinewelle.de\/index.php\/2021\/07\/22\/corona-in-goettingen-tausende-minijobber-arbeitslos\/","og_site_name":"Radio Leinewelle","article_publisher":"https:\/\/www.facebook.com\/radioleinewelle","article_author":"https:\/\/www.facebook.com\/radioleinewelle","article_published_time":"2021-07-22T03:52:46+00:00","author":"Leinewelle","twitter_card":"summary_large_image","twitter_creator":"@https:\/\/twitter.com\/RLeinewelle?ref_src=twsrcgoogletwcampserptwgrauthor","twitter_site":"@RLeinewelle","twitter_misc":{"Verfasst von":"Leinewelle","Gesch\u00e4tzte Lesezeit":"2\u00a0Minuten"},"schema":{"@context":"https:\/\/schema.org","@graph":[{"@type":"Article","@id":"https:\/\/radioleinewelle.de\/index.php\/2021\/07\/22\/corona-in-goettingen-tausende-minijobber-arbeitslos\/#article","isPartOf":{"@id":"https:\/\/radioleinewelle.de\/index.php\/2021\/07\/22\/corona-in-goettingen-tausende-minijobber-arbeitslos\/"},"author":{"name":"Leinewelle","@id":"https:\/\/radioleinewelle.de\/#\/schema\/person\/45606f348637df637192dc1b68399a63"},"headline":"Corona in G\u00f6ttingen \u2013 Tausende Minijobber arbeitslos","datePublished":"2021-07-22T03:52:46+00:00","mainEntityOfPage":{"@id":"https:\/\/radioleinewelle.de\/index.php\/2021\/07\/22\/corona-in-goettingen-tausende-minijobber-arbeitslos\/"},"wordCount":318,"publisher":{"@id":"https:\/\/radioleinewelle.de\/#organization"},"keywords":["Auswirkungen Corona auf die Arbeitswelt in G\u00f6ttingen","DGB S\u00fcdniedersachsen","Minijobs in G\u00f6ttingen"],"articleSection":["Arbeitswelt"],"inLanguage":"de"},{"@type":"WebPage","@id":"https:\/\/radioleinewelle.de\/index.php\/2021\/07\/22\/corona-in-goettingen-tausende-minijobber-arbeitslos\/","url":"https:\/\/radioleinewelle.de\/index.php\/2021\/07\/22\/corona-in-goettingen-tausende-minijobber-arbeitslos\/","name":"Corona in G\u00f6ttingen \u2013 Tausende Minijobber arbeitslos - Radio Leinewelle","isPartOf":{"@id":"https:\/\/radioleinewelle.de\/#website"},"datePublished":"2021-07-22T03:52:46+00:00","breadcrumb":{"@id":"https:\/\/radioleinewelle.de\/index.php\/2021\/07\/22\/corona-in-goettingen-tausende-minijobber-arbeitslos\/#breadcrumb"},"inLanguage":"de","potentialAction":[{"@type":"ReadAction","target":["https:\/\/radioleinewelle.de\/index.php\/2021\/07\/22\/corona-in-goettingen-tausende-minijobber-arbeitslos\/"]}]},{"@type":"BreadcrumbList","@id":"https:\/\/radioleinewelle.de\/index.php\/2021\/07\/22\/corona-in-goettingen-tausende-minijobber-arbeitslos\/#breadcrumb","itemListElement":[{"@type":"ListItem","position":1,"name":"Startseite","item":"https:\/\/radioleinewelle.de\/"},{"@type":"ListItem","position":2,"name":"Corona in G\u00f6ttingen \u2013 Tausende Minijobber arbeitslos"}]},{"@type":"WebSite","@id":"https:\/\/radioleinewelle.de\/#website","url":"https:\/\/radioleinewelle.de\/","name":"Radio Leinewelle","description":"","publisher":{"@id":"https:\/\/radioleinewelle.de\/#organization"},"potentialAction":[{"@type":"SearchAction","target":{"@type":"EntryPoint","urlTemplate":"https:\/\/radioleinewelle.de\/?s={search_term_string}"},"query-input":{"@type":"PropertyValueSpecification","valueRequired":true,"valueName":"search_term_string"}}],"inLanguage":"de"},{"@type":"Organization","@id":"https:\/\/radioleinewelle.de\/#organization","name":"Radio Leinewelle","alternateName":"Mein Radio f\u00fcr S\u00fcdniedersachsen","url":"https:\/\/radioleinewelle.de\/","logo":{"@type":"ImageObject","inLanguage":"de","@id":"https:\/\/radioleinewelle.de\/#\/schema\/logo\/image\/","url":"https:\/\/radioleinewelle.de\/wp-content\/uploads\/2023\/11\/cropped-Leinewelle_Logo_weiss.png","contentUrl":"https:\/\/radioleinewelle.de\/wp-content\/uploads\/2023\/11\/cropped-Leinewelle_Logo_weiss.png","width":854,"height":260,"caption":"Radio Leinewelle"},"image":{"@id":"https:\/\/radioleinewelle.de\/#\/schema\/logo\/image\/"},"sameAs":["https:\/\/www.facebook.com\/radioleinewelle","https:\/\/x.com\/RLeinewelle","https:\/\/www.instagram.com\/radioleinewelle\/?hl=de"]},{"@type":"Person","@id":"https:\/\/radioleinewelle.de\/#\/schema\/person\/45606f348637df637192dc1b68399a63","name":"Leinewelle","image":{"@type":"ImageObject","inLanguage":"de","@id":"https:\/\/secure.gravatar.com\/avatar\/05c9a17bc973052ee5d91549bd32fb4dd0dc85b7b85ae94b2e2b4943476bbea5?s=96&d=blank&r=g","url":"https:\/\/secure.gravatar.com\/avatar\/05c9a17bc973052ee5d91549bd32fb4dd0dc85b7b85ae94b2e2b4943476bbea5?s=96&d=blank&r=g","contentUrl":"https:\/\/secure.gravatar.com\/avatar\/05c9a17bc973052ee5d91549bd32fb4dd0dc85b7b85ae94b2e2b4943476bbea5?s=96&d=blank&r=g","caption":"Leinewelle"},"sameAs":["http:\/\/localhost\/radio%20leinewelle\/wordpress","https:\/\/www.facebook.com\/radioleinewelle","https:\/\/www.instagram.com\/radioleinewelle","https:\/\/x.com\/https:\/\/twitter.com\/RLeinewelle?ref_src=twsrcgoogletwcampserptwgrauthor","https:\/\/soundcloud.com\/foerderverein-lokalradio?utm_source=clipboard&utm_medium=text&utm_campaign=social_sharing"],"url":"https:\/\/radioleinewelle.de\/index.php\/author\/leinewelle\/"}]}},"_links":{"self":[{"href":"https:\/\/radioleinewelle.de\/index.php\/wp-json\/wp\/v2\/posts\/9532","targetHints":{"allow":["GET"]}}],"collection":[{"href":"https:\/\/radioleinewelle.de\/index.php\/wp-json\/wp\/v2\/posts"}],"about":[{"href":"https:\/\/radioleinewelle.de\/index.php\/wp-json\/wp\/v2\/types\/post"}],"author":[{"embeddable":true,"href":"https:\/\/radioleinewelle.de\/index.php\/wp-json\/wp\/v2\/users\/1"}],"replies":[{"embeddable":true,"href":"https:\/\/radioleinewelle.de\/index.php\/wp-json\/wp\/v2\/comments?post=9532"}],"version-history":[{"count":0,"href":"https:\/\/radioleinewelle.de\/index.php\/wp-json\/wp\/v2\/posts\/9532\/revisions"}],"wp:attachment":[{"href":"https:\/\/radioleinewelle.de\/index.php\/wp-json\/wp\/v2\/media?parent=9532"}],"wp:term":[{"taxonomy":"category","embeddable":true,"href":"https:\/\/radioleinewelle.de\/index.php\/wp-json\/wp\/v2\/categories?post=9532"},{"taxonomy":"post_tag","embeddable":true,"href":"https:\/\/radioleinewelle.de\/index.php\/wp-json\/wp\/v2\/tags?post=9532"}],"curies":[{"name":"wp","href":"https:\/\/api.w.org\/{rel}","templated":true}]}}