{"id":9543,"date":"2021-07-23T05:44:34","date_gmt":"2021-07-23T03:44:34","guid":{"rendered":"https:\/\/radioleinewelle.de\/?p=9543"},"modified":"2021-07-23T05:44:34","modified_gmt":"2021-07-23T03:44:34","slug":"schutz-von-gefluechteten-frauen-und-maedchen-in-deutschland-unzureichend","status":"publish","type":"post","link":"https:\/\/radioleinewelle.de\/index.php\/2021\/07\/23\/schutz-von-gefluechteten-frauen-und-maedchen-in-deutschland-unzureichend\/","title":{"rendered":"Schutz von gefl\u00fcchteten Frauen und M\u00e4dchen in Deutschland unzureichend"},"content":{"rendered":"\n<p>(pug) Deutschland kommt seinen rechtlichen Anforderungen zum diskriminierungsfreien Schutz gefl\u00fcchteter Frauen und M\u00e4dchen nicht nach. Zu diesem Ergebnis kommt ein \u201eSchattenbericht\u201c der Universit\u00e4t G\u00f6ttingen, des Vereins Pro Asyl und der Fl\u00fcchtlingsr\u00e4te Bayern, Hessen, Niedersachsen und Sachsen-Anhalt. Auf der Grundlage aktueller Forschungsergebnisse und einer Abfrage von 65 Frauenberatungsstellen, psychosozialen Beratungsstellen und Einrichtungen der Gefl\u00fcchtetenarbeit aus allen 16 Bundesl\u00e4ndern stellt die Untersuchung fest, dass Deutschland gefl\u00fcchtete Frauen und M\u00e4dchen nicht ausreichend sch\u00fctzt und den Vorgaben der sogenannten Istanbul-Konvention nicht gerecht wird.<\/p>\n\n\n\n<p>\u201eDie Istanbul-Konvention, das \u00dcbereinkommen des Europarats zur Verh\u00fctung und Bek\u00e4mpfung von Gewalt gegen Frauen und h\u00e4uslicher Gewalt, ist in Deutschland seit \u00fcber zwei Jahren in Kraft\u201c, erl\u00e4utert die Migrationsforscherin Prof. Dr. Sabine Hess von der Universit\u00e4t G\u00f6ttingen. \u201eMit der Ratifizierung hat sich die Bundesrepublik verbindlich dazu verpflichtet, Frauen unabh\u00e4ngig vom aufenthaltsrechtlichen Status vor allen Formen von Gewalt zu sch\u00fctzen, einen Beitrag zur Beseitigung ihrer Diskriminierung zu leisten sowie ihre Gleichstellung und ihre Rechte zu f\u00f6rdern.\u201c<\/p>\n\n\n\n<p>Die Autorinnen des Berichts kritisieren an der Situation in Deutschland insbesondere die lange Unterbringung von Gefl\u00fcchteten in gro\u00dfen Sammellagern, fehlende Konzepte zum Gewaltschutz in den Lagern, mangelnde Expertise im Hinblick auf vulnerable und von Gewalt betroffene Menschen, eine unzureichende Gesundheitsversorgung f\u00fcr Frauen und M\u00e4dchen sowie eine ungen\u00fcgende Beratungs- und Unterst\u00fctzungsstruktur.<\/p>\n\n\n\n<p>\u201eDie Bundesregierung kommt ihrem gesetzlichen Auftrag aus der Istanbul-Konvention zum Schutz von Frauen und M\u00e4dchen vor Gewalt \u2013 und zwar unabh\u00e4ngig von ihrem Aufenthaltsstatus \u2013 ganz und gar nicht nach\u201c, sagt Hess. \u201eVielmehr stehen die j\u00fcngsten Versch\u00e4rfungen des deutschen Asyl- und Aufenthaltsrechts Gewaltschutzaspekten diametral entgegen. Es besteht umfangreicher Handlungsbedarf, um dies zu \u00e4ndern.\u201c<\/p>\n\n\n\n<p>Der gesamte Bericht auf Deutsch und Englisch ist online unter&nbsp;<a href=\"https:\/\/uni-goettingen.de\/de\/647126.html\">https:\/\/uni-goettingen.de\/de\/647126.html<\/a>&nbsp;zu finden.<\/p>\n\n\n\n<p>Symbolbild von&nbsp;<a href=\"https:\/\/pixabay.com\/de\/users\/geralt-9301\/?utm_source=link-attribution&amp;utm_medium=referral&amp;utm_campaign=image&amp;utm_content=982119\">Gerd Altmann<\/a>&nbsp;auf&nbsp;<a href=\"https:\/\/pixabay.com\/de\/?utm_source=link-attribution&amp;utm_medium=referral&amp;utm_campaign=image&amp;utm_content=982119\">Pixabay<\/a><\/p>\n","protected":false},"excerpt":{"rendered":"<p>(pug) Deutschland kommt seinen rechtlichen Anforderungen zum diskriminierungsfreien Schutz gefl\u00fcchteter Frauen und M\u00e4dchen nicht nach. Zu diesem Ergebnis kommt ein \u201eSchattenbericht\u201c der Universit\u00e4t G\u00f6ttingen, des Vereins Pro Asyl und der Fl\u00fcchtlingsr\u00e4te Bayern, Hessen, Niedersachsen und Sachsen-Anhalt. Auf der Grundlage aktueller Forschungsergebnisse und einer Abfrage von 65 Frauenberatungsstellen, psychosozialen Beratungsstellen und Einrichtungen der Gefl\u00fcchtetenarbeit aus allen [&hellip;]<\/p>\n","protected":false},"author":1,"featured_media":9545,"comment_status":"closed","ping_status":"closed","sticky":false,"template":"","format":"standard","meta":{"saved_in_kubio":false,"footnotes":""},"categories":[43,35],"tags":[1826,1827,1828,1829],"class_list":["post-9543","post","type-post","status-publish","format-standard","has-post-thumbnail","hentry","category-migration","category-universitaet","tag-frauenberatungsstellen","tag-istanbul-konvention-praxis-in-deutschland","tag-schattenbericht","tag-schutz-von-migrantinnen"],"yoast_head":"<!-- This site is optimized with the Yoast SEO plugin v27.5 - https:\/\/yoast.com\/product\/yoast-seo-wordpress\/ -->\n<title>Schutz von gefl\u00fcchteten Frauen und M\u00e4dchen in Deutschland unzureichend - Radio Leinewelle<\/title>\n<meta name=\"robots\" content=\"index, follow, max-snippet:-1, max-image-preview:large, max-video-preview:-1\" \/>\n<link rel=\"canonical\" href=\"https:\/\/radioleinewelle.de\/index.php\/2021\/07\/23\/schutz-von-gefluechteten-frauen-und-maedchen-in-deutschland-unzureichend\/\" \/>\n<meta property=\"og:locale\" content=\"de_DE\" \/>\n<meta property=\"og:type\" content=\"article\" \/>\n<meta property=\"og:title\" content=\"Schutz von gefl\u00fcchteten Frauen und M\u00e4dchen in Deutschland unzureichend - Radio Leinewelle\" \/>\n<meta property=\"og:description\" content=\"(pug) Deutschland kommt seinen rechtlichen Anforderungen zum diskriminierungsfreien Schutz gefl\u00fcchteter Frauen und M\u00e4dchen nicht nach. Zu diesem Ergebnis kommt ein \u201eSchattenbericht\u201c der Universit\u00e4t G\u00f6ttingen, des Vereins Pro Asyl und der Fl\u00fcchtlingsr\u00e4te Bayern, Hessen, Niedersachsen und Sachsen-Anhalt. Auf der Grundlage aktueller Forschungsergebnisse und einer Abfrage von 65 Frauenberatungsstellen, psychosozialen Beratungsstellen und Einrichtungen der Gefl\u00fcchtetenarbeit aus allen [&hellip;]\" \/>\n<meta property=\"og:url\" content=\"https:\/\/radioleinewelle.de\/index.php\/2021\/07\/23\/schutz-von-gefluechteten-frauen-und-maedchen-in-deutschland-unzureichend\/\" \/>\n<meta property=\"og:site_name\" content=\"Radio Leinewelle\" \/>\n<meta property=\"article:publisher\" content=\"https:\/\/www.facebook.com\/radioleinewelle\" \/>\n<meta property=\"article:author\" content=\"https:\/\/www.facebook.com\/radioleinewelle\" \/>\n<meta property=\"article:published_time\" content=\"2021-07-23T03:44:34+00:00\" \/>\n<meta property=\"og:image\" content=\"https:\/\/radioleinewelle.de\/wp-content\/uploads\/2021\/07\/girl-982119_640.jpg\" \/>\n\t<meta property=\"og:image:width\" content=\"640\" \/>\n\t<meta property=\"og:image:height\" content=\"425\" \/>\n\t<meta property=\"og:image:type\" content=\"image\/jpeg\" \/>\n<meta name=\"author\" content=\"Leinewelle\" \/>\n<meta name=\"twitter:card\" content=\"summary_large_image\" \/>\n<meta name=\"twitter:creator\" content=\"@https:\/\/twitter.com\/RLeinewelle?ref_src=twsrcgoogletwcampserptwgrauthor\" \/>\n<meta name=\"twitter:site\" content=\"@RLeinewelle\" \/>\n<meta name=\"twitter:label1\" content=\"Verfasst von\" \/>\n\t<meta name=\"twitter:data1\" content=\"Leinewelle\" \/>\n\t<meta name=\"twitter:label2\" content=\"Gesch\u00e4tzte Lesezeit\" \/>\n\t<meta name=\"twitter:data2\" content=\"2\u00a0Minuten\" \/>\n<script type=\"application\/ld+json\" class=\"yoast-schema-graph\">{\"@context\":\"https:\\\/\\\/schema.org\",\"@graph\":[{\"@type\":\"Article\",\"@id\":\"https:\\\/\\\/radioleinewelle.de\\\/index.php\\\/2021\\\/07\\\/23\\\/schutz-von-gefluechteten-frauen-und-maedchen-in-deutschland-unzureichend\\\/#article\",\"isPartOf\":{\"@id\":\"https:\\\/\\\/radioleinewelle.de\\\/index.php\\\/2021\\\/07\\\/23\\\/schutz-von-gefluechteten-frauen-und-maedchen-in-deutschland-unzureichend\\\/\"},\"author\":{\"name\":\"Leinewelle\",\"@id\":\"https:\\\/\\\/radioleinewelle.de\\\/#\\\/schema\\\/person\\\/45606f348637df637192dc1b68399a63\"},\"headline\":\"Schutz von gefl\u00fcchteten Frauen und M\u00e4dchen in Deutschland unzureichend\",\"datePublished\":\"2021-07-23T03:44:34+00:00\",\"mainEntityOfPage\":{\"@id\":\"https:\\\/\\\/radioleinewelle.de\\\/index.php\\\/2021\\\/07\\\/23\\\/schutz-von-gefluechteten-frauen-und-maedchen-in-deutschland-unzureichend\\\/\"},\"wordCount\":322,\"publisher\":{\"@id\":\"https:\\\/\\\/radioleinewelle.de\\\/#organization\"},\"image\":{\"@id\":\"https:\\\/\\\/radioleinewelle.de\\\/index.php\\\/2021\\\/07\\\/23\\\/schutz-von-gefluechteten-frauen-und-maedchen-in-deutschland-unzureichend\\\/#primaryimage\"},\"thumbnailUrl\":\"https:\\\/\\\/radioleinewelle.de\\\/wp-content\\\/uploads\\\/2021\\\/07\\\/girl-982119_640.jpg\",\"keywords\":[\"Frauenberatungsstellen\",\"Istanbul Konvention Praxis in Deutschland\",\"Schattenbericht\",\"Schutz von Migrantinnen\"],\"articleSection\":[\"Migration\",\"Universit\u00e4t\"],\"inLanguage\":\"de\"},{\"@type\":\"WebPage\",\"@id\":\"https:\\\/\\\/radioleinewelle.de\\\/index.php\\\/2021\\\/07\\\/23\\\/schutz-von-gefluechteten-frauen-und-maedchen-in-deutschland-unzureichend\\\/\",\"url\":\"https:\\\/\\\/radioleinewelle.de\\\/index.php\\\/2021\\\/07\\\/23\\\/schutz-von-gefluechteten-frauen-und-maedchen-in-deutschland-unzureichend\\\/\",\"name\":\"Schutz von gefl\u00fcchteten Frauen und M\u00e4dchen in Deutschland unzureichend - Radio Leinewelle\",\"isPartOf\":{\"@id\":\"https:\\\/\\\/radioleinewelle.de\\\/#website\"},\"primaryImageOfPage\":{\"@id\":\"https:\\\/\\\/radioleinewelle.de\\\/index.php\\\/2021\\\/07\\\/23\\\/schutz-von-gefluechteten-frauen-und-maedchen-in-deutschland-unzureichend\\\/#primaryimage\"},\"image\":{\"@id\":\"https:\\\/\\\/radioleinewelle.de\\\/index.php\\\/2021\\\/07\\\/23\\\/schutz-von-gefluechteten-frauen-und-maedchen-in-deutschland-unzureichend\\\/#primaryimage\"},\"thumbnailUrl\":\"https:\\\/\\\/radioleinewelle.de\\\/wp-content\\\/uploads\\\/2021\\\/07\\\/girl-982119_640.jpg\",\"datePublished\":\"2021-07-23T03:44:34+00:00\",\"breadcrumb\":{\"@id\":\"https:\\\/\\\/radioleinewelle.de\\\/index.php\\\/2021\\\/07\\\/23\\\/schutz-von-gefluechteten-frauen-und-maedchen-in-deutschland-unzureichend\\\/#breadcrumb\"},\"inLanguage\":\"de\",\"potentialAction\":[{\"@type\":\"ReadAction\",\"target\":[\"https:\\\/\\\/radioleinewelle.de\\\/index.php\\\/2021\\\/07\\\/23\\\/schutz-von-gefluechteten-frauen-und-maedchen-in-deutschland-unzureichend\\\/\"]}]},{\"@type\":\"ImageObject\",\"inLanguage\":\"de\",\"@id\":\"https:\\\/\\\/radioleinewelle.de\\\/index.php\\\/2021\\\/07\\\/23\\\/schutz-von-gefluechteten-frauen-und-maedchen-in-deutschland-unzureichend\\\/#primaryimage\",\"url\":\"https:\\\/\\\/radioleinewelle.de\\\/wp-content\\\/uploads\\\/2021\\\/07\\\/girl-982119_640.jpg\",\"contentUrl\":\"https:\\\/\\\/radioleinewelle.de\\\/wp-content\\\/uploads\\\/2021\\\/07\\\/girl-982119_640.jpg\",\"width\":640,\"height\":425},{\"@type\":\"BreadcrumbList\",\"@id\":\"https:\\\/\\\/radioleinewelle.de\\\/index.php\\\/2021\\\/07\\\/23\\\/schutz-von-gefluechteten-frauen-und-maedchen-in-deutschland-unzureichend\\\/#breadcrumb\",\"itemListElement\":[{\"@type\":\"ListItem\",\"position\":1,\"name\":\"Startseite\",\"item\":\"https:\\\/\\\/radioleinewelle.de\\\/\"},{\"@type\":\"ListItem\",\"position\":2,\"name\":\"Schutz von gefl\u00fcchteten Frauen und M\u00e4dchen in Deutschland unzureichend\"}]},{\"@type\":\"WebSite\",\"@id\":\"https:\\\/\\\/radioleinewelle.de\\\/#website\",\"url\":\"https:\\\/\\\/radioleinewelle.de\\\/\",\"name\":\"Radio Leinewelle\",\"description\":\"\",\"publisher\":{\"@id\":\"https:\\\/\\\/radioleinewelle.de\\\/#organization\"},\"potentialAction\":[{\"@type\":\"SearchAction\",\"target\":{\"@type\":\"EntryPoint\",\"urlTemplate\":\"https:\\\/\\\/radioleinewelle.de\\\/?s={search_term_string}\"},\"query-input\":{\"@type\":\"PropertyValueSpecification\",\"valueRequired\":true,\"valueName\":\"search_term_string\"}}],\"inLanguage\":\"de\"},{\"@type\":\"Organization\",\"@id\":\"https:\\\/\\\/radioleinewelle.de\\\/#organization\",\"name\":\"Radio Leinewelle\",\"alternateName\":\"Mein Radio f\u00fcr S\u00fcdniedersachsen\",\"url\":\"https:\\\/\\\/radioleinewelle.de\\\/\",\"logo\":{\"@type\":\"ImageObject\",\"inLanguage\":\"de\",\"@id\":\"https:\\\/\\\/radioleinewelle.de\\\/#\\\/schema\\\/logo\\\/image\\\/\",\"url\":\"https:\\\/\\\/radioleinewelle.de\\\/wp-content\\\/uploads\\\/2023\\\/11\\\/cropped-Leinewelle_Logo_weiss.png\",\"contentUrl\":\"https:\\\/\\\/radioleinewelle.de\\\/wp-content\\\/uploads\\\/2023\\\/11\\\/cropped-Leinewelle_Logo_weiss.png\",\"width\":854,\"height\":260,\"caption\":\"Radio Leinewelle\"},\"image\":{\"@id\":\"https:\\\/\\\/radioleinewelle.de\\\/#\\\/schema\\\/logo\\\/image\\\/\"},\"sameAs\":[\"https:\\\/\\\/www.facebook.com\\\/radioleinewelle\",\"https:\\\/\\\/x.com\\\/RLeinewelle\",\"https:\\\/\\\/www.instagram.com\\\/radioleinewelle\\\/?hl=de\"]},{\"@type\":\"Person\",\"@id\":\"https:\\\/\\\/radioleinewelle.de\\\/#\\\/schema\\\/person\\\/45606f348637df637192dc1b68399a63\",\"name\":\"Leinewelle\",\"image\":{\"@type\":\"ImageObject\",\"inLanguage\":\"de\",\"@id\":\"https:\\\/\\\/secure.gravatar.com\\\/avatar\\\/05c9a17bc973052ee5d91549bd32fb4dd0dc85b7b85ae94b2e2b4943476bbea5?s=96&d=blank&r=g\",\"url\":\"https:\\\/\\\/secure.gravatar.com\\\/avatar\\\/05c9a17bc973052ee5d91549bd32fb4dd0dc85b7b85ae94b2e2b4943476bbea5?s=96&d=blank&r=g\",\"contentUrl\":\"https:\\\/\\\/secure.gravatar.com\\\/avatar\\\/05c9a17bc973052ee5d91549bd32fb4dd0dc85b7b85ae94b2e2b4943476bbea5?s=96&d=blank&r=g\",\"caption\":\"Leinewelle\"},\"sameAs\":[\"http:\\\/\\\/localhost\\\/radio%20leinewelle\\\/wordpress\",\"https:\\\/\\\/www.facebook.com\\\/radioleinewelle\",\"https:\\\/\\\/www.instagram.com\\\/radioleinewelle\",\"https:\\\/\\\/x.com\\\/https:\\\/\\\/twitter.com\\\/RLeinewelle?ref_src=twsrcgoogletwcampserptwgrauthor\",\"https:\\\/\\\/soundcloud.com\\\/foerderverein-lokalradio?utm_source=clipboard&utm_medium=text&utm_campaign=social_sharing\"],\"url\":\"https:\\\/\\\/radioleinewelle.de\\\/index.php\\\/author\\\/leinewelle\\\/\"}]}<\/script>\n<!-- \/ Yoast SEO plugin. -->","yoast_head_json":{"title":"Schutz von gefl\u00fcchteten Frauen und M\u00e4dchen in Deutschland unzureichend - Radio Leinewelle","robots":{"index":"index","follow":"follow","max-snippet":"max-snippet:-1","max-image-preview":"max-image-preview:large","max-video-preview":"max-video-preview:-1"},"canonical":"https:\/\/radioleinewelle.de\/index.php\/2021\/07\/23\/schutz-von-gefluechteten-frauen-und-maedchen-in-deutschland-unzureichend\/","og_locale":"de_DE","og_type":"article","og_title":"Schutz von gefl\u00fcchteten Frauen und M\u00e4dchen in Deutschland unzureichend - Radio Leinewelle","og_description":"(pug) Deutschland kommt seinen rechtlichen Anforderungen zum diskriminierungsfreien Schutz gefl\u00fcchteter Frauen und M\u00e4dchen nicht nach. Zu diesem Ergebnis kommt ein \u201eSchattenbericht\u201c der Universit\u00e4t G\u00f6ttingen, des Vereins Pro Asyl und der Fl\u00fcchtlingsr\u00e4te Bayern, Hessen, Niedersachsen und Sachsen-Anhalt. Auf der Grundlage aktueller Forschungsergebnisse und einer Abfrage von 65 Frauenberatungsstellen, psychosozialen Beratungsstellen und Einrichtungen der Gefl\u00fcchtetenarbeit aus allen [&hellip;]","og_url":"https:\/\/radioleinewelle.de\/index.php\/2021\/07\/23\/schutz-von-gefluechteten-frauen-und-maedchen-in-deutschland-unzureichend\/","og_site_name":"Radio Leinewelle","article_publisher":"https:\/\/www.facebook.com\/radioleinewelle","article_author":"https:\/\/www.facebook.com\/radioleinewelle","article_published_time":"2021-07-23T03:44:34+00:00","og_image":[{"width":640,"height":425,"url":"https:\/\/radioleinewelle.de\/wp-content\/uploads\/2021\/07\/girl-982119_640.jpg","type":"image\/jpeg"}],"author":"Leinewelle","twitter_card":"summary_large_image","twitter_creator":"@https:\/\/twitter.com\/RLeinewelle?ref_src=twsrcgoogletwcampserptwgrauthor","twitter_site":"@RLeinewelle","twitter_misc":{"Verfasst von":"Leinewelle","Gesch\u00e4tzte Lesezeit":"2\u00a0Minuten"},"schema":{"@context":"https:\/\/schema.org","@graph":[{"@type":"Article","@id":"https:\/\/radioleinewelle.de\/index.php\/2021\/07\/23\/schutz-von-gefluechteten-frauen-und-maedchen-in-deutschland-unzureichend\/#article","isPartOf":{"@id":"https:\/\/radioleinewelle.de\/index.php\/2021\/07\/23\/schutz-von-gefluechteten-frauen-und-maedchen-in-deutschland-unzureichend\/"},"author":{"name":"Leinewelle","@id":"https:\/\/radioleinewelle.de\/#\/schema\/person\/45606f348637df637192dc1b68399a63"},"headline":"Schutz von gefl\u00fcchteten Frauen und M\u00e4dchen in Deutschland unzureichend","datePublished":"2021-07-23T03:44:34+00:00","mainEntityOfPage":{"@id":"https:\/\/radioleinewelle.de\/index.php\/2021\/07\/23\/schutz-von-gefluechteten-frauen-und-maedchen-in-deutschland-unzureichend\/"},"wordCount":322,"publisher":{"@id":"https:\/\/radioleinewelle.de\/#organization"},"image":{"@id":"https:\/\/radioleinewelle.de\/index.php\/2021\/07\/23\/schutz-von-gefluechteten-frauen-und-maedchen-in-deutschland-unzureichend\/#primaryimage"},"thumbnailUrl":"https:\/\/radioleinewelle.de\/wp-content\/uploads\/2021\/07\/girl-982119_640.jpg","keywords":["Frauenberatungsstellen","Istanbul Konvention Praxis in Deutschland","Schattenbericht","Schutz von Migrantinnen"],"articleSection":["Migration","Universit\u00e4t"],"inLanguage":"de"},{"@type":"WebPage","@id":"https:\/\/radioleinewelle.de\/index.php\/2021\/07\/23\/schutz-von-gefluechteten-frauen-und-maedchen-in-deutschland-unzureichend\/","url":"https:\/\/radioleinewelle.de\/index.php\/2021\/07\/23\/schutz-von-gefluechteten-frauen-und-maedchen-in-deutschland-unzureichend\/","name":"Schutz von gefl\u00fcchteten Frauen und M\u00e4dchen in Deutschland unzureichend - Radio Leinewelle","isPartOf":{"@id":"https:\/\/radioleinewelle.de\/#website"},"primaryImageOfPage":{"@id":"https:\/\/radioleinewelle.de\/index.php\/2021\/07\/23\/schutz-von-gefluechteten-frauen-und-maedchen-in-deutschland-unzureichend\/#primaryimage"},"image":{"@id":"https:\/\/radioleinewelle.de\/index.php\/2021\/07\/23\/schutz-von-gefluechteten-frauen-und-maedchen-in-deutschland-unzureichend\/#primaryimage"},"thumbnailUrl":"https:\/\/radioleinewelle.de\/wp-content\/uploads\/2021\/07\/girl-982119_640.jpg","datePublished":"2021-07-23T03:44:34+00:00","breadcrumb":{"@id":"https:\/\/radioleinewelle.de\/index.php\/2021\/07\/23\/schutz-von-gefluechteten-frauen-und-maedchen-in-deutschland-unzureichend\/#breadcrumb"},"inLanguage":"de","potentialAction":[{"@type":"ReadAction","target":["https:\/\/radioleinewelle.de\/index.php\/2021\/07\/23\/schutz-von-gefluechteten-frauen-und-maedchen-in-deutschland-unzureichend\/"]}]},{"@type":"ImageObject","inLanguage":"de","@id":"https:\/\/radioleinewelle.de\/index.php\/2021\/07\/23\/schutz-von-gefluechteten-frauen-und-maedchen-in-deutschland-unzureichend\/#primaryimage","url":"https:\/\/radioleinewelle.de\/wp-content\/uploads\/2021\/07\/girl-982119_640.jpg","contentUrl":"https:\/\/radioleinewelle.de\/wp-content\/uploads\/2021\/07\/girl-982119_640.jpg","width":640,"height":425},{"@type":"BreadcrumbList","@id":"https:\/\/radioleinewelle.de\/index.php\/2021\/07\/23\/schutz-von-gefluechteten-frauen-und-maedchen-in-deutschland-unzureichend\/#breadcrumb","itemListElement":[{"@type":"ListItem","position":1,"name":"Startseite","item":"https:\/\/radioleinewelle.de\/"},{"@type":"ListItem","position":2,"name":"Schutz von gefl\u00fcchteten Frauen und M\u00e4dchen in Deutschland unzureichend"}]},{"@type":"WebSite","@id":"https:\/\/radioleinewelle.de\/#website","url":"https:\/\/radioleinewelle.de\/","name":"Radio Leinewelle","description":"","publisher":{"@id":"https:\/\/radioleinewelle.de\/#organization"},"potentialAction":[{"@type":"SearchAction","target":{"@type":"EntryPoint","urlTemplate":"https:\/\/radioleinewelle.de\/?s={search_term_string}"},"query-input":{"@type":"PropertyValueSpecification","valueRequired":true,"valueName":"search_term_string"}}],"inLanguage":"de"},{"@type":"Organization","@id":"https:\/\/radioleinewelle.de\/#organization","name":"Radio Leinewelle","alternateName":"Mein Radio f\u00fcr S\u00fcdniedersachsen","url":"https:\/\/radioleinewelle.de\/","logo":{"@type":"ImageObject","inLanguage":"de","@id":"https:\/\/radioleinewelle.de\/#\/schema\/logo\/image\/","url":"https:\/\/radioleinewelle.de\/wp-content\/uploads\/2023\/11\/cropped-Leinewelle_Logo_weiss.png","contentUrl":"https:\/\/radioleinewelle.de\/wp-content\/uploads\/2023\/11\/cropped-Leinewelle_Logo_weiss.png","width":854,"height":260,"caption":"Radio Leinewelle"},"image":{"@id":"https:\/\/radioleinewelle.de\/#\/schema\/logo\/image\/"},"sameAs":["https:\/\/www.facebook.com\/radioleinewelle","https:\/\/x.com\/RLeinewelle","https:\/\/www.instagram.com\/radioleinewelle\/?hl=de"]},{"@type":"Person","@id":"https:\/\/radioleinewelle.de\/#\/schema\/person\/45606f348637df637192dc1b68399a63","name":"Leinewelle","image":{"@type":"ImageObject","inLanguage":"de","@id":"https:\/\/secure.gravatar.com\/avatar\/05c9a17bc973052ee5d91549bd32fb4dd0dc85b7b85ae94b2e2b4943476bbea5?s=96&d=blank&r=g","url":"https:\/\/secure.gravatar.com\/avatar\/05c9a17bc973052ee5d91549bd32fb4dd0dc85b7b85ae94b2e2b4943476bbea5?s=96&d=blank&r=g","contentUrl":"https:\/\/secure.gravatar.com\/avatar\/05c9a17bc973052ee5d91549bd32fb4dd0dc85b7b85ae94b2e2b4943476bbea5?s=96&d=blank&r=g","caption":"Leinewelle"},"sameAs":["http:\/\/localhost\/radio%20leinewelle\/wordpress","https:\/\/www.facebook.com\/radioleinewelle","https:\/\/www.instagram.com\/radioleinewelle","https:\/\/x.com\/https:\/\/twitter.com\/RLeinewelle?ref_src=twsrcgoogletwcampserptwgrauthor","https:\/\/soundcloud.com\/foerderverein-lokalradio?utm_source=clipboard&utm_medium=text&utm_campaign=social_sharing"],"url":"https:\/\/radioleinewelle.de\/index.php\/author\/leinewelle\/"}]}},"_links":{"self":[{"href":"https:\/\/radioleinewelle.de\/index.php\/wp-json\/wp\/v2\/posts\/9543","targetHints":{"allow":["GET"]}}],"collection":[{"href":"https:\/\/radioleinewelle.de\/index.php\/wp-json\/wp\/v2\/posts"}],"about":[{"href":"https:\/\/radioleinewelle.de\/index.php\/wp-json\/wp\/v2\/types\/post"}],"author":[{"embeddable":true,"href":"https:\/\/radioleinewelle.de\/index.php\/wp-json\/wp\/v2\/users\/1"}],"replies":[{"embeddable":true,"href":"https:\/\/radioleinewelle.de\/index.php\/wp-json\/wp\/v2\/comments?post=9543"}],"version-history":[{"count":0,"href":"https:\/\/radioleinewelle.de\/index.php\/wp-json\/wp\/v2\/posts\/9543\/revisions"}],"wp:featuredmedia":[{"embeddable":true,"href":"https:\/\/radioleinewelle.de\/index.php\/wp-json\/wp\/v2\/media\/9545"}],"wp:attachment":[{"href":"https:\/\/radioleinewelle.de\/index.php\/wp-json\/wp\/v2\/media?parent=9543"}],"wp:term":[{"taxonomy":"category","embeddable":true,"href":"https:\/\/radioleinewelle.de\/index.php\/wp-json\/wp\/v2\/categories?post=9543"},{"taxonomy":"post_tag","embeddable":true,"href":"https:\/\/radioleinewelle.de\/index.php\/wp-json\/wp\/v2\/tags?post=9543"}],"curies":[{"name":"wp","href":"https:\/\/api.w.org\/{rel}","templated":true}]}}