{"id":9549,"date":"2021-07-23T05:52:53","date_gmt":"2021-07-23T03:52:53","guid":{"rendered":"https:\/\/radioleinewelle.de\/?p=9549"},"modified":"2021-07-23T05:52:53","modified_gmt":"2021-07-23T03:52:53","slug":"auf-ins-leben-gut-versichert-durchstarten","status":"publish","type":"post","link":"https:\/\/radioleinewelle.de\/index.php\/2021\/07\/23\/auf-ins-leben-gut-versichert-durchstarten\/","title":{"rendered":"Auf ins Leben: Gut versichert durchstarten"},"content":{"rendered":"\n<p><strong>Endlich! Die Schule ist geschafft, neue Freiheiten locken. Doch mit dem \u00dcbergang in Ausbildung, Studium oder Freiwilliges Soziales Jahr m\u00fcssen auch ein paar Dinge geregelt werden. Die Verbraucherzentrale Niedersachsen zeigt, was das Ende der Schulzeit f\u00fcr den Versicherungsschutz bedeutet und erkl\u00e4rt, was es jetzt zu beachten gilt.<\/strong><\/p>\n\n\n\n<p>Wichtig ist zun\u00e4chst die&nbsp;<strong>Krankenversicherung<\/strong>: \u201eWer erst einmal nichts tut oder direkt ins Studium startet, bleibt in&nbsp;der gesetzlichen Krankenkasse&nbsp;meist \u00fcber die Eltern&nbsp;mitversichert\u201c, erkl\u00e4rt Kai Kirchner, Gesundheitsexperte der Verbraucherzentrale Niedersachsen. Die Familienversicherung ist kostenlos und ohne Erwerbst\u00e4tigkeit bis zum<br \/>23. Geburtstag, f\u00fcr Studierende bis zum 25. Geburtstag m\u00f6glich. \u201eAllerdings d\u00fcrfen sie regelm\u00e4\u00dfig nicht mehr als 470 Euro monatlich verdienen\u201c, so Kirchner.&nbsp;<\/p>\n\n\n\n<p>Auszubildende sind mit Beginn der Ausbildung in der gesetzlichen Krankenversicherung pflichtversichert \u2013 gleiches gilt f\u00fcr das Freiwillige Soziale Jahr, sofern ein Entgelt gezahlt wird.&nbsp;<\/p>\n\n\n\n<p>Bei der&nbsp;<strong>privaten Krankenversicherung<\/strong>&nbsp;gibt es keine kostenlose Familienversicherung. Wer nicht sofort eine Ausbildung oder ein Studium beginnt, muss den Vertrag beitragspflichtig fortf\u00fchren. Mit dem Start von Ausbildung oder Studium setzt dann die Versicherungspflicht in der gesetzlichen Krankenversicherung ein. \u201eWer privat krankenversichert ist und es w\u00e4hrend des Studiums bleiben m\u00f6chte, muss sich von der Versicherungspflicht befreien lassen\u201c, erkl\u00e4rt Kirchner. Das macht aufgrund der Beitr\u00e4ge meist aber nur Sinn, wenn die Eltern Beamte sind.&nbsp;<\/p>\n\n\n\n<p><strong>Weitere notwendige Versicherungen<\/strong><\/p>\n\n\n\n<p>Unverzichtbar ist die&nbsp;<strong>private Haftpflichtversicherung<\/strong>. Sie versichert Personen-, Sach-, und Verm\u00f6genssch\u00e4den im privaten Bereich. Wer anderen einen Schaden zuf\u00fcgt, muss daf\u00fcr aufkommen. W\u00e4hrend der ersten Berufsausbildung beziehungsweise des Studiums sind Kinder aber meistens \u00fcber ihre Eltern beitragsfrei mitversichert. Erst beim Start in den Beruf muss ein eigener Vertrag abgeschlossen werden.<\/p>\n\n\n\n<p>Wer ins Ausland reist \u2013 egal ob innerhalb oder au\u00dferhalb Europas \u2013 sollte unbedingt eine&nbsp;<strong>Auslandsreisekrankenversicherung<\/strong>&nbsp;abschlie\u00dfen. \u201eHier ist es wichtig, den passenden Tarif auszuw\u00e4hlen. Dauert die Reise nicht l\u00e4nger als acht Wochen, reicht meist eine g\u00fcnstige Jahrespolice. Bei l\u00e4ngeren Auslandsaufenthalten wird eine spezielle Police ben\u00f6tigt, die erheblich teurer ist\u201c, sagt Kirchner.<\/p>\n\n\n\n<p>Sinnvoll kann es zudem sein, sich schon fr\u00fch \u00fcber eine&nbsp;<strong>Berufsunf\u00e4higkeitsversicherung<\/strong>&nbsp;zu informieren. Denn: Nur wer jung und gesund ist, erh\u00e4lt guten Versicherungsschutz zu niedrigen Preisen. F\u00fcr manche Berufsgruppen kann es sp\u00e4ter sogar schwierig werden, \u00fcberhaupt einen bezahlbaren Vertrag zu bekommen.&nbsp;<\/p>\n\n\n\n<p>Informationen zu notwendigen Versicherungen f\u00fcr Berufsstarter unter<br \/><a href=\"https:\/\/www.verbraucherzentrale-niedersachsen.de\/versicherungen-berufsstarter\" target=\"_blank\" rel=\"noreferrer noopener\">www.verbraucherzentrale-niedersachsen.de\/versicherungen-berufsstarter<\/a><\/p>\n\n\n\n<p>Bei Fragen hilft die Beratung der Verbraucherzentrale Niedersachsen:&nbsp;<br \/><a href=\"https:\/\/www.verbraucherzentrale-niedersachsen.de\/fuer-sie-da\" target=\"_blank\" rel=\"noreferrer noopener\">www.verbraucherzentrale-niedersachsen.de\/fuer-sie-da<\/a><\/p>\n","protected":false},"excerpt":{"rendered":"<p>Endlich! Die Schule ist geschafft, neue Freiheiten locken. Doch mit dem \u00dcbergang in Ausbildung, Studium oder Freiwilliges Soziales Jahr m\u00fcssen auch ein paar Dinge geregelt werden. Die Verbraucherzentrale Niedersachsen zeigt, was das Ende der Schulzeit f\u00fcr den Versicherungsschutz bedeutet und erkl\u00e4rt, was es jetzt zu beachten gilt. Wichtig ist zun\u00e4chst die&nbsp;Krankenversicherung: \u201eWer erst einmal nichts [&hellip;]<\/p>\n","protected":false},"author":1,"featured_media":9552,"comment_status":"closed","ping_status":"closed","sticky":false,"template":"","format":"standard","meta":{"saved_in_kubio":false,"footnotes":""},"categories":[55],"tags":[1830,157,1831,1832],"class_list":["post-9549","post","type-post","status-publish","format-standard","has-post-thumbnail","hentry","category-verbrauchertipps","tag-notwendige-versicherungen","tag-verbraucherzentrale-niedersachsen","tag-versicherungen-fuer-uszubildende","tag-wie-muss-ich-mich-versichern"],"yoast_head":"<!-- This site is optimized with the Yoast SEO plugin v27.5 - https:\/\/yoast.com\/product\/yoast-seo-wordpress\/ -->\n<title>Auf ins Leben: Gut versichert durchstarten - Radio Leinewelle<\/title>\n<meta name=\"robots\" content=\"index, follow, max-snippet:-1, max-image-preview:large, max-video-preview:-1\" \/>\n<link rel=\"canonical\" href=\"https:\/\/radioleinewelle.de\/index.php\/2021\/07\/23\/auf-ins-leben-gut-versichert-durchstarten\/\" \/>\n<meta property=\"og:locale\" content=\"de_DE\" \/>\n<meta property=\"og:type\" content=\"article\" \/>\n<meta property=\"og:title\" content=\"Auf ins Leben: Gut versichert durchstarten - Radio Leinewelle\" \/>\n<meta property=\"og:description\" content=\"Endlich! Die Schule ist geschafft, neue Freiheiten locken. Doch mit dem \u00dcbergang in Ausbildung, Studium oder Freiwilliges Soziales Jahr m\u00fcssen auch ein paar Dinge geregelt werden. Die Verbraucherzentrale Niedersachsen zeigt, was das Ende der Schulzeit f\u00fcr den Versicherungsschutz bedeutet und erkl\u00e4rt, was es jetzt zu beachten gilt. Wichtig ist zun\u00e4chst die&nbsp;Krankenversicherung: \u201eWer erst einmal nichts [&hellip;]\" \/>\n<meta property=\"og:url\" content=\"https:\/\/radioleinewelle.de\/index.php\/2021\/07\/23\/auf-ins-leben-gut-versichert-durchstarten\/\" \/>\n<meta property=\"og:site_name\" content=\"Radio Leinewelle\" \/>\n<meta property=\"article:publisher\" content=\"https:\/\/www.facebook.com\/radioleinewelle\" \/>\n<meta property=\"article:author\" content=\"https:\/\/www.facebook.com\/radioleinewelle\" \/>\n<meta property=\"article:published_time\" content=\"2021-07-23T03:52:53+00:00\" \/>\n<meta property=\"og:image\" content=\"https:\/\/radioleinewelle.de\/wp-content\/uploads\/2021\/07\/blog-1337564_640.png\" \/>\n\t<meta property=\"og:image:width\" content=\"640\" \/>\n\t<meta property=\"og:image:height\" content=\"506\" \/>\n\t<meta property=\"og:image:type\" content=\"image\/png\" \/>\n<meta name=\"author\" content=\"Leinewelle\" \/>\n<meta name=\"twitter:card\" content=\"summary_large_image\" \/>\n<meta name=\"twitter:creator\" content=\"@https:\/\/twitter.com\/RLeinewelle?ref_src=twsrcgoogletwcampserptwgrauthor\" \/>\n<meta name=\"twitter:site\" content=\"@RLeinewelle\" \/>\n<meta name=\"twitter:label1\" content=\"Verfasst von\" \/>\n\t<meta name=\"twitter:data1\" content=\"Leinewelle\" \/>\n\t<meta name=\"twitter:label2\" content=\"Gesch\u00e4tzte Lesezeit\" \/>\n\t<meta name=\"twitter:data2\" content=\"2\u00a0Minuten\" \/>\n<script type=\"application\/ld+json\" class=\"yoast-schema-graph\">{\"@context\":\"https:\\\/\\\/schema.org\",\"@graph\":[{\"@type\":\"Article\",\"@id\":\"https:\\\/\\\/radioleinewelle.de\\\/index.php\\\/2021\\\/07\\\/23\\\/auf-ins-leben-gut-versichert-durchstarten\\\/#article\",\"isPartOf\":{\"@id\":\"https:\\\/\\\/radioleinewelle.de\\\/index.php\\\/2021\\\/07\\\/23\\\/auf-ins-leben-gut-versichert-durchstarten\\\/\"},\"author\":{\"name\":\"Leinewelle\",\"@id\":\"https:\\\/\\\/radioleinewelle.de\\\/#\\\/schema\\\/person\\\/45606f348637df637192dc1b68399a63\"},\"headline\":\"Auf ins Leben: Gut versichert durchstarten\",\"datePublished\":\"2021-07-23T03:52:53+00:00\",\"mainEntityOfPage\":{\"@id\":\"https:\\\/\\\/radioleinewelle.de\\\/index.php\\\/2021\\\/07\\\/23\\\/auf-ins-leben-gut-versichert-durchstarten\\\/\"},\"wordCount\":426,\"publisher\":{\"@id\":\"https:\\\/\\\/radioleinewelle.de\\\/#organization\"},\"image\":{\"@id\":\"https:\\\/\\\/radioleinewelle.de\\\/index.php\\\/2021\\\/07\\\/23\\\/auf-ins-leben-gut-versichert-durchstarten\\\/#primaryimage\"},\"thumbnailUrl\":\"https:\\\/\\\/radioleinewelle.de\\\/wp-content\\\/uploads\\\/2021\\\/07\\\/blog-1337564_640.png\",\"keywords\":[\"Notwendige versicherungen\",\"Verbraucherzentrale Niedersachsen\",\"Versicherungen f\u00fcr uszubildende\",\"Wie muss ich mich versichern\"],\"articleSection\":[\"Verbrauchertipps\"],\"inLanguage\":\"de\"},{\"@type\":\"WebPage\",\"@id\":\"https:\\\/\\\/radioleinewelle.de\\\/index.php\\\/2021\\\/07\\\/23\\\/auf-ins-leben-gut-versichert-durchstarten\\\/\",\"url\":\"https:\\\/\\\/radioleinewelle.de\\\/index.php\\\/2021\\\/07\\\/23\\\/auf-ins-leben-gut-versichert-durchstarten\\\/\",\"name\":\"Auf ins Leben: Gut versichert durchstarten - Radio Leinewelle\",\"isPartOf\":{\"@id\":\"https:\\\/\\\/radioleinewelle.de\\\/#website\"},\"primaryImageOfPage\":{\"@id\":\"https:\\\/\\\/radioleinewelle.de\\\/index.php\\\/2021\\\/07\\\/23\\\/auf-ins-leben-gut-versichert-durchstarten\\\/#primaryimage\"},\"image\":{\"@id\":\"https:\\\/\\\/radioleinewelle.de\\\/index.php\\\/2021\\\/07\\\/23\\\/auf-ins-leben-gut-versichert-durchstarten\\\/#primaryimage\"},\"thumbnailUrl\":\"https:\\\/\\\/radioleinewelle.de\\\/wp-content\\\/uploads\\\/2021\\\/07\\\/blog-1337564_640.png\",\"datePublished\":\"2021-07-23T03:52:53+00:00\",\"breadcrumb\":{\"@id\":\"https:\\\/\\\/radioleinewelle.de\\\/index.php\\\/2021\\\/07\\\/23\\\/auf-ins-leben-gut-versichert-durchstarten\\\/#breadcrumb\"},\"inLanguage\":\"de\",\"potentialAction\":[{\"@type\":\"ReadAction\",\"target\":[\"https:\\\/\\\/radioleinewelle.de\\\/index.php\\\/2021\\\/07\\\/23\\\/auf-ins-leben-gut-versichert-durchstarten\\\/\"]}]},{\"@type\":\"ImageObject\",\"inLanguage\":\"de\",\"@id\":\"https:\\\/\\\/radioleinewelle.de\\\/index.php\\\/2021\\\/07\\\/23\\\/auf-ins-leben-gut-versichert-durchstarten\\\/#primaryimage\",\"url\":\"https:\\\/\\\/radioleinewelle.de\\\/wp-content\\\/uploads\\\/2021\\\/07\\\/blog-1337564_640.png\",\"contentUrl\":\"https:\\\/\\\/radioleinewelle.de\\\/wp-content\\\/uploads\\\/2021\\\/07\\\/blog-1337564_640.png\",\"width\":640,\"height\":506},{\"@type\":\"BreadcrumbList\",\"@id\":\"https:\\\/\\\/radioleinewelle.de\\\/index.php\\\/2021\\\/07\\\/23\\\/auf-ins-leben-gut-versichert-durchstarten\\\/#breadcrumb\",\"itemListElement\":[{\"@type\":\"ListItem\",\"position\":1,\"name\":\"Startseite\",\"item\":\"https:\\\/\\\/radioleinewelle.de\\\/\"},{\"@type\":\"ListItem\",\"position\":2,\"name\":\"Auf ins Leben: Gut versichert durchstarten\"}]},{\"@type\":\"WebSite\",\"@id\":\"https:\\\/\\\/radioleinewelle.de\\\/#website\",\"url\":\"https:\\\/\\\/radioleinewelle.de\\\/\",\"name\":\"Radio Leinewelle\",\"description\":\"\",\"publisher\":{\"@id\":\"https:\\\/\\\/radioleinewelle.de\\\/#organization\"},\"potentialAction\":[{\"@type\":\"SearchAction\",\"target\":{\"@type\":\"EntryPoint\",\"urlTemplate\":\"https:\\\/\\\/radioleinewelle.de\\\/?s={search_term_string}\"},\"query-input\":{\"@type\":\"PropertyValueSpecification\",\"valueRequired\":true,\"valueName\":\"search_term_string\"}}],\"inLanguage\":\"de\"},{\"@type\":\"Organization\",\"@id\":\"https:\\\/\\\/radioleinewelle.de\\\/#organization\",\"name\":\"Radio Leinewelle\",\"alternateName\":\"Mein Radio f\u00fcr S\u00fcdniedersachsen\",\"url\":\"https:\\\/\\\/radioleinewelle.de\\\/\",\"logo\":{\"@type\":\"ImageObject\",\"inLanguage\":\"de\",\"@id\":\"https:\\\/\\\/radioleinewelle.de\\\/#\\\/schema\\\/logo\\\/image\\\/\",\"url\":\"https:\\\/\\\/radioleinewelle.de\\\/wp-content\\\/uploads\\\/2023\\\/11\\\/cropped-Leinewelle_Logo_weiss.png\",\"contentUrl\":\"https:\\\/\\\/radioleinewelle.de\\\/wp-content\\\/uploads\\\/2023\\\/11\\\/cropped-Leinewelle_Logo_weiss.png\",\"width\":854,\"height\":260,\"caption\":\"Radio Leinewelle\"},\"image\":{\"@id\":\"https:\\\/\\\/radioleinewelle.de\\\/#\\\/schema\\\/logo\\\/image\\\/\"},\"sameAs\":[\"https:\\\/\\\/www.facebook.com\\\/radioleinewelle\",\"https:\\\/\\\/x.com\\\/RLeinewelle\",\"https:\\\/\\\/www.instagram.com\\\/radioleinewelle\\\/?hl=de\"]},{\"@type\":\"Person\",\"@id\":\"https:\\\/\\\/radioleinewelle.de\\\/#\\\/schema\\\/person\\\/45606f348637df637192dc1b68399a63\",\"name\":\"Leinewelle\",\"image\":{\"@type\":\"ImageObject\",\"inLanguage\":\"de\",\"@id\":\"https:\\\/\\\/secure.gravatar.com\\\/avatar\\\/05c9a17bc973052ee5d91549bd32fb4dd0dc85b7b85ae94b2e2b4943476bbea5?s=96&d=blank&r=g\",\"url\":\"https:\\\/\\\/secure.gravatar.com\\\/avatar\\\/05c9a17bc973052ee5d91549bd32fb4dd0dc85b7b85ae94b2e2b4943476bbea5?s=96&d=blank&r=g\",\"contentUrl\":\"https:\\\/\\\/secure.gravatar.com\\\/avatar\\\/05c9a17bc973052ee5d91549bd32fb4dd0dc85b7b85ae94b2e2b4943476bbea5?s=96&d=blank&r=g\",\"caption\":\"Leinewelle\"},\"sameAs\":[\"http:\\\/\\\/localhost\\\/radio%20leinewelle\\\/wordpress\",\"https:\\\/\\\/www.facebook.com\\\/radioleinewelle\",\"https:\\\/\\\/www.instagram.com\\\/radioleinewelle\",\"https:\\\/\\\/x.com\\\/https:\\\/\\\/twitter.com\\\/RLeinewelle?ref_src=twsrcgoogletwcampserptwgrauthor\",\"https:\\\/\\\/soundcloud.com\\\/foerderverein-lokalradio?utm_source=clipboard&utm_medium=text&utm_campaign=social_sharing\"],\"url\":\"https:\\\/\\\/radioleinewelle.de\\\/index.php\\\/author\\\/leinewelle\\\/\"}]}<\/script>\n<!-- \/ Yoast SEO plugin. -->","yoast_head_json":{"title":"Auf ins Leben: Gut versichert durchstarten - Radio Leinewelle","robots":{"index":"index","follow":"follow","max-snippet":"max-snippet:-1","max-image-preview":"max-image-preview:large","max-video-preview":"max-video-preview:-1"},"canonical":"https:\/\/radioleinewelle.de\/index.php\/2021\/07\/23\/auf-ins-leben-gut-versichert-durchstarten\/","og_locale":"de_DE","og_type":"article","og_title":"Auf ins Leben: Gut versichert durchstarten - Radio Leinewelle","og_description":"Endlich! Die Schule ist geschafft, neue Freiheiten locken. Doch mit dem \u00dcbergang in Ausbildung, Studium oder Freiwilliges Soziales Jahr m\u00fcssen auch ein paar Dinge geregelt werden. Die Verbraucherzentrale Niedersachsen zeigt, was das Ende der Schulzeit f\u00fcr den Versicherungsschutz bedeutet und erkl\u00e4rt, was es jetzt zu beachten gilt. Wichtig ist zun\u00e4chst die&nbsp;Krankenversicherung: \u201eWer erst einmal nichts [&hellip;]","og_url":"https:\/\/radioleinewelle.de\/index.php\/2021\/07\/23\/auf-ins-leben-gut-versichert-durchstarten\/","og_site_name":"Radio Leinewelle","article_publisher":"https:\/\/www.facebook.com\/radioleinewelle","article_author":"https:\/\/www.facebook.com\/radioleinewelle","article_published_time":"2021-07-23T03:52:53+00:00","og_image":[{"width":640,"height":506,"url":"https:\/\/radioleinewelle.de\/wp-content\/uploads\/2021\/07\/blog-1337564_640.png","type":"image\/png"}],"author":"Leinewelle","twitter_card":"summary_large_image","twitter_creator":"@https:\/\/twitter.com\/RLeinewelle?ref_src=twsrcgoogletwcampserptwgrauthor","twitter_site":"@RLeinewelle","twitter_misc":{"Verfasst von":"Leinewelle","Gesch\u00e4tzte Lesezeit":"2\u00a0Minuten"},"schema":{"@context":"https:\/\/schema.org","@graph":[{"@type":"Article","@id":"https:\/\/radioleinewelle.de\/index.php\/2021\/07\/23\/auf-ins-leben-gut-versichert-durchstarten\/#article","isPartOf":{"@id":"https:\/\/radioleinewelle.de\/index.php\/2021\/07\/23\/auf-ins-leben-gut-versichert-durchstarten\/"},"author":{"name":"Leinewelle","@id":"https:\/\/radioleinewelle.de\/#\/schema\/person\/45606f348637df637192dc1b68399a63"},"headline":"Auf ins Leben: Gut versichert durchstarten","datePublished":"2021-07-23T03:52:53+00:00","mainEntityOfPage":{"@id":"https:\/\/radioleinewelle.de\/index.php\/2021\/07\/23\/auf-ins-leben-gut-versichert-durchstarten\/"},"wordCount":426,"publisher":{"@id":"https:\/\/radioleinewelle.de\/#organization"},"image":{"@id":"https:\/\/radioleinewelle.de\/index.php\/2021\/07\/23\/auf-ins-leben-gut-versichert-durchstarten\/#primaryimage"},"thumbnailUrl":"https:\/\/radioleinewelle.de\/wp-content\/uploads\/2021\/07\/blog-1337564_640.png","keywords":["Notwendige versicherungen","Verbraucherzentrale Niedersachsen","Versicherungen f\u00fcr uszubildende","Wie muss ich mich versichern"],"articleSection":["Verbrauchertipps"],"inLanguage":"de"},{"@type":"WebPage","@id":"https:\/\/radioleinewelle.de\/index.php\/2021\/07\/23\/auf-ins-leben-gut-versichert-durchstarten\/","url":"https:\/\/radioleinewelle.de\/index.php\/2021\/07\/23\/auf-ins-leben-gut-versichert-durchstarten\/","name":"Auf ins Leben: Gut versichert durchstarten - Radio Leinewelle","isPartOf":{"@id":"https:\/\/radioleinewelle.de\/#website"},"primaryImageOfPage":{"@id":"https:\/\/radioleinewelle.de\/index.php\/2021\/07\/23\/auf-ins-leben-gut-versichert-durchstarten\/#primaryimage"},"image":{"@id":"https:\/\/radioleinewelle.de\/index.php\/2021\/07\/23\/auf-ins-leben-gut-versichert-durchstarten\/#primaryimage"},"thumbnailUrl":"https:\/\/radioleinewelle.de\/wp-content\/uploads\/2021\/07\/blog-1337564_640.png","datePublished":"2021-07-23T03:52:53+00:00","breadcrumb":{"@id":"https:\/\/radioleinewelle.de\/index.php\/2021\/07\/23\/auf-ins-leben-gut-versichert-durchstarten\/#breadcrumb"},"inLanguage":"de","potentialAction":[{"@type":"ReadAction","target":["https:\/\/radioleinewelle.de\/index.php\/2021\/07\/23\/auf-ins-leben-gut-versichert-durchstarten\/"]}]},{"@type":"ImageObject","inLanguage":"de","@id":"https:\/\/radioleinewelle.de\/index.php\/2021\/07\/23\/auf-ins-leben-gut-versichert-durchstarten\/#primaryimage","url":"https:\/\/radioleinewelle.de\/wp-content\/uploads\/2021\/07\/blog-1337564_640.png","contentUrl":"https:\/\/radioleinewelle.de\/wp-content\/uploads\/2021\/07\/blog-1337564_640.png","width":640,"height":506},{"@type":"BreadcrumbList","@id":"https:\/\/radioleinewelle.de\/index.php\/2021\/07\/23\/auf-ins-leben-gut-versichert-durchstarten\/#breadcrumb","itemListElement":[{"@type":"ListItem","position":1,"name":"Startseite","item":"https:\/\/radioleinewelle.de\/"},{"@type":"ListItem","position":2,"name":"Auf ins Leben: Gut versichert durchstarten"}]},{"@type":"WebSite","@id":"https:\/\/radioleinewelle.de\/#website","url":"https:\/\/radioleinewelle.de\/","name":"Radio Leinewelle","description":"","publisher":{"@id":"https:\/\/radioleinewelle.de\/#organization"},"potentialAction":[{"@type":"SearchAction","target":{"@type":"EntryPoint","urlTemplate":"https:\/\/radioleinewelle.de\/?s={search_term_string}"},"query-input":{"@type":"PropertyValueSpecification","valueRequired":true,"valueName":"search_term_string"}}],"inLanguage":"de"},{"@type":"Organization","@id":"https:\/\/radioleinewelle.de\/#organization","name":"Radio Leinewelle","alternateName":"Mein Radio f\u00fcr S\u00fcdniedersachsen","url":"https:\/\/radioleinewelle.de\/","logo":{"@type":"ImageObject","inLanguage":"de","@id":"https:\/\/radioleinewelle.de\/#\/schema\/logo\/image\/","url":"https:\/\/radioleinewelle.de\/wp-content\/uploads\/2023\/11\/cropped-Leinewelle_Logo_weiss.png","contentUrl":"https:\/\/radioleinewelle.de\/wp-content\/uploads\/2023\/11\/cropped-Leinewelle_Logo_weiss.png","width":854,"height":260,"caption":"Radio Leinewelle"},"image":{"@id":"https:\/\/radioleinewelle.de\/#\/schema\/logo\/image\/"},"sameAs":["https:\/\/www.facebook.com\/radioleinewelle","https:\/\/x.com\/RLeinewelle","https:\/\/www.instagram.com\/radioleinewelle\/?hl=de"]},{"@type":"Person","@id":"https:\/\/radioleinewelle.de\/#\/schema\/person\/45606f348637df637192dc1b68399a63","name":"Leinewelle","image":{"@type":"ImageObject","inLanguage":"de","@id":"https:\/\/secure.gravatar.com\/avatar\/05c9a17bc973052ee5d91549bd32fb4dd0dc85b7b85ae94b2e2b4943476bbea5?s=96&d=blank&r=g","url":"https:\/\/secure.gravatar.com\/avatar\/05c9a17bc973052ee5d91549bd32fb4dd0dc85b7b85ae94b2e2b4943476bbea5?s=96&d=blank&r=g","contentUrl":"https:\/\/secure.gravatar.com\/avatar\/05c9a17bc973052ee5d91549bd32fb4dd0dc85b7b85ae94b2e2b4943476bbea5?s=96&d=blank&r=g","caption":"Leinewelle"},"sameAs":["http:\/\/localhost\/radio%20leinewelle\/wordpress","https:\/\/www.facebook.com\/radioleinewelle","https:\/\/www.instagram.com\/radioleinewelle","https:\/\/x.com\/https:\/\/twitter.com\/RLeinewelle?ref_src=twsrcgoogletwcampserptwgrauthor","https:\/\/soundcloud.com\/foerderverein-lokalradio?utm_source=clipboard&utm_medium=text&utm_campaign=social_sharing"],"url":"https:\/\/radioleinewelle.de\/index.php\/author\/leinewelle\/"}]}},"_links":{"self":[{"href":"https:\/\/radioleinewelle.de\/index.php\/wp-json\/wp\/v2\/posts\/9549","targetHints":{"allow":["GET"]}}],"collection":[{"href":"https:\/\/radioleinewelle.de\/index.php\/wp-json\/wp\/v2\/posts"}],"about":[{"href":"https:\/\/radioleinewelle.de\/index.php\/wp-json\/wp\/v2\/types\/post"}],"author":[{"embeddable":true,"href":"https:\/\/radioleinewelle.de\/index.php\/wp-json\/wp\/v2\/users\/1"}],"replies":[{"embeddable":true,"href":"https:\/\/radioleinewelle.de\/index.php\/wp-json\/wp\/v2\/comments?post=9549"}],"version-history":[{"count":0,"href":"https:\/\/radioleinewelle.de\/index.php\/wp-json\/wp\/v2\/posts\/9549\/revisions"}],"wp:featuredmedia":[{"embeddable":true,"href":"https:\/\/radioleinewelle.de\/index.php\/wp-json\/wp\/v2\/media\/9552"}],"wp:attachment":[{"href":"https:\/\/radioleinewelle.de\/index.php\/wp-json\/wp\/v2\/media?parent=9549"}],"wp:term":[{"taxonomy":"category","embeddable":true,"href":"https:\/\/radioleinewelle.de\/index.php\/wp-json\/wp\/v2\/categories?post=9549"},{"taxonomy":"post_tag","embeddable":true,"href":"https:\/\/radioleinewelle.de\/index.php\/wp-json\/wp\/v2\/tags?post=9549"}],"curies":[{"name":"wp","href":"https:\/\/api.w.org\/{rel}","templated":true}]}}