{"id":9638,"date":"2021-07-27T05:44:00","date_gmt":"2021-07-27T03:44:00","guid":{"rendered":"https:\/\/radioleinewelle.de\/?p=9638"},"modified":"2021-07-27T05:44:00","modified_gmt":"2021-07-27T03:44:00","slug":"nach-schuessen-auf-fluechtendes-auto-in-goettinger-innenstadt-gurtverstoss-war-anlass-fuer-geplante-verkehrskontrolle","status":"publish","type":"post","link":"https:\/\/radioleinewelle.de\/index.php\/2021\/07\/27\/nach-schuessen-auf-fluechtendes-auto-in-goettinger-innenstadt-gurtverstoss-war-anlass-fuer-geplante-verkehrskontrolle\/","title":{"rendered":"Nach Sch\u00fcssen auf fl\u00fcchtendes Auto in G\u00f6ttinger Innenstadt &#8211; Gurtversto\u00df war Anlass f\u00fcr geplante Verkehrskontrolle"},"content":{"rendered":"\n<p>Gro\u00dfes Aufsehen erregte vergangenen Sonntag ein <strong><a href=\"https:\/\/radioleinewelle.de\/2021\/07\/26\/auf-der-flucht-vor-der-polizei-beamte-gefaehrdet-schussabgabe-nach-verfolgungsfahrt-in-goettingen\/\">Polizeieinsatz mit Schu\u00dfwaffengebrauch<\/a><\/strong> in G\u00f6ttingen. Nun stellt sich heraus, dass der Anlass f\u00fcr die Personenkontrolle eher banal war &#8211; der Fahrer war nicht angeschnallt.  Die Polizeiinspektion G\u00f6ttingen nahm gestern in einer ausf\u00fchrlichen Erkl\u00e4rung zum Tathergang Stellung:<\/p>\n\n\n\n<p>G\u00d6TTINGEN (jk) &#8211; Im Zusammenhang mit der mutma\u00dflichen Gef\u00e4hrdung von zwei Polizeibeamten durch einen 39 Jahren alten Mercedesfahrer aus Heiligenstadt (Th\u00fcringen) am Sonntagabend (25.07.21) gegen 18.40 Uhr in der G\u00f6ttinger Innenstadt (siehe auch wurden am Montag (26.07.21) die Ermittlungen zur Kl\u00e4rung der genauen Abl\u00e4ufe fortgesetzt.<\/p>\n\n\n\n<p>Inzwischen ist bekannt, dass die Beamten den zur Vorfallszeit allein im Auto sitzenden Th\u00fcringer anhalten wollten, da er nicht angegurtet war. In der Folge missachtete der Mann mehrfach die Anhaltsignale der Funkstreife und versuchte, im dichten Stra\u00dfenverkehr und mit hoher Geschwindigkeit zu fl\u00fcchten. Hierbei \u00fcberfuhr er mehrere rote Ampeln.<\/p>\n\n\n\n<p>Gegen 18.40 Uhr gelang es den Beamten schlie\u00dflich, das Fahrzeug auf der B\u00fcrgerstra\u00dfe kurz vor dem Groner Tor zu stoppen, indem sie einen Funkstreifenwagen auf der Fahrbahn querstellten. Die Beamten stiegen daraufhin aus dem Streifenwagen aus und traten von beiden Seiten an das Fahrzeug heran. Als einer der Beamten die Fahrert\u00fcr \u00f6ffnen wollte, legte der 39-J\u00e4hrige den R\u00fcckw\u00e4rtsgang ein und setzte zur\u00fcck. Dabei kam der sich unmittelbar am Auto aufhaltende Polizist zu Fall und verletze sich leicht an der Hand.<\/p>\n\n\n\n<p>Der Mercedesfahrer gab Gas und scherte unvermittelt nach rechts aus, vermutlich um an dem Streifenwagen vorbeizufahren. Der in diesem Moment an der Beifahrerseite stehende andere Beamte wich zur Seite aus, um nicht vom Fahrzeug erfasst zu werden. Sofort gab er mehrere Sch\u00fcsse aus seiner Waffe auf einen Reifen des Fahrzeugs ab, von denen nach ersten Ermittlungen einer den Reifen traf.<\/p>\n\n\n\n<p>Nach kurzer Flucht konnte der 39-J\u00e4hrige an der Berliner Stra\u00dfe\/Godehardstra\u00dfe in seinem besch\u00e4digten Wagen ergriffen werden. Gegen seine Festnahme leistete der Heilgenst\u00e4dter k\u00f6rperlichen Widerstand. Er wurde von mehreren Beamten \u00fcberw\u00e4ltig und zur Polizeidienststelle transportiert. Der F\u00fchrerschein wurde beschlagnahmt. Polizeilich in Erscheinung getreten ist der Autofahrer aus Th\u00fcringen bislang nicht.<\/p>\n\n\n\n<p>Zu einer Gef\u00e4hrdung Unbeteiligter kam es durch die Sch\u00fcsse nach den zurzeit vorliegenden Informationen nicht. Noch am Sonntagabend unterzogen Experten den unmittelbaren Tatort auf der B\u00fcrgerstra\u00dfe einer intensiven spurentechnischen Begutachtung. F\u00fcr deren Dauer war ein Teil der Stra\u00dfe abgesperrt.<\/p>\n\n\n\n<p>Nach R\u00fccksprache mit der Staatsanwaltschaft G\u00f6ttingen leitete die G\u00f6ttinger Polizei ein Ermittlungsverfahren wegen gef\u00e4hrlicher K\u00f6rperverletzung, Widerstands gegen Vollstreckungsbeamte sowie gef\u00e4hrlichen Eingriffs in den Stra\u00dfenverkehr ein. Der 39-J\u00e4hrige wurde am Montag polizeilich vernommen und anschlie\u00dfend entlassen. Sein Motiv bleibt weiter unklar. Unter Alkoholeinfluss stand er nicht. Die Untersuchungsergebnisse einer entnommenen Blutprobe stehen noch aus. Die weiteren Ermittlungen dauern an.<\/p>\n\n\n\n<p><strong>Augenzeugen, Fotos und Videos gesucht<\/strong><br \/>Die Polizei bittet Augenzeugen, sich unter Telefon 0551\/491-2115 zu melden. Dar\u00fcber hinaus ist jegliches zur Situation vorhandenes Bildmaterial von Bedeutung. Die Ermittler bitten deshalb Zeugen, Fotos und auch Videos f\u00fcr die weiteren Ermittlungen zur Verf\u00fcgung zu stellen. Dateien k\u00f6nnen an&nbsp;<a href=\"mailto:pressestelle@pi-goe.polizei.niedersachsen.de\">pressestelle@pi-goe.polizei.niedersachsen.de<\/a>&nbsp;\u00fcbersandt werden.<\/p>\n\n\n\n<p><strong>Dienstwaffe nach Pr\u00fcfung durch Staatsanwaltschaft wieder an Beamten ausgeh\u00e4ndigt<\/strong><br \/>Wie bei derlei Vorf\u00e4llen generell vorgeschrieben, war die Dienstwaffe des Beamten, der die Sch\u00fcsse auf das Fahrzeug abgegeben hatte, am Sonntagabend einbehalten worden. Nach Pr\u00fcfung des zugrundeliegenden Sachverhaltes durch die Staatsanwaltschaft G\u00f6ttingen wurde das Einsatzmittel am Montag wieder an den Beamten ausgeh\u00e4ndigt, da sich aufgrund der vorliegenden Ermittlungsergebnisse kein Anfangsverdacht bzw. konkrete Hinweise auf ein strafrechtlich relevantes Handeln oder anderweitig zu w\u00fcrdigendes Fehlverhalten des Polizisten ergeben haben.<\/p>\n\n\n\n<p><strong>Schusswaffeneinsatz wird intern nachbereitet<\/strong><br \/>Dass es zu einem echten Schusswaffeneinsatz kommt, ist eher die Ausnahme und demzufolge ein herausragendes Szenario f\u00fcr alle Beteiligten. Aus diesem Grund wird das aktuelle Geschehen zeitnah Anlass f\u00fcr eine interne \u00dcberpr\u00fcfung, Nachbetrachtung und auch Aufarbeitung sein. Wie bei derlei Vorf\u00e4llen generell vorgeschrieben, war die Dienstwaffe des Beamten, der die Sch\u00fcsse auf das Fahrzeug abgegeben hatte, am Sonntagabend einbehalten worden. Nach Pr\u00fcfung des zugrundeliegenden Sachverhaltes durch die Staatsanwaltschaft G\u00f6ttingen wurde das Einsatzmittel am Montag wieder an den Beamten ausgeh\u00e4ndigt, da sich aufgrund der vorliegenden Ermittlungsergebnisse kein Anfangsverdacht bzw. konkrete Hinweise auf ein strafrechtlich relevantes Handeln oder anderweitig zu w\u00fcrdigendes Fehlverhalten des Polizisten ergeben haben.<\/p>\n","protected":false},"excerpt":{"rendered":"<p>Gro\u00dfes Aufsehen erregte vergangenen Sonntag ein Polizeieinsatz mit Schu\u00dfwaffengebrauch in G\u00f6ttingen. Nun stellt sich heraus, dass der Anlass f\u00fcr die Personenkontrolle eher banal war &#8211; der Fahrer war nicht angeschnallt. Die Polizeiinspektion G\u00f6ttingen nahm gestern in einer ausf\u00fchrlichen Erkl\u00e4rung zum Tathergang Stellung: G\u00d6TTINGEN (jk) &#8211; Im Zusammenhang mit der mutma\u00dflichen Gef\u00e4hrdung von zwei Polizeibeamten durch [&hellip;]<\/p>\n","protected":false},"author":1,"featured_media":9465,"comment_status":"closed","ping_status":"closed","sticky":false,"template":"","format":"standard","meta":{"saved_in_kubio":false,"footnotes":""},"categories":[24],"tags":[1863,1864],"class_list":["post-9638","post","type-post","status-publish","format-standard","has-post-thumbnail","hentry","category-news","tag-einsatz-mit-schusswaffengebrauch-goettingen","tag-verkehrskontrolle-in-goettingen"],"yoast_head":"<!-- This site is optimized with the Yoast SEO plugin v27.4 - https:\/\/yoast.com\/product\/yoast-seo-wordpress\/ -->\n<title>Nach Sch\u00fcssen auf fl\u00fcchtendes Auto in G\u00f6ttinger Innenstadt - Gurtversto\u00df war Anlass f\u00fcr geplante Verkehrskontrolle - Radio Leinewelle<\/title>\n<meta name=\"robots\" content=\"index, follow, max-snippet:-1, max-image-preview:large, max-video-preview:-1\" \/>\n<link rel=\"canonical\" href=\"https:\/\/radioleinewelle.de\/index.php\/2021\/07\/27\/nach-schuessen-auf-fluechtendes-auto-in-goettinger-innenstadt-gurtverstoss-war-anlass-fuer-geplante-verkehrskontrolle\/\" \/>\n<meta property=\"og:locale\" content=\"de_DE\" \/>\n<meta property=\"og:type\" content=\"article\" \/>\n<meta property=\"og:title\" content=\"Nach Sch\u00fcssen auf fl\u00fcchtendes Auto in G\u00f6ttinger Innenstadt - Gurtversto\u00df war Anlass f\u00fcr geplante Verkehrskontrolle - Radio Leinewelle\" \/>\n<meta property=\"og:description\" content=\"Gro\u00dfes Aufsehen erregte vergangenen Sonntag ein Polizeieinsatz mit Schu\u00dfwaffengebrauch in G\u00f6ttingen. Nun stellt sich heraus, dass der Anlass f\u00fcr die Personenkontrolle eher banal war &#8211; der Fahrer war nicht angeschnallt. Die Polizeiinspektion G\u00f6ttingen nahm gestern in einer ausf\u00fchrlichen Erkl\u00e4rung zum Tathergang Stellung: G\u00d6TTINGEN (jk) &#8211; Im Zusammenhang mit der mutma\u00dflichen Gef\u00e4hrdung von zwei Polizeibeamten durch [&hellip;]\" \/>\n<meta property=\"og:url\" content=\"https:\/\/radioleinewelle.de\/index.php\/2021\/07\/27\/nach-schuessen-auf-fluechtendes-auto-in-goettinger-innenstadt-gurtverstoss-war-anlass-fuer-geplante-verkehrskontrolle\/\" \/>\n<meta property=\"og:site_name\" content=\"Radio Leinewelle\" \/>\n<meta property=\"article:publisher\" content=\"https:\/\/www.facebook.com\/radioleinewelle\" \/>\n<meta property=\"article:author\" content=\"https:\/\/www.facebook.com\/radioleinewelle\" \/>\n<meta property=\"article:published_time\" content=\"2021-07-27T03:44:00+00:00\" \/>\n<meta property=\"og:image\" content=\"https:\/\/radioleinewelle.de\/wp-content\/uploads\/2021\/07\/human-2460204_640.jpg\" \/>\n\t<meta property=\"og:image:width\" content=\"640\" \/>\n\t<meta property=\"og:image:height\" content=\"426\" \/>\n\t<meta property=\"og:image:type\" content=\"image\/jpeg\" \/>\n<meta name=\"author\" content=\"Leinewelle\" \/>\n<meta name=\"twitter:card\" content=\"summary_large_image\" \/>\n<meta name=\"twitter:creator\" content=\"@https:\/\/twitter.com\/RLeinewelle?ref_src=twsrcgoogletwcampserptwgrauthor\" \/>\n<meta name=\"twitter:site\" content=\"@RLeinewelle\" \/>\n<meta name=\"twitter:label1\" content=\"Verfasst von\" \/>\n\t<meta name=\"twitter:data1\" content=\"Leinewelle\" \/>\n\t<meta name=\"twitter:label2\" content=\"Gesch\u00e4tzte Lesezeit\" \/>\n\t<meta name=\"twitter:data2\" content=\"3\u00a0Minuten\" \/>\n<script type=\"application\/ld+json\" class=\"yoast-schema-graph\">{\"@context\":\"https:\\\/\\\/schema.org\",\"@graph\":[{\"@type\":\"Article\",\"@id\":\"https:\\\/\\\/radioleinewelle.de\\\/index.php\\\/2021\\\/07\\\/27\\\/nach-schuessen-auf-fluechtendes-auto-in-goettinger-innenstadt-gurtverstoss-war-anlass-fuer-geplante-verkehrskontrolle\\\/#article\",\"isPartOf\":{\"@id\":\"https:\\\/\\\/radioleinewelle.de\\\/index.php\\\/2021\\\/07\\\/27\\\/nach-schuessen-auf-fluechtendes-auto-in-goettinger-innenstadt-gurtverstoss-war-anlass-fuer-geplante-verkehrskontrolle\\\/\"},\"author\":{\"name\":\"Leinewelle\",\"@id\":\"https:\\\/\\\/radioleinewelle.de\\\/#\\\/schema\\\/person\\\/45606f348637df637192dc1b68399a63\"},\"headline\":\"Nach Sch\u00fcssen auf fl\u00fcchtendes Auto in G\u00f6ttinger Innenstadt &#8211; Gurtversto\u00df war Anlass f\u00fcr geplante Verkehrskontrolle\",\"datePublished\":\"2021-07-27T03:44:00+00:00\",\"mainEntityOfPage\":{\"@id\":\"https:\\\/\\\/radioleinewelle.de\\\/index.php\\\/2021\\\/07\\\/27\\\/nach-schuessen-auf-fluechtendes-auto-in-goettinger-innenstadt-gurtverstoss-war-anlass-fuer-geplante-verkehrskontrolle\\\/\"},\"wordCount\":746,\"publisher\":{\"@id\":\"https:\\\/\\\/radioleinewelle.de\\\/#organization\"},\"image\":{\"@id\":\"https:\\\/\\\/radioleinewelle.de\\\/index.php\\\/2021\\\/07\\\/27\\\/nach-schuessen-auf-fluechtendes-auto-in-goettinger-innenstadt-gurtverstoss-war-anlass-fuer-geplante-verkehrskontrolle\\\/#primaryimage\"},\"thumbnailUrl\":\"https:\\\/\\\/radioleinewelle.de\\\/wp-content\\\/uploads\\\/2021\\\/07\\\/human-2460204_640.jpg\",\"keywords\":[\"Einsatz mit Schusswaffengebrauch G\u00f6ttingen\",\"Verkehrskontrolle in G\u00f6ttingen\"],\"articleSection\":[\"Aktuelle Nachrichten\"],\"inLanguage\":\"de\"},{\"@type\":\"WebPage\",\"@id\":\"https:\\\/\\\/radioleinewelle.de\\\/index.php\\\/2021\\\/07\\\/27\\\/nach-schuessen-auf-fluechtendes-auto-in-goettinger-innenstadt-gurtverstoss-war-anlass-fuer-geplante-verkehrskontrolle\\\/\",\"url\":\"https:\\\/\\\/radioleinewelle.de\\\/index.php\\\/2021\\\/07\\\/27\\\/nach-schuessen-auf-fluechtendes-auto-in-goettinger-innenstadt-gurtverstoss-war-anlass-fuer-geplante-verkehrskontrolle\\\/\",\"name\":\"Nach Sch\u00fcssen auf fl\u00fcchtendes Auto in G\u00f6ttinger Innenstadt - Gurtversto\u00df war Anlass f\u00fcr geplante Verkehrskontrolle - Radio Leinewelle\",\"isPartOf\":{\"@id\":\"https:\\\/\\\/radioleinewelle.de\\\/#website\"},\"primaryImageOfPage\":{\"@id\":\"https:\\\/\\\/radioleinewelle.de\\\/index.php\\\/2021\\\/07\\\/27\\\/nach-schuessen-auf-fluechtendes-auto-in-goettinger-innenstadt-gurtverstoss-war-anlass-fuer-geplante-verkehrskontrolle\\\/#primaryimage\"},\"image\":{\"@id\":\"https:\\\/\\\/radioleinewelle.de\\\/index.php\\\/2021\\\/07\\\/27\\\/nach-schuessen-auf-fluechtendes-auto-in-goettinger-innenstadt-gurtverstoss-war-anlass-fuer-geplante-verkehrskontrolle\\\/#primaryimage\"},\"thumbnailUrl\":\"https:\\\/\\\/radioleinewelle.de\\\/wp-content\\\/uploads\\\/2021\\\/07\\\/human-2460204_640.jpg\",\"datePublished\":\"2021-07-27T03:44:00+00:00\",\"breadcrumb\":{\"@id\":\"https:\\\/\\\/radioleinewelle.de\\\/index.php\\\/2021\\\/07\\\/27\\\/nach-schuessen-auf-fluechtendes-auto-in-goettinger-innenstadt-gurtverstoss-war-anlass-fuer-geplante-verkehrskontrolle\\\/#breadcrumb\"},\"inLanguage\":\"de\",\"potentialAction\":[{\"@type\":\"ReadAction\",\"target\":[\"https:\\\/\\\/radioleinewelle.de\\\/index.php\\\/2021\\\/07\\\/27\\\/nach-schuessen-auf-fluechtendes-auto-in-goettinger-innenstadt-gurtverstoss-war-anlass-fuer-geplante-verkehrskontrolle\\\/\"]}]},{\"@type\":\"ImageObject\",\"inLanguage\":\"de\",\"@id\":\"https:\\\/\\\/radioleinewelle.de\\\/index.php\\\/2021\\\/07\\\/27\\\/nach-schuessen-auf-fluechtendes-auto-in-goettinger-innenstadt-gurtverstoss-war-anlass-fuer-geplante-verkehrskontrolle\\\/#primaryimage\",\"url\":\"https:\\\/\\\/radioleinewelle.de\\\/wp-content\\\/uploads\\\/2021\\\/07\\\/human-2460204_640.jpg\",\"contentUrl\":\"https:\\\/\\\/radioleinewelle.de\\\/wp-content\\\/uploads\\\/2021\\\/07\\\/human-2460204_640.jpg\",\"width\":640,\"height\":426},{\"@type\":\"BreadcrumbList\",\"@id\":\"https:\\\/\\\/radioleinewelle.de\\\/index.php\\\/2021\\\/07\\\/27\\\/nach-schuessen-auf-fluechtendes-auto-in-goettinger-innenstadt-gurtverstoss-war-anlass-fuer-geplante-verkehrskontrolle\\\/#breadcrumb\",\"itemListElement\":[{\"@type\":\"ListItem\",\"position\":1,\"name\":\"Startseite\",\"item\":\"https:\\\/\\\/radioleinewelle.de\\\/\"},{\"@type\":\"ListItem\",\"position\":2,\"name\":\"Nach Sch\u00fcssen auf fl\u00fcchtendes Auto in G\u00f6ttinger Innenstadt &#8211; Gurtversto\u00df war Anlass f\u00fcr geplante Verkehrskontrolle\"}]},{\"@type\":\"WebSite\",\"@id\":\"https:\\\/\\\/radioleinewelle.de\\\/#website\",\"url\":\"https:\\\/\\\/radioleinewelle.de\\\/\",\"name\":\"Radio Leinewelle\",\"description\":\"\",\"publisher\":{\"@id\":\"https:\\\/\\\/radioleinewelle.de\\\/#organization\"},\"potentialAction\":[{\"@type\":\"SearchAction\",\"target\":{\"@type\":\"EntryPoint\",\"urlTemplate\":\"https:\\\/\\\/radioleinewelle.de\\\/?s={search_term_string}\"},\"query-input\":{\"@type\":\"PropertyValueSpecification\",\"valueRequired\":true,\"valueName\":\"search_term_string\"}}],\"inLanguage\":\"de\"},{\"@type\":\"Organization\",\"@id\":\"https:\\\/\\\/radioleinewelle.de\\\/#organization\",\"name\":\"Radio Leinewelle\",\"alternateName\":\"Mein Radio f\u00fcr S\u00fcdniedersachsen\",\"url\":\"https:\\\/\\\/radioleinewelle.de\\\/\",\"logo\":{\"@type\":\"ImageObject\",\"inLanguage\":\"de\",\"@id\":\"https:\\\/\\\/radioleinewelle.de\\\/#\\\/schema\\\/logo\\\/image\\\/\",\"url\":\"https:\\\/\\\/radioleinewelle.de\\\/wp-content\\\/uploads\\\/2023\\\/11\\\/cropped-Leinewelle_Logo_weiss.png\",\"contentUrl\":\"https:\\\/\\\/radioleinewelle.de\\\/wp-content\\\/uploads\\\/2023\\\/11\\\/cropped-Leinewelle_Logo_weiss.png\",\"width\":854,\"height\":260,\"caption\":\"Radio Leinewelle\"},\"image\":{\"@id\":\"https:\\\/\\\/radioleinewelle.de\\\/#\\\/schema\\\/logo\\\/image\\\/\"},\"sameAs\":[\"https:\\\/\\\/www.facebook.com\\\/radioleinewelle\",\"https:\\\/\\\/x.com\\\/RLeinewelle\",\"https:\\\/\\\/www.instagram.com\\\/radioleinewelle\\\/?hl=de\"]},{\"@type\":\"Person\",\"@id\":\"https:\\\/\\\/radioleinewelle.de\\\/#\\\/schema\\\/person\\\/45606f348637df637192dc1b68399a63\",\"name\":\"Leinewelle\",\"image\":{\"@type\":\"ImageObject\",\"inLanguage\":\"de\",\"@id\":\"https:\\\/\\\/secure.gravatar.com\\\/avatar\\\/05c9a17bc973052ee5d91549bd32fb4dd0dc85b7b85ae94b2e2b4943476bbea5?s=96&d=blank&r=g\",\"url\":\"https:\\\/\\\/secure.gravatar.com\\\/avatar\\\/05c9a17bc973052ee5d91549bd32fb4dd0dc85b7b85ae94b2e2b4943476bbea5?s=96&d=blank&r=g\",\"contentUrl\":\"https:\\\/\\\/secure.gravatar.com\\\/avatar\\\/05c9a17bc973052ee5d91549bd32fb4dd0dc85b7b85ae94b2e2b4943476bbea5?s=96&d=blank&r=g\",\"caption\":\"Leinewelle\"},\"sameAs\":[\"http:\\\/\\\/localhost\\\/radio%20leinewelle\\\/wordpress\",\"https:\\\/\\\/www.facebook.com\\\/radioleinewelle\",\"https:\\\/\\\/www.instagram.com\\\/radioleinewelle\",\"https:\\\/\\\/x.com\\\/https:\\\/\\\/twitter.com\\\/RLeinewelle?ref_src=twsrcgoogletwcampserptwgrauthor\",\"https:\\\/\\\/soundcloud.com\\\/foerderverein-lokalradio?utm_source=clipboard&utm_medium=text&utm_campaign=social_sharing\"],\"url\":\"https:\\\/\\\/radioleinewelle.de\\\/index.php\\\/author\\\/leinewelle\\\/\"}]}<\/script>\n<!-- \/ Yoast SEO plugin. -->","yoast_head_json":{"title":"Nach Sch\u00fcssen auf fl\u00fcchtendes Auto in G\u00f6ttinger Innenstadt - Gurtversto\u00df war Anlass f\u00fcr geplante Verkehrskontrolle - Radio Leinewelle","robots":{"index":"index","follow":"follow","max-snippet":"max-snippet:-1","max-image-preview":"max-image-preview:large","max-video-preview":"max-video-preview:-1"},"canonical":"https:\/\/radioleinewelle.de\/index.php\/2021\/07\/27\/nach-schuessen-auf-fluechtendes-auto-in-goettinger-innenstadt-gurtverstoss-war-anlass-fuer-geplante-verkehrskontrolle\/","og_locale":"de_DE","og_type":"article","og_title":"Nach Sch\u00fcssen auf fl\u00fcchtendes Auto in G\u00f6ttinger Innenstadt - Gurtversto\u00df war Anlass f\u00fcr geplante Verkehrskontrolle - Radio Leinewelle","og_description":"Gro\u00dfes Aufsehen erregte vergangenen Sonntag ein Polizeieinsatz mit Schu\u00dfwaffengebrauch in G\u00f6ttingen. Nun stellt sich heraus, dass der Anlass f\u00fcr die Personenkontrolle eher banal war &#8211; der Fahrer war nicht angeschnallt. Die Polizeiinspektion G\u00f6ttingen nahm gestern in einer ausf\u00fchrlichen Erkl\u00e4rung zum Tathergang Stellung: G\u00d6TTINGEN (jk) &#8211; Im Zusammenhang mit der mutma\u00dflichen Gef\u00e4hrdung von zwei Polizeibeamten durch [&hellip;]","og_url":"https:\/\/radioleinewelle.de\/index.php\/2021\/07\/27\/nach-schuessen-auf-fluechtendes-auto-in-goettinger-innenstadt-gurtverstoss-war-anlass-fuer-geplante-verkehrskontrolle\/","og_site_name":"Radio Leinewelle","article_publisher":"https:\/\/www.facebook.com\/radioleinewelle","article_author":"https:\/\/www.facebook.com\/radioleinewelle","article_published_time":"2021-07-27T03:44:00+00:00","og_image":[{"width":640,"height":426,"url":"https:\/\/radioleinewelle.de\/wp-content\/uploads\/2021\/07\/human-2460204_640.jpg","type":"image\/jpeg"}],"author":"Leinewelle","twitter_card":"summary_large_image","twitter_creator":"@https:\/\/twitter.com\/RLeinewelle?ref_src=twsrcgoogletwcampserptwgrauthor","twitter_site":"@RLeinewelle","twitter_misc":{"Verfasst von":"Leinewelle","Gesch\u00e4tzte Lesezeit":"3\u00a0Minuten"},"schema":{"@context":"https:\/\/schema.org","@graph":[{"@type":"Article","@id":"https:\/\/radioleinewelle.de\/index.php\/2021\/07\/27\/nach-schuessen-auf-fluechtendes-auto-in-goettinger-innenstadt-gurtverstoss-war-anlass-fuer-geplante-verkehrskontrolle\/#article","isPartOf":{"@id":"https:\/\/radioleinewelle.de\/index.php\/2021\/07\/27\/nach-schuessen-auf-fluechtendes-auto-in-goettinger-innenstadt-gurtverstoss-war-anlass-fuer-geplante-verkehrskontrolle\/"},"author":{"name":"Leinewelle","@id":"https:\/\/radioleinewelle.de\/#\/schema\/person\/45606f348637df637192dc1b68399a63"},"headline":"Nach Sch\u00fcssen auf fl\u00fcchtendes Auto in G\u00f6ttinger Innenstadt &#8211; Gurtversto\u00df war Anlass f\u00fcr geplante Verkehrskontrolle","datePublished":"2021-07-27T03:44:00+00:00","mainEntityOfPage":{"@id":"https:\/\/radioleinewelle.de\/index.php\/2021\/07\/27\/nach-schuessen-auf-fluechtendes-auto-in-goettinger-innenstadt-gurtverstoss-war-anlass-fuer-geplante-verkehrskontrolle\/"},"wordCount":746,"publisher":{"@id":"https:\/\/radioleinewelle.de\/#organization"},"image":{"@id":"https:\/\/radioleinewelle.de\/index.php\/2021\/07\/27\/nach-schuessen-auf-fluechtendes-auto-in-goettinger-innenstadt-gurtverstoss-war-anlass-fuer-geplante-verkehrskontrolle\/#primaryimage"},"thumbnailUrl":"https:\/\/radioleinewelle.de\/wp-content\/uploads\/2021\/07\/human-2460204_640.jpg","keywords":["Einsatz mit Schusswaffengebrauch G\u00f6ttingen","Verkehrskontrolle in G\u00f6ttingen"],"articleSection":["Aktuelle Nachrichten"],"inLanguage":"de"},{"@type":"WebPage","@id":"https:\/\/radioleinewelle.de\/index.php\/2021\/07\/27\/nach-schuessen-auf-fluechtendes-auto-in-goettinger-innenstadt-gurtverstoss-war-anlass-fuer-geplante-verkehrskontrolle\/","url":"https:\/\/radioleinewelle.de\/index.php\/2021\/07\/27\/nach-schuessen-auf-fluechtendes-auto-in-goettinger-innenstadt-gurtverstoss-war-anlass-fuer-geplante-verkehrskontrolle\/","name":"Nach Sch\u00fcssen auf fl\u00fcchtendes Auto in G\u00f6ttinger Innenstadt - Gurtversto\u00df war Anlass f\u00fcr geplante Verkehrskontrolle - Radio Leinewelle","isPartOf":{"@id":"https:\/\/radioleinewelle.de\/#website"},"primaryImageOfPage":{"@id":"https:\/\/radioleinewelle.de\/index.php\/2021\/07\/27\/nach-schuessen-auf-fluechtendes-auto-in-goettinger-innenstadt-gurtverstoss-war-anlass-fuer-geplante-verkehrskontrolle\/#primaryimage"},"image":{"@id":"https:\/\/radioleinewelle.de\/index.php\/2021\/07\/27\/nach-schuessen-auf-fluechtendes-auto-in-goettinger-innenstadt-gurtverstoss-war-anlass-fuer-geplante-verkehrskontrolle\/#primaryimage"},"thumbnailUrl":"https:\/\/radioleinewelle.de\/wp-content\/uploads\/2021\/07\/human-2460204_640.jpg","datePublished":"2021-07-27T03:44:00+00:00","breadcrumb":{"@id":"https:\/\/radioleinewelle.de\/index.php\/2021\/07\/27\/nach-schuessen-auf-fluechtendes-auto-in-goettinger-innenstadt-gurtverstoss-war-anlass-fuer-geplante-verkehrskontrolle\/#breadcrumb"},"inLanguage":"de","potentialAction":[{"@type":"ReadAction","target":["https:\/\/radioleinewelle.de\/index.php\/2021\/07\/27\/nach-schuessen-auf-fluechtendes-auto-in-goettinger-innenstadt-gurtverstoss-war-anlass-fuer-geplante-verkehrskontrolle\/"]}]},{"@type":"ImageObject","inLanguage":"de","@id":"https:\/\/radioleinewelle.de\/index.php\/2021\/07\/27\/nach-schuessen-auf-fluechtendes-auto-in-goettinger-innenstadt-gurtverstoss-war-anlass-fuer-geplante-verkehrskontrolle\/#primaryimage","url":"https:\/\/radioleinewelle.de\/wp-content\/uploads\/2021\/07\/human-2460204_640.jpg","contentUrl":"https:\/\/radioleinewelle.de\/wp-content\/uploads\/2021\/07\/human-2460204_640.jpg","width":640,"height":426},{"@type":"BreadcrumbList","@id":"https:\/\/radioleinewelle.de\/index.php\/2021\/07\/27\/nach-schuessen-auf-fluechtendes-auto-in-goettinger-innenstadt-gurtverstoss-war-anlass-fuer-geplante-verkehrskontrolle\/#breadcrumb","itemListElement":[{"@type":"ListItem","position":1,"name":"Startseite","item":"https:\/\/radioleinewelle.de\/"},{"@type":"ListItem","position":2,"name":"Nach Sch\u00fcssen auf fl\u00fcchtendes Auto in G\u00f6ttinger Innenstadt &#8211; Gurtversto\u00df war Anlass f\u00fcr geplante Verkehrskontrolle"}]},{"@type":"WebSite","@id":"https:\/\/radioleinewelle.de\/#website","url":"https:\/\/radioleinewelle.de\/","name":"Radio Leinewelle","description":"","publisher":{"@id":"https:\/\/radioleinewelle.de\/#organization"},"potentialAction":[{"@type":"SearchAction","target":{"@type":"EntryPoint","urlTemplate":"https:\/\/radioleinewelle.de\/?s={search_term_string}"},"query-input":{"@type":"PropertyValueSpecification","valueRequired":true,"valueName":"search_term_string"}}],"inLanguage":"de"},{"@type":"Organization","@id":"https:\/\/radioleinewelle.de\/#organization","name":"Radio Leinewelle","alternateName":"Mein Radio f\u00fcr S\u00fcdniedersachsen","url":"https:\/\/radioleinewelle.de\/","logo":{"@type":"ImageObject","inLanguage":"de","@id":"https:\/\/radioleinewelle.de\/#\/schema\/logo\/image\/","url":"https:\/\/radioleinewelle.de\/wp-content\/uploads\/2023\/11\/cropped-Leinewelle_Logo_weiss.png","contentUrl":"https:\/\/radioleinewelle.de\/wp-content\/uploads\/2023\/11\/cropped-Leinewelle_Logo_weiss.png","width":854,"height":260,"caption":"Radio Leinewelle"},"image":{"@id":"https:\/\/radioleinewelle.de\/#\/schema\/logo\/image\/"},"sameAs":["https:\/\/www.facebook.com\/radioleinewelle","https:\/\/x.com\/RLeinewelle","https:\/\/www.instagram.com\/radioleinewelle\/?hl=de"]},{"@type":"Person","@id":"https:\/\/radioleinewelle.de\/#\/schema\/person\/45606f348637df637192dc1b68399a63","name":"Leinewelle","image":{"@type":"ImageObject","inLanguage":"de","@id":"https:\/\/secure.gravatar.com\/avatar\/05c9a17bc973052ee5d91549bd32fb4dd0dc85b7b85ae94b2e2b4943476bbea5?s=96&d=blank&r=g","url":"https:\/\/secure.gravatar.com\/avatar\/05c9a17bc973052ee5d91549bd32fb4dd0dc85b7b85ae94b2e2b4943476bbea5?s=96&d=blank&r=g","contentUrl":"https:\/\/secure.gravatar.com\/avatar\/05c9a17bc973052ee5d91549bd32fb4dd0dc85b7b85ae94b2e2b4943476bbea5?s=96&d=blank&r=g","caption":"Leinewelle"},"sameAs":["http:\/\/localhost\/radio%20leinewelle\/wordpress","https:\/\/www.facebook.com\/radioleinewelle","https:\/\/www.instagram.com\/radioleinewelle","https:\/\/x.com\/https:\/\/twitter.com\/RLeinewelle?ref_src=twsrcgoogletwcampserptwgrauthor","https:\/\/soundcloud.com\/foerderverein-lokalradio?utm_source=clipboard&utm_medium=text&utm_campaign=social_sharing"],"url":"https:\/\/radioleinewelle.de\/index.php\/author\/leinewelle\/"}]}},"_links":{"self":[{"href":"https:\/\/radioleinewelle.de\/index.php\/wp-json\/wp\/v2\/posts\/9638","targetHints":{"allow":["GET"]}}],"collection":[{"href":"https:\/\/radioleinewelle.de\/index.php\/wp-json\/wp\/v2\/posts"}],"about":[{"href":"https:\/\/radioleinewelle.de\/index.php\/wp-json\/wp\/v2\/types\/post"}],"author":[{"embeddable":true,"href":"https:\/\/radioleinewelle.de\/index.php\/wp-json\/wp\/v2\/users\/1"}],"replies":[{"embeddable":true,"href":"https:\/\/radioleinewelle.de\/index.php\/wp-json\/wp\/v2\/comments?post=9638"}],"version-history":[{"count":0,"href":"https:\/\/radioleinewelle.de\/index.php\/wp-json\/wp\/v2\/posts\/9638\/revisions"}],"wp:featuredmedia":[{"embeddable":true,"href":"https:\/\/radioleinewelle.de\/index.php\/wp-json\/wp\/v2\/media\/9465"}],"wp:attachment":[{"href":"https:\/\/radioleinewelle.de\/index.php\/wp-json\/wp\/v2\/media?parent=9638"}],"wp:term":[{"taxonomy":"category","embeddable":true,"href":"https:\/\/radioleinewelle.de\/index.php\/wp-json\/wp\/v2\/categories?post=9638"},{"taxonomy":"post_tag","embeddable":true,"href":"https:\/\/radioleinewelle.de\/index.php\/wp-json\/wp\/v2\/tags?post=9638"}],"curies":[{"name":"wp","href":"https:\/\/api.w.org\/{rel}","templated":true}]}}