{"id":9640,"date":"2021-07-27T04:31:00","date_gmt":"2021-07-27T02:31:00","guid":{"rendered":"https:\/\/radioleinewelle.de\/?p=9640"},"modified":"2021-07-27T04:31:00","modified_gmt":"2021-07-27T02:31:00","slug":"stadt-goettingen-bietet-sommerferienprogramm-an","status":"publish","type":"post","link":"https:\/\/radioleinewelle.de\/index.php\/2021\/07\/27\/stadt-goettingen-bietet-sommerferienprogramm-an\/","title":{"rendered":"Stadt G\u00f6ttingen bietet Sommerferienprogramm an"},"content":{"rendered":"\n<p>In den Sommerferien bietet die Stadt G\u00f6ttingen zahlreiche Aktivit\u00e4ten f\u00fcr Kinder und Jugendliche von sechs bis 17 Jahre. Am Herberh\u00e4user Stieg, in der Heinrich-B\u00f6ll-Schule und bei der Mach-Mit-Aktion im Elmpark werden die Teilnehmenden mit einem erlebnis- und abwechslungsreichen Ferienprogramm mit vielen Aktionen engagiert betreut. Dabei werden selbstverst\u00e4ndlich die aktuell geltenden Pandemie-Vorgaben ber\u00fccksichtigt.<\/p>\n\n\n\n<p>Auf dem Programm stehen beispielsweise eine Fahrt zum Nieders\u00e4chsischen Landtag in Hannover (f\u00fcr Jugendliche von 15 bis 17), ein Kurs in Selbstbehauptung und Selbstverteidigung f\u00fcr M\u00e4dchen von 13 bis 16 und das Thema Biodiversit\u00e4t im Alten Botanischen Garten f\u00fcr Kinder von sechs bis zehn. F\u00fcr Technik- und Eisenbahnbegeisterte von 13 bis 17 gibt es \u201eModelleisenbahnen &#8211; Theorie und Praxis\u201c im Angebot.<\/p>\n\n\n\n<p>N\u00e4here Informationen gibt es unter&nbsp;<a href=\"https:\/\/ferien-goettingen-anmeldung.de\/\" target=\"_blank\" rel=\"noreferrer noopener\">ferien-goettingen-anmeldung.de&nbsp;<\/a>. Fragen beantworten auch Ute Haubrich und Beate Schliesing vom Fachdienst Jugendarbeit und Jugendf\u00f6rderung der Stadt G\u00f6ttingen unter 0551 \/ 400-2689 und 0551\/400-3291.<\/p>\n\n\n\n<p>Symbolbild von&nbsp;<a href=\"https:\/\/pixabay.com\/de\/users\/efraimstochter-12351\/?utm_source=link-attribution&amp;utm_medium=referral&amp;utm_campaign=image&amp;utm_content=1718796\">M W<\/a>&nbsp;auf&nbsp;<a href=\"https:\/\/pixabay.com\/de\/?utm_source=link-attribution&amp;utm_medium=referral&amp;utm_campaign=image&amp;utm_content=1718796\">Pixabay<\/a><\/p>\n","protected":false},"excerpt":{"rendered":"<p>In den Sommerferien bietet die Stadt G\u00f6ttingen zahlreiche Aktivit\u00e4ten f\u00fcr Kinder und Jugendliche von sechs bis 17 Jahre. Am Herberh\u00e4user Stieg, in der Heinrich-B\u00f6ll-Schule und bei der Mach-Mit-Aktion im Elmpark werden die Teilnehmenden mit einem erlebnis- und abwechslungsreichen Ferienprogramm mit vielen Aktionen engagiert betreut. Dabei werden selbstverst\u00e4ndlich die aktuell geltenden Pandemie-Vorgaben ber\u00fccksichtigt. Auf dem Programm [&hellip;]<\/p>\n","protected":false},"author":1,"featured_media":9647,"comment_status":"closed","ping_status":"closed","sticky":false,"template":"","format":"standard","meta":{"saved_in_kubio":false,"footnotes":""},"categories":[52],"tags":[1865,1866,268],"class_list":["post-9640","post","type-post","status-publish","format-standard","has-post-thumbnail","hentry","category-freizeit","tag-fachdienst-jugendarbeit-und-jugendfoerderung","tag-sommerferienprogramm","tag-stadt-goettingen"],"yoast_head":"<!-- This site is optimized with the Yoast SEO plugin v27.4 - https:\/\/yoast.com\/product\/yoast-seo-wordpress\/ -->\n<title>Stadt G\u00f6ttingen bietet Sommerferienprogramm an - Radio Leinewelle<\/title>\n<meta name=\"robots\" content=\"index, follow, max-snippet:-1, max-image-preview:large, max-video-preview:-1\" \/>\n<link rel=\"canonical\" href=\"https:\/\/radioleinewelle.de\/index.php\/2021\/07\/27\/stadt-goettingen-bietet-sommerferienprogramm-an\/\" \/>\n<meta property=\"og:locale\" content=\"de_DE\" \/>\n<meta property=\"og:type\" content=\"article\" \/>\n<meta property=\"og:title\" content=\"Stadt G\u00f6ttingen bietet Sommerferienprogramm an - Radio Leinewelle\" \/>\n<meta property=\"og:description\" content=\"In den Sommerferien bietet die Stadt G\u00f6ttingen zahlreiche Aktivit\u00e4ten f\u00fcr Kinder und Jugendliche von sechs bis 17 Jahre. Am Herberh\u00e4user Stieg, in der Heinrich-B\u00f6ll-Schule und bei der Mach-Mit-Aktion im Elmpark werden die Teilnehmenden mit einem erlebnis- und abwechslungsreichen Ferienprogramm mit vielen Aktionen engagiert betreut. Dabei werden selbstverst\u00e4ndlich die aktuell geltenden Pandemie-Vorgaben ber\u00fccksichtigt. Auf dem Programm [&hellip;]\" \/>\n<meta property=\"og:url\" content=\"https:\/\/radioleinewelle.de\/index.php\/2021\/07\/27\/stadt-goettingen-bietet-sommerferienprogramm-an\/\" \/>\n<meta property=\"og:site_name\" content=\"Radio Leinewelle\" \/>\n<meta property=\"article:publisher\" content=\"https:\/\/www.facebook.com\/radioleinewelle\" \/>\n<meta property=\"article:author\" content=\"https:\/\/www.facebook.com\/radioleinewelle\" \/>\n<meta property=\"article:published_time\" content=\"2021-07-27T02:31:00+00:00\" \/>\n<meta property=\"og:image\" content=\"https:\/\/radioleinewelle.de\/wp-content\/uploads\/2021\/07\/printing-1718796_640.jpg\" \/>\n\t<meta property=\"og:image:width\" content=\"640\" \/>\n\t<meta property=\"og:image:height\" content=\"426\" \/>\n\t<meta property=\"og:image:type\" content=\"image\/jpeg\" \/>\n<meta name=\"author\" content=\"Leinewelle\" \/>\n<meta name=\"twitter:card\" content=\"summary_large_image\" \/>\n<meta name=\"twitter:creator\" content=\"@https:\/\/twitter.com\/RLeinewelle?ref_src=twsrcgoogletwcampserptwgrauthor\" \/>\n<meta name=\"twitter:site\" content=\"@RLeinewelle\" \/>\n<meta name=\"twitter:label1\" content=\"Verfasst von\" \/>\n\t<meta name=\"twitter:data1\" content=\"Leinewelle\" \/>\n\t<meta name=\"twitter:label2\" content=\"Gesch\u00e4tzte Lesezeit\" \/>\n\t<meta name=\"twitter:data2\" content=\"1\u00a0Minute\" \/>\n<script type=\"application\/ld+json\" class=\"yoast-schema-graph\">{\"@context\":\"https:\\\/\\\/schema.org\",\"@graph\":[{\"@type\":\"Article\",\"@id\":\"https:\\\/\\\/radioleinewelle.de\\\/index.php\\\/2021\\\/07\\\/27\\\/stadt-goettingen-bietet-sommerferienprogramm-an\\\/#article\",\"isPartOf\":{\"@id\":\"https:\\\/\\\/radioleinewelle.de\\\/index.php\\\/2021\\\/07\\\/27\\\/stadt-goettingen-bietet-sommerferienprogramm-an\\\/\"},\"author\":{\"name\":\"Leinewelle\",\"@id\":\"https:\\\/\\\/radioleinewelle.de\\\/#\\\/schema\\\/person\\\/45606f348637df637192dc1b68399a63\"},\"headline\":\"Stadt G\u00f6ttingen bietet Sommerferienprogramm an\",\"datePublished\":\"2021-07-27T02:31:00+00:00\",\"mainEntityOfPage\":{\"@id\":\"https:\\\/\\\/radioleinewelle.de\\\/index.php\\\/2021\\\/07\\\/27\\\/stadt-goettingen-bietet-sommerferienprogramm-an\\\/\"},\"wordCount\":167,\"publisher\":{\"@id\":\"https:\\\/\\\/radioleinewelle.de\\\/#organization\"},\"image\":{\"@id\":\"https:\\\/\\\/radioleinewelle.de\\\/index.php\\\/2021\\\/07\\\/27\\\/stadt-goettingen-bietet-sommerferienprogramm-an\\\/#primaryimage\"},\"thumbnailUrl\":\"https:\\\/\\\/radioleinewelle.de\\\/wp-content\\\/uploads\\\/2021\\\/07\\\/printing-1718796_640.jpg\",\"keywords\":[\"Fachdienst Jugendarbeit und Jugendf\u00f6rderung\",\"Sommerferienprogramm\",\"Stadt G\u00f6ttingen\"],\"articleSection\":[\"Freizeit\"],\"inLanguage\":\"de\"},{\"@type\":\"WebPage\",\"@id\":\"https:\\\/\\\/radioleinewelle.de\\\/index.php\\\/2021\\\/07\\\/27\\\/stadt-goettingen-bietet-sommerferienprogramm-an\\\/\",\"url\":\"https:\\\/\\\/radioleinewelle.de\\\/index.php\\\/2021\\\/07\\\/27\\\/stadt-goettingen-bietet-sommerferienprogramm-an\\\/\",\"name\":\"Stadt G\u00f6ttingen bietet Sommerferienprogramm an - Radio Leinewelle\",\"isPartOf\":{\"@id\":\"https:\\\/\\\/radioleinewelle.de\\\/#website\"},\"primaryImageOfPage\":{\"@id\":\"https:\\\/\\\/radioleinewelle.de\\\/index.php\\\/2021\\\/07\\\/27\\\/stadt-goettingen-bietet-sommerferienprogramm-an\\\/#primaryimage\"},\"image\":{\"@id\":\"https:\\\/\\\/radioleinewelle.de\\\/index.php\\\/2021\\\/07\\\/27\\\/stadt-goettingen-bietet-sommerferienprogramm-an\\\/#primaryimage\"},\"thumbnailUrl\":\"https:\\\/\\\/radioleinewelle.de\\\/wp-content\\\/uploads\\\/2021\\\/07\\\/printing-1718796_640.jpg\",\"datePublished\":\"2021-07-27T02:31:00+00:00\",\"breadcrumb\":{\"@id\":\"https:\\\/\\\/radioleinewelle.de\\\/index.php\\\/2021\\\/07\\\/27\\\/stadt-goettingen-bietet-sommerferienprogramm-an\\\/#breadcrumb\"},\"inLanguage\":\"de\",\"potentialAction\":[{\"@type\":\"ReadAction\",\"target\":[\"https:\\\/\\\/radioleinewelle.de\\\/index.php\\\/2021\\\/07\\\/27\\\/stadt-goettingen-bietet-sommerferienprogramm-an\\\/\"]}]},{\"@type\":\"ImageObject\",\"inLanguage\":\"de\",\"@id\":\"https:\\\/\\\/radioleinewelle.de\\\/index.php\\\/2021\\\/07\\\/27\\\/stadt-goettingen-bietet-sommerferienprogramm-an\\\/#primaryimage\",\"url\":\"https:\\\/\\\/radioleinewelle.de\\\/wp-content\\\/uploads\\\/2021\\\/07\\\/printing-1718796_640.jpg\",\"contentUrl\":\"https:\\\/\\\/radioleinewelle.de\\\/wp-content\\\/uploads\\\/2021\\\/07\\\/printing-1718796_640.jpg\",\"width\":640,\"height\":426},{\"@type\":\"BreadcrumbList\",\"@id\":\"https:\\\/\\\/radioleinewelle.de\\\/index.php\\\/2021\\\/07\\\/27\\\/stadt-goettingen-bietet-sommerferienprogramm-an\\\/#breadcrumb\",\"itemListElement\":[{\"@type\":\"ListItem\",\"position\":1,\"name\":\"Startseite\",\"item\":\"https:\\\/\\\/radioleinewelle.de\\\/\"},{\"@type\":\"ListItem\",\"position\":2,\"name\":\"Stadt G\u00f6ttingen bietet Sommerferienprogramm an\"}]},{\"@type\":\"WebSite\",\"@id\":\"https:\\\/\\\/radioleinewelle.de\\\/#website\",\"url\":\"https:\\\/\\\/radioleinewelle.de\\\/\",\"name\":\"Radio Leinewelle\",\"description\":\"\",\"publisher\":{\"@id\":\"https:\\\/\\\/radioleinewelle.de\\\/#organization\"},\"potentialAction\":[{\"@type\":\"SearchAction\",\"target\":{\"@type\":\"EntryPoint\",\"urlTemplate\":\"https:\\\/\\\/radioleinewelle.de\\\/?s={search_term_string}\"},\"query-input\":{\"@type\":\"PropertyValueSpecification\",\"valueRequired\":true,\"valueName\":\"search_term_string\"}}],\"inLanguage\":\"de\"},{\"@type\":\"Organization\",\"@id\":\"https:\\\/\\\/radioleinewelle.de\\\/#organization\",\"name\":\"Radio Leinewelle\",\"alternateName\":\"Mein Radio f\u00fcr S\u00fcdniedersachsen\",\"url\":\"https:\\\/\\\/radioleinewelle.de\\\/\",\"logo\":{\"@type\":\"ImageObject\",\"inLanguage\":\"de\",\"@id\":\"https:\\\/\\\/radioleinewelle.de\\\/#\\\/schema\\\/logo\\\/image\\\/\",\"url\":\"https:\\\/\\\/radioleinewelle.de\\\/wp-content\\\/uploads\\\/2023\\\/11\\\/cropped-Leinewelle_Logo_weiss.png\",\"contentUrl\":\"https:\\\/\\\/radioleinewelle.de\\\/wp-content\\\/uploads\\\/2023\\\/11\\\/cropped-Leinewelle_Logo_weiss.png\",\"width\":854,\"height\":260,\"caption\":\"Radio Leinewelle\"},\"image\":{\"@id\":\"https:\\\/\\\/radioleinewelle.de\\\/#\\\/schema\\\/logo\\\/image\\\/\"},\"sameAs\":[\"https:\\\/\\\/www.facebook.com\\\/radioleinewelle\",\"https:\\\/\\\/x.com\\\/RLeinewelle\",\"https:\\\/\\\/www.instagram.com\\\/radioleinewelle\\\/?hl=de\"]},{\"@type\":\"Person\",\"@id\":\"https:\\\/\\\/radioleinewelle.de\\\/#\\\/schema\\\/person\\\/45606f348637df637192dc1b68399a63\",\"name\":\"Leinewelle\",\"image\":{\"@type\":\"ImageObject\",\"inLanguage\":\"de\",\"@id\":\"https:\\\/\\\/secure.gravatar.com\\\/avatar\\\/05c9a17bc973052ee5d91549bd32fb4dd0dc85b7b85ae94b2e2b4943476bbea5?s=96&d=blank&r=g\",\"url\":\"https:\\\/\\\/secure.gravatar.com\\\/avatar\\\/05c9a17bc973052ee5d91549bd32fb4dd0dc85b7b85ae94b2e2b4943476bbea5?s=96&d=blank&r=g\",\"contentUrl\":\"https:\\\/\\\/secure.gravatar.com\\\/avatar\\\/05c9a17bc973052ee5d91549bd32fb4dd0dc85b7b85ae94b2e2b4943476bbea5?s=96&d=blank&r=g\",\"caption\":\"Leinewelle\"},\"sameAs\":[\"http:\\\/\\\/localhost\\\/radio%20leinewelle\\\/wordpress\",\"https:\\\/\\\/www.facebook.com\\\/radioleinewelle\",\"https:\\\/\\\/www.instagram.com\\\/radioleinewelle\",\"https:\\\/\\\/x.com\\\/https:\\\/\\\/twitter.com\\\/RLeinewelle?ref_src=twsrcgoogletwcampserptwgrauthor\",\"https:\\\/\\\/soundcloud.com\\\/foerderverein-lokalradio?utm_source=clipboard&utm_medium=text&utm_campaign=social_sharing\"],\"url\":\"https:\\\/\\\/radioleinewelle.de\\\/index.php\\\/author\\\/leinewelle\\\/\"}]}<\/script>\n<!-- \/ Yoast SEO plugin. -->","yoast_head_json":{"title":"Stadt G\u00f6ttingen bietet Sommerferienprogramm an - Radio Leinewelle","robots":{"index":"index","follow":"follow","max-snippet":"max-snippet:-1","max-image-preview":"max-image-preview:large","max-video-preview":"max-video-preview:-1"},"canonical":"https:\/\/radioleinewelle.de\/index.php\/2021\/07\/27\/stadt-goettingen-bietet-sommerferienprogramm-an\/","og_locale":"de_DE","og_type":"article","og_title":"Stadt G\u00f6ttingen bietet Sommerferienprogramm an - Radio Leinewelle","og_description":"In den Sommerferien bietet die Stadt G\u00f6ttingen zahlreiche Aktivit\u00e4ten f\u00fcr Kinder und Jugendliche von sechs bis 17 Jahre. Am Herberh\u00e4user Stieg, in der Heinrich-B\u00f6ll-Schule und bei der Mach-Mit-Aktion im Elmpark werden die Teilnehmenden mit einem erlebnis- und abwechslungsreichen Ferienprogramm mit vielen Aktionen engagiert betreut. Dabei werden selbstverst\u00e4ndlich die aktuell geltenden Pandemie-Vorgaben ber\u00fccksichtigt. Auf dem Programm [&hellip;]","og_url":"https:\/\/radioleinewelle.de\/index.php\/2021\/07\/27\/stadt-goettingen-bietet-sommerferienprogramm-an\/","og_site_name":"Radio Leinewelle","article_publisher":"https:\/\/www.facebook.com\/radioleinewelle","article_author":"https:\/\/www.facebook.com\/radioleinewelle","article_published_time":"2021-07-27T02:31:00+00:00","og_image":[{"width":640,"height":426,"url":"https:\/\/radioleinewelle.de\/wp-content\/uploads\/2021\/07\/printing-1718796_640.jpg","type":"image\/jpeg"}],"author":"Leinewelle","twitter_card":"summary_large_image","twitter_creator":"@https:\/\/twitter.com\/RLeinewelle?ref_src=twsrcgoogletwcampserptwgrauthor","twitter_site":"@RLeinewelle","twitter_misc":{"Verfasst von":"Leinewelle","Gesch\u00e4tzte Lesezeit":"1\u00a0Minute"},"schema":{"@context":"https:\/\/schema.org","@graph":[{"@type":"Article","@id":"https:\/\/radioleinewelle.de\/index.php\/2021\/07\/27\/stadt-goettingen-bietet-sommerferienprogramm-an\/#article","isPartOf":{"@id":"https:\/\/radioleinewelle.de\/index.php\/2021\/07\/27\/stadt-goettingen-bietet-sommerferienprogramm-an\/"},"author":{"name":"Leinewelle","@id":"https:\/\/radioleinewelle.de\/#\/schema\/person\/45606f348637df637192dc1b68399a63"},"headline":"Stadt G\u00f6ttingen bietet Sommerferienprogramm an","datePublished":"2021-07-27T02:31:00+00:00","mainEntityOfPage":{"@id":"https:\/\/radioleinewelle.de\/index.php\/2021\/07\/27\/stadt-goettingen-bietet-sommerferienprogramm-an\/"},"wordCount":167,"publisher":{"@id":"https:\/\/radioleinewelle.de\/#organization"},"image":{"@id":"https:\/\/radioleinewelle.de\/index.php\/2021\/07\/27\/stadt-goettingen-bietet-sommerferienprogramm-an\/#primaryimage"},"thumbnailUrl":"https:\/\/radioleinewelle.de\/wp-content\/uploads\/2021\/07\/printing-1718796_640.jpg","keywords":["Fachdienst Jugendarbeit und Jugendf\u00f6rderung","Sommerferienprogramm","Stadt G\u00f6ttingen"],"articleSection":["Freizeit"],"inLanguage":"de"},{"@type":"WebPage","@id":"https:\/\/radioleinewelle.de\/index.php\/2021\/07\/27\/stadt-goettingen-bietet-sommerferienprogramm-an\/","url":"https:\/\/radioleinewelle.de\/index.php\/2021\/07\/27\/stadt-goettingen-bietet-sommerferienprogramm-an\/","name":"Stadt G\u00f6ttingen bietet Sommerferienprogramm an - Radio Leinewelle","isPartOf":{"@id":"https:\/\/radioleinewelle.de\/#website"},"primaryImageOfPage":{"@id":"https:\/\/radioleinewelle.de\/index.php\/2021\/07\/27\/stadt-goettingen-bietet-sommerferienprogramm-an\/#primaryimage"},"image":{"@id":"https:\/\/radioleinewelle.de\/index.php\/2021\/07\/27\/stadt-goettingen-bietet-sommerferienprogramm-an\/#primaryimage"},"thumbnailUrl":"https:\/\/radioleinewelle.de\/wp-content\/uploads\/2021\/07\/printing-1718796_640.jpg","datePublished":"2021-07-27T02:31:00+00:00","breadcrumb":{"@id":"https:\/\/radioleinewelle.de\/index.php\/2021\/07\/27\/stadt-goettingen-bietet-sommerferienprogramm-an\/#breadcrumb"},"inLanguage":"de","potentialAction":[{"@type":"ReadAction","target":["https:\/\/radioleinewelle.de\/index.php\/2021\/07\/27\/stadt-goettingen-bietet-sommerferienprogramm-an\/"]}]},{"@type":"ImageObject","inLanguage":"de","@id":"https:\/\/radioleinewelle.de\/index.php\/2021\/07\/27\/stadt-goettingen-bietet-sommerferienprogramm-an\/#primaryimage","url":"https:\/\/radioleinewelle.de\/wp-content\/uploads\/2021\/07\/printing-1718796_640.jpg","contentUrl":"https:\/\/radioleinewelle.de\/wp-content\/uploads\/2021\/07\/printing-1718796_640.jpg","width":640,"height":426},{"@type":"BreadcrumbList","@id":"https:\/\/radioleinewelle.de\/index.php\/2021\/07\/27\/stadt-goettingen-bietet-sommerferienprogramm-an\/#breadcrumb","itemListElement":[{"@type":"ListItem","position":1,"name":"Startseite","item":"https:\/\/radioleinewelle.de\/"},{"@type":"ListItem","position":2,"name":"Stadt G\u00f6ttingen bietet Sommerferienprogramm an"}]},{"@type":"WebSite","@id":"https:\/\/radioleinewelle.de\/#website","url":"https:\/\/radioleinewelle.de\/","name":"Radio Leinewelle","description":"","publisher":{"@id":"https:\/\/radioleinewelle.de\/#organization"},"potentialAction":[{"@type":"SearchAction","target":{"@type":"EntryPoint","urlTemplate":"https:\/\/radioleinewelle.de\/?s={search_term_string}"},"query-input":{"@type":"PropertyValueSpecification","valueRequired":true,"valueName":"search_term_string"}}],"inLanguage":"de"},{"@type":"Organization","@id":"https:\/\/radioleinewelle.de\/#organization","name":"Radio Leinewelle","alternateName":"Mein Radio f\u00fcr S\u00fcdniedersachsen","url":"https:\/\/radioleinewelle.de\/","logo":{"@type":"ImageObject","inLanguage":"de","@id":"https:\/\/radioleinewelle.de\/#\/schema\/logo\/image\/","url":"https:\/\/radioleinewelle.de\/wp-content\/uploads\/2023\/11\/cropped-Leinewelle_Logo_weiss.png","contentUrl":"https:\/\/radioleinewelle.de\/wp-content\/uploads\/2023\/11\/cropped-Leinewelle_Logo_weiss.png","width":854,"height":260,"caption":"Radio Leinewelle"},"image":{"@id":"https:\/\/radioleinewelle.de\/#\/schema\/logo\/image\/"},"sameAs":["https:\/\/www.facebook.com\/radioleinewelle","https:\/\/x.com\/RLeinewelle","https:\/\/www.instagram.com\/radioleinewelle\/?hl=de"]},{"@type":"Person","@id":"https:\/\/radioleinewelle.de\/#\/schema\/person\/45606f348637df637192dc1b68399a63","name":"Leinewelle","image":{"@type":"ImageObject","inLanguage":"de","@id":"https:\/\/secure.gravatar.com\/avatar\/05c9a17bc973052ee5d91549bd32fb4dd0dc85b7b85ae94b2e2b4943476bbea5?s=96&d=blank&r=g","url":"https:\/\/secure.gravatar.com\/avatar\/05c9a17bc973052ee5d91549bd32fb4dd0dc85b7b85ae94b2e2b4943476bbea5?s=96&d=blank&r=g","contentUrl":"https:\/\/secure.gravatar.com\/avatar\/05c9a17bc973052ee5d91549bd32fb4dd0dc85b7b85ae94b2e2b4943476bbea5?s=96&d=blank&r=g","caption":"Leinewelle"},"sameAs":["http:\/\/localhost\/radio%20leinewelle\/wordpress","https:\/\/www.facebook.com\/radioleinewelle","https:\/\/www.instagram.com\/radioleinewelle","https:\/\/x.com\/https:\/\/twitter.com\/RLeinewelle?ref_src=twsrcgoogletwcampserptwgrauthor","https:\/\/soundcloud.com\/foerderverein-lokalradio?utm_source=clipboard&utm_medium=text&utm_campaign=social_sharing"],"url":"https:\/\/radioleinewelle.de\/index.php\/author\/leinewelle\/"}]}},"_links":{"self":[{"href":"https:\/\/radioleinewelle.de\/index.php\/wp-json\/wp\/v2\/posts\/9640","targetHints":{"allow":["GET"]}}],"collection":[{"href":"https:\/\/radioleinewelle.de\/index.php\/wp-json\/wp\/v2\/posts"}],"about":[{"href":"https:\/\/radioleinewelle.de\/index.php\/wp-json\/wp\/v2\/types\/post"}],"author":[{"embeddable":true,"href":"https:\/\/radioleinewelle.de\/index.php\/wp-json\/wp\/v2\/users\/1"}],"replies":[{"embeddable":true,"href":"https:\/\/radioleinewelle.de\/index.php\/wp-json\/wp\/v2\/comments?post=9640"}],"version-history":[{"count":0,"href":"https:\/\/radioleinewelle.de\/index.php\/wp-json\/wp\/v2\/posts\/9640\/revisions"}],"wp:featuredmedia":[{"embeddable":true,"href":"https:\/\/radioleinewelle.de\/index.php\/wp-json\/wp\/v2\/media\/9647"}],"wp:attachment":[{"href":"https:\/\/radioleinewelle.de\/index.php\/wp-json\/wp\/v2\/media?parent=9640"}],"wp:term":[{"taxonomy":"category","embeddable":true,"href":"https:\/\/radioleinewelle.de\/index.php\/wp-json\/wp\/v2\/categories?post=9640"},{"taxonomy":"post_tag","embeddable":true,"href":"https:\/\/radioleinewelle.de\/index.php\/wp-json\/wp\/v2\/tags?post=9640"}],"curies":[{"name":"wp","href":"https:\/\/api.w.org\/{rel}","templated":true}]}}