{"id":9660,"date":"2021-07-28T04:20:00","date_gmt":"2021-07-28T02:20:00","guid":{"rendered":"https:\/\/radioleinewelle.de\/?p=9660"},"modified":"2021-07-28T04:20:00","modified_gmt":"2021-07-28T02:20:00","slug":"selma-gieseke-huebner-als-pastorin-in-noerten-hardenberg-eingefuehrt","status":"publish","type":"post","link":"https:\/\/radioleinewelle.de\/index.php\/2021\/07\/28\/selma-gieseke-huebner-als-pastorin-in-noerten-hardenberg-eingefuehrt\/","title":{"rendered":"Selma Gieseke-H\u00fcbner als Pastorin in N\u00f6rten-Hardenberg eingef\u00fchrt"},"content":{"rendered":"\n<p>N\u00f6rten-Hardenberg.&nbsp;Am Sonntag, 25. Juli, hat die kommissarische Superintendentin Wiebke Vielhauer, im Rahmen eines musikalischen Abendgottesdienstes in der Klosterkirche Marienstein, Selma Gieseke-H\u00fcbner in das Amt der Pastorin der Ev.-luth. Kirchengemeinde N\u00f6rten mit der Kapellengemeinde Bishausen eingef\u00fchrt, assistiert von Pastorin Julia Frydetzki aus Adelebsen und Pastorin Susanne Barth aus Northeim.&nbsp;Gerd Bergemann (Orgel) und Holger Sch\u00e4fer (Gesang, Klavier und Harfe) sorgten f\u00fcr den musikalischen Rahmen. Pr\u00e4dikantin Gertrud Brandtner rundete den Gottesdienst mit einer biblischen Erz\u00e4hlung der Berufung des Paulus in seinen Aposteldienst ab.<\/p>\n\n\n\n<p>Gieseke-H\u00fcbner, geboren und aufgewachsen in Wuppertal, hat Theologie in Wuppertal und G\u00f6ttingen studiert. Ihr Vikariat hat sie in Alfeld absolviert, bevor sie ein anderthalbj\u00e4hriges Sondervikariat in der Krankenhausseelsorge in Hildesheim antrat. Bereits seit Sommer 2017 ist sie Pastorin in N\u00f6rten-Hardenberg. In den vergangenen vier Jahren hat sie die Pfarrstelle im Rahmen ihres Probedienstes versehen. Nun wurde sie offiziell von der Landeskirche ernannt und damit auf Lebenszeit in den Kirchendienst berufen.<\/p>\n\n\n\n<p>Die kommissarische Superintendentin Wiebke Vielhauer begr\u00fc\u00dft es sehr, dass die 36-J\u00e4hrige als Pastorin im Kirchenkreis G\u00f6ttingen bleibt: \u201eSelma Gieseke-H\u00fcbner ist eine Pastorin mit Herz und Verstand. Durch ihr Sondervikariat in der Klinikseelsorge bringt sie besondere Bef\u00e4higung mit, um f\u00fcr Menschen in den H\u00f6hen und Tiefen des Lebens da zu sein. Und zwar in jedem Alter &#8211; von der Seniorin bis zum KiTa-Kind. Zugleich hat sie einen au\u00dfergew\u00f6hnlich guten Blick f\u00fcr die organisatorischen Aufgaben der Gemeindeleitung. Gemeinsam mit dem Kirchenvorstand hat sie beispielsweise die bauliche Weiterentwicklung des Evangelischen Gemeindehauses N\u00f6rten zum Sozialen Zentrum umgesetzt. Ich freue mich sehr auf die weitere Zusammenarbeit mit dieser engagierten Kollegin.\u201c<\/p>\n\n\n\n<p><strong>Foto:<\/strong>&nbsp;v.l.: Pastorin Wiebke Vielhauer (kommissarische Superintendentin des Kirchenkreises G\u00f6ttingen), Pastorin Susanne Barth (Northeim), Pastorin Selma Gieseke-H\u00fcbner (N\u00f6rten-Hardenberg) und Pastorin Julia Frydetzki (Adelebsen)&nbsp;(Bild:&nbsp;Daniel Gieseke)<\/p>\n","protected":false},"excerpt":{"rendered":"<p>N\u00f6rten-Hardenberg.&nbsp;Am Sonntag, 25. Juli, hat die kommissarische Superintendentin Wiebke Vielhauer, im Rahmen eines musikalischen Abendgottesdienstes in der Klosterkirche Marienstein, Selma Gieseke-H\u00fcbner in das Amt der Pastorin der Ev.-luth. Kirchengemeinde N\u00f6rten mit der Kapellengemeinde Bishausen eingef\u00fchrt, assistiert von Pastorin Julia Frydetzki aus Adelebsen und Pastorin Susanne Barth aus Northeim.&nbsp;Gerd Bergemann (Orgel) und Holger Sch\u00e4fer (Gesang, Klavier [&hellip;]<\/p>\n","protected":false},"author":1,"featured_media":9662,"comment_status":"closed","ping_status":"closed","sticky":false,"template":"","format":"standard","meta":{"saved_in_kubio":false,"footnotes":""},"categories":[698],"tags":[1867,1868,1869],"class_list":["post-9660","post","type-post","status-publish","format-standard","has-post-thumbnail","hentry","category-personalia","tag-pastorin-in-noerten-hardenberg","tag-selma-gieseke-huebner","tag-superintendentin-wiebke-vielhauer"],"yoast_head":"<!-- This site is optimized with the Yoast SEO plugin v27.5 - https:\/\/yoast.com\/product\/yoast-seo-wordpress\/ -->\n<title>Selma Gieseke-H\u00fcbner als Pastorin in N\u00f6rten-Hardenberg eingef\u00fchrt - Radio Leinewelle<\/title>\n<meta name=\"robots\" content=\"index, follow, max-snippet:-1, max-image-preview:large, max-video-preview:-1\" \/>\n<link rel=\"canonical\" href=\"https:\/\/radioleinewelle.de\/index.php\/2021\/07\/28\/selma-gieseke-huebner-als-pastorin-in-noerten-hardenberg-eingefuehrt\/\" \/>\n<meta property=\"og:locale\" content=\"de_DE\" \/>\n<meta property=\"og:type\" content=\"article\" \/>\n<meta property=\"og:title\" content=\"Selma Gieseke-H\u00fcbner als Pastorin in N\u00f6rten-Hardenberg eingef\u00fchrt - Radio Leinewelle\" \/>\n<meta property=\"og:description\" content=\"N\u00f6rten-Hardenberg.&nbsp;Am Sonntag, 25. Juli, hat die kommissarische Superintendentin Wiebke Vielhauer, im Rahmen eines musikalischen Abendgottesdienstes in der Klosterkirche Marienstein, Selma Gieseke-H\u00fcbner in das Amt der Pastorin der Ev.-luth. Kirchengemeinde N\u00f6rten mit der Kapellengemeinde Bishausen eingef\u00fchrt, assistiert von Pastorin Julia Frydetzki aus Adelebsen und Pastorin Susanne Barth aus Northeim.&nbsp;Gerd Bergemann (Orgel) und Holger Sch\u00e4fer (Gesang, Klavier [&hellip;]\" \/>\n<meta property=\"og:url\" content=\"https:\/\/radioleinewelle.de\/index.php\/2021\/07\/28\/selma-gieseke-huebner-als-pastorin-in-noerten-hardenberg-eingefuehrt\/\" \/>\n<meta property=\"og:site_name\" content=\"Radio Leinewelle\" \/>\n<meta property=\"article:publisher\" content=\"https:\/\/www.facebook.com\/radioleinewelle\" \/>\n<meta property=\"article:author\" content=\"https:\/\/www.facebook.com\/radioleinewelle\" \/>\n<meta property=\"article:published_time\" content=\"2021-07-28T02:20:00+00:00\" \/>\n<meta property=\"og:image\" content=\"https:\/\/radioleinewelle.de\/wp-content\/uploads\/2021\/07\/Pastorin-scaled-1.jpg\" \/>\n\t<meta property=\"og:image:width\" content=\"2560\" \/>\n\t<meta property=\"og:image:height\" content=\"1707\" \/>\n\t<meta property=\"og:image:type\" content=\"image\/jpeg\" \/>\n<meta name=\"author\" content=\"Leinewelle\" \/>\n<meta name=\"twitter:card\" content=\"summary_large_image\" \/>\n<meta name=\"twitter:creator\" content=\"@https:\/\/twitter.com\/RLeinewelle?ref_src=twsrcgoogletwcampserptwgrauthor\" \/>\n<meta name=\"twitter:site\" content=\"@RLeinewelle\" \/>\n<meta name=\"twitter:label1\" content=\"Verfasst von\" \/>\n\t<meta name=\"twitter:data1\" content=\"Leinewelle\" \/>\n\t<meta name=\"twitter:label2\" content=\"Gesch\u00e4tzte Lesezeit\" \/>\n\t<meta name=\"twitter:data2\" content=\"2\u00a0Minuten\" \/>\n<script type=\"application\/ld+json\" class=\"yoast-schema-graph\">{\"@context\":\"https:\\\/\\\/schema.org\",\"@graph\":[{\"@type\":\"Article\",\"@id\":\"https:\\\/\\\/radioleinewelle.de\\\/index.php\\\/2021\\\/07\\\/28\\\/selma-gieseke-huebner-als-pastorin-in-noerten-hardenberg-eingefuehrt\\\/#article\",\"isPartOf\":{\"@id\":\"https:\\\/\\\/radioleinewelle.de\\\/index.php\\\/2021\\\/07\\\/28\\\/selma-gieseke-huebner-als-pastorin-in-noerten-hardenberg-eingefuehrt\\\/\"},\"author\":{\"name\":\"Leinewelle\",\"@id\":\"https:\\\/\\\/radioleinewelle.de\\\/#\\\/schema\\\/person\\\/45606f348637df637192dc1b68399a63\"},\"headline\":\"Selma Gieseke-H\u00fcbner als Pastorin in N\u00f6rten-Hardenberg eingef\u00fchrt\",\"datePublished\":\"2021-07-28T02:20:00+00:00\",\"mainEntityOfPage\":{\"@id\":\"https:\\\/\\\/radioleinewelle.de\\\/index.php\\\/2021\\\/07\\\/28\\\/selma-gieseke-huebner-als-pastorin-in-noerten-hardenberg-eingefuehrt\\\/\"},\"wordCount\":324,\"publisher\":{\"@id\":\"https:\\\/\\\/radioleinewelle.de\\\/#organization\"},\"image\":{\"@id\":\"https:\\\/\\\/radioleinewelle.de\\\/index.php\\\/2021\\\/07\\\/28\\\/selma-gieseke-huebner-als-pastorin-in-noerten-hardenberg-eingefuehrt\\\/#primaryimage\"},\"thumbnailUrl\":\"https:\\\/\\\/radioleinewelle.de\\\/wp-content\\\/uploads\\\/2021\\\/07\\\/Pastorin-scaled-1.jpg\",\"keywords\":[\"Pastorin in N\u00f6rten-Hardenberg\",\"Selma Gieseke-H\u00fcbner\",\"Superintendentin Wiebke Vielhauer\"],\"articleSection\":[\"Personalia\"],\"inLanguage\":\"de\"},{\"@type\":\"WebPage\",\"@id\":\"https:\\\/\\\/radioleinewelle.de\\\/index.php\\\/2021\\\/07\\\/28\\\/selma-gieseke-huebner-als-pastorin-in-noerten-hardenberg-eingefuehrt\\\/\",\"url\":\"https:\\\/\\\/radioleinewelle.de\\\/index.php\\\/2021\\\/07\\\/28\\\/selma-gieseke-huebner-als-pastorin-in-noerten-hardenberg-eingefuehrt\\\/\",\"name\":\"Selma Gieseke-H\u00fcbner als Pastorin in N\u00f6rten-Hardenberg eingef\u00fchrt - Radio Leinewelle\",\"isPartOf\":{\"@id\":\"https:\\\/\\\/radioleinewelle.de\\\/#website\"},\"primaryImageOfPage\":{\"@id\":\"https:\\\/\\\/radioleinewelle.de\\\/index.php\\\/2021\\\/07\\\/28\\\/selma-gieseke-huebner-als-pastorin-in-noerten-hardenberg-eingefuehrt\\\/#primaryimage\"},\"image\":{\"@id\":\"https:\\\/\\\/radioleinewelle.de\\\/index.php\\\/2021\\\/07\\\/28\\\/selma-gieseke-huebner-als-pastorin-in-noerten-hardenberg-eingefuehrt\\\/#primaryimage\"},\"thumbnailUrl\":\"https:\\\/\\\/radioleinewelle.de\\\/wp-content\\\/uploads\\\/2021\\\/07\\\/Pastorin-scaled-1.jpg\",\"datePublished\":\"2021-07-28T02:20:00+00:00\",\"breadcrumb\":{\"@id\":\"https:\\\/\\\/radioleinewelle.de\\\/index.php\\\/2021\\\/07\\\/28\\\/selma-gieseke-huebner-als-pastorin-in-noerten-hardenberg-eingefuehrt\\\/#breadcrumb\"},\"inLanguage\":\"de\",\"potentialAction\":[{\"@type\":\"ReadAction\",\"target\":[\"https:\\\/\\\/radioleinewelle.de\\\/index.php\\\/2021\\\/07\\\/28\\\/selma-gieseke-huebner-als-pastorin-in-noerten-hardenberg-eingefuehrt\\\/\"]}]},{\"@type\":\"ImageObject\",\"inLanguage\":\"de\",\"@id\":\"https:\\\/\\\/radioleinewelle.de\\\/index.php\\\/2021\\\/07\\\/28\\\/selma-gieseke-huebner-als-pastorin-in-noerten-hardenberg-eingefuehrt\\\/#primaryimage\",\"url\":\"https:\\\/\\\/radioleinewelle.de\\\/wp-content\\\/uploads\\\/2021\\\/07\\\/Pastorin-scaled-1.jpg\",\"contentUrl\":\"https:\\\/\\\/radioleinewelle.de\\\/wp-content\\\/uploads\\\/2021\\\/07\\\/Pastorin-scaled-1.jpg\",\"width\":2560,\"height\":1707},{\"@type\":\"BreadcrumbList\",\"@id\":\"https:\\\/\\\/radioleinewelle.de\\\/index.php\\\/2021\\\/07\\\/28\\\/selma-gieseke-huebner-als-pastorin-in-noerten-hardenberg-eingefuehrt\\\/#breadcrumb\",\"itemListElement\":[{\"@type\":\"ListItem\",\"position\":1,\"name\":\"Startseite\",\"item\":\"https:\\\/\\\/radioleinewelle.de\\\/\"},{\"@type\":\"ListItem\",\"position\":2,\"name\":\"Selma Gieseke-H\u00fcbner als Pastorin in N\u00f6rten-Hardenberg eingef\u00fchrt\"}]},{\"@type\":\"WebSite\",\"@id\":\"https:\\\/\\\/radioleinewelle.de\\\/#website\",\"url\":\"https:\\\/\\\/radioleinewelle.de\\\/\",\"name\":\"Radio Leinewelle\",\"description\":\"\",\"publisher\":{\"@id\":\"https:\\\/\\\/radioleinewelle.de\\\/#organization\"},\"potentialAction\":[{\"@type\":\"SearchAction\",\"target\":{\"@type\":\"EntryPoint\",\"urlTemplate\":\"https:\\\/\\\/radioleinewelle.de\\\/?s={search_term_string}\"},\"query-input\":{\"@type\":\"PropertyValueSpecification\",\"valueRequired\":true,\"valueName\":\"search_term_string\"}}],\"inLanguage\":\"de\"},{\"@type\":\"Organization\",\"@id\":\"https:\\\/\\\/radioleinewelle.de\\\/#organization\",\"name\":\"Radio Leinewelle\",\"alternateName\":\"Mein Radio f\u00fcr S\u00fcdniedersachsen\",\"url\":\"https:\\\/\\\/radioleinewelle.de\\\/\",\"logo\":{\"@type\":\"ImageObject\",\"inLanguage\":\"de\",\"@id\":\"https:\\\/\\\/radioleinewelle.de\\\/#\\\/schema\\\/logo\\\/image\\\/\",\"url\":\"https:\\\/\\\/radioleinewelle.de\\\/wp-content\\\/uploads\\\/2023\\\/11\\\/cropped-Leinewelle_Logo_weiss.png\",\"contentUrl\":\"https:\\\/\\\/radioleinewelle.de\\\/wp-content\\\/uploads\\\/2023\\\/11\\\/cropped-Leinewelle_Logo_weiss.png\",\"width\":854,\"height\":260,\"caption\":\"Radio Leinewelle\"},\"image\":{\"@id\":\"https:\\\/\\\/radioleinewelle.de\\\/#\\\/schema\\\/logo\\\/image\\\/\"},\"sameAs\":[\"https:\\\/\\\/www.facebook.com\\\/radioleinewelle\",\"https:\\\/\\\/x.com\\\/RLeinewelle\",\"https:\\\/\\\/www.instagram.com\\\/radioleinewelle\\\/?hl=de\"]},{\"@type\":\"Person\",\"@id\":\"https:\\\/\\\/radioleinewelle.de\\\/#\\\/schema\\\/person\\\/45606f348637df637192dc1b68399a63\",\"name\":\"Leinewelle\",\"image\":{\"@type\":\"ImageObject\",\"inLanguage\":\"de\",\"@id\":\"https:\\\/\\\/secure.gravatar.com\\\/avatar\\\/05c9a17bc973052ee5d91549bd32fb4dd0dc85b7b85ae94b2e2b4943476bbea5?s=96&d=blank&r=g\",\"url\":\"https:\\\/\\\/secure.gravatar.com\\\/avatar\\\/05c9a17bc973052ee5d91549bd32fb4dd0dc85b7b85ae94b2e2b4943476bbea5?s=96&d=blank&r=g\",\"contentUrl\":\"https:\\\/\\\/secure.gravatar.com\\\/avatar\\\/05c9a17bc973052ee5d91549bd32fb4dd0dc85b7b85ae94b2e2b4943476bbea5?s=96&d=blank&r=g\",\"caption\":\"Leinewelle\"},\"sameAs\":[\"http:\\\/\\\/localhost\\\/radio%20leinewelle\\\/wordpress\",\"https:\\\/\\\/www.facebook.com\\\/radioleinewelle\",\"https:\\\/\\\/www.instagram.com\\\/radioleinewelle\",\"https:\\\/\\\/x.com\\\/https:\\\/\\\/twitter.com\\\/RLeinewelle?ref_src=twsrcgoogletwcampserptwgrauthor\",\"https:\\\/\\\/soundcloud.com\\\/foerderverein-lokalradio?utm_source=clipboard&utm_medium=text&utm_campaign=social_sharing\"],\"url\":\"https:\\\/\\\/radioleinewelle.de\\\/index.php\\\/author\\\/leinewelle\\\/\"}]}<\/script>\n<!-- \/ Yoast SEO plugin. -->","yoast_head_json":{"title":"Selma Gieseke-H\u00fcbner als Pastorin in N\u00f6rten-Hardenberg eingef\u00fchrt - Radio Leinewelle","robots":{"index":"index","follow":"follow","max-snippet":"max-snippet:-1","max-image-preview":"max-image-preview:large","max-video-preview":"max-video-preview:-1"},"canonical":"https:\/\/radioleinewelle.de\/index.php\/2021\/07\/28\/selma-gieseke-huebner-als-pastorin-in-noerten-hardenberg-eingefuehrt\/","og_locale":"de_DE","og_type":"article","og_title":"Selma Gieseke-H\u00fcbner als Pastorin in N\u00f6rten-Hardenberg eingef\u00fchrt - Radio Leinewelle","og_description":"N\u00f6rten-Hardenberg.&nbsp;Am Sonntag, 25. Juli, hat die kommissarische Superintendentin Wiebke Vielhauer, im Rahmen eines musikalischen Abendgottesdienstes in der Klosterkirche Marienstein, Selma Gieseke-H\u00fcbner in das Amt der Pastorin der Ev.-luth. Kirchengemeinde N\u00f6rten mit der Kapellengemeinde Bishausen eingef\u00fchrt, assistiert von Pastorin Julia Frydetzki aus Adelebsen und Pastorin Susanne Barth aus Northeim.&nbsp;Gerd Bergemann (Orgel) und Holger Sch\u00e4fer (Gesang, Klavier [&hellip;]","og_url":"https:\/\/radioleinewelle.de\/index.php\/2021\/07\/28\/selma-gieseke-huebner-als-pastorin-in-noerten-hardenberg-eingefuehrt\/","og_site_name":"Radio Leinewelle","article_publisher":"https:\/\/www.facebook.com\/radioleinewelle","article_author":"https:\/\/www.facebook.com\/radioleinewelle","article_published_time":"2021-07-28T02:20:00+00:00","og_image":[{"width":2560,"height":1707,"url":"https:\/\/radioleinewelle.de\/wp-content\/uploads\/2021\/07\/Pastorin-scaled-1.jpg","type":"image\/jpeg"}],"author":"Leinewelle","twitter_card":"summary_large_image","twitter_creator":"@https:\/\/twitter.com\/RLeinewelle?ref_src=twsrcgoogletwcampserptwgrauthor","twitter_site":"@RLeinewelle","twitter_misc":{"Verfasst von":"Leinewelle","Gesch\u00e4tzte Lesezeit":"2\u00a0Minuten"},"schema":{"@context":"https:\/\/schema.org","@graph":[{"@type":"Article","@id":"https:\/\/radioleinewelle.de\/index.php\/2021\/07\/28\/selma-gieseke-huebner-als-pastorin-in-noerten-hardenberg-eingefuehrt\/#article","isPartOf":{"@id":"https:\/\/radioleinewelle.de\/index.php\/2021\/07\/28\/selma-gieseke-huebner-als-pastorin-in-noerten-hardenberg-eingefuehrt\/"},"author":{"name":"Leinewelle","@id":"https:\/\/radioleinewelle.de\/#\/schema\/person\/45606f348637df637192dc1b68399a63"},"headline":"Selma Gieseke-H\u00fcbner als Pastorin in N\u00f6rten-Hardenberg eingef\u00fchrt","datePublished":"2021-07-28T02:20:00+00:00","mainEntityOfPage":{"@id":"https:\/\/radioleinewelle.de\/index.php\/2021\/07\/28\/selma-gieseke-huebner-als-pastorin-in-noerten-hardenberg-eingefuehrt\/"},"wordCount":324,"publisher":{"@id":"https:\/\/radioleinewelle.de\/#organization"},"image":{"@id":"https:\/\/radioleinewelle.de\/index.php\/2021\/07\/28\/selma-gieseke-huebner-als-pastorin-in-noerten-hardenberg-eingefuehrt\/#primaryimage"},"thumbnailUrl":"https:\/\/radioleinewelle.de\/wp-content\/uploads\/2021\/07\/Pastorin-scaled-1.jpg","keywords":["Pastorin in N\u00f6rten-Hardenberg","Selma Gieseke-H\u00fcbner","Superintendentin Wiebke Vielhauer"],"articleSection":["Personalia"],"inLanguage":"de"},{"@type":"WebPage","@id":"https:\/\/radioleinewelle.de\/index.php\/2021\/07\/28\/selma-gieseke-huebner-als-pastorin-in-noerten-hardenberg-eingefuehrt\/","url":"https:\/\/radioleinewelle.de\/index.php\/2021\/07\/28\/selma-gieseke-huebner-als-pastorin-in-noerten-hardenberg-eingefuehrt\/","name":"Selma Gieseke-H\u00fcbner als Pastorin in N\u00f6rten-Hardenberg eingef\u00fchrt - Radio Leinewelle","isPartOf":{"@id":"https:\/\/radioleinewelle.de\/#website"},"primaryImageOfPage":{"@id":"https:\/\/radioleinewelle.de\/index.php\/2021\/07\/28\/selma-gieseke-huebner-als-pastorin-in-noerten-hardenberg-eingefuehrt\/#primaryimage"},"image":{"@id":"https:\/\/radioleinewelle.de\/index.php\/2021\/07\/28\/selma-gieseke-huebner-als-pastorin-in-noerten-hardenberg-eingefuehrt\/#primaryimage"},"thumbnailUrl":"https:\/\/radioleinewelle.de\/wp-content\/uploads\/2021\/07\/Pastorin-scaled-1.jpg","datePublished":"2021-07-28T02:20:00+00:00","breadcrumb":{"@id":"https:\/\/radioleinewelle.de\/index.php\/2021\/07\/28\/selma-gieseke-huebner-als-pastorin-in-noerten-hardenberg-eingefuehrt\/#breadcrumb"},"inLanguage":"de","potentialAction":[{"@type":"ReadAction","target":["https:\/\/radioleinewelle.de\/index.php\/2021\/07\/28\/selma-gieseke-huebner-als-pastorin-in-noerten-hardenberg-eingefuehrt\/"]}]},{"@type":"ImageObject","inLanguage":"de","@id":"https:\/\/radioleinewelle.de\/index.php\/2021\/07\/28\/selma-gieseke-huebner-als-pastorin-in-noerten-hardenberg-eingefuehrt\/#primaryimage","url":"https:\/\/radioleinewelle.de\/wp-content\/uploads\/2021\/07\/Pastorin-scaled-1.jpg","contentUrl":"https:\/\/radioleinewelle.de\/wp-content\/uploads\/2021\/07\/Pastorin-scaled-1.jpg","width":2560,"height":1707},{"@type":"BreadcrumbList","@id":"https:\/\/radioleinewelle.de\/index.php\/2021\/07\/28\/selma-gieseke-huebner-als-pastorin-in-noerten-hardenberg-eingefuehrt\/#breadcrumb","itemListElement":[{"@type":"ListItem","position":1,"name":"Startseite","item":"https:\/\/radioleinewelle.de\/"},{"@type":"ListItem","position":2,"name":"Selma Gieseke-H\u00fcbner als Pastorin in N\u00f6rten-Hardenberg eingef\u00fchrt"}]},{"@type":"WebSite","@id":"https:\/\/radioleinewelle.de\/#website","url":"https:\/\/radioleinewelle.de\/","name":"Radio Leinewelle","description":"","publisher":{"@id":"https:\/\/radioleinewelle.de\/#organization"},"potentialAction":[{"@type":"SearchAction","target":{"@type":"EntryPoint","urlTemplate":"https:\/\/radioleinewelle.de\/?s={search_term_string}"},"query-input":{"@type":"PropertyValueSpecification","valueRequired":true,"valueName":"search_term_string"}}],"inLanguage":"de"},{"@type":"Organization","@id":"https:\/\/radioleinewelle.de\/#organization","name":"Radio Leinewelle","alternateName":"Mein Radio f\u00fcr S\u00fcdniedersachsen","url":"https:\/\/radioleinewelle.de\/","logo":{"@type":"ImageObject","inLanguage":"de","@id":"https:\/\/radioleinewelle.de\/#\/schema\/logo\/image\/","url":"https:\/\/radioleinewelle.de\/wp-content\/uploads\/2023\/11\/cropped-Leinewelle_Logo_weiss.png","contentUrl":"https:\/\/radioleinewelle.de\/wp-content\/uploads\/2023\/11\/cropped-Leinewelle_Logo_weiss.png","width":854,"height":260,"caption":"Radio Leinewelle"},"image":{"@id":"https:\/\/radioleinewelle.de\/#\/schema\/logo\/image\/"},"sameAs":["https:\/\/www.facebook.com\/radioleinewelle","https:\/\/x.com\/RLeinewelle","https:\/\/www.instagram.com\/radioleinewelle\/?hl=de"]},{"@type":"Person","@id":"https:\/\/radioleinewelle.de\/#\/schema\/person\/45606f348637df637192dc1b68399a63","name":"Leinewelle","image":{"@type":"ImageObject","inLanguage":"de","@id":"https:\/\/secure.gravatar.com\/avatar\/05c9a17bc973052ee5d91549bd32fb4dd0dc85b7b85ae94b2e2b4943476bbea5?s=96&d=blank&r=g","url":"https:\/\/secure.gravatar.com\/avatar\/05c9a17bc973052ee5d91549bd32fb4dd0dc85b7b85ae94b2e2b4943476bbea5?s=96&d=blank&r=g","contentUrl":"https:\/\/secure.gravatar.com\/avatar\/05c9a17bc973052ee5d91549bd32fb4dd0dc85b7b85ae94b2e2b4943476bbea5?s=96&d=blank&r=g","caption":"Leinewelle"},"sameAs":["http:\/\/localhost\/radio%20leinewelle\/wordpress","https:\/\/www.facebook.com\/radioleinewelle","https:\/\/www.instagram.com\/radioleinewelle","https:\/\/x.com\/https:\/\/twitter.com\/RLeinewelle?ref_src=twsrcgoogletwcampserptwgrauthor","https:\/\/soundcloud.com\/foerderverein-lokalradio?utm_source=clipboard&utm_medium=text&utm_campaign=social_sharing"],"url":"https:\/\/radioleinewelle.de\/index.php\/author\/leinewelle\/"}]}},"_links":{"self":[{"href":"https:\/\/radioleinewelle.de\/index.php\/wp-json\/wp\/v2\/posts\/9660","targetHints":{"allow":["GET"]}}],"collection":[{"href":"https:\/\/radioleinewelle.de\/index.php\/wp-json\/wp\/v2\/posts"}],"about":[{"href":"https:\/\/radioleinewelle.de\/index.php\/wp-json\/wp\/v2\/types\/post"}],"author":[{"embeddable":true,"href":"https:\/\/radioleinewelle.de\/index.php\/wp-json\/wp\/v2\/users\/1"}],"replies":[{"embeddable":true,"href":"https:\/\/radioleinewelle.de\/index.php\/wp-json\/wp\/v2\/comments?post=9660"}],"version-history":[{"count":0,"href":"https:\/\/radioleinewelle.de\/index.php\/wp-json\/wp\/v2\/posts\/9660\/revisions"}],"wp:featuredmedia":[{"embeddable":true,"href":"https:\/\/radioleinewelle.de\/index.php\/wp-json\/wp\/v2\/media\/9662"}],"wp:attachment":[{"href":"https:\/\/radioleinewelle.de\/index.php\/wp-json\/wp\/v2\/media?parent=9660"}],"wp:term":[{"taxonomy":"category","embeddable":true,"href":"https:\/\/radioleinewelle.de\/index.php\/wp-json\/wp\/v2\/categories?post=9660"},{"taxonomy":"post_tag","embeddable":true,"href":"https:\/\/radioleinewelle.de\/index.php\/wp-json\/wp\/v2\/tags?post=9660"}],"curies":[{"name":"wp","href":"https:\/\/api.w.org\/{rel}","templated":true}]}}