{"id":9665,"date":"2021-07-28T04:24:00","date_gmt":"2021-07-28T02:24:00","guid":{"rendered":"https:\/\/radioleinewelle.de\/?p=9665"},"modified":"2021-07-28T04:24:00","modified_gmt":"2021-07-28T02:24:00","slug":"neue-akademie-und-neuer-preis-fuer-popmusik","status":"publish","type":"post","link":"https:\/\/radioleinewelle.de\/index.php\/2021\/07\/28\/neue-akademie-und-neuer-preis-fuer-popmusik\/","title":{"rendered":"Neue Akademie und neuer Preis f\u00fcr Popmusik"},"content":{"rendered":"\n<p>Kulturstaatsministerin Monika Gr\u00fctters f\u00f6rdert einen neuen Preis f\u00fcr Popmusik, der 2022 erstmals verliehen werden soll. Zugleich wird eine neue Akademie f\u00fcr Popmusik gegr\u00fcndet, die nach dem Vorbild der Filmakademie \u00fcber die Preisvergabe entscheidet. Sie wird ebenfalls aus dem Bundeskulturhaushalt finanziert. Die Akademie soll neben der Vergabe des Preises als offenes Forum die Entwicklung der deutschen Musikszene begleiten und mitgestalten. Zu ihren Gr\u00fcndungsmitgliedern z\u00e4hlen unter anderem Herbert Gr\u00f6nemeyer, Shirin David, Nura, Roland Kaiser sowie verschiedene Branchenvertreterinnen und -vertreter.<\/p>\n\n\n\n<p>Monika Gr\u00fctters: \u201ePopmusik in Deutschland zeichnet sich durch k\u00fcnstlerische Vielfalt und enorme Kreativit\u00e4t aus. Es ist nun an der Zeit f\u00fcr einen Preis, der frei von kommerziellen Aspekten ausschlie\u00dflich k\u00fcnstlerische Leistungen w\u00fcrdigt. Der neue Preis wird die Musikerinnen und Musiker in den Mittelpunkt stellen und ein gro\u00dfes Spektrum an musikalischen Genres abdecken. Zugleich gr\u00fcnden wir nach dem Vorbild der Deutschen Filmakademie eine neue Akademie f\u00fcr Popmusik, die sich f\u00fcr die Branche stark machen soll. Ich bin mir sicher: Sowohl der Preis als auch die Akademie f\u00fcr Popmusik werden wichtige Impulse f\u00fcr die Musikszene setzen.\u201c<\/p>\n\n\n\n<p>Die Initiative Musik wird die Preisverleihung realisieren und eng mit der Akademie zusammenarbeiten. Weitere Informationen zur Gr\u00fcndung Akademie und den \u201eStart25\u201c finden Sie auf der Website der Initiative Musik \u2013&nbsp;<a href=\"http:\/\/www.initiative-musik.de\/\"><strong>www.Initiative-Musik.de<\/strong><\/a>. Hier besteht auch die M\u00f6glichkeit, sich f\u00fcr einen Newsletter anzumelden, um die n\u00e4chsten Schritte bei der Entwicklung der Akademie, die ab September 2021 ihre Arbeit aufnehmen soll, weiter zu verfolgen.<\/p>\n\n\n\n<p>Die Gr\u00fcndungsmitglieder der Akademie, die sogenannten \u201eStart25\u201c, sind:<\/p>\n\n\n\n<p>\u2022&nbsp;&nbsp; &nbsp;Balbina, S\u00e4ngerin\/Songwriterin<br \/>\u2022&nbsp;&nbsp; &nbsp;Lex Barkey, Mixing &amp; Mastering Engineer<br \/>\u2022&nbsp;&nbsp; &nbsp;Birgit B\u00f6cher, Gesch\u00e4ftsf\u00fchrerin Deutscher Musikverleger-Verband e.V.<br \/>\u2022&nbsp;&nbsp; &nbsp;Benjamin Budde, Inhaber\/Gesch\u00e4ftsf\u00fchrer Budde Music<br \/>\u2022&nbsp;&nbsp; &nbsp;Shirin David, Rapperin<br \/>\u2022&nbsp;&nbsp; &nbsp;Ebow, Rapperin<br \/>\u2022&nbsp;&nbsp; &nbsp;Sarah Farina, DJ\/Produzentin und Aktivistin<br \/>\u2022&nbsp;&nbsp; &nbsp;Markus Ganter, Produzent<br \/>\u2022&nbsp;&nbsp; &nbsp;Dieter Gorny, Aufsichtsratsvorsitzender Initiative Musik<br \/>\u2022&nbsp;&nbsp; &nbsp;Herbert Gr\u00f6nemeyer, S\u00e4nger\/Komponist und Texter<br \/>\u2022&nbsp;&nbsp; &nbsp;Alex Grube, Bassist\/Gitarrist<br \/>\u2022&nbsp;&nbsp; &nbsp;Roland Kaiser, S\u00e4nger\/Komponist und Texter<br \/>\u2022&nbsp;&nbsp; &nbsp;Reiner &#8222;Kallas&#8220; Hubert, Studio- und Tour-Schlagzeuger<br \/>\u2022&nbsp;&nbsp; &nbsp;Jenniffer Kae, S\u00e4ngerin und Songschreiberin<br \/>\u2022&nbsp;&nbsp; &nbsp;Eric Kr\u00fcger, Musical Director\/Keyboarder\/Produzent<br \/>\u2022&nbsp;&nbsp; &nbsp;Michelle Leonard, S\u00e4ngerin\/Songwriterin<br \/>\u2022&nbsp;&nbsp; &nbsp;Katja Lucker, Gesch\u00e4ftsf\u00fchrerin Musicboard Berlin GmbH<br \/>\u2022&nbsp;&nbsp; &nbsp;Nura, Rapperin<br \/>\u2022&nbsp;&nbsp; &nbsp;Johannes Oerding, S\u00e4nger\/Songwriter<br \/>\u2022&nbsp;&nbsp; &nbsp;RIN, Rapper<br \/>\u2022&nbsp;&nbsp; &nbsp;Moses Schneider, Produzent<br \/>\u2022&nbsp;&nbsp; &nbsp;Karo Schrader, Songwriterin\/S\u00e4ngerin<br \/>\u2022&nbsp;&nbsp; &nbsp;Lillo Scrimali, Pianist MD\/Arrangeur\/Producer<br \/>\u2022&nbsp;&nbsp; &nbsp;Suena, Produzentin\/Songwriterin<br \/>\u2022&nbsp;&nbsp; &nbsp;Sara Torchani, K\u00fcnstlermanagement und Creative Consultant<\/p>\n","protected":false},"excerpt":{"rendered":"<p>Kulturstaatsministerin Monika Gr\u00fctters f\u00f6rdert einen neuen Preis f\u00fcr Popmusik, der 2022 erstmals verliehen werden soll. Zugleich wird eine neue Akademie f\u00fcr Popmusik gegr\u00fcndet, die nach dem Vorbild der Filmakademie \u00fcber die Preisvergabe entscheidet. Sie wird ebenfalls aus dem Bundeskulturhaushalt finanziert. Die Akademie soll neben der Vergabe des Preises als offenes Forum die Entwicklung der deutschen [&hellip;]<\/p>\n","protected":false},"author":1,"featured_media":9667,"comment_status":"closed","ping_status":"closed","sticky":false,"template":"","format":"standard","meta":{"saved_in_kubio":false,"footnotes":""},"categories":[45],"tags":[1870,1871,1872,1873],"class_list":["post-9665","post","type-post","status-publish","format-standard","has-post-thumbnail","hentry","category-kultur","tag-initiative-musik","tag-kulturstaatsministerin-monika-gruetters","tag-preis-fuer-popmusik","tag-start25"],"yoast_head":"<!-- This site is optimized with the Yoast SEO plugin v27.5 - https:\/\/yoast.com\/product\/yoast-seo-wordpress\/ -->\n<title>Neue Akademie und neuer Preis f\u00fcr Popmusik - Radio Leinewelle<\/title>\n<meta name=\"robots\" content=\"index, follow, max-snippet:-1, max-image-preview:large, max-video-preview:-1\" \/>\n<link rel=\"canonical\" href=\"https:\/\/radioleinewelle.de\/index.php\/2021\/07\/28\/neue-akademie-und-neuer-preis-fuer-popmusik\/\" \/>\n<meta property=\"og:locale\" content=\"de_DE\" \/>\n<meta property=\"og:type\" content=\"article\" \/>\n<meta property=\"og:title\" content=\"Neue Akademie und neuer Preis f\u00fcr Popmusik - Radio Leinewelle\" \/>\n<meta property=\"og:description\" content=\"Kulturstaatsministerin Monika Gr\u00fctters f\u00f6rdert einen neuen Preis f\u00fcr Popmusik, der 2022 erstmals verliehen werden soll. Zugleich wird eine neue Akademie f\u00fcr Popmusik gegr\u00fcndet, die nach dem Vorbild der Filmakademie \u00fcber die Preisvergabe entscheidet. Sie wird ebenfalls aus dem Bundeskulturhaushalt finanziert. Die Akademie soll neben der Vergabe des Preises als offenes Forum die Entwicklung der deutschen [&hellip;]\" \/>\n<meta property=\"og:url\" content=\"https:\/\/radioleinewelle.de\/index.php\/2021\/07\/28\/neue-akademie-und-neuer-preis-fuer-popmusik\/\" \/>\n<meta property=\"og:site_name\" content=\"Radio Leinewelle\" \/>\n<meta property=\"article:publisher\" content=\"https:\/\/www.facebook.com\/radioleinewelle\" \/>\n<meta property=\"article:author\" content=\"https:\/\/www.facebook.com\/radioleinewelle\" \/>\n<meta property=\"article:published_time\" content=\"2021-07-28T02:24:00+00:00\" \/>\n<meta property=\"og:image\" content=\"https:\/\/radioleinewelle.de\/wp-content\/uploads\/2021\/07\/IniMusik_logo_kurz_72dpi_color-e1627417862310.jpg\" \/>\n\t<meta property=\"og:image:width\" content=\"661\" \/>\n\t<meta property=\"og:image:height\" content=\"296\" \/>\n\t<meta property=\"og:image:type\" content=\"image\/jpeg\" \/>\n<meta name=\"author\" content=\"Leinewelle\" \/>\n<meta name=\"twitter:card\" content=\"summary_large_image\" \/>\n<meta name=\"twitter:creator\" content=\"@https:\/\/twitter.com\/RLeinewelle?ref_src=twsrcgoogletwcampserptwgrauthor\" \/>\n<meta name=\"twitter:site\" content=\"@RLeinewelle\" \/>\n<meta name=\"twitter:label1\" content=\"Verfasst von\" \/>\n\t<meta name=\"twitter:data1\" content=\"Leinewelle\" \/>\n\t<meta name=\"twitter:label2\" content=\"Gesch\u00e4tzte Lesezeit\" \/>\n\t<meta name=\"twitter:data2\" content=\"2\u00a0Minuten\" \/>\n<script type=\"application\/ld+json\" class=\"yoast-schema-graph\">{\"@context\":\"https:\\\/\\\/schema.org\",\"@graph\":[{\"@type\":\"Article\",\"@id\":\"https:\\\/\\\/radioleinewelle.de\\\/index.php\\\/2021\\\/07\\\/28\\\/neue-akademie-und-neuer-preis-fuer-popmusik\\\/#article\",\"isPartOf\":{\"@id\":\"https:\\\/\\\/radioleinewelle.de\\\/index.php\\\/2021\\\/07\\\/28\\\/neue-akademie-und-neuer-preis-fuer-popmusik\\\/\"},\"author\":{\"name\":\"Leinewelle\",\"@id\":\"https:\\\/\\\/radioleinewelle.de\\\/#\\\/schema\\\/person\\\/45606f348637df637192dc1b68399a63\"},\"headline\":\"Neue Akademie und neuer Preis f\u00fcr Popmusik\",\"datePublished\":\"2021-07-28T02:24:00+00:00\",\"mainEntityOfPage\":{\"@id\":\"https:\\\/\\\/radioleinewelle.de\\\/index.php\\\/2021\\\/07\\\/28\\\/neue-akademie-und-neuer-preis-fuer-popmusik\\\/\"},\"wordCount\":480,\"publisher\":{\"@id\":\"https:\\\/\\\/radioleinewelle.de\\\/#organization\"},\"image\":{\"@id\":\"https:\\\/\\\/radioleinewelle.de\\\/index.php\\\/2021\\\/07\\\/28\\\/neue-akademie-und-neuer-preis-fuer-popmusik\\\/#primaryimage\"},\"thumbnailUrl\":\"https:\\\/\\\/radioleinewelle.de\\\/wp-content\\\/uploads\\\/2021\\\/07\\\/IniMusik_logo_kurz_72dpi_color-e1627417862310.jpg\",\"keywords\":[\"Initiative Musik\",\"Kulturstaatsministerin Monika Gr\u00fctters\",\"Preis f\u00fcr Popmusik\",\"Start25\"],\"articleSection\":[\"Kultur\"],\"inLanguage\":\"de\"},{\"@type\":\"WebPage\",\"@id\":\"https:\\\/\\\/radioleinewelle.de\\\/index.php\\\/2021\\\/07\\\/28\\\/neue-akademie-und-neuer-preis-fuer-popmusik\\\/\",\"url\":\"https:\\\/\\\/radioleinewelle.de\\\/index.php\\\/2021\\\/07\\\/28\\\/neue-akademie-und-neuer-preis-fuer-popmusik\\\/\",\"name\":\"Neue Akademie und neuer Preis f\u00fcr Popmusik - Radio Leinewelle\",\"isPartOf\":{\"@id\":\"https:\\\/\\\/radioleinewelle.de\\\/#website\"},\"primaryImageOfPage\":{\"@id\":\"https:\\\/\\\/radioleinewelle.de\\\/index.php\\\/2021\\\/07\\\/28\\\/neue-akademie-und-neuer-preis-fuer-popmusik\\\/#primaryimage\"},\"image\":{\"@id\":\"https:\\\/\\\/radioleinewelle.de\\\/index.php\\\/2021\\\/07\\\/28\\\/neue-akademie-und-neuer-preis-fuer-popmusik\\\/#primaryimage\"},\"thumbnailUrl\":\"https:\\\/\\\/radioleinewelle.de\\\/wp-content\\\/uploads\\\/2021\\\/07\\\/IniMusik_logo_kurz_72dpi_color-e1627417862310.jpg\",\"datePublished\":\"2021-07-28T02:24:00+00:00\",\"breadcrumb\":{\"@id\":\"https:\\\/\\\/radioleinewelle.de\\\/index.php\\\/2021\\\/07\\\/28\\\/neue-akademie-und-neuer-preis-fuer-popmusik\\\/#breadcrumb\"},\"inLanguage\":\"de\",\"potentialAction\":[{\"@type\":\"ReadAction\",\"target\":[\"https:\\\/\\\/radioleinewelle.de\\\/index.php\\\/2021\\\/07\\\/28\\\/neue-akademie-und-neuer-preis-fuer-popmusik\\\/\"]}]},{\"@type\":\"ImageObject\",\"inLanguage\":\"de\",\"@id\":\"https:\\\/\\\/radioleinewelle.de\\\/index.php\\\/2021\\\/07\\\/28\\\/neue-akademie-und-neuer-preis-fuer-popmusik\\\/#primaryimage\",\"url\":\"https:\\\/\\\/radioleinewelle.de\\\/wp-content\\\/uploads\\\/2021\\\/07\\\/IniMusik_logo_kurz_72dpi_color-e1627417862310.jpg\",\"contentUrl\":\"https:\\\/\\\/radioleinewelle.de\\\/wp-content\\\/uploads\\\/2021\\\/07\\\/IniMusik_logo_kurz_72dpi_color-e1627417862310.jpg\",\"width\":661,\"height\":296},{\"@type\":\"BreadcrumbList\",\"@id\":\"https:\\\/\\\/radioleinewelle.de\\\/index.php\\\/2021\\\/07\\\/28\\\/neue-akademie-und-neuer-preis-fuer-popmusik\\\/#breadcrumb\",\"itemListElement\":[{\"@type\":\"ListItem\",\"position\":1,\"name\":\"Startseite\",\"item\":\"https:\\\/\\\/radioleinewelle.de\\\/\"},{\"@type\":\"ListItem\",\"position\":2,\"name\":\"Neue Akademie und neuer Preis f\u00fcr Popmusik\"}]},{\"@type\":\"WebSite\",\"@id\":\"https:\\\/\\\/radioleinewelle.de\\\/#website\",\"url\":\"https:\\\/\\\/radioleinewelle.de\\\/\",\"name\":\"Radio Leinewelle\",\"description\":\"\",\"publisher\":{\"@id\":\"https:\\\/\\\/radioleinewelle.de\\\/#organization\"},\"potentialAction\":[{\"@type\":\"SearchAction\",\"target\":{\"@type\":\"EntryPoint\",\"urlTemplate\":\"https:\\\/\\\/radioleinewelle.de\\\/?s={search_term_string}\"},\"query-input\":{\"@type\":\"PropertyValueSpecification\",\"valueRequired\":true,\"valueName\":\"search_term_string\"}}],\"inLanguage\":\"de\"},{\"@type\":\"Organization\",\"@id\":\"https:\\\/\\\/radioleinewelle.de\\\/#organization\",\"name\":\"Radio Leinewelle\",\"alternateName\":\"Mein Radio f\u00fcr S\u00fcdniedersachsen\",\"url\":\"https:\\\/\\\/radioleinewelle.de\\\/\",\"logo\":{\"@type\":\"ImageObject\",\"inLanguage\":\"de\",\"@id\":\"https:\\\/\\\/radioleinewelle.de\\\/#\\\/schema\\\/logo\\\/image\\\/\",\"url\":\"https:\\\/\\\/radioleinewelle.de\\\/wp-content\\\/uploads\\\/2023\\\/11\\\/cropped-Leinewelle_Logo_weiss.png\",\"contentUrl\":\"https:\\\/\\\/radioleinewelle.de\\\/wp-content\\\/uploads\\\/2023\\\/11\\\/cropped-Leinewelle_Logo_weiss.png\",\"width\":854,\"height\":260,\"caption\":\"Radio Leinewelle\"},\"image\":{\"@id\":\"https:\\\/\\\/radioleinewelle.de\\\/#\\\/schema\\\/logo\\\/image\\\/\"},\"sameAs\":[\"https:\\\/\\\/www.facebook.com\\\/radioleinewelle\",\"https:\\\/\\\/x.com\\\/RLeinewelle\",\"https:\\\/\\\/www.instagram.com\\\/radioleinewelle\\\/?hl=de\"]},{\"@type\":\"Person\",\"@id\":\"https:\\\/\\\/radioleinewelle.de\\\/#\\\/schema\\\/person\\\/45606f348637df637192dc1b68399a63\",\"name\":\"Leinewelle\",\"image\":{\"@type\":\"ImageObject\",\"inLanguage\":\"de\",\"@id\":\"https:\\\/\\\/secure.gravatar.com\\\/avatar\\\/05c9a17bc973052ee5d91549bd32fb4dd0dc85b7b85ae94b2e2b4943476bbea5?s=96&d=blank&r=g\",\"url\":\"https:\\\/\\\/secure.gravatar.com\\\/avatar\\\/05c9a17bc973052ee5d91549bd32fb4dd0dc85b7b85ae94b2e2b4943476bbea5?s=96&d=blank&r=g\",\"contentUrl\":\"https:\\\/\\\/secure.gravatar.com\\\/avatar\\\/05c9a17bc973052ee5d91549bd32fb4dd0dc85b7b85ae94b2e2b4943476bbea5?s=96&d=blank&r=g\",\"caption\":\"Leinewelle\"},\"sameAs\":[\"http:\\\/\\\/localhost\\\/radio%20leinewelle\\\/wordpress\",\"https:\\\/\\\/www.facebook.com\\\/radioleinewelle\",\"https:\\\/\\\/www.instagram.com\\\/radioleinewelle\",\"https:\\\/\\\/x.com\\\/https:\\\/\\\/twitter.com\\\/RLeinewelle?ref_src=twsrcgoogletwcampserptwgrauthor\",\"https:\\\/\\\/soundcloud.com\\\/foerderverein-lokalradio?utm_source=clipboard&utm_medium=text&utm_campaign=social_sharing\"],\"url\":\"https:\\\/\\\/radioleinewelle.de\\\/index.php\\\/author\\\/leinewelle\\\/\"}]}<\/script>\n<!-- \/ Yoast SEO plugin. -->","yoast_head_json":{"title":"Neue Akademie und neuer Preis f\u00fcr Popmusik - Radio Leinewelle","robots":{"index":"index","follow":"follow","max-snippet":"max-snippet:-1","max-image-preview":"max-image-preview:large","max-video-preview":"max-video-preview:-1"},"canonical":"https:\/\/radioleinewelle.de\/index.php\/2021\/07\/28\/neue-akademie-und-neuer-preis-fuer-popmusik\/","og_locale":"de_DE","og_type":"article","og_title":"Neue Akademie und neuer Preis f\u00fcr Popmusik - Radio Leinewelle","og_description":"Kulturstaatsministerin Monika Gr\u00fctters f\u00f6rdert einen neuen Preis f\u00fcr Popmusik, der 2022 erstmals verliehen werden soll. Zugleich wird eine neue Akademie f\u00fcr Popmusik gegr\u00fcndet, die nach dem Vorbild der Filmakademie \u00fcber die Preisvergabe entscheidet. Sie wird ebenfalls aus dem Bundeskulturhaushalt finanziert. Die Akademie soll neben der Vergabe des Preises als offenes Forum die Entwicklung der deutschen [&hellip;]","og_url":"https:\/\/radioleinewelle.de\/index.php\/2021\/07\/28\/neue-akademie-und-neuer-preis-fuer-popmusik\/","og_site_name":"Radio Leinewelle","article_publisher":"https:\/\/www.facebook.com\/radioleinewelle","article_author":"https:\/\/www.facebook.com\/radioleinewelle","article_published_time":"2021-07-28T02:24:00+00:00","og_image":[{"width":661,"height":296,"url":"https:\/\/radioleinewelle.de\/wp-content\/uploads\/2021\/07\/IniMusik_logo_kurz_72dpi_color-e1627417862310.jpg","type":"image\/jpeg"}],"author":"Leinewelle","twitter_card":"summary_large_image","twitter_creator":"@https:\/\/twitter.com\/RLeinewelle?ref_src=twsrcgoogletwcampserptwgrauthor","twitter_site":"@RLeinewelle","twitter_misc":{"Verfasst von":"Leinewelle","Gesch\u00e4tzte Lesezeit":"2\u00a0Minuten"},"schema":{"@context":"https:\/\/schema.org","@graph":[{"@type":"Article","@id":"https:\/\/radioleinewelle.de\/index.php\/2021\/07\/28\/neue-akademie-und-neuer-preis-fuer-popmusik\/#article","isPartOf":{"@id":"https:\/\/radioleinewelle.de\/index.php\/2021\/07\/28\/neue-akademie-und-neuer-preis-fuer-popmusik\/"},"author":{"name":"Leinewelle","@id":"https:\/\/radioleinewelle.de\/#\/schema\/person\/45606f348637df637192dc1b68399a63"},"headline":"Neue Akademie und neuer Preis f\u00fcr Popmusik","datePublished":"2021-07-28T02:24:00+00:00","mainEntityOfPage":{"@id":"https:\/\/radioleinewelle.de\/index.php\/2021\/07\/28\/neue-akademie-und-neuer-preis-fuer-popmusik\/"},"wordCount":480,"publisher":{"@id":"https:\/\/radioleinewelle.de\/#organization"},"image":{"@id":"https:\/\/radioleinewelle.de\/index.php\/2021\/07\/28\/neue-akademie-und-neuer-preis-fuer-popmusik\/#primaryimage"},"thumbnailUrl":"https:\/\/radioleinewelle.de\/wp-content\/uploads\/2021\/07\/IniMusik_logo_kurz_72dpi_color-e1627417862310.jpg","keywords":["Initiative Musik","Kulturstaatsministerin Monika Gr\u00fctters","Preis f\u00fcr Popmusik","Start25"],"articleSection":["Kultur"],"inLanguage":"de"},{"@type":"WebPage","@id":"https:\/\/radioleinewelle.de\/index.php\/2021\/07\/28\/neue-akademie-und-neuer-preis-fuer-popmusik\/","url":"https:\/\/radioleinewelle.de\/index.php\/2021\/07\/28\/neue-akademie-und-neuer-preis-fuer-popmusik\/","name":"Neue Akademie und neuer Preis f\u00fcr Popmusik - Radio Leinewelle","isPartOf":{"@id":"https:\/\/radioleinewelle.de\/#website"},"primaryImageOfPage":{"@id":"https:\/\/radioleinewelle.de\/index.php\/2021\/07\/28\/neue-akademie-und-neuer-preis-fuer-popmusik\/#primaryimage"},"image":{"@id":"https:\/\/radioleinewelle.de\/index.php\/2021\/07\/28\/neue-akademie-und-neuer-preis-fuer-popmusik\/#primaryimage"},"thumbnailUrl":"https:\/\/radioleinewelle.de\/wp-content\/uploads\/2021\/07\/IniMusik_logo_kurz_72dpi_color-e1627417862310.jpg","datePublished":"2021-07-28T02:24:00+00:00","breadcrumb":{"@id":"https:\/\/radioleinewelle.de\/index.php\/2021\/07\/28\/neue-akademie-und-neuer-preis-fuer-popmusik\/#breadcrumb"},"inLanguage":"de","potentialAction":[{"@type":"ReadAction","target":["https:\/\/radioleinewelle.de\/index.php\/2021\/07\/28\/neue-akademie-und-neuer-preis-fuer-popmusik\/"]}]},{"@type":"ImageObject","inLanguage":"de","@id":"https:\/\/radioleinewelle.de\/index.php\/2021\/07\/28\/neue-akademie-und-neuer-preis-fuer-popmusik\/#primaryimage","url":"https:\/\/radioleinewelle.de\/wp-content\/uploads\/2021\/07\/IniMusik_logo_kurz_72dpi_color-e1627417862310.jpg","contentUrl":"https:\/\/radioleinewelle.de\/wp-content\/uploads\/2021\/07\/IniMusik_logo_kurz_72dpi_color-e1627417862310.jpg","width":661,"height":296},{"@type":"BreadcrumbList","@id":"https:\/\/radioleinewelle.de\/index.php\/2021\/07\/28\/neue-akademie-und-neuer-preis-fuer-popmusik\/#breadcrumb","itemListElement":[{"@type":"ListItem","position":1,"name":"Startseite","item":"https:\/\/radioleinewelle.de\/"},{"@type":"ListItem","position":2,"name":"Neue Akademie und neuer Preis f\u00fcr Popmusik"}]},{"@type":"WebSite","@id":"https:\/\/radioleinewelle.de\/#website","url":"https:\/\/radioleinewelle.de\/","name":"Radio Leinewelle","description":"","publisher":{"@id":"https:\/\/radioleinewelle.de\/#organization"},"potentialAction":[{"@type":"SearchAction","target":{"@type":"EntryPoint","urlTemplate":"https:\/\/radioleinewelle.de\/?s={search_term_string}"},"query-input":{"@type":"PropertyValueSpecification","valueRequired":true,"valueName":"search_term_string"}}],"inLanguage":"de"},{"@type":"Organization","@id":"https:\/\/radioleinewelle.de\/#organization","name":"Radio Leinewelle","alternateName":"Mein Radio f\u00fcr S\u00fcdniedersachsen","url":"https:\/\/radioleinewelle.de\/","logo":{"@type":"ImageObject","inLanguage":"de","@id":"https:\/\/radioleinewelle.de\/#\/schema\/logo\/image\/","url":"https:\/\/radioleinewelle.de\/wp-content\/uploads\/2023\/11\/cropped-Leinewelle_Logo_weiss.png","contentUrl":"https:\/\/radioleinewelle.de\/wp-content\/uploads\/2023\/11\/cropped-Leinewelle_Logo_weiss.png","width":854,"height":260,"caption":"Radio Leinewelle"},"image":{"@id":"https:\/\/radioleinewelle.de\/#\/schema\/logo\/image\/"},"sameAs":["https:\/\/www.facebook.com\/radioleinewelle","https:\/\/x.com\/RLeinewelle","https:\/\/www.instagram.com\/radioleinewelle\/?hl=de"]},{"@type":"Person","@id":"https:\/\/radioleinewelle.de\/#\/schema\/person\/45606f348637df637192dc1b68399a63","name":"Leinewelle","image":{"@type":"ImageObject","inLanguage":"de","@id":"https:\/\/secure.gravatar.com\/avatar\/05c9a17bc973052ee5d91549bd32fb4dd0dc85b7b85ae94b2e2b4943476bbea5?s=96&d=blank&r=g","url":"https:\/\/secure.gravatar.com\/avatar\/05c9a17bc973052ee5d91549bd32fb4dd0dc85b7b85ae94b2e2b4943476bbea5?s=96&d=blank&r=g","contentUrl":"https:\/\/secure.gravatar.com\/avatar\/05c9a17bc973052ee5d91549bd32fb4dd0dc85b7b85ae94b2e2b4943476bbea5?s=96&d=blank&r=g","caption":"Leinewelle"},"sameAs":["http:\/\/localhost\/radio%20leinewelle\/wordpress","https:\/\/www.facebook.com\/radioleinewelle","https:\/\/www.instagram.com\/radioleinewelle","https:\/\/x.com\/https:\/\/twitter.com\/RLeinewelle?ref_src=twsrcgoogletwcampserptwgrauthor","https:\/\/soundcloud.com\/foerderverein-lokalradio?utm_source=clipboard&utm_medium=text&utm_campaign=social_sharing"],"url":"https:\/\/radioleinewelle.de\/index.php\/author\/leinewelle\/"}]}},"_links":{"self":[{"href":"https:\/\/radioleinewelle.de\/index.php\/wp-json\/wp\/v2\/posts\/9665","targetHints":{"allow":["GET"]}}],"collection":[{"href":"https:\/\/radioleinewelle.de\/index.php\/wp-json\/wp\/v2\/posts"}],"about":[{"href":"https:\/\/radioleinewelle.de\/index.php\/wp-json\/wp\/v2\/types\/post"}],"author":[{"embeddable":true,"href":"https:\/\/radioleinewelle.de\/index.php\/wp-json\/wp\/v2\/users\/1"}],"replies":[{"embeddable":true,"href":"https:\/\/radioleinewelle.de\/index.php\/wp-json\/wp\/v2\/comments?post=9665"}],"version-history":[{"count":0,"href":"https:\/\/radioleinewelle.de\/index.php\/wp-json\/wp\/v2\/posts\/9665\/revisions"}],"wp:featuredmedia":[{"embeddable":true,"href":"https:\/\/radioleinewelle.de\/index.php\/wp-json\/wp\/v2\/media\/9667"}],"wp:attachment":[{"href":"https:\/\/radioleinewelle.de\/index.php\/wp-json\/wp\/v2\/media?parent=9665"}],"wp:term":[{"taxonomy":"category","embeddable":true,"href":"https:\/\/radioleinewelle.de\/index.php\/wp-json\/wp\/v2\/categories?post=9665"},{"taxonomy":"post_tag","embeddable":true,"href":"https:\/\/radioleinewelle.de\/index.php\/wp-json\/wp\/v2\/tags?post=9665"}],"curies":[{"name":"wp","href":"https:\/\/api.w.org\/{rel}","templated":true}]}}