{"id":9699,"date":"2021-08-05T05:00:00","date_gmt":"2021-08-05T03:00:00","guid":{"rendered":"https:\/\/radioleinewelle.de\/?p=9699"},"modified":"2021-08-05T05:00:00","modified_gmt":"2021-08-05T03:00:00","slug":"kultur-und-kreativwirtschaft-in-goettingen-relevanter-standortfaktor-oder-nice-to-have","status":"publish","type":"post","link":"https:\/\/radioleinewelle.de\/index.php\/2021\/08\/05\/kultur-und-kreativwirtschaft-in-goettingen-relevanter-standortfaktor-oder-nice-to-have\/","title":{"rendered":"Heute Abend: Kultur- und Kreativwirtschaft in G\u00f6ttingen &#8211; Relevanter Standortfaktor oder \u201eNice to have\u201c?"},"content":{"rendered":"\n<p>Am 5. August veranstaltet das STELLWERK um 19 Uhr im Coworking Space StartRaum eine per Zoom \u00fcbertragene Podiumsdiskussion mit den G\u00f6ttinger OB-Kandidat:innen zur Bedeutung der st\u00e4dtischen Kultur- und Kreativwirtschaft.<\/p>\n\n\n\n<p>In der vom STELLWERK \u2013 das Netzwerk G\u00f6ttinger Kreativwirtschaft e. V. organisierten und per Zoom \u00fcbertragenen Podiumsdiskussion werden am 5. August um 19 Uhr drei Kandidat:innen f\u00fcr die Oberb\u00fcrgermeister:innen-Wahl am 12. September dar\u00fcber diskutieren, welche Rolle sie der st\u00e4dtischen Kultur- und Kreativwirtschaft beimessen. Im Rahmen der moderierten Diskussion sprechen Petra Broistedt (SPD), Doreen Fragel (parteilos, tritt f\u00fcr die GR\u00dcNEN an), Ehsan Kangarani (CDU) und Ulrich Drees (STELLWERK und VNKK) u. a. dar\u00fcber, ob die Stadt G\u00f6ttingen f\u00fcr das Thema Kultur- und Kreativwirtschaft (KuK) eine zukunftsorientierte Strategie hat oder entwickeln sollte, und welche Bedeutung sie jeweils der KuK als Standortfaktor f\u00fcr G\u00f6ttingen beimessen?<\/p>\n\n\n\n<figure class=\"wp-block-image size-large is-resized is-style-default\"><img loading=\"lazy\" decoding=\"async\" src=\"https:\/\/radioleinewelle.de\/wp-content\/uploads\/2021\/07\/Podium_07-1024x708.jpg\" alt=\"\" class=\"wp-image-9701\" width=\"435\" height=\"300\" srcset=\"https:\/\/radioleinewelle.de\/wp-content\/uploads\/2021\/07\/Podium_07-1024x708.jpg 1024w, https:\/\/radioleinewelle.de\/wp-content\/uploads\/2021\/07\/Podium_07-300x207.jpg 300w, https:\/\/radioleinewelle.de\/wp-content\/uploads\/2021\/07\/Podium_07-768x531.jpg 768w, https:\/\/radioleinewelle.de\/wp-content\/uploads\/2021\/07\/Podium_07-1536x1062.jpg 1536w, https:\/\/radioleinewelle.de\/wp-content\/uploads\/2021\/07\/Podium_07-1563x1080.jpg 1563w, https:\/\/radioleinewelle.de\/wp-content\/uploads\/2021\/07\/Podium_07.jpg 1648w\" sizes=\"(max-width: 435px) 100vw, 435px\" \/><\/figure>\n\n\n\n<p><strong>Eine Teilnahme an der \u00f6ffentlichen Zoom-\u00dcbertragung ist nach Anmeldung unter info@stellwerk-goettingen.de m\u00f6glich.<\/strong><\/p>\n\n\n\n<p><strong>Kultur- und Kreativwirtschaft in G\u00f6ttingen<\/strong><\/p>\n\n\n\n<p>Die in elf Teilbranchen gegliederte KuK z\u00e4hlt in ihrer Gesamtheit in Deutschland zu den volkswirtschaftlich wichtigsten Branchen, ist jedoch durch eine intensive Kleinteiligkeit gekennzeichnet, da sie sich \u00fcberwiegend aus Solo-Selbstst\u00e4ndigen und sehr kleinen Unternehmen zusammensetzt. Das erschwert klassische F\u00f6rderstrategien ebenso wie die h\u00e4ufige Vermischung des Themas mit allgemeinen Kultur-Belangen, in der die erwerbswirtschaftliche Ausrichtung der KuK in den Hintergrund gedr\u00e4ngt wird. Deshalb sind neue Wege der Wirtschaftsf\u00f6rderung gefragt, die in anderen St\u00e4dten auch zunehmend umgesetzt werden.<\/p>\n\n\n\n<p>Eine lebendige und starke KuK spielt gleichzeitig eine wichtige Rolle f\u00fcr die zukunftsorientierte und innovative Entwicklung urbaner R\u00e4ume und stellt im Zusammenhang mit dem Wettbewerb um junge Fachkr\u00e4fte \u2013 der zentral f\u00fcr die Ansiedlung von Unternehmen aller Branchen ist \u2013 einen immer wichtigeren Standortfaktor dar. Deshalb t\u00e4te G\u00f6ttingen aus Sicht des STELLWERKS gut daran, die KuK effektiver und umfassender in die eigene Wirtschaftsf\u00f6rderung einzubeziehen, als dies bisher der Fall ist. Die andernorts bereits erprobten M\u00f6glichkeiten reichen dabei von der experimentellen Ansiedlung von KuK- Unternehmer:innen in innerst\u00e4dtischen Leerst\u00e4nden, bei denen die Kommune f\u00fcr einen begrenzten Zeitraum die Miete \u00fcbernimmt, bis zur Einrichtung ausgewiesener Kreativwirtschaftszentren oder eine St\u00e4rkung lokaler Nachfrage durch eine finanzielle F\u00f6rderung f\u00fcr Auftr\u00e4ge aus anderen Branchen oder kommunale, projektbezogene Wettbewerbe bis hin zu einem aktiven Freiraum-Management oder einer gezielten, unternehmerischen Qualifikation der oftmals solo-selbstst\u00e4ndigen Akteure der KuK.<\/p>\n\n\n\n<p>\u00dcber diese und weitere relevante Themen werden die OB-Kandidat:innen und der STELLWERK-Vertreter auf dem Podium sprechen. Gleichzeitig haben die Zuschauer:innen der Zoom-\u00dcbertragung Gelegenheit, Fragen zu formulieren, die dann von der Moderation in die Diskussion eingebracht werden.<\/p>\n\n\n\n<p>Der STELLWERK \u2013 das Netzwerk G\u00f6ttinger Kultur- und Kreativwirtschaft e.V. entstand 2013 und ist seither auf rund 90 Mitglieder angewachsen. Der Verein versteht sich als wirtschaftliche Interessenvertretung und finanziert sich allein aus geringen Jahresmitgliedsbeitr\u00e4gen.<\/p>\n\n\n\n<p>Fotonachweis: Lars Gargulla (Broistedt), Luka Borjub (Fragel), Mirko Phla (Kangarani)<\/p>\n\n\n\n<p>Symbolbild von&nbsp;<a href=\"https:\/\/pixabay.com\/de\/users\/lukasbieri-4664461\/?utm_source=link-attribution&amp;utm_medium=referral&amp;utm_campaign=image&amp;utm_content=2838921\">Lukas Bieri<\/a>&nbsp;auf&nbsp;<a href=\"https:\/\/pixabay.com\/de\/?utm_source=link-attribution&amp;utm_medium=referral&amp;utm_campaign=image&amp;utm_content=2838921\">Pixabay<\/a>&nbsp;<\/p>\n","protected":false},"excerpt":{"rendered":"<p>Am 5. August veranstaltet das STELLWERK um 19 Uhr im Coworking Space StartRaum eine per Zoom \u00fcbertragene Podiumsdiskussion mit den G\u00f6ttinger OB-Kandidat:innen zur Bedeutung der st\u00e4dtischen Kultur- und Kreativwirtschaft. In der vom STELLWERK \u2013 das Netzwerk G\u00f6ttinger Kreativwirtschaft e. V. organisierten und per Zoom \u00fcbertragenen Podiumsdiskussion werden am 5. August um 19 Uhr drei Kandidat:innen [&hellip;]<\/p>\n","protected":false},"author":1,"featured_media":9706,"comment_status":"closed","ping_status":"closed","sticky":false,"template":"","format":"standard","meta":{"saved_in_kubio":false,"footnotes":""},"categories":[1097],"tags":[1926,1927,1928,1929],"class_list":["post-9699","post","type-post","status-publish","format-standard","has-post-thumbnail","hentry","category-wahlen-2021","tag-coworking-space-startraum","tag-kuk-goettingen","tag-kultur-und-kreativwirtschaft-in-goettingen","tag-stellwerk"],"yoast_head":"<!-- This site is optimized with the Yoast SEO plugin v27.5 - https:\/\/yoast.com\/product\/yoast-seo-wordpress\/ -->\n<title>Heute Abend: Kultur- und Kreativwirtschaft in G\u00f6ttingen - Relevanter Standortfaktor oder \u201eNice to have\u201c? - Radio Leinewelle<\/title>\n<meta name=\"robots\" content=\"index, follow, max-snippet:-1, max-image-preview:large, max-video-preview:-1\" \/>\n<link rel=\"canonical\" href=\"https:\/\/radioleinewelle.de\/index.php\/2021\/08\/05\/kultur-und-kreativwirtschaft-in-goettingen-relevanter-standortfaktor-oder-nice-to-have\/\" \/>\n<meta property=\"og:locale\" content=\"de_DE\" \/>\n<meta property=\"og:type\" content=\"article\" \/>\n<meta property=\"og:title\" content=\"Heute Abend: Kultur- und Kreativwirtschaft in G\u00f6ttingen - Relevanter Standortfaktor oder \u201eNice to have\u201c? - Radio Leinewelle\" \/>\n<meta property=\"og:description\" content=\"Am 5. August veranstaltet das STELLWERK um 19 Uhr im Coworking Space StartRaum eine per Zoom \u00fcbertragene Podiumsdiskussion mit den G\u00f6ttinger OB-Kandidat:innen zur Bedeutung der st\u00e4dtischen Kultur- und Kreativwirtschaft. In der vom STELLWERK \u2013 das Netzwerk G\u00f6ttinger Kreativwirtschaft e. V. organisierten und per Zoom \u00fcbertragenen Podiumsdiskussion werden am 5. August um 19 Uhr drei Kandidat:innen [&hellip;]\" \/>\n<meta property=\"og:url\" content=\"https:\/\/radioleinewelle.de\/index.php\/2021\/08\/05\/kultur-und-kreativwirtschaft-in-goettingen-relevanter-standortfaktor-oder-nice-to-have\/\" \/>\n<meta property=\"og:site_name\" content=\"Radio Leinewelle\" \/>\n<meta property=\"article:publisher\" content=\"https:\/\/www.facebook.com\/radioleinewelle\" \/>\n<meta property=\"article:author\" content=\"https:\/\/www.facebook.com\/radioleinewelle\" \/>\n<meta property=\"article:published_time\" content=\"2021-08-05T03:00:00+00:00\" \/>\n<meta property=\"og:image\" content=\"https:\/\/radioleinewelle.de\/wp-content\/uploads\/2021\/07\/laptop-2838921_640.jpg\" \/>\n\t<meta property=\"og:image:width\" content=\"640\" \/>\n\t<meta property=\"og:image:height\" content=\"380\" \/>\n\t<meta property=\"og:image:type\" content=\"image\/jpeg\" \/>\n<meta name=\"author\" content=\"Leinewelle\" \/>\n<meta name=\"twitter:card\" content=\"summary_large_image\" \/>\n<meta name=\"twitter:creator\" content=\"@https:\/\/twitter.com\/RLeinewelle?ref_src=twsrcgoogletwcampserptwgrauthor\" \/>\n<meta name=\"twitter:site\" content=\"@RLeinewelle\" \/>\n<meta name=\"twitter:label1\" content=\"Verfasst von\" \/>\n\t<meta name=\"twitter:data1\" content=\"Leinewelle\" \/>\n\t<meta name=\"twitter:label2\" content=\"Gesch\u00e4tzte Lesezeit\" \/>\n\t<meta name=\"twitter:data2\" content=\"3\u00a0Minuten\" \/>\n<script type=\"application\/ld+json\" class=\"yoast-schema-graph\">{\"@context\":\"https:\\\/\\\/schema.org\",\"@graph\":[{\"@type\":\"Article\",\"@id\":\"https:\\\/\\\/radioleinewelle.de\\\/index.php\\\/2021\\\/08\\\/05\\\/kultur-und-kreativwirtschaft-in-goettingen-relevanter-standortfaktor-oder-nice-to-have\\\/#article\",\"isPartOf\":{\"@id\":\"https:\\\/\\\/radioleinewelle.de\\\/index.php\\\/2021\\\/08\\\/05\\\/kultur-und-kreativwirtschaft-in-goettingen-relevanter-standortfaktor-oder-nice-to-have\\\/\"},\"author\":{\"name\":\"Leinewelle\",\"@id\":\"https:\\\/\\\/radioleinewelle.de\\\/#\\\/schema\\\/person\\\/45606f348637df637192dc1b68399a63\"},\"headline\":\"Heute Abend: Kultur- und Kreativwirtschaft in G\u00f6ttingen &#8211; Relevanter Standortfaktor oder \u201eNice to have\u201c?\",\"datePublished\":\"2021-08-05T03:00:00+00:00\",\"mainEntityOfPage\":{\"@id\":\"https:\\\/\\\/radioleinewelle.de\\\/index.php\\\/2021\\\/08\\\/05\\\/kultur-und-kreativwirtschaft-in-goettingen-relevanter-standortfaktor-oder-nice-to-have\\\/\"},\"wordCount\":508,\"publisher\":{\"@id\":\"https:\\\/\\\/radioleinewelle.de\\\/#organization\"},\"image\":{\"@id\":\"https:\\\/\\\/radioleinewelle.de\\\/index.php\\\/2021\\\/08\\\/05\\\/kultur-und-kreativwirtschaft-in-goettingen-relevanter-standortfaktor-oder-nice-to-have\\\/#primaryimage\"},\"thumbnailUrl\":\"https:\\\/\\\/radioleinewelle.de\\\/wp-content\\\/uploads\\\/2021\\\/07\\\/laptop-2838921_640.jpg\",\"keywords\":[\"Coworking Space StartRaum\",\"KuK G\u00f6ttingen\",\"Kultur- und Kreativwirtschaft in G\u00f6ttingen\",\"Stellwerk\"],\"articleSection\":[\"Wahlen 2021\"],\"inLanguage\":\"de\"},{\"@type\":\"WebPage\",\"@id\":\"https:\\\/\\\/radioleinewelle.de\\\/index.php\\\/2021\\\/08\\\/05\\\/kultur-und-kreativwirtschaft-in-goettingen-relevanter-standortfaktor-oder-nice-to-have\\\/\",\"url\":\"https:\\\/\\\/radioleinewelle.de\\\/index.php\\\/2021\\\/08\\\/05\\\/kultur-und-kreativwirtschaft-in-goettingen-relevanter-standortfaktor-oder-nice-to-have\\\/\",\"name\":\"Heute Abend: Kultur- und Kreativwirtschaft in G\u00f6ttingen - Relevanter Standortfaktor oder \u201eNice to have\u201c? - Radio Leinewelle\",\"isPartOf\":{\"@id\":\"https:\\\/\\\/radioleinewelle.de\\\/#website\"},\"primaryImageOfPage\":{\"@id\":\"https:\\\/\\\/radioleinewelle.de\\\/index.php\\\/2021\\\/08\\\/05\\\/kultur-und-kreativwirtschaft-in-goettingen-relevanter-standortfaktor-oder-nice-to-have\\\/#primaryimage\"},\"image\":{\"@id\":\"https:\\\/\\\/radioleinewelle.de\\\/index.php\\\/2021\\\/08\\\/05\\\/kultur-und-kreativwirtschaft-in-goettingen-relevanter-standortfaktor-oder-nice-to-have\\\/#primaryimage\"},\"thumbnailUrl\":\"https:\\\/\\\/radioleinewelle.de\\\/wp-content\\\/uploads\\\/2021\\\/07\\\/laptop-2838921_640.jpg\",\"datePublished\":\"2021-08-05T03:00:00+00:00\",\"breadcrumb\":{\"@id\":\"https:\\\/\\\/radioleinewelle.de\\\/index.php\\\/2021\\\/08\\\/05\\\/kultur-und-kreativwirtschaft-in-goettingen-relevanter-standortfaktor-oder-nice-to-have\\\/#breadcrumb\"},\"inLanguage\":\"de\",\"potentialAction\":[{\"@type\":\"ReadAction\",\"target\":[\"https:\\\/\\\/radioleinewelle.de\\\/index.php\\\/2021\\\/08\\\/05\\\/kultur-und-kreativwirtschaft-in-goettingen-relevanter-standortfaktor-oder-nice-to-have\\\/\"]}]},{\"@type\":\"ImageObject\",\"inLanguage\":\"de\",\"@id\":\"https:\\\/\\\/radioleinewelle.de\\\/index.php\\\/2021\\\/08\\\/05\\\/kultur-und-kreativwirtschaft-in-goettingen-relevanter-standortfaktor-oder-nice-to-have\\\/#primaryimage\",\"url\":\"https:\\\/\\\/radioleinewelle.de\\\/wp-content\\\/uploads\\\/2021\\\/07\\\/laptop-2838921_640.jpg\",\"contentUrl\":\"https:\\\/\\\/radioleinewelle.de\\\/wp-content\\\/uploads\\\/2021\\\/07\\\/laptop-2838921_640.jpg\",\"width\":640,\"height\":380},{\"@type\":\"BreadcrumbList\",\"@id\":\"https:\\\/\\\/radioleinewelle.de\\\/index.php\\\/2021\\\/08\\\/05\\\/kultur-und-kreativwirtschaft-in-goettingen-relevanter-standortfaktor-oder-nice-to-have\\\/#breadcrumb\",\"itemListElement\":[{\"@type\":\"ListItem\",\"position\":1,\"name\":\"Startseite\",\"item\":\"https:\\\/\\\/radioleinewelle.de\\\/\"},{\"@type\":\"ListItem\",\"position\":2,\"name\":\"Heute Abend: Kultur- und Kreativwirtschaft in G\u00f6ttingen &#8211; Relevanter Standortfaktor oder \u201eNice to have\u201c?\"}]},{\"@type\":\"WebSite\",\"@id\":\"https:\\\/\\\/radioleinewelle.de\\\/#website\",\"url\":\"https:\\\/\\\/radioleinewelle.de\\\/\",\"name\":\"Radio Leinewelle\",\"description\":\"\",\"publisher\":{\"@id\":\"https:\\\/\\\/radioleinewelle.de\\\/#organization\"},\"potentialAction\":[{\"@type\":\"SearchAction\",\"target\":{\"@type\":\"EntryPoint\",\"urlTemplate\":\"https:\\\/\\\/radioleinewelle.de\\\/?s={search_term_string}\"},\"query-input\":{\"@type\":\"PropertyValueSpecification\",\"valueRequired\":true,\"valueName\":\"search_term_string\"}}],\"inLanguage\":\"de\"},{\"@type\":\"Organization\",\"@id\":\"https:\\\/\\\/radioleinewelle.de\\\/#organization\",\"name\":\"Radio Leinewelle\",\"alternateName\":\"Mein Radio f\u00fcr S\u00fcdniedersachsen\",\"url\":\"https:\\\/\\\/radioleinewelle.de\\\/\",\"logo\":{\"@type\":\"ImageObject\",\"inLanguage\":\"de\",\"@id\":\"https:\\\/\\\/radioleinewelle.de\\\/#\\\/schema\\\/logo\\\/image\\\/\",\"url\":\"https:\\\/\\\/radioleinewelle.de\\\/wp-content\\\/uploads\\\/2023\\\/11\\\/cropped-Leinewelle_Logo_weiss.png\",\"contentUrl\":\"https:\\\/\\\/radioleinewelle.de\\\/wp-content\\\/uploads\\\/2023\\\/11\\\/cropped-Leinewelle_Logo_weiss.png\",\"width\":854,\"height\":260,\"caption\":\"Radio Leinewelle\"},\"image\":{\"@id\":\"https:\\\/\\\/radioleinewelle.de\\\/#\\\/schema\\\/logo\\\/image\\\/\"},\"sameAs\":[\"https:\\\/\\\/www.facebook.com\\\/radioleinewelle\",\"https:\\\/\\\/x.com\\\/RLeinewelle\",\"https:\\\/\\\/www.instagram.com\\\/radioleinewelle\\\/?hl=de\"]},{\"@type\":\"Person\",\"@id\":\"https:\\\/\\\/radioleinewelle.de\\\/#\\\/schema\\\/person\\\/45606f348637df637192dc1b68399a63\",\"name\":\"Leinewelle\",\"image\":{\"@type\":\"ImageObject\",\"inLanguage\":\"de\",\"@id\":\"https:\\\/\\\/secure.gravatar.com\\\/avatar\\\/05c9a17bc973052ee5d91549bd32fb4dd0dc85b7b85ae94b2e2b4943476bbea5?s=96&d=blank&r=g\",\"url\":\"https:\\\/\\\/secure.gravatar.com\\\/avatar\\\/05c9a17bc973052ee5d91549bd32fb4dd0dc85b7b85ae94b2e2b4943476bbea5?s=96&d=blank&r=g\",\"contentUrl\":\"https:\\\/\\\/secure.gravatar.com\\\/avatar\\\/05c9a17bc973052ee5d91549bd32fb4dd0dc85b7b85ae94b2e2b4943476bbea5?s=96&d=blank&r=g\",\"caption\":\"Leinewelle\"},\"sameAs\":[\"http:\\\/\\\/localhost\\\/radio%20leinewelle\\\/wordpress\",\"https:\\\/\\\/www.facebook.com\\\/radioleinewelle\",\"https:\\\/\\\/www.instagram.com\\\/radioleinewelle\",\"https:\\\/\\\/x.com\\\/https:\\\/\\\/twitter.com\\\/RLeinewelle?ref_src=twsrcgoogletwcampserptwgrauthor\",\"https:\\\/\\\/soundcloud.com\\\/foerderverein-lokalradio?utm_source=clipboard&utm_medium=text&utm_campaign=social_sharing\"],\"url\":\"https:\\\/\\\/radioleinewelle.de\\\/index.php\\\/author\\\/leinewelle\\\/\"}]}<\/script>\n<!-- \/ Yoast SEO plugin. -->","yoast_head_json":{"title":"Heute Abend: Kultur- und Kreativwirtschaft in G\u00f6ttingen - Relevanter Standortfaktor oder \u201eNice to have\u201c? - Radio Leinewelle","robots":{"index":"index","follow":"follow","max-snippet":"max-snippet:-1","max-image-preview":"max-image-preview:large","max-video-preview":"max-video-preview:-1"},"canonical":"https:\/\/radioleinewelle.de\/index.php\/2021\/08\/05\/kultur-und-kreativwirtschaft-in-goettingen-relevanter-standortfaktor-oder-nice-to-have\/","og_locale":"de_DE","og_type":"article","og_title":"Heute Abend: Kultur- und Kreativwirtschaft in G\u00f6ttingen - Relevanter Standortfaktor oder \u201eNice to have\u201c? - Radio Leinewelle","og_description":"Am 5. August veranstaltet das STELLWERK um 19 Uhr im Coworking Space StartRaum eine per Zoom \u00fcbertragene Podiumsdiskussion mit den G\u00f6ttinger OB-Kandidat:innen zur Bedeutung der st\u00e4dtischen Kultur- und Kreativwirtschaft. In der vom STELLWERK \u2013 das Netzwerk G\u00f6ttinger Kreativwirtschaft e. V. organisierten und per Zoom \u00fcbertragenen Podiumsdiskussion werden am 5. August um 19 Uhr drei Kandidat:innen [&hellip;]","og_url":"https:\/\/radioleinewelle.de\/index.php\/2021\/08\/05\/kultur-und-kreativwirtschaft-in-goettingen-relevanter-standortfaktor-oder-nice-to-have\/","og_site_name":"Radio Leinewelle","article_publisher":"https:\/\/www.facebook.com\/radioleinewelle","article_author":"https:\/\/www.facebook.com\/radioleinewelle","article_published_time":"2021-08-05T03:00:00+00:00","og_image":[{"width":640,"height":380,"url":"https:\/\/radioleinewelle.de\/wp-content\/uploads\/2021\/07\/laptop-2838921_640.jpg","type":"image\/jpeg"}],"author":"Leinewelle","twitter_card":"summary_large_image","twitter_creator":"@https:\/\/twitter.com\/RLeinewelle?ref_src=twsrcgoogletwcampserptwgrauthor","twitter_site":"@RLeinewelle","twitter_misc":{"Verfasst von":"Leinewelle","Gesch\u00e4tzte Lesezeit":"3\u00a0Minuten"},"schema":{"@context":"https:\/\/schema.org","@graph":[{"@type":"Article","@id":"https:\/\/radioleinewelle.de\/index.php\/2021\/08\/05\/kultur-und-kreativwirtschaft-in-goettingen-relevanter-standortfaktor-oder-nice-to-have\/#article","isPartOf":{"@id":"https:\/\/radioleinewelle.de\/index.php\/2021\/08\/05\/kultur-und-kreativwirtschaft-in-goettingen-relevanter-standortfaktor-oder-nice-to-have\/"},"author":{"name":"Leinewelle","@id":"https:\/\/radioleinewelle.de\/#\/schema\/person\/45606f348637df637192dc1b68399a63"},"headline":"Heute Abend: Kultur- und Kreativwirtschaft in G\u00f6ttingen &#8211; Relevanter Standortfaktor oder \u201eNice to have\u201c?","datePublished":"2021-08-05T03:00:00+00:00","mainEntityOfPage":{"@id":"https:\/\/radioleinewelle.de\/index.php\/2021\/08\/05\/kultur-und-kreativwirtschaft-in-goettingen-relevanter-standortfaktor-oder-nice-to-have\/"},"wordCount":508,"publisher":{"@id":"https:\/\/radioleinewelle.de\/#organization"},"image":{"@id":"https:\/\/radioleinewelle.de\/index.php\/2021\/08\/05\/kultur-und-kreativwirtschaft-in-goettingen-relevanter-standortfaktor-oder-nice-to-have\/#primaryimage"},"thumbnailUrl":"https:\/\/radioleinewelle.de\/wp-content\/uploads\/2021\/07\/laptop-2838921_640.jpg","keywords":["Coworking Space StartRaum","KuK G\u00f6ttingen","Kultur- und Kreativwirtschaft in G\u00f6ttingen","Stellwerk"],"articleSection":["Wahlen 2021"],"inLanguage":"de"},{"@type":"WebPage","@id":"https:\/\/radioleinewelle.de\/index.php\/2021\/08\/05\/kultur-und-kreativwirtschaft-in-goettingen-relevanter-standortfaktor-oder-nice-to-have\/","url":"https:\/\/radioleinewelle.de\/index.php\/2021\/08\/05\/kultur-und-kreativwirtschaft-in-goettingen-relevanter-standortfaktor-oder-nice-to-have\/","name":"Heute Abend: Kultur- und Kreativwirtschaft in G\u00f6ttingen - Relevanter Standortfaktor oder \u201eNice to have\u201c? - Radio Leinewelle","isPartOf":{"@id":"https:\/\/radioleinewelle.de\/#website"},"primaryImageOfPage":{"@id":"https:\/\/radioleinewelle.de\/index.php\/2021\/08\/05\/kultur-und-kreativwirtschaft-in-goettingen-relevanter-standortfaktor-oder-nice-to-have\/#primaryimage"},"image":{"@id":"https:\/\/radioleinewelle.de\/index.php\/2021\/08\/05\/kultur-und-kreativwirtschaft-in-goettingen-relevanter-standortfaktor-oder-nice-to-have\/#primaryimage"},"thumbnailUrl":"https:\/\/radioleinewelle.de\/wp-content\/uploads\/2021\/07\/laptop-2838921_640.jpg","datePublished":"2021-08-05T03:00:00+00:00","breadcrumb":{"@id":"https:\/\/radioleinewelle.de\/index.php\/2021\/08\/05\/kultur-und-kreativwirtschaft-in-goettingen-relevanter-standortfaktor-oder-nice-to-have\/#breadcrumb"},"inLanguage":"de","potentialAction":[{"@type":"ReadAction","target":["https:\/\/radioleinewelle.de\/index.php\/2021\/08\/05\/kultur-und-kreativwirtschaft-in-goettingen-relevanter-standortfaktor-oder-nice-to-have\/"]}]},{"@type":"ImageObject","inLanguage":"de","@id":"https:\/\/radioleinewelle.de\/index.php\/2021\/08\/05\/kultur-und-kreativwirtschaft-in-goettingen-relevanter-standortfaktor-oder-nice-to-have\/#primaryimage","url":"https:\/\/radioleinewelle.de\/wp-content\/uploads\/2021\/07\/laptop-2838921_640.jpg","contentUrl":"https:\/\/radioleinewelle.de\/wp-content\/uploads\/2021\/07\/laptop-2838921_640.jpg","width":640,"height":380},{"@type":"BreadcrumbList","@id":"https:\/\/radioleinewelle.de\/index.php\/2021\/08\/05\/kultur-und-kreativwirtschaft-in-goettingen-relevanter-standortfaktor-oder-nice-to-have\/#breadcrumb","itemListElement":[{"@type":"ListItem","position":1,"name":"Startseite","item":"https:\/\/radioleinewelle.de\/"},{"@type":"ListItem","position":2,"name":"Heute Abend: Kultur- und Kreativwirtschaft in G\u00f6ttingen &#8211; Relevanter Standortfaktor oder \u201eNice to have\u201c?"}]},{"@type":"WebSite","@id":"https:\/\/radioleinewelle.de\/#website","url":"https:\/\/radioleinewelle.de\/","name":"Radio Leinewelle","description":"","publisher":{"@id":"https:\/\/radioleinewelle.de\/#organization"},"potentialAction":[{"@type":"SearchAction","target":{"@type":"EntryPoint","urlTemplate":"https:\/\/radioleinewelle.de\/?s={search_term_string}"},"query-input":{"@type":"PropertyValueSpecification","valueRequired":true,"valueName":"search_term_string"}}],"inLanguage":"de"},{"@type":"Organization","@id":"https:\/\/radioleinewelle.de\/#organization","name":"Radio Leinewelle","alternateName":"Mein Radio f\u00fcr S\u00fcdniedersachsen","url":"https:\/\/radioleinewelle.de\/","logo":{"@type":"ImageObject","inLanguage":"de","@id":"https:\/\/radioleinewelle.de\/#\/schema\/logo\/image\/","url":"https:\/\/radioleinewelle.de\/wp-content\/uploads\/2023\/11\/cropped-Leinewelle_Logo_weiss.png","contentUrl":"https:\/\/radioleinewelle.de\/wp-content\/uploads\/2023\/11\/cropped-Leinewelle_Logo_weiss.png","width":854,"height":260,"caption":"Radio Leinewelle"},"image":{"@id":"https:\/\/radioleinewelle.de\/#\/schema\/logo\/image\/"},"sameAs":["https:\/\/www.facebook.com\/radioleinewelle","https:\/\/x.com\/RLeinewelle","https:\/\/www.instagram.com\/radioleinewelle\/?hl=de"]},{"@type":"Person","@id":"https:\/\/radioleinewelle.de\/#\/schema\/person\/45606f348637df637192dc1b68399a63","name":"Leinewelle","image":{"@type":"ImageObject","inLanguage":"de","@id":"https:\/\/secure.gravatar.com\/avatar\/05c9a17bc973052ee5d91549bd32fb4dd0dc85b7b85ae94b2e2b4943476bbea5?s=96&d=blank&r=g","url":"https:\/\/secure.gravatar.com\/avatar\/05c9a17bc973052ee5d91549bd32fb4dd0dc85b7b85ae94b2e2b4943476bbea5?s=96&d=blank&r=g","contentUrl":"https:\/\/secure.gravatar.com\/avatar\/05c9a17bc973052ee5d91549bd32fb4dd0dc85b7b85ae94b2e2b4943476bbea5?s=96&d=blank&r=g","caption":"Leinewelle"},"sameAs":["http:\/\/localhost\/radio%20leinewelle\/wordpress","https:\/\/www.facebook.com\/radioleinewelle","https:\/\/www.instagram.com\/radioleinewelle","https:\/\/x.com\/https:\/\/twitter.com\/RLeinewelle?ref_src=twsrcgoogletwcampserptwgrauthor","https:\/\/soundcloud.com\/foerderverein-lokalradio?utm_source=clipboard&utm_medium=text&utm_campaign=social_sharing"],"url":"https:\/\/radioleinewelle.de\/index.php\/author\/leinewelle\/"}]}},"_links":{"self":[{"href":"https:\/\/radioleinewelle.de\/index.php\/wp-json\/wp\/v2\/posts\/9699","targetHints":{"allow":["GET"]}}],"collection":[{"href":"https:\/\/radioleinewelle.de\/index.php\/wp-json\/wp\/v2\/posts"}],"about":[{"href":"https:\/\/radioleinewelle.de\/index.php\/wp-json\/wp\/v2\/types\/post"}],"author":[{"embeddable":true,"href":"https:\/\/radioleinewelle.de\/index.php\/wp-json\/wp\/v2\/users\/1"}],"replies":[{"embeddable":true,"href":"https:\/\/radioleinewelle.de\/index.php\/wp-json\/wp\/v2\/comments?post=9699"}],"version-history":[{"count":0,"href":"https:\/\/radioleinewelle.de\/index.php\/wp-json\/wp\/v2\/posts\/9699\/revisions"}],"wp:featuredmedia":[{"embeddable":true,"href":"https:\/\/radioleinewelle.de\/index.php\/wp-json\/wp\/v2\/media\/9706"}],"wp:attachment":[{"href":"https:\/\/radioleinewelle.de\/index.php\/wp-json\/wp\/v2\/media?parent=9699"}],"wp:term":[{"taxonomy":"category","embeddable":true,"href":"https:\/\/radioleinewelle.de\/index.php\/wp-json\/wp\/v2\/categories?post=9699"},{"taxonomy":"post_tag","embeddable":true,"href":"https:\/\/radioleinewelle.de\/index.php\/wp-json\/wp\/v2\/tags?post=9699"}],"curies":[{"name":"wp","href":"https:\/\/api.w.org\/{rel}","templated":true}]}}