{"id":9991,"date":"2021-08-15T11:25:00","date_gmt":"2021-08-15T09:25:00","guid":{"rendered":"https:\/\/radioleinewelle.de\/?p=9991"},"modified":"2021-08-15T11:25:00","modified_gmt":"2021-08-15T09:25:00","slug":"kultursommer-j-j-and-the-pop-humans-im-dots","status":"publish","type":"post","link":"https:\/\/radioleinewelle.de\/index.php\/2021\/08\/15\/kultursommer-j-j-and-the-pop-humans-im-dots\/","title":{"rendered":"Heute: \u201eJ.J. and the Pop Humans\u201c im Dots"},"content":{"rendered":"\n<p>Mit ihrem Konzert \u201eF\u00fcnfzehn\u201c treten am Sonntag, 15. August 2021, \u201eJ.J. and the Pop Humans\u201c im Rahmen des G\u00f6ttinger Kultursommers 2021 auf. Das Konzert findet im Dots, Barf\u00fc\u00dferstra\u00dfe 12 &#8211; 13 (B\u00f6rnerviertel), statt und beginnt um 16.00 Uhr. Der Eintritt betr\u00e4gt 18 Euro, erm\u00e4\u00dfigt 14 Euro.<\/p>\n\n\n\n<p>Die Geschichte von J.J. and the Pop Humans liest sich wie ein romantischer Heimatfilm. Aufgewachsen im kleinen und doch kulturell illustren St\u00e4dtchen Weimar gingen Norma und Cathleen auf die gleiche Schule und in den gleichen M\u00e4dchenchor. Als sie dann beschlossen, sich ein Taschengeld mit Stra\u00dfenmusik in der Fu\u00dfg\u00e4ngerzone zu verdienen, kennzeichnete dies den Anfang einer nunmehr f\u00fcnfzehnj\u00e4hrigen Romanze. Denn aus einem reinen Zweckgedanken erwachsen, wurde beiden schnell klar, dass es sich hierbei um etwas sehr Besonderes handelte. Schicksalsgl\u00e4ubige sahen sich best\u00e4tigt \u2013 diese Verbindung konnte kein Zufall sein. Wenn sich die Stimmen von J.J. and the Pop Humans verbinden, kann sich jede und jeder in seine Komfortzone kuscheln, dann wird alles wieder gut. Ob verd\u00e4chtige Kassenschl\u00e4ger aus den Achtzigern, eher semibekannte Titel \u00e0 la couleur, oder eigene Songs: Pop funktioniert hier ganz entschleunigt, umarrangiert f\u00fcr sch\u00f6nste Zweistimmigkeit und nat\u00fcrlich mit G\u00e4nsehaut-Garantie.<\/p>\n\n\n\n<p>Weitere Infos zum G\u00f6ttinger Kultursommer 2021 gibt es&nbsp;<a href=\"https:\/\/kultursommer.goettingen.de\/index.php\" target=\"_blank\" rel=\"noreferrer noopener\">hier&nbsp;<\/a>.<\/p>\n\n\n\n<p>Foto: Kilian Ullmann<\/p>\n","protected":false},"excerpt":{"rendered":"<p>Mit ihrem Konzert \u201eF\u00fcnfzehn\u201c treten am Sonntag, 15. August 2021, \u201eJ.J. and the Pop Humans\u201c im Rahmen des G\u00f6ttinger Kultursommers 2021 auf. Das Konzert findet im Dots, Barf\u00fc\u00dferstra\u00dfe 12 &#8211; 13 (B\u00f6rnerviertel), statt und beginnt um 16.00 Uhr. Der Eintritt betr\u00e4gt 18 Euro, erm\u00e4\u00dfigt 14 Euro. Die Geschichte von J.J. and the Pop Humans liest [&hellip;]<\/p>\n","protected":false},"author":1,"featured_media":0,"comment_status":"closed","ping_status":"closed","sticky":false,"template":"","format":"standard","meta":{"saved_in_kubio":false,"footnotes":""},"categories":[45],"tags":[2019,2020],"class_list":["post-9991","post","type-post","status-publish","format-standard","hentry","category-kultur","tag-dots-goettingen","tag-j-j-and-the-pop-humans"],"yoast_head":"<!-- This site is optimized with the Yoast SEO plugin v27.5 - https:\/\/yoast.com\/product\/yoast-seo-wordpress\/ -->\n<title>Heute: \u201eJ.J. and the Pop Humans\u201c im Dots - Radio Leinewelle<\/title>\n<meta name=\"robots\" content=\"index, follow, max-snippet:-1, max-image-preview:large, max-video-preview:-1\" \/>\n<link rel=\"canonical\" href=\"https:\/\/radioleinewelle.de\/index.php\/2021\/08\/15\/kultursommer-j-j-and-the-pop-humans-im-dots\/\" \/>\n<meta property=\"og:locale\" content=\"de_DE\" \/>\n<meta property=\"og:type\" content=\"article\" \/>\n<meta property=\"og:title\" content=\"Heute: \u201eJ.J. and the Pop Humans\u201c im Dots - Radio Leinewelle\" \/>\n<meta property=\"og:description\" content=\"Mit ihrem Konzert \u201eF\u00fcnfzehn\u201c treten am Sonntag, 15. August 2021, \u201eJ.J. and the Pop Humans\u201c im Rahmen des G\u00f6ttinger Kultursommers 2021 auf. Das Konzert findet im Dots, Barf\u00fc\u00dferstra\u00dfe 12 &#8211; 13 (B\u00f6rnerviertel), statt und beginnt um 16.00 Uhr. Der Eintritt betr\u00e4gt 18 Euro, erm\u00e4\u00dfigt 14 Euro. Die Geschichte von J.J. and the Pop Humans liest [&hellip;]\" \/>\n<meta property=\"og:url\" content=\"https:\/\/radioleinewelle.de\/index.php\/2021\/08\/15\/kultursommer-j-j-and-the-pop-humans-im-dots\/\" \/>\n<meta property=\"og:site_name\" content=\"Radio Leinewelle\" \/>\n<meta property=\"article:publisher\" content=\"https:\/\/www.facebook.com\/radioleinewelle\" \/>\n<meta property=\"article:author\" content=\"https:\/\/www.facebook.com\/radioleinewelle\" \/>\n<meta property=\"article:published_time\" content=\"2021-08-15T09:25:00+00:00\" \/>\n<meta name=\"author\" content=\"Leinewelle\" \/>\n<meta name=\"twitter:card\" content=\"summary_large_image\" \/>\n<meta name=\"twitter:creator\" content=\"@https:\/\/twitter.com\/RLeinewelle?ref_src=twsrcgoogletwcampserptwgrauthor\" \/>\n<meta name=\"twitter:site\" content=\"@RLeinewelle\" \/>\n<meta name=\"twitter:label1\" content=\"Verfasst von\" \/>\n\t<meta name=\"twitter:data1\" content=\"Leinewelle\" \/>\n\t<meta name=\"twitter:label2\" content=\"Gesch\u00e4tzte Lesezeit\" \/>\n\t<meta name=\"twitter:data2\" content=\"1\u00a0Minute\" \/>\n<script type=\"application\/ld+json\" class=\"yoast-schema-graph\">{\"@context\":\"https:\\\/\\\/schema.org\",\"@graph\":[{\"@type\":\"Article\",\"@id\":\"https:\\\/\\\/radioleinewelle.de\\\/index.php\\\/2021\\\/08\\\/15\\\/kultursommer-j-j-and-the-pop-humans-im-dots\\\/#article\",\"isPartOf\":{\"@id\":\"https:\\\/\\\/radioleinewelle.de\\\/index.php\\\/2021\\\/08\\\/15\\\/kultursommer-j-j-and-the-pop-humans-im-dots\\\/\"},\"author\":{\"name\":\"Leinewelle\",\"@id\":\"https:\\\/\\\/radioleinewelle.de\\\/#\\\/schema\\\/person\\\/45606f348637df637192dc1b68399a63\"},\"headline\":\"Heute: \u201eJ.J. and the Pop Humans\u201c im Dots\",\"datePublished\":\"2021-08-15T09:25:00+00:00\",\"mainEntityOfPage\":{\"@id\":\"https:\\\/\\\/radioleinewelle.de\\\/index.php\\\/2021\\\/08\\\/15\\\/kultursommer-j-j-and-the-pop-humans-im-dots\\\/\"},\"wordCount\":225,\"publisher\":{\"@id\":\"https:\\\/\\\/radioleinewelle.de\\\/#organization\"},\"keywords\":[\"Dots G\u00f6ttingen\",\"J.J. and the Pop Humans\"],\"articleSection\":[\"Kultur\"],\"inLanguage\":\"de\"},{\"@type\":\"WebPage\",\"@id\":\"https:\\\/\\\/radioleinewelle.de\\\/index.php\\\/2021\\\/08\\\/15\\\/kultursommer-j-j-and-the-pop-humans-im-dots\\\/\",\"url\":\"https:\\\/\\\/radioleinewelle.de\\\/index.php\\\/2021\\\/08\\\/15\\\/kultursommer-j-j-and-the-pop-humans-im-dots\\\/\",\"name\":\"Heute: \u201eJ.J. and the Pop Humans\u201c im Dots - Radio Leinewelle\",\"isPartOf\":{\"@id\":\"https:\\\/\\\/radioleinewelle.de\\\/#website\"},\"datePublished\":\"2021-08-15T09:25:00+00:00\",\"breadcrumb\":{\"@id\":\"https:\\\/\\\/radioleinewelle.de\\\/index.php\\\/2021\\\/08\\\/15\\\/kultursommer-j-j-and-the-pop-humans-im-dots\\\/#breadcrumb\"},\"inLanguage\":\"de\",\"potentialAction\":[{\"@type\":\"ReadAction\",\"target\":[\"https:\\\/\\\/radioleinewelle.de\\\/index.php\\\/2021\\\/08\\\/15\\\/kultursommer-j-j-and-the-pop-humans-im-dots\\\/\"]}]},{\"@type\":\"BreadcrumbList\",\"@id\":\"https:\\\/\\\/radioleinewelle.de\\\/index.php\\\/2021\\\/08\\\/15\\\/kultursommer-j-j-and-the-pop-humans-im-dots\\\/#breadcrumb\",\"itemListElement\":[{\"@type\":\"ListItem\",\"position\":1,\"name\":\"Startseite\",\"item\":\"https:\\\/\\\/radioleinewelle.de\\\/\"},{\"@type\":\"ListItem\",\"position\":2,\"name\":\"Heute: \u201eJ.J. and the Pop Humans\u201c im Dots\"}]},{\"@type\":\"WebSite\",\"@id\":\"https:\\\/\\\/radioleinewelle.de\\\/#website\",\"url\":\"https:\\\/\\\/radioleinewelle.de\\\/\",\"name\":\"Radio Leinewelle\",\"description\":\"\",\"publisher\":{\"@id\":\"https:\\\/\\\/radioleinewelle.de\\\/#organization\"},\"potentialAction\":[{\"@type\":\"SearchAction\",\"target\":{\"@type\":\"EntryPoint\",\"urlTemplate\":\"https:\\\/\\\/radioleinewelle.de\\\/?s={search_term_string}\"},\"query-input\":{\"@type\":\"PropertyValueSpecification\",\"valueRequired\":true,\"valueName\":\"search_term_string\"}}],\"inLanguage\":\"de\"},{\"@type\":\"Organization\",\"@id\":\"https:\\\/\\\/radioleinewelle.de\\\/#organization\",\"name\":\"Radio Leinewelle\",\"alternateName\":\"Mein Radio f\u00fcr S\u00fcdniedersachsen\",\"url\":\"https:\\\/\\\/radioleinewelle.de\\\/\",\"logo\":{\"@type\":\"ImageObject\",\"inLanguage\":\"de\",\"@id\":\"https:\\\/\\\/radioleinewelle.de\\\/#\\\/schema\\\/logo\\\/image\\\/\",\"url\":\"https:\\\/\\\/radioleinewelle.de\\\/wp-content\\\/uploads\\\/2023\\\/11\\\/cropped-Leinewelle_Logo_weiss.png\",\"contentUrl\":\"https:\\\/\\\/radioleinewelle.de\\\/wp-content\\\/uploads\\\/2023\\\/11\\\/cropped-Leinewelle_Logo_weiss.png\",\"width\":854,\"height\":260,\"caption\":\"Radio Leinewelle\"},\"image\":{\"@id\":\"https:\\\/\\\/radioleinewelle.de\\\/#\\\/schema\\\/logo\\\/image\\\/\"},\"sameAs\":[\"https:\\\/\\\/www.facebook.com\\\/radioleinewelle\",\"https:\\\/\\\/x.com\\\/RLeinewelle\",\"https:\\\/\\\/www.instagram.com\\\/radioleinewelle\\\/?hl=de\"]},{\"@type\":\"Person\",\"@id\":\"https:\\\/\\\/radioleinewelle.de\\\/#\\\/schema\\\/person\\\/45606f348637df637192dc1b68399a63\",\"name\":\"Leinewelle\",\"image\":{\"@type\":\"ImageObject\",\"inLanguage\":\"de\",\"@id\":\"https:\\\/\\\/secure.gravatar.com\\\/avatar\\\/05c9a17bc973052ee5d91549bd32fb4dd0dc85b7b85ae94b2e2b4943476bbea5?s=96&d=blank&r=g\",\"url\":\"https:\\\/\\\/secure.gravatar.com\\\/avatar\\\/05c9a17bc973052ee5d91549bd32fb4dd0dc85b7b85ae94b2e2b4943476bbea5?s=96&d=blank&r=g\",\"contentUrl\":\"https:\\\/\\\/secure.gravatar.com\\\/avatar\\\/05c9a17bc973052ee5d91549bd32fb4dd0dc85b7b85ae94b2e2b4943476bbea5?s=96&d=blank&r=g\",\"caption\":\"Leinewelle\"},\"sameAs\":[\"http:\\\/\\\/localhost\\\/radio%20leinewelle\\\/wordpress\",\"https:\\\/\\\/www.facebook.com\\\/radioleinewelle\",\"https:\\\/\\\/www.instagram.com\\\/radioleinewelle\",\"https:\\\/\\\/x.com\\\/https:\\\/\\\/twitter.com\\\/RLeinewelle?ref_src=twsrcgoogletwcampserptwgrauthor\",\"https:\\\/\\\/soundcloud.com\\\/foerderverein-lokalradio?utm_source=clipboard&utm_medium=text&utm_campaign=social_sharing\"],\"url\":\"https:\\\/\\\/radioleinewelle.de\\\/index.php\\\/author\\\/leinewelle\\\/\"}]}<\/script>\n<!-- \/ Yoast SEO plugin. -->","yoast_head_json":{"title":"Heute: \u201eJ.J. and the Pop Humans\u201c im Dots - Radio Leinewelle","robots":{"index":"index","follow":"follow","max-snippet":"max-snippet:-1","max-image-preview":"max-image-preview:large","max-video-preview":"max-video-preview:-1"},"canonical":"https:\/\/radioleinewelle.de\/index.php\/2021\/08\/15\/kultursommer-j-j-and-the-pop-humans-im-dots\/","og_locale":"de_DE","og_type":"article","og_title":"Heute: \u201eJ.J. and the Pop Humans\u201c im Dots - Radio Leinewelle","og_description":"Mit ihrem Konzert \u201eF\u00fcnfzehn\u201c treten am Sonntag, 15. August 2021, \u201eJ.J. and the Pop Humans\u201c im Rahmen des G\u00f6ttinger Kultursommers 2021 auf. Das Konzert findet im Dots, Barf\u00fc\u00dferstra\u00dfe 12 &#8211; 13 (B\u00f6rnerviertel), statt und beginnt um 16.00 Uhr. Der Eintritt betr\u00e4gt 18 Euro, erm\u00e4\u00dfigt 14 Euro. Die Geschichte von J.J. and the Pop Humans liest [&hellip;]","og_url":"https:\/\/radioleinewelle.de\/index.php\/2021\/08\/15\/kultursommer-j-j-and-the-pop-humans-im-dots\/","og_site_name":"Radio Leinewelle","article_publisher":"https:\/\/www.facebook.com\/radioleinewelle","article_author":"https:\/\/www.facebook.com\/radioleinewelle","article_published_time":"2021-08-15T09:25:00+00:00","author":"Leinewelle","twitter_card":"summary_large_image","twitter_creator":"@https:\/\/twitter.com\/RLeinewelle?ref_src=twsrcgoogletwcampserptwgrauthor","twitter_site":"@RLeinewelle","twitter_misc":{"Verfasst von":"Leinewelle","Gesch\u00e4tzte Lesezeit":"1\u00a0Minute"},"schema":{"@context":"https:\/\/schema.org","@graph":[{"@type":"Article","@id":"https:\/\/radioleinewelle.de\/index.php\/2021\/08\/15\/kultursommer-j-j-and-the-pop-humans-im-dots\/#article","isPartOf":{"@id":"https:\/\/radioleinewelle.de\/index.php\/2021\/08\/15\/kultursommer-j-j-and-the-pop-humans-im-dots\/"},"author":{"name":"Leinewelle","@id":"https:\/\/radioleinewelle.de\/#\/schema\/person\/45606f348637df637192dc1b68399a63"},"headline":"Heute: \u201eJ.J. and the Pop Humans\u201c im Dots","datePublished":"2021-08-15T09:25:00+00:00","mainEntityOfPage":{"@id":"https:\/\/radioleinewelle.de\/index.php\/2021\/08\/15\/kultursommer-j-j-and-the-pop-humans-im-dots\/"},"wordCount":225,"publisher":{"@id":"https:\/\/radioleinewelle.de\/#organization"},"keywords":["Dots G\u00f6ttingen","J.J. and the Pop Humans"],"articleSection":["Kultur"],"inLanguage":"de"},{"@type":"WebPage","@id":"https:\/\/radioleinewelle.de\/index.php\/2021\/08\/15\/kultursommer-j-j-and-the-pop-humans-im-dots\/","url":"https:\/\/radioleinewelle.de\/index.php\/2021\/08\/15\/kultursommer-j-j-and-the-pop-humans-im-dots\/","name":"Heute: \u201eJ.J. and the Pop Humans\u201c im Dots - Radio Leinewelle","isPartOf":{"@id":"https:\/\/radioleinewelle.de\/#website"},"datePublished":"2021-08-15T09:25:00+00:00","breadcrumb":{"@id":"https:\/\/radioleinewelle.de\/index.php\/2021\/08\/15\/kultursommer-j-j-and-the-pop-humans-im-dots\/#breadcrumb"},"inLanguage":"de","potentialAction":[{"@type":"ReadAction","target":["https:\/\/radioleinewelle.de\/index.php\/2021\/08\/15\/kultursommer-j-j-and-the-pop-humans-im-dots\/"]}]},{"@type":"BreadcrumbList","@id":"https:\/\/radioleinewelle.de\/index.php\/2021\/08\/15\/kultursommer-j-j-and-the-pop-humans-im-dots\/#breadcrumb","itemListElement":[{"@type":"ListItem","position":1,"name":"Startseite","item":"https:\/\/radioleinewelle.de\/"},{"@type":"ListItem","position":2,"name":"Heute: \u201eJ.J. and the Pop Humans\u201c im Dots"}]},{"@type":"WebSite","@id":"https:\/\/radioleinewelle.de\/#website","url":"https:\/\/radioleinewelle.de\/","name":"Radio Leinewelle","description":"","publisher":{"@id":"https:\/\/radioleinewelle.de\/#organization"},"potentialAction":[{"@type":"SearchAction","target":{"@type":"EntryPoint","urlTemplate":"https:\/\/radioleinewelle.de\/?s={search_term_string}"},"query-input":{"@type":"PropertyValueSpecification","valueRequired":true,"valueName":"search_term_string"}}],"inLanguage":"de"},{"@type":"Organization","@id":"https:\/\/radioleinewelle.de\/#organization","name":"Radio Leinewelle","alternateName":"Mein Radio f\u00fcr S\u00fcdniedersachsen","url":"https:\/\/radioleinewelle.de\/","logo":{"@type":"ImageObject","inLanguage":"de","@id":"https:\/\/radioleinewelle.de\/#\/schema\/logo\/image\/","url":"https:\/\/radioleinewelle.de\/wp-content\/uploads\/2023\/11\/cropped-Leinewelle_Logo_weiss.png","contentUrl":"https:\/\/radioleinewelle.de\/wp-content\/uploads\/2023\/11\/cropped-Leinewelle_Logo_weiss.png","width":854,"height":260,"caption":"Radio Leinewelle"},"image":{"@id":"https:\/\/radioleinewelle.de\/#\/schema\/logo\/image\/"},"sameAs":["https:\/\/www.facebook.com\/radioleinewelle","https:\/\/x.com\/RLeinewelle","https:\/\/www.instagram.com\/radioleinewelle\/?hl=de"]},{"@type":"Person","@id":"https:\/\/radioleinewelle.de\/#\/schema\/person\/45606f348637df637192dc1b68399a63","name":"Leinewelle","image":{"@type":"ImageObject","inLanguage":"de","@id":"https:\/\/secure.gravatar.com\/avatar\/05c9a17bc973052ee5d91549bd32fb4dd0dc85b7b85ae94b2e2b4943476bbea5?s=96&d=blank&r=g","url":"https:\/\/secure.gravatar.com\/avatar\/05c9a17bc973052ee5d91549bd32fb4dd0dc85b7b85ae94b2e2b4943476bbea5?s=96&d=blank&r=g","contentUrl":"https:\/\/secure.gravatar.com\/avatar\/05c9a17bc973052ee5d91549bd32fb4dd0dc85b7b85ae94b2e2b4943476bbea5?s=96&d=blank&r=g","caption":"Leinewelle"},"sameAs":["http:\/\/localhost\/radio%20leinewelle\/wordpress","https:\/\/www.facebook.com\/radioleinewelle","https:\/\/www.instagram.com\/radioleinewelle","https:\/\/x.com\/https:\/\/twitter.com\/RLeinewelle?ref_src=twsrcgoogletwcampserptwgrauthor","https:\/\/soundcloud.com\/foerderverein-lokalradio?utm_source=clipboard&utm_medium=text&utm_campaign=social_sharing"],"url":"https:\/\/radioleinewelle.de\/index.php\/author\/leinewelle\/"}]}},"_links":{"self":[{"href":"https:\/\/radioleinewelle.de\/index.php\/wp-json\/wp\/v2\/posts\/9991","targetHints":{"allow":["GET"]}}],"collection":[{"href":"https:\/\/radioleinewelle.de\/index.php\/wp-json\/wp\/v2\/posts"}],"about":[{"href":"https:\/\/radioleinewelle.de\/index.php\/wp-json\/wp\/v2\/types\/post"}],"author":[{"embeddable":true,"href":"https:\/\/radioleinewelle.de\/index.php\/wp-json\/wp\/v2\/users\/1"}],"replies":[{"embeddable":true,"href":"https:\/\/radioleinewelle.de\/index.php\/wp-json\/wp\/v2\/comments?post=9991"}],"version-history":[{"count":0,"href":"https:\/\/radioleinewelle.de\/index.php\/wp-json\/wp\/v2\/posts\/9991\/revisions"}],"wp:attachment":[{"href":"https:\/\/radioleinewelle.de\/index.php\/wp-json\/wp\/v2\/media?parent=9991"}],"wp:term":[{"taxonomy":"category","embeddable":true,"href":"https:\/\/radioleinewelle.de\/index.php\/wp-json\/wp\/v2\/categories?post=9991"},{"taxonomy":"post_tag","embeddable":true,"href":"https:\/\/radioleinewelle.de\/index.php\/wp-json\/wp\/v2\/tags?post=9991"}],"curies":[{"name":"wp","href":"https:\/\/api.w.org\/{rel}","templated":true}]}}